{"id":21682,"date":"2024-01-11T10:44:47","date_gmt":"2024-01-11T06:44:47","guid":{"rendered":"https:\/\/dia.edu.az\/?p=21682"},"modified":"2024-01-11T10:51:31","modified_gmt":"2024-01-11T06:51:31","slug":"dovl%c9%99t-idar%c9%99cilik-akademiyasinin-uc-t%c9%99l%c9%99b%c9%99si-heyd%c9%99r-%c9%99liyev-adina-t%c9%99qaud%c9%99-layiq-gorulub","status":"publish","type":"post","link":"https:\/\/legacy.dia.edu.az\/ru\/arxivl\u0259r\/21682","title":{"rendered":"D\u00f6vl\u0259t \u0130dar\u0259\u00e7ilik Akademiyas\u0131n\u0131n \u00fc\u00e7 t\u0259l\u0259b\u0259si \u201cHeyd\u0259r \u018fliyev ad\u0131na t\u0259qa\u00fcd\u201d\u0259 layiq g\u00f6r\u00fcl\u00fcb"},"content":{"rendered":"<div data-elementor-type=\"wp-post\" data-elementor-id=\"21682\" class=\"elementor elementor-21682\" data-elementor-settings=\"[]\">\n\t\t\t\t\t\t<div class=\"elementor-inner\">\n\t\t\t\t\t\t\t<div class=\"elementor-section-wrap\">\n\t\t\t\t\t\t\t<section class=\"elementor-section elementor-top-section elementor-element elementor-element-251fd05 elementor-section-boxed elementor-section-height-default elementor-section-height-default\" data-id=\"251fd05\" data-element_type=\"section\">\n\t\t\t\t\t\t<div class=\"elementor-container elementor-column-gap-default\">\n\t\t\t\t\t\t\t<div class=\"elementor-row\">\n\t\t\t\t\t<div class=\"elementor-column elementor-col-100 elementor-top-column elementor-element elementor-element-f5c21a9\" data-id=\"f5c21a9\" data-element_type=\"column\">\n\t\t\t<div class=\"elementor-column-wrap elementor-element-populated\">\n\t\t\t\t\t\t\t<div class=\"elementor-widget-wrap\">\n\t\t\t\t\t\t<div class=\"elementor-element elementor-element-308d00b elementor-widget elementor-widget-text-editor\" data-id=\"308d00b\" data-element_type=\"widget\" data-widget_type=\"text-editor.default\">\n\t\t\t\t<div class=\"elementor-widget-container\">\n\t\t\t\t\t\t\t\t<div class=\"elementor-text-editor elementor-clearfix\">\n\t\t\t\t\tD\u00f6vl\u0259t \u0130dar\u0259\u00e7ilik Akademiyas\u0131n\u0131n \u00fc\u00e7 t\u0259l\u0259b\u0259si \u201cHeyd\u0259r \u018fliyev ad\u0131na\nt\u0259qa\u00fcd\u201d\u0259 layiq g\u00f6r\u00fcl\u00fcb\t\t\t\t\t<\/div>\n\t\t\t\t\t\t<\/div>\n\t\t\t\t<\/div>\n\t\t\t\t\t\t<\/div>\n\t\t\t\t\t<\/div>\n\t\t<\/div>\n\t\t\t\t\t\t\t\t<\/div>\n\t\t\t\t\t<\/div>\n\t\t<\/section>\n\t\t\t\t<section class=\"elementor-section elementor-top-section elementor-element elementor-element-7cc392e elementor-section-boxed elementor-section-height-default elementor-section-height-default\" data-id=\"7cc392e\" data-element_type=\"section\">\n\t\t\t\t\t\t<div class=\"elementor-container elementor-column-gap-default\">\n\t\t\t\t\t\t\t<div class=\"elementor-row\">\n\t\t\t\t\t<div class=\"elementor-column elementor-col-100 elementor-top-column elementor-element elementor-element-d58562e\" data-id=\"d58562e\" data-element_type=\"column\">\n\t\t\t<div class=\"elementor-column-wrap elementor-element-populated\">\n\t\t\t\t\t\t\t<div class=\"elementor-widget-wrap\">\n\t\t\t\t\t\t<div class=\"elementor-element elementor-element-28bd5c4 elementor-widget elementor-widget-text-editor\" data-id=\"28bd5c4\" data-element_type=\"widget\" data-widget_type=\"text-editor.default\">\n\t\t\t\t<div class=\"elementor-widget-container\">\n\t\t\t\t\t\t\t\t<div class=\"elementor-text-editor elementor-clearfix\">\n\t\t\t\t\t<p>Az\u0259rbaycan Respublikas\u0131n\u0131n Prezidenti yan\u0131nda D\u00f6vl\u0259t \u0130dar\u0259\u00e7ilik\nAkademiyas\u0131n\u0131n \u00fc\u00e7 t\u0259l\u0259b\u0259si \u2013 Siyasi idar\u0259etm\u0259 fak\u00fclt\u0259si Politologiya\nixtisas\u0131n\u0131n II kurs t\u0259l\u0259b\u0259si Murad Alm\u0259mm\u0259dov, \u0130nzibati idar\u0259etm\u0259 fak\u00fclt\u0259si\nDavaml\u0131 inki\u015faf\u0131n idar\u0259edilm\u0259si ixtisas\u0131n\u0131n II kurs t\u0259l\u0259b\u0259si Elmira \u018fliyeva v\u0259\nKomputer elml\u0259ri ixtisas\u0131n\u0131n III kurs t\u0259l\u0259b\u0259si C\u0259m\u015fid Ayd\u0259mirov v\u0259\nAz\u0259rbaycan Respublikas\u0131n\u0131n Prezidenti c\u0259nab \u0130lham \u018fliyevin 2023-c\u00fc il 24\niyun tarixli S\u0259r\u0259ncam\u0131 il\u0259 t\u0259sis edilmi\u015f \u201cHeyd\u0259r \u018fliyev ad\u0131na t\u0259qa\u00fcd\u201d\u0259 layiq\ng\u00f6r\u00fcl\u00fcb.\n\u0130lk d\u0259f\u0259 t\u0259qdim edil\u0259n v\u0259 3000 manat d\u0259y\u0259rind\u0259ki \u201cHeyd\u0259r \u018fliyev ad\u0131na\nt\u0259qa\u00fcd\u201d \u00f6lk\u0259 \u00fczr\u0259 bakalavriat s\u0259viyy\u0259sind\u0259 t\u0259hsil alan v\u0259 \u0259n y\u00fcks\u0259k t\u0259hsil\ng\u00f6st\u0259ricil\u0259ri olan 100 t\u0259l\u0259b\u0259y\u0259 bird\u0259f\u0259lik qaydada verilib.\nD\u0130A-n\u0131n B\u00f6y\u00fck Elmi \u015euras\u0131nda rektor akademik Urxan \u018fl\u0259kb\u0259rov t\u0259qa\u00fcd\u0259\nlayiq g\u00f6r\u00fcl\u0259n t\u0259l\u0259b\u0259l\u0259ri t\u0259brik etmi\u015f v\u0259 onlara g\u0259l\u0259c\u0259k t\u0259hsill\u0259rind\u0259 v\u0259\nh\u0259yatlar\u0131nda u\u011furlar arzulay\u0131b.<\/p>\t\t\t\t\t<\/div>\n\t\t\t\t\t\t<\/div>\n\t\t\t\t<\/div>\n\t\t\t\t\t\t<\/div>\n\t\t\t\t\t<\/div>\n\t\t<\/div>\n\t\t\t\t\t\t\t\t<\/div>\n\t\t\t\t\t<\/div>\n\t\t<\/section>\n\t\t\t\t<section class=\"elementor-section elementor-top-section elementor-element elementor-element-9432136 elementor-section-boxed elementor-section-height-default elementor-section-height-default\" data-id=\"9432136\" data-element_type=\"section\">\n\t\t\t\t\t\t<div class=\"elementor-container elementor-column-gap-default\">\n\t\t\t\t\t\t\t<div class=\"elementor-row\">\n\t\t\t\t\t<div class=\"elementor-column elementor-col-100 elementor-top-column elementor-element elementor-element-4339625\" data-id=\"4339625\" data-element_type=\"column\">\n\t\t\t<div class=\"elementor-column-wrap elementor-element-populated\">\n\t\t\t\t\t\t\t<div class=\"elementor-widget-wrap\">\n\t\t\t\t\t\t<div class=\"elementor-element elementor-element-4b7b382 elementor-widget elementor-widget-image\" data-id=\"4b7b382\" data-element_type=\"widget\" data-widget_type=\"image.default\">\n\t\t\t\t<div class=\"elementor-widget-container\">\n\t\t\t\t\t\t\t\t<div class=\"elementor-image\">\n\t\t\t\t\t\t\t\t\t\t\t\t\t<a href=\"https:\/\/dia.edu.az\/wp-content\/uploads\/2024\/01\/qwqwqw.jpg\" data-elementor-open-lightbox=\"yes\" data-elementor-lightbox-title=\"qwqwqw\">\n\t\t\t\t\t\t\t<img width=\"450\" height=\"253\" src=\"https:\/\/legacy.dia.edu.az\/wp-content\/uploads\/2024\/01\/qwqwqw-450x253.jpg\" class=\"attachment-large size-large\" alt=\"\" srcset=\"https:\/\/legacy.dia.edu.az\/wp-content\/uploads\/2024\/01\/qwqwqw-450x253.jpg 450w, https:\/\/legacy.dia.edu.az\/wp-content\/uploads\/2024\/01\/qwqwqw-200x113.jpg 200w, https:\/\/legacy.dia.edu.az\/wp-content\/uploads\/2024\/01\/qwqwqw-18x10.jpg 18w, https:\/\/legacy.dia.edu.az\/wp-content\/uploads\/2024\/01\/qwqwqw.jpg 1280w, https:\/\/legacy.dia.edu.az\/wp-content\/uploads\/2024\/01\/qwqwqw-450x253@2x.jpg 900w, https:\/\/legacy.dia.edu.az\/wp-content\/uploads\/2024\/01\/qwqwqw-200x113@2x.jpg 400w\" sizes=\"(max-width: 450px) 100vw, 450px\" \/>\t\t\t\t\t\t\t\t<\/a>\n\t\t\t\t\t\t\t\t\t\t\t\t\t\t<\/div>\n\t\t\t\t\t\t<\/div>\n\t\t\t\t<\/div>\n\t\t\t\t\t\t<\/div>\n\t\t\t\t\t<\/div>\n\t\t<\/div>\n\t\t\t\t\t\t\t\t<\/div>\n\t\t\t\t\t<\/div>\n\t\t<\/section>\n\t\t\t\t\t\t<\/div>\n\t\t\t\t\t\t<\/div>\n\t\t\t\t\t<\/div>","protected":false},"excerpt":{"rendered":"<p>Az\u0259rbaycan Respublikas\u0131n\u0131n Prezidenti yan\u0131nda D\u00f6vl\u0259t \u0130dar\u0259\u00e7ilik Akademiyas\u0131n\u0131n \u00fc\u00e7 t\u0259l\u0259b\u0259si \u2013 Siyasi idar\u0259etm\u0259 fak\u00fclt\u0259si Politologiya ixtisas\u0131n\u0131n II kurs t\u0259l\u0259b\u0259si Murad Alm\u0259mm\u0259dov, \u0130nzibati idar\u0259etm\u0259 fak\u00fclt\u0259si Davaml\u0131 inki\u015faf\u0131n idar\u0259edilm\u0259si ixtisas\u0131n\u0131n II kurs t\u0259l\u0259b\u0259si<\/p>","protected":false},"author":2,"featured_media":21683,"comment_status":"closed","ping_status":"closed","sticky":false,"template":"","format":"standard","meta":[],"categories":[137],"tags":[],"_links":{"self":[{"href":"https:\/\/legacy.dia.edu.az\/ru\/wp-json\/wp\/v2\/posts\/21682"}],"collection":[{"href":"https:\/\/legacy.dia.edu.az\/ru\/wp-json\/wp\/v2\/posts"}],"about":[{"href":"https:\/\/legacy.dia.edu.az\/ru\/wp-json\/wp\/v2\/types\/post"}],"author":[{"embeddable":true,"href":"https:\/\/legacy.dia.edu.az\/ru\/wp-json\/wp\/v2\/users\/2"}],"replies":[{"embeddable":true,"href":"https:\/\/legacy.dia.edu.az\/ru\/wp-json\/wp\/v2\/comments?post=21682"}],"version-history":[{"count":13,"href":"https:\/\/legacy.dia.edu.az\/ru\/wp-json\/wp\/v2\/posts\/21682\/revisions"}],"predecessor-version":[{"id":21697,"href":"https:\/\/legacy.dia.edu.az\/ru\/wp-json\/wp\/v2\/posts\/21682\/revisions\/21697"}],"wp:featuredmedia":[{"embeddable":true,"href":"https:\/\/legacy.dia.edu.az\/ru\/wp-json\/wp\/v2\/media\/21683"}],"wp:attachment":[{"href":"https:\/\/legacy.dia.edu.az\/ru\/wp-json\/wp\/v2\/media?parent=21682"}],"wp:term":[{"taxonomy":"category","embeddable":true,"href":"https:\/\/legacy.dia.edu.az\/ru\/wp-json\/wp\/v2\/categories?post=21682"},{"taxonomy":"post_tag","embeddable":true,"href":"https:\/\/legacy.dia.edu.az\/ru\/wp-json\/wp\/v2\/tags?post=21682"}],"curies":[{"name":"wp","href":"https:\/\/api.w.org\/{rel}","templated":true}]}}