{"id":21614,"date":"2023-12-25T17:48:01","date_gmt":"2023-12-25T13:48:01","guid":{"rendered":"https:\/\/dia.edu.az\/?p=21614"},"modified":"2023-12-26T11:05:44","modified_gmt":"2023-12-26T07:05:44","slug":"dovl%c9%99t-idar%c9%99cilik-akademiyasinin-rektoru-ikinci-istanbul-insan-resurslari-forumunda-istirak-edib","status":"publish","type":"post","link":"https:\/\/legacy.dia.edu.az\/ru\/arxivl\u0259r\/21614","title":{"rendered":"D\u00f6vl\u0259t \u0130dar\u0259\u00e7ilik Akademiyas\u0131n\u0131n rektoru \u0130kinci \u0130stanbul \u0130nsan Resurslar\u0131 Forumunda i\u015ftirak edib"},"content":{"rendered":"<div data-elementor-type=\"wp-post\" data-elementor-id=\"21614\" class=\"elementor elementor-21614\" data-elementor-settings=\"[]\">\n\t\t\t\t\t\t<div class=\"elementor-inner\">\n\t\t\t\t\t\t\t<div class=\"elementor-section-wrap\">\n\t\t\t\t\t\t\t<section class=\"elementor-section elementor-top-section elementor-element elementor-element-346674d elementor-section-boxed elementor-section-height-default elementor-section-height-default\" data-id=\"346674d\" data-element_type=\"section\">\n\t\t\t\t\t\t<div class=\"elementor-container elementor-column-gap-default\">\n\t\t\t\t\t\t\t<div class=\"elementor-row\">\n\t\t\t\t\t<div class=\"elementor-column elementor-col-100 elementor-top-column elementor-element elementor-element-331beab\" data-id=\"331beab\" data-element_type=\"column\">\n\t\t\t<div class=\"elementor-column-wrap elementor-element-populated\">\n\t\t\t\t\t\t\t<div class=\"elementor-widget-wrap\">\n\t\t\t\t\t\t<div class=\"elementor-element elementor-element-c480b1d elementor-position-top elementor-vertical-align-top elementor-widget elementor-widget-image-box\" data-id=\"c480b1d\" data-element_type=\"widget\" data-widget_type=\"image-box.default\">\n\t\t\t\t<div class=\"elementor-widget-container\">\n\t\t\t<div class=\"elementor-image-box-wrapper\"><figure class=\"elementor-image-box-img\"><a href=\"https:\/\/dia.edu.az\/wp-content\/uploads\/2023\/12\/2512.jpeg\"><img width=\"150\" height=\"150\" src=\"https:\/\/legacy.dia.edu.az\/wp-content\/uploads\/2023\/12\/2512-150x150.jpeg\" class=\"elementor-animation-grow attachment-thumbnail size-thumbnail\" alt=\"\" srcset=\"https:\/\/legacy.dia.edu.az\/wp-content\/uploads\/2023\/12\/2512-150x150.jpeg 150w, https:\/\/legacy.dia.edu.az\/wp-content\/uploads\/2023\/12\/2512-92x92.jpeg 92w, https:\/\/legacy.dia.edu.az\/wp-content\/uploads\/2023\/12\/2512-150x150@2x.jpeg 300w\" sizes=\"(max-width: 150px) 100vw, 150px\" \/><\/a><\/figure><div class=\"elementor-image-box-content\"><h3 class=\"elementor-image-box-title\"><a href=\"https:\/\/dia.edu.az\/wp-content\/uploads\/2023\/12\/2512.jpeg\">D\u00f6vl\u0259t \u0130dar\u0259\u00e7ilik Akademiyas\u0131n\u0131n rektoru \u0130kinci \u0130stanbul \u0130nsan Resurslar\u0131 Forumunda i\u015ftirak edib<\/a><\/h3><p class=\"elementor-image-box-description\">Az\u0259rbaycan Respublikas\u0131n\u0131n Prezidenti yan\u0131nda D\u00f6vl\u0259t \u0130dar\u0259\u00e7ilik Akademiyas\u0131n\u0131n rektoru akademik Urxan \u018fl\u0259kb\u0259rov v\u0259 T\u0259dris-metodiki v\u0259 analitika \u015f\u00f6b\u0259nin m\u00fcdiri professor Ziyaf\u0259t H\u0259bibova T\u00fcrkiy\u0259 Respublikas\u0131 Prezidentinin Administrasiyas\u0131n\u0131n \u0130nsan Resurslar\u0131 \u0130dar\u0259si t\u0259r\u0259find\u0259n ke\u00e7iril\u0259n II \u0130stanbul \u0130nsan Resurslar\u0131 Forumunda i\u015ftirak edibl\u0259r.\nForum \u00e7\u0259r\u00e7iv\u0259sind\u0259 T\u00fcrk D\u00f6vl\u0259tl\u0259ri T\u0259\u015fkilat\u0131na \u00fczv v\u0259 m\u00fc\u015fahid\u0259\u00e7i d\u00f6vl\u0259tl\u0259rin n\u00fcmay\u0259nd\u0259l\u0259rinin i\u015ftirak\u0131 il\u0259 ke\u00e7iril\u0259n seminarlarda birg\u0259 t\u0259lim v\u0259 inki\u015faf f\u0259aliyy\u0259ti istiqam\u0259tl\u0259rind\u0259 fikir m\u00fcbadil\u0259si apar\u0131l\u0131b. H\u0259r bir \u00fczv qurum T\u00fcrk D\u00f6vl\u0259tl\u0259ri T\u0259\u015fkilat\u0131n\u0131n 2024-c\u00fc il planlar\u0131 v\u0259 insan resurslar\u0131 sah\u0259sind\u0259 \u0259m\u0259kda\u015fl\u0131\u011fa dair yol x\u0259rit\u0259si il\u0259 ba\u011fl\u0131 \u00f6z fikir v\u0259 t\u0259klifl\u0259rini bildirib. N\u00f6vb\u0259ti g\u00fcn \u201cC\u0259miyy\u0259t 5.0\u201d (\u0130nsan M\u0259rk\u0259zli C\u0259miyy\u0259t) m\u00f6vzusunda ke\u00e7iril\u0259n Forum T\u00fcrkiy\u0259nin vitse-prezidenti Cevdet Y\u0131lmaz\u0131n a\u00e7\u0131l\u0131\u015f nitqi il\u0259 ba\u015flay\u0131b. T\u0259dbird\u0259 d\u00f6vl\u0259t qurumlar\u0131, \u00f6z\u0259l sektor t\u0259\u015fkilatlar\u0131, yerli h\u00f6kum\u0259tl\u0259r v\u0259 akademik ictimaiyy\u0259td\u0259n insan resurslar\u0131 \u00fczr\u0259 m\u00fct\u0259x\u0259ssisl\u0259rl\u0259 yana\u015f\u0131, beyn\u0259lxalq t\u0259\u015fkilatlar\u0131n n\u00fcmay\u0259nd\u0259l\u0259ri d\u0259 i\u015ftirak edibl\u0259r.\nM\u0259lumat \u00fc\u00e7\u00fcn qeyd ed\u0259k ki, 10 oktyabr 2023-c\u00fc il tarixind\u0259 T\u00fcrkiy\u0259 Respublikas\u0131 Prezident Administrasiyas\u0131 yan\u0131nda \u0130nsan Resurslar\u0131 Ofisi il\u0259 Az\u0259rbaycan Respublikas\u0131n\u0131n Prezidenti yan\u0131nda D\u00f6vl\u0259t \u0130dar\u0259\u00e7ilik Akademiyas\u0131 aras\u0131nda \u0259m\u0259kda\u015fl\u0131\u011fa dair protocol imzalan\u0131b. Az\u0259rbaycan Respublikas\u0131 il\u0259 T\u00fcrkiy\u0259 Respublikas\u0131 aras\u0131nda iqtisadi \u0259m\u0259kda\u015fl\u0131q \u00fczr\u0259 birg\u0259 h\u00f6kum\u0259tl\u0259raras\u0131 komissiyan\u0131n doqquzuncu iclas\u0131nda imzalanm\u0131\u015f protokol \u00e7\u0259r\u00e7iv\u0259sind\u0259 iki \u00f6lk\u0259nin d\u00f6vl\u0259t qulluq\u00e7ular\u0131n\u0131n haz\u0131rlanmas\u0131 v\u0259 inki\u015faf\u0131 sah\u0259sind\u0259 \u0259m\u0259kda\u015fl\u0131\u011f\u0131na dair q\u0259rar q\u0259bul olunub. Protokola \u0259lav\u0259 edilmi\u015f F\u0259aliyy\u0259t Plan\u0131nda, h\u0259m\u00e7inin t\u0259hsil v\u0259 insan resurslar\u0131n\u0131n inki\u015faf\u0131 il\u0259 ba\u011fl\u0131 birg\u0259 f\u0259aliyy\u0259tin qar\u015f\u0131l\u0131ql\u0131 m\u00fcnasib\u0259tl\u0259r\u0259 t\u0259kan ver\u0259c\u0259yi vur\u011fulan\u0131b. Qeyd edilib ki, bu t\u0259dbirin \u0259sas m\u0259qs\u0259di insan resurslar\u0131 sah\u0259sind\u0259 m\u00fcxt\u0259lif \u00f6lk\u0259l\u0259rin t\u0259cr\u00fcb\u0259l\u0259rini \u00f6yr\u0259nm\u0259k, insan resurslar\u0131n\u0131n idar\u0259 olunmas\u0131 il\u0259 ba\u011fl\u0131 g\u0259l\u0259c\u0259k perspektivl\u0259ri m\u00fc\u0259yy\u0259n etm\u0259k, bu sah\u0259d\u0259 strategiyalar haz\u0131rlamaq \u00fc\u00e7\u00fcn m\u00fcxt\u0259lif qurum v\u0259 t\u0259\u015fkilatlar\u0131n n\u00fcmay\u0259nd\u0259l\u0259rini bir araya g\u0259tirm\u0259k v\u0259 bu sah\u0259d\u0259 maarifl\u0259ndirm\u0259ni g\u00fccl\u0259ndirm\u0259kdir.\n <\/p><\/div><\/div>\t\t<\/div>\n\t\t\t\t<\/div>\n\t\t\t\t\t\t<\/div>\n\t\t\t\t\t<\/div>\n\t\t<\/div>\n\t\t\t\t\t\t\t\t<\/div>\n\t\t\t\t\t<\/div>\n\t\t<\/section>\n\t\t\t\t<section class=\"elementor-section elementor-top-section elementor-element elementor-element-73438e3 elementor-section-boxed elementor-section-height-default elementor-section-height-default\" data-id=\"73438e3\" data-element_type=\"section\">\n\t\t\t\t\t\t<div class=\"elementor-container elementor-column-gap-default\">\n\t\t\t\t\t\t\t<div class=\"elementor-row\">\n\t\t\t\t\t<div class=\"elementor-column elementor-col-100 elementor-top-column elementor-element elementor-element-e0e41e3\" data-id=\"e0e41e3\" data-element_type=\"column\">\n\t\t\t<div class=\"elementor-column-wrap\">\n\t\t\t\t\t\t\t<div class=\"elementor-widget-wrap\">\n\t\t\t\t\t\t\t\t<\/div>\n\t\t\t\t\t<\/div>\n\t\t<\/div>\n\t\t\t\t\t\t\t\t<\/div>\n\t\t\t\t\t<\/div>\n\t\t<\/section>\n\t\t\t\t\t\t<\/div>\n\t\t\t\t\t\t<\/div>\n\t\t\t\t\t<\/div>","protected":false},"excerpt":{"rendered":"<p>Az\u0259rbaycan Respublikas\u0131n\u0131n Prezidenti yan\u0131nda D\u00f6vl\u0259t \u0130dar\u0259\u00e7ilik Akademiyas\u0131n\u0131n rektoru akademik Urxan \u018fl\u0259kb\u0259rov v\u0259 T\u0259dris-metodiki v\u0259 analitika \u015f\u00f6b\u0259nin m\u00fcdiri professor Ziyaf\u0259t H\u0259bibova T\u00fcrkiy\u0259 Respublikas\u0131 Prezidentinin Administrasiyas\u0131n\u0131n \u0130nsan Resurslar\u0131 \u0130dar\u0259si t\u0259r\u0259find\u0259n ke\u00e7iril\u0259n II \u0130stanbul \u0130nsan Resurslar\u0131 Forumunda i\u015ftirak edibl\u0259r.<\/p>","protected":false},"author":2,"featured_media":21615,"comment_status":"closed","ping_status":"closed","sticky":false,"template":"","format":"standard","meta":[],"categories":[137],"tags":[],"_links":{"self":[{"href":"https:\/\/legacy.dia.edu.az\/ru\/wp-json\/wp\/v2\/posts\/21614"}],"collection":[{"href":"https:\/\/legacy.dia.edu.az\/ru\/wp-json\/wp\/v2\/posts"}],"about":[{"href":"https:\/\/legacy.dia.edu.az\/ru\/wp-json\/wp\/v2\/types\/post"}],"author":[{"embeddable":true,"href":"https:\/\/legacy.dia.edu.az\/ru\/wp-json\/wp\/v2\/users\/2"}],"replies":[{"embeddable":true,"href":"https:\/\/legacy.dia.edu.az\/ru\/wp-json\/wp\/v2\/comments?post=21614"}],"version-history":[{"count":19,"href":"https:\/\/legacy.dia.edu.az\/ru\/wp-json\/wp\/v2\/posts\/21614\/revisions"}],"predecessor-version":[{"id":21636,"href":"https:\/\/legacy.dia.edu.az\/ru\/wp-json\/wp\/v2\/posts\/21614\/revisions\/21636"}],"wp:featuredmedia":[{"embeddable":true,"href":"https:\/\/legacy.dia.edu.az\/ru\/wp-json\/wp\/v2\/media\/21615"}],"wp:attachment":[{"href":"https:\/\/legacy.dia.edu.az\/ru\/wp-json\/wp\/v2\/media?parent=21614"}],"wp:term":[{"taxonomy":"category","embeddable":true,"href":"https:\/\/legacy.dia.edu.az\/ru\/wp-json\/wp\/v2\/categories?post=21614"},{"taxonomy":"post_tag","embeddable":true,"href":"https:\/\/legacy.dia.edu.az\/ru\/wp-json\/wp\/v2\/tags?post=21614"}],"curies":[{"name":"wp","href":"https:\/\/api.w.org\/{rel}","templated":true}]}}