{"id":21230,"date":"2023-10-27T16:07:17","date_gmt":"2023-10-27T12:07:17","guid":{"rendered":"https:\/\/dia.edu.az\/?p=21230"},"modified":"2023-10-27T16:11:18","modified_gmt":"2023-10-27T12:11:18","slug":"dia-nin-numay%c9%99nd%c9%99-hey%c9%99ti-ozb%c9%99kistanda-turk-dovl%c9%99tl%c9%99ri-t%c9%99skilatina-uzv-olk%c9%99l%c9%99rin-insan-resurslarinin-inkisafina-dair-gorusd%c9%99-istirak-edib","status":"publish","type":"post","link":"https:\/\/legacy.dia.edu.az\/ru\/arxivl\u0259r\/21230","title":{"rendered":"D\u0130A-n\u0131n n\u00fcmay\u0259nd\u0259 hey\u0259ti \u00d6zb\u0259kistanda T\u00fcrk D\u00f6vl\u0259tl\u0259ri T\u0259\u015fkilat\u0131na \u00fczv \u00f6lk\u0259l\u0259rin insan resurslar\u0131n\u0131n inki\u015faf\u0131na dair g\u00f6r\u00fc\u015fd\u0259 i\u015ftirak edib"},"content":{"rendered":"<div data-elementor-type=\"wp-post\" data-elementor-id=\"21230\" class=\"elementor elementor-21230\" data-elementor-settings=\"[]\">\n\t\t\t\t\t\t<div class=\"elementor-inner\">\n\t\t\t\t\t\t\t<div class=\"elementor-section-wrap\">\n\t\t\t\t\t\t\t<section class=\"elementor-section elementor-top-section elementor-element elementor-element-71fb3e4 elementor-section-boxed elementor-section-height-default elementor-section-height-default\" data-id=\"71fb3e4\" data-element_type=\"section\">\n\t\t\t\t\t\t<div class=\"elementor-container elementor-column-gap-default\">\n\t\t\t\t\t\t\t<div class=\"elementor-row\">\n\t\t\t\t\t<div class=\"elementor-column elementor-col-100 elementor-top-column elementor-element elementor-element-d9cf06a\" data-id=\"d9cf06a\" data-element_type=\"column\">\n\t\t\t<div class=\"elementor-column-wrap elementor-element-populated\">\n\t\t\t\t\t\t\t<div class=\"elementor-widget-wrap\">\n\t\t\t\t\t\t<div class=\"elementor-element elementor-element-c3654f2 elementor-widget elementor-widget-text-editor\" data-id=\"c3654f2\" data-element_type=\"widget\" data-widget_type=\"text-editor.default\">\n\t\t\t\t<div class=\"elementor-widget-container\">\n\t\t\t\t\t\t\t\t<div class=\"elementor-text-editor elementor-clearfix\">\n\t\t\t\t\tD\u0130A-n\u0131n n\u00fcmay\u0259nd\u0259 hey\u0259ti \u00d6zb\u0259kistanda T\u00fcrk D\u00f6vl\u0259tl\u0259ri T\u0259\u015fkilat\u0131na \u00fczv \u00f6lk\u0259l\u0259rin insan resurslar\u0131n\u0131n inki\u015faf\u0131na dair g\u00f6r\u00fc\u015fd\u0259 i\u015ftirak edib\t\t\t\t\t<\/div>\n\t\t\t\t\t\t<\/div>\n\t\t\t\t<\/div>\n\t\t\t\t\t\t<\/div>\n\t\t\t\t\t<\/div>\n\t\t<\/div>\n\t\t\t\t\t\t\t\t<\/div>\n\t\t\t\t\t<\/div>\n\t\t<\/section>\n\t\t\t\t<section class=\"elementor-section elementor-top-section elementor-element elementor-element-4920e6d elementor-section-boxed elementor-section-height-default elementor-section-height-default\" data-id=\"4920e6d\" data-element_type=\"section\">\n\t\t\t\t\t\t<div class=\"elementor-container elementor-column-gap-default\">\n\t\t\t\t\t\t\t<div class=\"elementor-row\">\n\t\t\t\t\t<div class=\"elementor-column elementor-col-100 elementor-top-column elementor-element elementor-element-a427d9b\" data-id=\"a427d9b\" data-element_type=\"column\">\n\t\t\t<div class=\"elementor-column-wrap elementor-element-populated\">\n\t\t\t\t\t\t\t<div class=\"elementor-widget-wrap\">\n\t\t\t\t\t\t<div class=\"elementor-element elementor-element-98f2e13 elementor-arrows-position-inside elementor-pagination-position-outside elementor-widget elementor-widget-image-carousel\" data-id=\"98f2e13\" data-element_type=\"widget\" data-settings=\"{&quot;navigation&quot;:&quot;both&quot;,&quot;autoplay&quot;:&quot;yes&quot;,&quot;pause_on_hover&quot;:&quot;yes&quot;,&quot;pause_on_interaction&quot;:&quot;yes&quot;,&quot;autoplay_speed&quot;:5000,&quot;infinite&quot;:&quot;yes&quot;,&quot;speed&quot;:500}\" data-widget_type=\"image-carousel.default\">\n\t\t\t\t<div class=\"elementor-widget-container\">\n\t\t\t\t\t<div class=\"elementor-image-carousel-wrapper swiper-container\" dir=\"ltr\">\n\t\t\t<div class=\"elementor-image-carousel swiper-wrapper\">\n\t\t\t\t<div class=\"swiper-slide\"><a data-elementor-open-lightbox=\"yes\" data-elementor-lightbox-slideshow=\"98f2e13\" data-elementor-lightbox-title=\"16984025615208254852_1200x630\" href=\"https:\/\/legacy.dia.edu.az\/wp-content\/uploads\/2023\/10\/16984025615208254852_1200x630.jpg\"><figure class=\"swiper-slide-inner\"><img class=\"swiper-slide-image\" src=\"https:\/\/legacy.dia.edu.az\/wp-content\/uploads\/2023\/10\/16984025615208254852_1200x630-150x150.jpg\" alt=\"16984025615208254852_1200x630\" \/><\/figure><\/a><\/div><div class=\"swiper-slide\"><a data-elementor-open-lightbox=\"yes\" data-elementor-lightbox-slideshow=\"98f2e13\" data-elementor-lightbox-title=\"16984025611969225834_1200x630\" href=\"https:\/\/legacy.dia.edu.az\/wp-content\/uploads\/2023\/10\/16984025611969225834_1200x630.jpg\"><figure class=\"swiper-slide-inner\"><img class=\"swiper-slide-image\" src=\"https:\/\/legacy.dia.edu.az\/wp-content\/uploads\/2023\/10\/16984025611969225834_1200x630-150x150.jpg\" alt=\"16984025611969225834_1200x630\" \/><\/figure><\/a><\/div><div class=\"swiper-slide\"><a data-elementor-open-lightbox=\"yes\" data-elementor-lightbox-slideshow=\"98f2e13\" data-elementor-lightbox-title=\"16984025616254138411_1200x630\" href=\"https:\/\/legacy.dia.edu.az\/wp-content\/uploads\/2023\/10\/16984025616254138411_1200x630.jpg\"><figure class=\"swiper-slide-inner\"><img class=\"swiper-slide-image\" src=\"https:\/\/legacy.dia.edu.az\/wp-content\/uploads\/2023\/10\/16984025616254138411_1200x630-150x150.jpg\" alt=\"16984025616254138411_1200x630\" \/><\/figure><\/a><\/div>\t\t\t<\/div>\n\t\t\t\t\t\t\t\t\t\t\t\t<div class=\"swiper-pagination\"><\/div>\n\t\t\t\t\t\t\t\t\t\t\t\t\t<div class=\"elementor-swiper-button elementor-swiper-button-prev\">\n\t\t\t\t\t\t<i class=\"eicon-chevron-left\" aria-hidden=\"true\"><\/i>\n\t\t\t\t\t\t<span class=\"elementor-screen-only\">\u041d\u0430\u0437\u0430\u0434<\/span>\n\t\t\t\t\t<\/div>\n\t\t\t\t\t<div class=\"elementor-swiper-button elementor-swiper-button-next\">\n\t\t\t\t\t\t<i class=\"eicon-chevron-right\" aria-hidden=\"true\"><\/i>\n\t\t\t\t\t\t<span class=\"elementor-screen-only\">\u0414\u0430\u043b\u0435\u0435<\/span>\n\t\t\t\t\t<\/div>\n\t\t\t\t\t\t\t\t\t<\/div>\n\t\t\t\t<\/div>\n\t\t\t\t<\/div>\n\t\t\t\t\t\t<\/div>\n\t\t\t\t\t<\/div>\n\t\t<\/div>\n\t\t\t\t\t\t\t\t<\/div>\n\t\t\t\t\t<\/div>\n\t\t<\/section>\n\t\t\t\t<section class=\"elementor-section elementor-top-section elementor-element elementor-element-efdc2cf elementor-section-boxed elementor-section-height-default elementor-section-height-default\" data-id=\"efdc2cf\" data-element_type=\"section\">\n\t\t\t\t\t\t<div class=\"elementor-container elementor-column-gap-default\">\n\t\t\t\t\t\t\t<div class=\"elementor-row\">\n\t\t\t\t\t<div class=\"elementor-column elementor-col-100 elementor-top-column elementor-element elementor-element-aa50e57\" data-id=\"aa50e57\" data-element_type=\"column\">\n\t\t\t<div class=\"elementor-column-wrap elementor-element-populated\">\n\t\t\t\t\t\t\t<div class=\"elementor-widget-wrap\">\n\t\t\t\t\t\t<div class=\"elementor-element elementor-element-995e79e elementor-widget elementor-widget-text-editor\" data-id=\"995e79e\" data-element_type=\"widget\" data-widget_type=\"text-editor.default\">\n\t\t\t\t<div class=\"elementor-widget-container\">\n\t\t\t\t\t\t\t\t<div class=\"elementor-text-editor elementor-clearfix\">\n\t\t\t\t\t<p>\u00d6zb\u0259kistan Respublikas\u0131n\u0131n S\u0259m\u0259rq\u0259nd \u015f\u0259h\u0259rind\u0259 \u201cT\u00fcrk D\u00f6vl\u0259tl\u0259ri T\u0259\u015fkilat\u0131na \u00fczv \u00f6lk\u0259l\u0259rind\u0259 insan resurslar\u0131n\u0131n \u0130nki\u015faf\u0131\u201d adl\u0131 II g\u00f6r\u00fc\u015f ke\u00e7irilib. \u00d6zb\u0259kistan Respublikas\u0131n\u0131n Prezidenti yan\u0131nda D\u00f6vl\u0259t Qullu\u011funun \u0130nki\u015faf\u0131 Agentliyinin t\u0259\u015fkilat\u00e7\u0131l\u0131\u011f\u0131 il\u0259 ke\u00e7iril\u0259n g\u00f6r\u00fc\u015fd\u0259 Az\u0259rbaycan, T\u00fcrkiy\u0259, \u00d6zb\u0259kistan, Qazax\u0131stan v\u0259 Q\u0131r\u011f\u0131z\u0131standan insan resurslar\u0131n\u0131n inki\u015faf\u0131na m\u0259sul qurumlar\u0131n r\u0259hb\u0259rl\u0259ri i\u015ftirak edibl\u0259r.\n\n\u0130lk d\u0259f\u0259 2021-ci ild\u0259 Ankarada Az\u0259rbaycan Respublikas\u0131 il\u0259 T\u00fcrkiy\u0259 Respublikas\u0131 aras\u0131nda iqtisadi \u0259m\u0259kda\u015fl\u0131q \u00fczr\u0259 birg\u0259 h\u00f6kum\u0259tl\u0259raras\u0131 komissiyan\u0131n doqquzuncu iclas\u0131nda imzalanm\u0131\u015f protokol \u00e7\u0259r\u00e7iv\u0259sind\u0259 iki \u00f6lk\u0259nin d\u00f6vl\u0259t qulluq\u00e7ular\u0131n\u0131n haz\u0131rlanmas\u0131 v\u0259 inki\u015faf\u0131 sah\u0259sind\u0259 \u0259m\u0259kda\u015fl\u0131\u011f\u0131na dair q\u0259rar q\u0259bul olunub. Protokola \u0259lav\u0259 edilmi\u015f F\u0259aliyy\u0259t Plan\u0131nda, h\u0259m\u00e7inin t\u0259hsil v\u0259 insan resurslar\u0131n\u0131n inki\u015faf\u0131 il\u0259 ba\u011fl\u0131 birg\u0259 f\u0259aliyy\u0259tin qar\u015f\u0131l\u0131ql\u0131 m\u00fcnasib\u0259tl\u0259r\u0259 t\u0259kan ver\u0259c\u0259yi vur\u011fulan\u0131b. Bu \u00e7\u0259r\u00e7iv\u0259d\u0259 T\u00fcrkiy\u0259 Prezidenti Administrasiyas\u0131 \u0130nsan Resurslar\u0131 Ofisinin r\u0259hb\u0259rliyinin d\u00f6vl\u0259t qulluq\u00e7ular\u0131n\u0131n t\u0259lim v\u0259 inki\u015faf\u0131 \u00fc\u00e7\u00fcn vasit\u0259l\u0259rin tan\u0131d\u0131lmas\u0131 istiqam\u0259tind\u0259 Az\u0259rbaycan Respublikas\u0131n\u0131n Prezidenti yan\u0131nda D\u00f6vl\u0259t \u0130dar\u0259\u00e7ilik Akademiyas\u0131 (D\u0130A) il\u0259 birg\u0259 f\u0259aliyy\u0259ti n\u0259z\u0259rd\u0259 tutulub.\n\nBud\u0259f\u0259ki g\u00f6r\u00fc\u015f\u00fcn \u0259sas m\u0259qs\u0259di \u00f6lk\u0259 t\u0259cr\u00fcb\u0259l\u0259rinin payla\u015f\u0131lmas\u0131, ikit\u0259r\u0259fli g\u00f6r\u00fc\u015fl\u0259rin ke\u00e7irilm\u0259si v\u0259 \u0259m\u0259kda\u015fl\u0131\u011f\u0131n m\u00f6hk\u0259ml\u0259nm\u0259sidir.\n\n\n\nG\u00f6r\u00fc\u015f \u00e7\u0259r\u00e7iv\u0259sind\u0259 Az\u0259rbaycan Respublikas\u0131n\u0131n Prezidenti yan\u0131nda D\u00f6vl\u0259t \u0130dar\u0259\u00e7ilik Akademiyas\u0131n\u0131n rektoru akademik Urxan \u018fl\u0259kb\u0259rov \u201cM\u00fcasir d\u00f6vl\u0259t idar\u0259\u00e7iliyi \u00e7\u0259r\u00e7iv\u0259sind\u0259 idar\u0259edici kadrlar\u0131n s\u0259ri\u015ft\u0259sinin art\u0131r\u0131lmas\u0131 il\u0259 ba\u011fl\u0131 probleml\u0259r\u201d adl\u0131 paneld\u0259 \u201cD\u00f6vl\u0259t idar\u0259etm\u0259 texnologiyalar\u0131n\u0131n s\u0259m\u0259r\u0259liliyinin art\u0131r\u0131lmas\u0131 \u00fc\u00e7\u00fcn insan potensial\u0131n\u0131n yarad\u0131lmas\u0131\u201d m\u00f6vzusunda m\u0259ruz\u0259 il\u0259 \u00e7\u0131x\u0131\u015f edib.\n\nAkademik U.\u018fl\u0259kb\u0259rov Az\u0259rbaycan\u0131n son ill\u0259rd\u0259 iqtisadi, siyasi, humanitar, h\u0259rbi inki\u015faf\u0131 il\u0259 ba\u011fl\u0131 geni\u015f m\u0259lumat verib. O, Ulu \u00d6nd\u0259r Heyd\u0259r \u018fliyev t\u0259r\u0259find\u0259n \u0259sas\u0131 qoyulmu\u015f v\u0259 Prezident \u0130lham \u018fliyevin yarad\u0131c\u0131l\u0131qla inki\u015faf etdirdiyi innovativ d\u00f6vl\u0259t idar\u0259\u00e7iliyi strategiyas\u0131n\u0131 x\u00fcsusi vur\u011fulay\u0131b. Qeyd edilib ki, Az\u0259rbaycan\u0131n inkl\u00fcziv inki\u015faf\u0131 indeksinin iqtisadi bax\u0131mdan d\u00fcnyan\u0131n inki\u015faf etmi\u015f \u00f6lk\u0259l\u0259rd\u0259kind\u0259n y\u00fcks\u0259k olmas\u0131 respublikan\u0131n iqtisadi potensial\u0131n\u0131n h\u0259rt\u0259r\u0259fli inki\u015faf\u0131 v\u0259 \u0259halinin rifah\u0131n\u0131n y\u00fcks\u0259ldilm\u0259si \u00fc\u00e7\u00fcn daha s\u0259m\u0259r\u0259li istifad\u0259sinin beyn\u0259lxalq t\u0259sdiqidir. \u0130nkl\u00fcziv inki\u015faf sah\u0259sind\u0259 Az\u0259rbaycan Respublikas\u0131n\u0131n y\u00fcks\u0259k g\u00f6st\u0259ricil\u0259r \u0259ld\u0259 etm\u0259si v\u0259 sosial siyas\u0259tin realla\u015fd\u0131r\u0131lmas\u0131 bax\u0131m\u0131ndan d\u00fcnya liderin\u0259 \u00e7evrilm\u0259sind\u0259 \u00f6lk\u0259nin Birinci vitse-prezidenti, Heyd\u0259r \u018fliyev Fondunun prezidenti Mehriban \u018fliyevan\u0131n xidm\u0259tl\u0259ri b\u00f6y\u00fckd\u00fcr.\n\nU.\u018fl\u0259kb\u0259rov \u0259ld\u0259 olunan u\u011furlar\u0131n 44 g\u00fcnl\u00fck V\u0259t\u0259n m\u00fcharib\u0259si zaman\u0131 qazand\u0131\u011f\u0131m\u0131z parlaq Q\u0259l\u0259b\u0259d\u0259 b\u00f6y\u00fck pay\u0131n\u0131n oldu\u011funu vur\u011fulay\u0131b.\n\nT\u0259qdimat zaman\u0131 D\u0130A t\u0259r\u0259find\u0259n h\u0259yata ke\u00e7iril\u0259n beyn\u0259lxalq layih\u0259l\u0259r, sah\u0259 \u00fczr\u0259 t\u0259cr\u00fcb\u0259, h\u0259m\u00e7inin g\u0259l\u0259c\u0259kd\u0259 icras\u0131 planla\u015fd\u0131r\u0131lan i\u015fl\u0259r bar\u0259d\u0259 \u0259trafl\u0131 m\u0259lumat verilib.\n\nT\u0259dbird\u0259 T\u00fcrk D\u00f6vl\u0259tl\u0259ri T\u0259\u015fkilat\u0131na \u00fczv olan d\u00f6vl\u0259tl\u0259rin n\u00fcmay\u0259nd\u0259l\u0259rinin \u00e7\u0131x\u0131\u015flar\u0131 dinl\u0259nilib, bu \u00f6lk\u0259l\u0259rin t\u0259cr\u00fcb\u0259l\u0259rinin payla\u015f\u0131lmas\u0131, g\u0259l\u0259c\u0259kd\u0259 ikit\u0259r\u0259fli g\u00f6r\u00fc\u015fl\u0259rin ke\u00e7irilm\u0259si v\u0259 T\u00fcrkiy\u0259nin t\u0259\u015f\u0259bb\u00fcs\u00fc il\u0259 T\u00fcrk D\u00f6vl\u0259tl\u0259ri T\u0259\u015fkilat\u0131nda \u0130nsan Resurslar\u0131n\u0131n \u0130nki\u015faf\u0131 \u0130nstitutunun yarad\u0131lmas\u0131 il\u0259 ba\u011fl\u0131 t\u0259klif ir\u0259li s\u00fcr\u00fcl\u00fcb.\n\nT\u0259dbird\u0259 D\u00f6vl\u0259t \u0130dar\u0259\u00e7ilik Akademiyas\u0131n\u0131n Elmi t\u0259\u015fkilat v\u0259 beyn\u0259lxalq \u0259laq\u0259l\u0259r \u015f\u00f6b\u0259sinin m\u00fcdiri dosent Elvin \u018fzizb\u0259yov da i\u015ftirak edib.<\/p>\t\t\t\t\t<\/div>\n\t\t\t\t\t\t<\/div>\n\t\t\t\t<\/div>\n\t\t\t\t\t\t<\/div>\n\t\t\t\t\t<\/div>\n\t\t<\/div>\n\t\t\t\t\t\t\t\t<\/div>\n\t\t\t\t\t<\/div>\n\t\t<\/section>\n\t\t\t\t\t\t<\/div>\n\t\t\t\t\t\t<\/div>\n\t\t\t\t\t<\/div>","protected":false},"excerpt":{"rendered":"<p>\u00d6zb\u0259kistan Respublikas\u0131n\u0131n S\u0259m\u0259rq\u0259nd \u015f\u0259h\u0259rind\u0259 \u201cT\u00fcrk D\u00f6vl\u0259tl\u0259ri T\u0259\u015fkilat\u0131na \u00fczv \u00f6lk\u0259l\u0259rind\u0259 insan resurslar\u0131n\u0131n \u0130nki\u015faf\u0131\u201d adl\u0131 II g\u00f6r\u00fc\u015f ke\u00e7irilib. \u00d6zb\u0259kistan Respublikas\u0131n\u0131n Prezidenti yan\u0131nda D\u00f6vl\u0259t Qullu\u011funun \u0130nki\u015faf\u0131 Agentliyinin t\u0259\u015fkilat\u00e7\u0131l\u0131\u011f\u0131 il\u0259 ke\u00e7iril\u0259n g\u00f6r\u00fc\u015fd\u0259 Az\u0259rbaycan, T\u00fcrkiy\u0259, \u00d6zb\u0259kistan, Qazax\u0131stan v\u0259 Q\u0131r\u011f\u0131z\u0131standan insan resurslar\u0131n\u0131n inki\u015faf\u0131na m\u0259sul qurumlar\u0131n r\u0259hb\u0259rl\u0259ri i\u015ftirak edibl\u0259r.<\/p>","protected":false},"author":2,"featured_media":21233,"comment_status":"closed","ping_status":"closed","sticky":false,"template":"","format":"standard","meta":[],"categories":[137],"tags":[],"_links":{"self":[{"href":"https:\/\/legacy.dia.edu.az\/ru\/wp-json\/wp\/v2\/posts\/21230"}],"collection":[{"href":"https:\/\/legacy.dia.edu.az\/ru\/wp-json\/wp\/v2\/posts"}],"about":[{"href":"https:\/\/legacy.dia.edu.az\/ru\/wp-json\/wp\/v2\/types\/post"}],"author":[{"embeddable":true,"href":"https:\/\/legacy.dia.edu.az\/ru\/wp-json\/wp\/v2\/users\/2"}],"replies":[{"embeddable":true,"href":"https:\/\/legacy.dia.edu.az\/ru\/wp-json\/wp\/v2\/comments?post=21230"}],"version-history":[{"count":5,"href":"https:\/\/legacy.dia.edu.az\/ru\/wp-json\/wp\/v2\/posts\/21230\/revisions"}],"predecessor-version":[{"id":21238,"href":"https:\/\/legacy.dia.edu.az\/ru\/wp-json\/wp\/v2\/posts\/21230\/revisions\/21238"}],"wp:featuredmedia":[{"embeddable":true,"href":"https:\/\/legacy.dia.edu.az\/ru\/wp-json\/wp\/v2\/media\/21233"}],"wp:attachment":[{"href":"https:\/\/legacy.dia.edu.az\/ru\/wp-json\/wp\/v2\/media?parent=21230"}],"wp:term":[{"taxonomy":"category","embeddable":true,"href":"https:\/\/legacy.dia.edu.az\/ru\/wp-json\/wp\/v2\/categories?post=21230"},{"taxonomy":"post_tag","embeddable":true,"href":"https:\/\/legacy.dia.edu.az\/ru\/wp-json\/wp\/v2\/tags?post=21230"}],"curies":[{"name":"wp","href":"https:\/\/api.w.org\/{rel}","templated":true}]}}