{"id":21097,"date":"2023-10-16T17:24:24","date_gmt":"2023-10-16T13:24:24","guid":{"rendered":"https:\/\/dia.edu.az\/?p=21097"},"modified":"2023-10-18T16:38:10","modified_gmt":"2023-10-18T12:38:10","slug":"dovl%c9%99t-idar%c9%99cilik-akademiyasinin-numay%c9%99nd%c9%99-hey%c9%99tiankara-sosial-elml%c9%99r-universitetind%c9%99-asbu-olmuslar","status":"publish","type":"post","link":"https:\/\/legacy.dia.edu.az\/ru\/arxivl\u0259r\/21097","title":{"rendered":"D\u00f6vl\u0259t \u0130dar\u0259\u00e7ilik Akademiyas\u0131n\u0131n n\u00fcmay\u0259nd\u0259 hey\u0259ti<br>Ankara Sosial Elml\u0259r Universitetind\u0259 (ASB\u00dc) olmu\u015flar"},"content":{"rendered":"<div data-elementor-type=\"wp-post\" data-elementor-id=\"21097\" class=\"elementor elementor-21097\" data-elementor-settings=\"[]\">\n\t\t\t\t\t\t<div class=\"elementor-inner\">\n\t\t\t\t\t\t\t<div class=\"elementor-section-wrap\">\n\t\t\t\t\t\t\t<section class=\"elementor-section elementor-top-section elementor-element elementor-element-3008eb8 elementor-section-boxed elementor-section-height-default elementor-section-height-default\" data-id=\"3008eb8\" data-element_type=\"section\">\n\t\t\t\t\t\t<div class=\"elementor-container elementor-column-gap-default\">\n\t\t\t\t\t\t\t<div class=\"elementor-row\">\n\t\t\t\t\t<div class=\"elementor-column elementor-col-100 elementor-top-column elementor-element elementor-element-fc91a0c\" data-id=\"fc91a0c\" data-element_type=\"column\">\n\t\t\t<div class=\"elementor-column-wrap elementor-element-populated\">\n\t\t\t\t\t\t\t<div class=\"elementor-widget-wrap\">\n\t\t\t\t\t\t<div class=\"elementor-element elementor-element-fec5cc8 elementor-widget elementor-widget-text-editor\" data-id=\"fec5cc8\" data-element_type=\"widget\" data-widget_type=\"text-editor.default\">\n\t\t\t\t<div class=\"elementor-widget-container\">\n\t\t\t\t\t\t\t\t<div class=\"elementor-text-editor elementor-clearfix\">\n\t\t\t\t\tD\u00f6vl\u0259t \u0130dar\u0259\u00e7ilik Akademiyas\u0131n\u0131n n\u00fcmay\u0259nd\u0259 hey\u0259ti\nAnkara Sosial Elml\u0259r Universitetind\u0259 (ASB\u00dc) olmu\u015flar\t\t\t\t\t<\/div>\n\t\t\t\t\t\t<\/div>\n\t\t\t\t<\/div>\n\t\t\t\t\t\t<\/div>\n\t\t\t\t\t<\/div>\n\t\t<\/div>\n\t\t\t\t\t\t\t\t<\/div>\n\t\t\t\t\t<\/div>\n\t\t<\/section>\n\t\t\t\t<section class=\"elementor-section elementor-top-section elementor-element elementor-element-bbfeebd elementor-section-boxed elementor-section-height-default elementor-section-height-default\" data-id=\"bbfeebd\" data-element_type=\"section\">\n\t\t\t\t\t\t<div class=\"elementor-container elementor-column-gap-default\">\n\t\t\t\t\t\t\t<div class=\"elementor-row\">\n\t\t\t\t\t<div class=\"elementor-column elementor-col-100 elementor-top-column elementor-element elementor-element-d4453c0\" data-id=\"d4453c0\" data-element_type=\"column\">\n\t\t\t<div class=\"elementor-column-wrap elementor-element-populated\">\n\t\t\t\t\t\t\t<div class=\"elementor-widget-wrap\">\n\t\t\t\t\t\t<div class=\"elementor-element elementor-element-bbdbca7 elementor-arrows-position-inside elementor-pagination-position-outside elementor-widget elementor-widget-image-carousel\" data-id=\"bbdbca7\" data-element_type=\"widget\" data-settings=\"{&quot;navigation&quot;:&quot;both&quot;,&quot;autoplay&quot;:&quot;yes&quot;,&quot;pause_on_hover&quot;:&quot;yes&quot;,&quot;pause_on_interaction&quot;:&quot;yes&quot;,&quot;autoplay_speed&quot;:5000,&quot;infinite&quot;:&quot;yes&quot;,&quot;speed&quot;:500}\" data-widget_type=\"image-carousel.default\">\n\t\t\t\t<div class=\"elementor-widget-container\">\n\t\t\t\t\t<div class=\"elementor-image-carousel-wrapper swiper-container\" dir=\"ltr\">\n\t\t\t<div class=\"elementor-image-carousel swiper-wrapper\">\n\t\t\t\t<div class=\"swiper-slide\"><a data-elementor-open-lightbox=\"yes\" data-elementor-lightbox-slideshow=\"bbdbca7\" data-elementor-lightbox-title=\"1a\" href=\"https:\/\/legacy.dia.edu.az\/wp-content\/uploads\/2023\/10\/1a.jpg\"><figure class=\"swiper-slide-inner\"><img class=\"swiper-slide-image\" src=\"https:\/\/legacy.dia.edu.az\/wp-content\/uploads\/2023\/10\/1a-150x150.jpg\" alt=\"1a\" \/><\/figure><\/a><\/div><div class=\"swiper-slide\"><a data-elementor-open-lightbox=\"yes\" data-elementor-lightbox-slideshow=\"bbdbca7\" data-elementor-lightbox-title=\"2_2\" href=\"https:\/\/legacy.dia.edu.az\/wp-content\/uploads\/2023\/10\/2_2.jpg\"><figure class=\"swiper-slide-inner\"><img class=\"swiper-slide-image\" src=\"https:\/\/legacy.dia.edu.az\/wp-content\/uploads\/2023\/10\/2_2-150x150.jpg\" alt=\"2_2\" \/><\/figure><\/a><\/div><div class=\"swiper-slide\"><a data-elementor-open-lightbox=\"yes\" data-elementor-lightbox-slideshow=\"bbdbca7\" data-elementor-lightbox-title=\"3_2\" href=\"https:\/\/legacy.dia.edu.az\/wp-content\/uploads\/2023\/10\/3_2.jpg\"><figure class=\"swiper-slide-inner\"><img class=\"swiper-slide-image\" src=\"https:\/\/legacy.dia.edu.az\/wp-content\/uploads\/2023\/10\/3_2-150x150.jpg\" alt=\"3_2\" \/><\/figure><\/a><\/div><div class=\"swiper-slide\"><a data-elementor-open-lightbox=\"yes\" data-elementor-lightbox-slideshow=\"bbdbca7\" data-elementor-lightbox-title=\"2a\" href=\"https:\/\/legacy.dia.edu.az\/wp-content\/uploads\/2023\/10\/2a-e1697529614150.jpg\"><figure class=\"swiper-slide-inner\"><img class=\"swiper-slide-image\" src=\"https:\/\/legacy.dia.edu.az\/wp-content\/uploads\/2023\/10\/2a-e1697529614150-150x150.jpg\" alt=\"2a\" \/><\/figure><\/a><\/div><div class=\"swiper-slide\"><a data-elementor-open-lightbox=\"yes\" data-elementor-lightbox-slideshow=\"bbdbca7\" data-elementor-lightbox-title=\"4a\" href=\"https:\/\/legacy.dia.edu.az\/wp-content\/uploads\/2023\/10\/4a.jpg\"><figure class=\"swiper-slide-inner\"><img class=\"swiper-slide-image\" src=\"https:\/\/legacy.dia.edu.az\/wp-content\/uploads\/2023\/10\/4a-150x150.jpg\" alt=\"4a\" \/><\/figure><\/a><\/div><div class=\"swiper-slide\"><a data-elementor-open-lightbox=\"yes\" data-elementor-lightbox-slideshow=\"bbdbca7\" data-elementor-lightbox-title=\"4_2\" href=\"https:\/\/legacy.dia.edu.az\/wp-content\/uploads\/2023\/10\/4_2.jpg\"><figure class=\"swiper-slide-inner\"><img class=\"swiper-slide-image\" src=\"https:\/\/legacy.dia.edu.az\/wp-content\/uploads\/2023\/10\/4_2-150x150.jpg\" alt=\"4_2\" \/><\/figure><\/a><\/div><div class=\"swiper-slide\"><a data-elementor-open-lightbox=\"yes\" data-elementor-lightbox-slideshow=\"bbdbca7\" data-elementor-lightbox-title=\"3a\" href=\"https:\/\/legacy.dia.edu.az\/wp-content\/uploads\/2023\/10\/3a.jpg\"><figure class=\"swiper-slide-inner\"><img class=\"swiper-slide-image\" src=\"https:\/\/legacy.dia.edu.az\/wp-content\/uploads\/2023\/10\/3a-150x150.jpg\" alt=\"3a\" \/><\/figure><\/a><\/div><div class=\"swiper-slide\"><a data-elementor-open-lightbox=\"yes\" data-elementor-lightbox-slideshow=\"bbdbca7\" data-elementor-lightbox-title=\"1_2\" href=\"https:\/\/legacy.dia.edu.az\/wp-content\/uploads\/2023\/10\/1_2.jpg\"><figure class=\"swiper-slide-inner\"><img class=\"swiper-slide-image\" src=\"https:\/\/legacy.dia.edu.az\/wp-content\/uploads\/2023\/10\/1_2-150x150.jpg\" alt=\"1_2\" \/><\/figure><\/a><\/div>\t\t\t<\/div>\n\t\t\t\t\t\t\t\t\t\t\t\t<div class=\"swiper-pagination\"><\/div>\n\t\t\t\t\t\t\t\t\t\t\t\t\t<div class=\"elementor-swiper-button elementor-swiper-button-prev\">\n\t\t\t\t\t\t<i class=\"eicon-chevron-left\" aria-hidden=\"true\"><\/i>\n\t\t\t\t\t\t<span class=\"elementor-screen-only\">\u041d\u0430\u0437\u0430\u0434<\/span>\n\t\t\t\t\t<\/div>\n\t\t\t\t\t<div class=\"elementor-swiper-button elementor-swiper-button-next\">\n\t\t\t\t\t\t<i class=\"eicon-chevron-right\" aria-hidden=\"true\"><\/i>\n\t\t\t\t\t\t<span class=\"elementor-screen-only\">\u0414\u0430\u043b\u0435\u0435<\/span>\n\t\t\t\t\t<\/div>\n\t\t\t\t\t\t\t\t\t<\/div>\n\t\t\t\t<\/div>\n\t\t\t\t<\/div>\n\t\t\t\t\t\t<\/div>\n\t\t\t\t\t<\/div>\n\t\t<\/div>\n\t\t\t\t\t\t\t\t<\/div>\n\t\t\t\t\t<\/div>\n\t\t<\/section>\n\t\t\t\t<section class=\"elementor-section elementor-top-section elementor-element elementor-element-26ad682 elementor-section-boxed elementor-section-height-default elementor-section-height-default\" data-id=\"26ad682\" data-element_type=\"section\">\n\t\t\t\t\t\t<div class=\"elementor-container elementor-column-gap-default\">\n\t\t\t\t\t\t\t<div class=\"elementor-row\">\n\t\t\t\t\t<div class=\"elementor-column elementor-col-100 elementor-top-column elementor-element elementor-element-e8c0dfc\" data-id=\"e8c0dfc\" data-element_type=\"column\">\n\t\t\t<div class=\"elementor-column-wrap elementor-element-populated\">\n\t\t\t\t\t\t\t<div class=\"elementor-widget-wrap\">\n\t\t\t\t\t\t<div class=\"elementor-element elementor-element-85bd3b2 elementor-widget elementor-widget-text-editor\" data-id=\"85bd3b2\" data-element_type=\"widget\" data-widget_type=\"text-editor.default\">\n\t\t\t\t<div class=\"elementor-widget-container\">\n\t\t\t\t\t\t\t\t<div class=\"elementor-text-editor elementor-clearfix\">\n\t\t\t\t\t<p>\u201cHeyd\u0259r \u018fliyev \u0130li\u201d \u00e7\u0259r\u00e7iv\u0259sind\u0259 Az\u0259rbaycan Respublikas\u0131n\u0131n Prezidenti yan\u0131nda D\u00f6vl\u0259t \u0130dar\u0259\u00e7ilik Akademiyas\u0131n\u0131n (D\u0130A) t\u0259dbirl\u0259r plan\u0131na uy\u011fun olaraq T\u00fcrkiy\u0259y\u0259 r\u0259smi s\u0259f\u0259r \u00e7\u0259r\u00e7iv\u0259sind\u0259 Ankara Sosial Elml\u0259r Universitetind\u0259 ingilisdilli auditoriya \u00fc\u00e7\u00fcn \u201cDavaml\u0131 inki\u015faf m\u0259qs\u0259dl\u0259rin\u0259 \u00e7atmaq v\u0259 inkl\u00fcziv c\u0259miyy\u0259tin formala\u015fmas\u0131 \u00fc\u00e7\u00fcn yeni idar\u0259\u00e7ilik texnologiyalar\u0131 &#8211; Az\u0259rbaycan t\u0259cr\u00fcb\u0259sind\u0259\u201d m\u00f6vzusunda seminar t\u0259\u015fkil edilib. \n\n\nSeminarda Ankara Sosial Elml\u0259r Universitetinin ASB\u00dcKENT (\u015f\u0259h\u0259r, \u0259traf m\u00fchit v\u0259 yerli idar\u0259etm\u0259 sah\u0259l\u0259rind\u0259 t\u0259hsil, ara\u015fd\u0131rma v\u0259 n\u0259\u015fr f\u0259aliyy\u0259tl\u0259ri h\u0259yata ke\u00e7irir) m\u0259rk\u0259zinin direktoru professor Asl\u0131 Akay v\u0259 ASB\u00dc Sosial Elml\u0259r \u0130nstitutunun direktoru professor Bilal \u00c7ak\u0131c\u0131 a\u00e7\u0131l\u0131\u015f nitqi il\u0259 \u00e7\u0131x\u0131\u015f edibl\u0259r.\n\n\nDaha sonra Az\u0259rbaycan Respublikas\u0131n\u0131n Prezidenti yan\u0131nda D\u00f6vl\u0259t \u0130dar\u0259\u00e7ilik Akademiyas\u0131n\u0131n rektoru akademik Urxan \u018fl\u0259kb\u0259rov Ankara Sosial Elml\u0259r Universitetinin professor-m\u00fc\u0259llim v\u0259 t\u0259l\u0259b\u0259 hey\u0259ti \u00fc\u00e7\u00fcn ingilis dilind\u0259 \u201cDavaml\u0131 inki\u015faf m\u0259qs\u0259dl\u0259rin\u0259 \u00e7atmaq v\u0259 inkl\u00fcziv c\u0259miyy\u0259tin formala\u015fmas\u0131 \u00fc\u00e7\u00fcn yeni idar\u0259\u00e7ilik texnologiyalar\u0131 &#8211; Az\u0259rbaycan t\u0259cr\u00fcb\u0259sind\u0259\u201d (New Public Administration Technology for Achieving Sustainable Development Goals and Creating Inclusive Society (Azerbaijan&#8217;s Experience) m\u00f6vzusunda geni\u015f interaktiv t\u0259qdimatla \u00e7\u0131x\u0131\u015f edib.\n\n\nM\u0259ruz\u0259d\u0259 akademik U.\u018fl\u0259kb\u0259rov \u00dcmummilli Lider Heyd\u0259r \u018fliyev t\u0259r\u0259find\u0259n m\u00fc\u0259yy\u0259nl\u0259\u015fdirilmi\u015f v\u0259 Prezident \u0130lham \u018fliyevin u\u011furla davam etdirdiyi inki\u015faf strategiyas\u0131 say\u0259sind\u0259 Az\u0259rbaycan\u0131n qazand\u0131\u011f\u0131 nailiyy\u0259tl\u0259r\u0259 diqq\u0259t \u00e7\u0259kib. O, Prezident \u0130lham \u018fliyev t\u0259r\u0259find\u0259n i\u015fl\u0259n\u0259r\u0259k t\u0259tbiq edilmi\u015f yeni d\u00f6vl\u0259t idar\u0259\u00e7iliyi texnologiyalar\u0131n\u0131n Az\u0259rbaycan\u0131 davaml\u0131 inkl\u00fcziv inki\u015faf namin\u0259 resurslardan s\u0259m\u0259r\u0259li istifad\u0259 \u00fczr\u0259 regional v\u0259 qlobal lider\u0259 \u00e7evrilm\u0259sin\u0259 g\u0259tirib \u00e7\u0131xard\u0131\u011f\u0131n\u0131 x\u00fcsusi vur\u011fulay\u0131b. Eyni zamanda, Az\u0259rbaycanda t\u0259tbiq edil\u0259n innovativ idar\u0259\u00e7ilik texnologiyalar\u0131 kompleksinin y\u00fcks\u0259k s\u0259m\u0259r\u0259liliyinin BMT T\u0259hl\u00fck\u0259sizlik \u015euras\u0131n\u0131n 4 q\u0259tnam\u0259sinin u\u011furla yerin\u0259 yetirilm\u0259sind\u0259 v\u0259 Erm\u0259nistan t\u0259r\u0259find\u0259n 30 il\u0259 yax\u0131n i\u015f\u011fal alt\u0131nda saxlan\u0131lan \u0259razil\u0259rin azad edilm\u0259sind\u0259 t\u0259sdiqini tapd\u0131\u011f\u0131n\u0131 bildirib. Akademik Az\u0259rbaycan\u0131n \u0259razi b\u00fct\u00f6vl\u00fcy\u00fcn\u00fcn tam b\u0259rpas\u0131n\u0131 d\u00f6vl\u0259timizin ba\u015f\u00e7\u0131s\u0131n\u0131n innovativ inki\u015faf strategiyas\u0131n\u0131n t\u0259nt\u0259n\u0259li yekunu kimi d\u0259y\u0259rl\u0259ndirib.\n\n\nRektor Az\u0259rbaycan\u0131n b\u00fct\u00fcn d\u00fcnya \u00fc\u00e7\u00fcn prioritet kimi q\u0259bul edil\u0259n davaml\u0131 inkl\u00fcziv inki\u015faf siyas\u0259tini s\u0259m\u0259r\u0259li \u015f\u0259kild\u0259 realla\u015fd\u0131ran d\u00fcnya lideri oldu\u011funu diqq\u0259t\u0259 \u00e7atd\u0131r\u0131b. Vur\u011fulan\u0131b ki, inkl\u00fcziv inki\u015faf sah\u0259sind\u0259 Az\u0259rbaycan\u0131n Respublikas\u0131n\u0131n y\u00fcks\u0259k g\u00f6st\u0259ricil\u0259r \u0259ld\u0259 etm\u0259sind\u0259 v\u0259 sosial siyas\u0259tin realla\u015fd\u0131r\u0131lmas\u0131 bax\u0131m\u0131ndan d\u00fcnya liderin\u0259 \u00e7evrilm\u0259sind\u0259 \u00f6lk\u0259nin Birinci vitse-prezidenti Mehriban \u018fliyevan\u0131n m\u00fcst\u0259sna xidm\u0259tl\u0259ri var. Respublikan\u0131n haz\u0131rk\u0131 davaml\u0131 inki\u015faf\u0131 d\u00f6vl\u0259t idar\u0259\u00e7iliyi v\u0259 d\u00f6vl\u0259t qullu\u011fu sah\u0259sind\u0259 realla\u015fd\u0131r\u0131lan ard\u0131c\u0131l islahatlar v\u0259 d\u0259yi\u015fiklikl\u0259rin n\u0259tic\u0259sidir. Rektor seminar zaman\u0131 m\u00fcst\u0259qil v\u0259 suveren Az\u0259rbaycan d\u00f6vl\u0259tinin keyfiyy\u0259tc\u0259 yeni olan v\u0259 2021\u20122030-cu ill\u0259ri \u0259hat\u0259 ed\u0259n strateji m\u0259rh\u0259l\u0259y\u0259 daxil oldu\u011funu qeyd ed\u0259r\u0259k, inkl\u00fcziv c\u0259miyy\u0259tin qurulmas\u0131 prosesinin \u00f6lk\u0259nin 2030-cu il \u00fc\u00e7\u00fcn planla\u015fd\u0131r\u0131lm\u0131\u015f \u0259sas prioritetl\u0259ri s\u0131ras\u0131nda oldu\u011funu s\u00f6yl\u0259yib. O, beyn\u0259lxalq t\u0259\u015fkilatlar\u0131n hesabatlar\u0131na \u0259saslanaraq, \u00f6lk\u0259nin \u0259razi b\u00fct\u00f6vl\u00fcy\u00fcn\u00fcn b\u0259rpas\u0131 il\u0259 s\u0259ciyy\u0259l\u0259n\u0259n bu yeni m\u0259rh\u0259l\u0259d\u0259 Az\u0259rbaycan Respublikas\u0131n\u0131n b\u00fct\u00fcn d\u00fcnya \u00fc\u00e7\u00fcn prioritet kimi q\u0259bul edil\u0259n inkl\u00fcziv inki\u015faf\u0131n planla\u015fd\u0131r\u0131lmas\u0131 v\u0259 idar\u0259edilm\u0259si sah\u0259sind\u0259ki u\u011furlar\u0131n\u0131 dinl\u0259yicil\u0259rin diqq\u0259tin\u0259 \u00e7atd\u0131r\u0131b. Akademik U.\u018fl\u0259kb\u0259rov m\u0259ruz\u0259sini i\u015f\u011faldan azad olunmu\u015f \u0259razil\u0259rd\u0259 apar\u0131lan quruculuq i\u015fl\u0259ri, m\u00fcst\u0259qillik d\u00f6vr\u00fcnd\u0259 qazan\u0131lan siyasi, iqtisadi, h\u0259rbi u\u011furlar, inkl\u00fcziv inki\u015faf\u0131n idar\u0259 olunmas\u0131 sah\u0259sind\u0259 \u00f6lk\u0259nin \u0259ld\u0259 etdiyi nailiyy\u0259tl\u0259r bar\u0259d\u0259 geni\u015f elmi t\u0259hlil\u0259 \u0259saslanan m\u0259lumatlarla yekunla\u015fd\u0131r\u0131b. Sonra dinl\u0259yicil\u0259rin suallar\u0131 cavabland\u0131r\u0131l\u0131b.\n\n\nSeminarda, h\u0259m\u00e7inin D\u0130A-n\u0131n prorektoru \u018fb\u00fclf\u0259z Tal\u0131bov, Elmi t\u0259\u015fkilat v\u0259 beyn\u0259lxalq \u0259laq\u0259l\u0259r \u015f\u00f6b\u0259sinin m\u00fcdiri dosent Elvin \u018fzizb\u0259yov i\u015ftirak edibl\u0259r.<\/p>\t\t\t\t\t<\/div>\n\t\t\t\t\t\t<\/div>\n\t\t\t\t<\/div>\n\t\t\t\t\t\t<\/div>\n\t\t\t\t\t<\/div>\n\t\t<\/div>\n\t\t\t\t\t\t\t\t<\/div>\n\t\t\t\t\t<\/div>\n\t\t<\/section>\n\t\t\t\t\t\t<\/div>\n\t\t\t\t\t\t<\/div>\n\t\t\t\t\t<\/div>","protected":false},"excerpt":{"rendered":"<p>\u201cHeyd\u0259r \u018fliyev \u0130li\u201d \u00e7\u0259r\u00e7iv\u0259sind\u0259 Az\u0259rbaycan Respublikas\u0131n\u0131n Prezidenti yan\u0131nda D\u00f6vl\u0259t \u0130dar\u0259\u00e7ilik Akademiyas\u0131n\u0131n (D\u0130A) t\u0259dbirl\u0259r plan\u0131na uy\u011fun olaraq T\u00fcrkiy\u0259y\u0259 r\u0259smi s\u0259f\u0259r \u00e7\u0259r\u00e7iv\u0259sind\u0259 Ankara Sosial Elml\u0259r Universitetind\u0259 ingilisdilli auditoriya \u00fc\u00e7\u00fcn \u201cDavaml\u0131 inki\u015faf m\u0259qs\u0259dl\u0259rin\u0259 \u00e7atmaq v\u0259 inkl\u00fcziv c\u0259miyy\u0259tin formala\u015fmas\u0131 \u00fc\u00e7\u00fcn yeni idar\u0259\u00e7ilik texnologiyalar\u0131 &#8211; Az\u0259rbaycan t\u0259cr\u00fcb\u0259sind\u0259\u201d m\u00f6vzusunda seminar t\u0259\u015fkil edilib. <\/p>","protected":false},"author":2,"featured_media":21091,"comment_status":"closed","ping_status":"closed","sticky":false,"template":"","format":"standard","meta":[],"categories":[137],"tags":[],"_links":{"self":[{"href":"https:\/\/legacy.dia.edu.az\/ru\/wp-json\/wp\/v2\/posts\/21097"}],"collection":[{"href":"https:\/\/legacy.dia.edu.az\/ru\/wp-json\/wp\/v2\/posts"}],"about":[{"href":"https:\/\/legacy.dia.edu.az\/ru\/wp-json\/wp\/v2\/types\/post"}],"author":[{"embeddable":true,"href":"https:\/\/legacy.dia.edu.az\/ru\/wp-json\/wp\/v2\/users\/2"}],"replies":[{"embeddable":true,"href":"https:\/\/legacy.dia.edu.az\/ru\/wp-json\/wp\/v2\/comments?post=21097"}],"version-history":[{"count":21,"href":"https:\/\/legacy.dia.edu.az\/ru\/wp-json\/wp\/v2\/posts\/21097\/revisions"}],"predecessor-version":[{"id":21133,"href":"https:\/\/legacy.dia.edu.az\/ru\/wp-json\/wp\/v2\/posts\/21097\/revisions\/21133"}],"wp:featuredmedia":[{"embeddable":true,"href":"https:\/\/legacy.dia.edu.az\/ru\/wp-json\/wp\/v2\/media\/21091"}],"wp:attachment":[{"href":"https:\/\/legacy.dia.edu.az\/ru\/wp-json\/wp\/v2\/media?parent=21097"}],"wp:term":[{"taxonomy":"category","embeddable":true,"href":"https:\/\/legacy.dia.edu.az\/ru\/wp-json\/wp\/v2\/categories?post=21097"},{"taxonomy":"post_tag","embeddable":true,"href":"https:\/\/legacy.dia.edu.az\/ru\/wp-json\/wp\/v2\/tags?post=21097"}],"curies":[{"name":"wp","href":"https:\/\/api.w.org\/{rel}","templated":true}]}}