{"id":21051,"date":"2023-10-13T12:01:14","date_gmt":"2023-10-13T08:01:14","guid":{"rendered":"https:\/\/dia.edu.az\/?p=21051"},"modified":"2023-10-19T10:55:57","modified_gmt":"2023-10-19T06:55:57","slug":"dovl%c9%99t-idar%c9%99cilik-akademiyasi-il%c9%99-turkiy%c9%99-respublikasi-prezident-administrasiyasiyaninda-insan-resurslari-ofisi-arasinda-anlasma-memorandumu-imzalanmisdir","status":"publish","type":"post","link":"https:\/\/legacy.dia.edu.az\/ru\/arxivl\u0259r\/21051","title":{"rendered":"D\u00f6vl\u0259t \u0130dar\u0259\u00e7ilik Akademiyas\u0131 il\u0259 T\u00fcrkiy\u0259 Respublikas\u0131 Prezident Administrasiyas\u0131<br>yan\u0131nda \u0130nsan Resurslar\u0131 Ofisi aras\u0131nda anla\u015fma memorandumu imzalanm\u0131\u015fd\u0131r"},"content":{"rendered":"<div data-elementor-type=\"wp-post\" data-elementor-id=\"21051\" class=\"elementor elementor-21051\" data-elementor-settings=\"[]\">\n\t\t\t\t\t\t<div class=\"elementor-inner\">\n\t\t\t\t\t\t\t<div class=\"elementor-section-wrap\">\n\t\t\t\t\t\t\t<section class=\"elementor-section elementor-top-section elementor-element elementor-element-dbf40e0 elementor-section-boxed elementor-section-height-default elementor-section-height-default\" data-id=\"dbf40e0\" data-element_type=\"section\">\n\t\t\t\t\t\t<div class=\"elementor-container elementor-column-gap-default\">\n\t\t\t\t\t\t\t<div class=\"elementor-row\">\n\t\t\t\t\t<div class=\"elementor-column elementor-col-100 elementor-top-column elementor-element elementor-element-facadb4\" data-id=\"facadb4\" data-element_type=\"column\">\n\t\t\t<div class=\"elementor-column-wrap elementor-element-populated\">\n\t\t\t\t\t\t\t<div class=\"elementor-widget-wrap\">\n\t\t\t\t\t\t<div class=\"elementor-element elementor-element-b0673f9 elementor-widget elementor-widget-text-editor\" data-id=\"b0673f9\" data-element_type=\"widget\" data-widget_type=\"text-editor.default\">\n\t\t\t\t<div class=\"elementor-widget-container\">\n\t\t\t\t\t\t\t\t<div class=\"elementor-text-editor elementor-clearfix\">\n\t\t\t\t\tD\u00f6vl\u0259t \u0130dar\u0259\u00e7ilik Akademiyas\u0131 il\u0259 T\u00fcrkiy\u0259 Respublikas\u0131 Prezident Administrasiyas\u0131\nyan\u0131nda \u0130nsan Resurslar\u0131 Ofisi aras\u0131nda anla\u015fma memorandumu imzalanm\u0131\u015fd\u0131r\t\t\t\t\t<\/div>\n\t\t\t\t\t\t<\/div>\n\t\t\t\t<\/div>\n\t\t\t\t\t\t<\/div>\n\t\t\t\t\t<\/div>\n\t\t<\/div>\n\t\t\t\t\t\t\t\t<\/div>\n\t\t\t\t\t<\/div>\n\t\t<\/section>\n\t\t\t\t<section class=\"elementor-section elementor-top-section elementor-element elementor-element-ff36fec elementor-section-boxed elementor-section-height-default elementor-section-height-default\" data-id=\"ff36fec\" data-element_type=\"section\">\n\t\t\t\t\t\t<div class=\"elementor-container elementor-column-gap-default\">\n\t\t\t\t\t\t\t<div class=\"elementor-row\">\n\t\t\t\t\t<div class=\"elementor-column elementor-col-100 elementor-top-column elementor-element elementor-element-8ad5baa\" data-id=\"8ad5baa\" data-element_type=\"column\">\n\t\t\t<div class=\"elementor-column-wrap elementor-element-populated\">\n\t\t\t\t\t\t\t<div class=\"elementor-widget-wrap\">\n\t\t\t\t\t\t<div class=\"elementor-element elementor-element-7192d34 elementor-arrows-position-inside elementor-pagination-position-outside elementor-widget elementor-widget-image-carousel\" data-id=\"7192d34\" data-element_type=\"widget\" data-settings=\"{&quot;navigation&quot;:&quot;both&quot;,&quot;autoplay&quot;:&quot;yes&quot;,&quot;pause_on_hover&quot;:&quot;yes&quot;,&quot;pause_on_interaction&quot;:&quot;yes&quot;,&quot;autoplay_speed&quot;:5000,&quot;infinite&quot;:&quot;yes&quot;,&quot;speed&quot;:500}\" data-widget_type=\"image-carousel.default\">\n\t\t\t\t<div class=\"elementor-widget-container\">\n\t\t\t\t\t<div class=\"elementor-image-carousel-wrapper swiper-container\" dir=\"ltr\">\n\t\t\t<div class=\"elementor-image-carousel swiper-wrapper\">\n\t\t\t\t<div class=\"swiper-slide\"><a data-elementor-open-lightbox=\"yes\" data-elementor-lightbox-slideshow=\"7192d34\" data-elementor-lightbox-title=\"38bacc0e-5911-4ff2-9196-faa66d984d9c\" href=\"https:\/\/legacy.dia.edu.az\/wp-content\/uploads\/2023\/10\/38bacc0e-5911-4ff2-9196-faa66d984d9c.jpg\"><figure class=\"swiper-slide-inner\"><img class=\"swiper-slide-image\" src=\"https:\/\/legacy.dia.edu.az\/wp-content\/uploads\/2023\/10\/38bacc0e-5911-4ff2-9196-faa66d984d9c-150x150.jpg\" alt=\"38bacc0e-5911-4ff2-9196-faa66d984d9c\" \/><\/figure><\/a><\/div><div class=\"swiper-slide\"><a data-elementor-open-lightbox=\"yes\" data-elementor-lightbox-slideshow=\"7192d34\" data-elementor-lightbox-title=\"4d7969f1-6d97-4a9c-8d45-4e2ad5370769\" href=\"https:\/\/legacy.dia.edu.az\/wp-content\/uploads\/2023\/10\/4d7969f1-6d97-4a9c-8d45-4e2ad5370769.jpg\"><figure class=\"swiper-slide-inner\"><img class=\"swiper-slide-image\" src=\"https:\/\/legacy.dia.edu.az\/wp-content\/uploads\/2023\/10\/4d7969f1-6d97-4a9c-8d45-4e2ad5370769-150x150.jpg\" alt=\"4d7969f1-6d97-4a9c-8d45-4e2ad5370769\" \/><\/figure><\/a><\/div><div class=\"swiper-slide\"><a data-elementor-open-lightbox=\"yes\" data-elementor-lightbox-slideshow=\"7192d34\" data-elementor-lightbox-title=\"2a469042-d4ed-429b-98ba-bd2b72cd6d27\" href=\"https:\/\/legacy.dia.edu.az\/wp-content\/uploads\/2023\/10\/2a469042-d4ed-429b-98ba-bd2b72cd6d27.jpg\"><figure class=\"swiper-slide-inner\"><img class=\"swiper-slide-image\" src=\"https:\/\/legacy.dia.edu.az\/wp-content\/uploads\/2023\/10\/2a469042-d4ed-429b-98ba-bd2b72cd6d27-150x150.jpg\" alt=\"2a469042-d4ed-429b-98ba-bd2b72cd6d27\" \/><\/figure><\/a><\/div><div class=\"swiper-slide\"><a data-elementor-open-lightbox=\"yes\" data-elementor-lightbox-slideshow=\"7192d34\" data-elementor-lightbox-title=\"1\" href=\"https:\/\/legacy.dia.edu.az\/wp-content\/uploads\/2023\/10\/1.jpg\"><figure class=\"swiper-slide-inner\"><img class=\"swiper-slide-image\" src=\"https:\/\/legacy.dia.edu.az\/wp-content\/uploads\/2023\/10\/1-150x150.jpg\" alt=\"1\" \/><\/figure><\/a><\/div><div class=\"swiper-slide\"><a data-elementor-open-lightbox=\"yes\" data-elementor-lightbox-slideshow=\"7192d34\" data-elementor-lightbox-title=\"1 (2)\" href=\"https:\/\/legacy.dia.edu.az\/wp-content\/uploads\/2023\/10\/1-2.jpg\"><figure class=\"swiper-slide-inner\"><img class=\"swiper-slide-image\" src=\"https:\/\/legacy.dia.edu.az\/wp-content\/uploads\/2023\/10\/1-2-150x150.jpg\" alt=\"1 (2)\" \/><\/figure><\/a><\/div><div class=\"swiper-slide\"><a data-elementor-open-lightbox=\"yes\" data-elementor-lightbox-slideshow=\"7192d34\" data-elementor-lightbox-title=\"a015bdcf-d84a-4636-aab5-eb6a149403a2\" href=\"https:\/\/legacy.dia.edu.az\/wp-content\/uploads\/2023\/10\/a015bdcf-d84a-4636-aab5-eb6a149403a2.jpg\"><figure class=\"swiper-slide-inner\"><img class=\"swiper-slide-image\" src=\"https:\/\/legacy.dia.edu.az\/wp-content\/uploads\/2023\/10\/a015bdcf-d84a-4636-aab5-eb6a149403a2-150x150.jpg\" alt=\"a015bdcf-d84a-4636-aab5-eb6a149403a2\" \/><\/figure><\/a><\/div><div class=\"swiper-slide\"><a data-elementor-open-lightbox=\"yes\" data-elementor-lightbox-slideshow=\"7192d34\" data-elementor-lightbox-title=\"87609e07-6e48-47e6-9fb0-35801465b04e\" href=\"https:\/\/legacy.dia.edu.az\/wp-content\/uploads\/2023\/10\/87609e07-6e48-47e6-9fb0-35801465b04e.jpg\"><figure class=\"swiper-slide-inner\"><img class=\"swiper-slide-image\" src=\"https:\/\/legacy.dia.edu.az\/wp-content\/uploads\/2023\/10\/87609e07-6e48-47e6-9fb0-35801465b04e-150x150.jpg\" alt=\"87609e07-6e48-47e6-9fb0-35801465b04e\" \/><\/figure><\/a><\/div><div class=\"swiper-slide\"><a data-elementor-open-lightbox=\"yes\" data-elementor-lightbox-slideshow=\"7192d34\" data-elementor-lightbox-title=\"c64e1ae2-504d-46a7-94a8-a6c08e6c5066\" href=\"https:\/\/legacy.dia.edu.az\/wp-content\/uploads\/2023\/10\/c64e1ae2-504d-46a7-94a8-a6c08e6c5066.jpg\"><figure class=\"swiper-slide-inner\"><img class=\"swiper-slide-image\" src=\"https:\/\/legacy.dia.edu.az\/wp-content\/uploads\/2023\/10\/c64e1ae2-504d-46a7-94a8-a6c08e6c5066-150x150.jpg\" alt=\"c64e1ae2-504d-46a7-94a8-a6c08e6c5066\" \/><\/figure><\/a><\/div><div class=\"swiper-slide\"><a data-elementor-open-lightbox=\"yes\" data-elementor-lightbox-slideshow=\"7192d34\" data-elementor-lightbox-title=\"dc96f510-a552-4fdd-8ef8-150573d1fd9f\" href=\"https:\/\/legacy.dia.edu.az\/wp-content\/uploads\/2023\/10\/dc96f510-a552-4fdd-8ef8-150573d1fd9f.jpg\"><figure class=\"swiper-slide-inner\"><img class=\"swiper-slide-image\" src=\"https:\/\/legacy.dia.edu.az\/wp-content\/uploads\/2023\/10\/dc96f510-a552-4fdd-8ef8-150573d1fd9f-150x150.jpg\" alt=\"dc96f510-a552-4fdd-8ef8-150573d1fd9f\" \/><\/figure><\/a><\/div>\t\t\t<\/div>\n\t\t\t\t\t\t\t\t\t\t\t\t<div class=\"swiper-pagination\"><\/div>\n\t\t\t\t\t\t\t\t\t\t\t\t\t<div class=\"elementor-swiper-button elementor-swiper-button-prev\">\n\t\t\t\t\t\t<i class=\"eicon-chevron-left\" aria-hidden=\"true\"><\/i>\n\t\t\t\t\t\t<span class=\"elementor-screen-only\">\u041d\u0430\u0437\u0430\u0434<\/span>\n\t\t\t\t\t<\/div>\n\t\t\t\t\t<div class=\"elementor-swiper-button elementor-swiper-button-next\">\n\t\t\t\t\t\t<i class=\"eicon-chevron-right\" aria-hidden=\"true\"><\/i>\n\t\t\t\t\t\t<span class=\"elementor-screen-only\">\u0414\u0430\u043b\u0435\u0435<\/span>\n\t\t\t\t\t<\/div>\n\t\t\t\t\t\t\t\t\t<\/div>\n\t\t\t\t<\/div>\n\t\t\t\t<\/div>\n\t\t\t\t\t\t<\/div>\n\t\t\t\t\t<\/div>\n\t\t<\/div>\n\t\t\t\t\t\t\t\t<\/div>\n\t\t\t\t\t<\/div>\n\t\t<\/section>\n\t\t\t\t<section class=\"elementor-section elementor-top-section elementor-element elementor-element-740181b elementor-section-boxed elementor-section-height-default elementor-section-height-default\" data-id=\"740181b\" data-element_type=\"section\">\n\t\t\t\t\t\t<div class=\"elementor-container elementor-column-gap-default\">\n\t\t\t\t\t\t\t<div class=\"elementor-row\">\n\t\t\t\t\t<div class=\"elementor-column elementor-col-100 elementor-top-column elementor-element elementor-element-2c14384\" data-id=\"2c14384\" data-element_type=\"column\">\n\t\t\t<div class=\"elementor-column-wrap elementor-element-populated\">\n\t\t\t\t\t\t\t<div class=\"elementor-widget-wrap\">\n\t\t\t\t\t\t<div class=\"elementor-element elementor-element-ec656d3 elementor-widget elementor-widget-text-editor\" data-id=\"ec656d3\" data-element_type=\"widget\" data-widget_type=\"text-editor.default\">\n\t\t\t\t<div class=\"elementor-widget-container\">\n\t\t\t\t\t\t\t\t<div class=\"elementor-text-editor elementor-clearfix\">\n\t\t\t\t\t<h1><span style=\"background-color: #ffffff; color: #800000;\">Videolara ke\u00e7id:<\/span><\/h1>\n<p><span style=\"background-color: #ffffff; color: #800000;\">1. <a href=\"https:\/\/dia.edu.az\/wp-content\/uploads\/2023\/10\/13.10.23.mp4\"><span style=\"color: #000000;\">AzTV<\/span><\/a><\/span><\/p>\n<p>2. <a href=\"http:\/\/share.interpress.com\/share.aspx?mid=0&#038;i=1901426818&#038;ei=CAB2E2837E177CBC801E0E1CFBE57B56&#038;m=4&#038;midEnc=iI0F3HdXLAQ%3D\">TRT<\/a><\/p>\n<p>3. <a href=\"https:\/\/twitter.com\/trtazerbaycan\/status\/1711997168016326827?s=46&#038;t=UQervY9qRwfKl4k6InH_IA\">TRT Azerbaycan<\/a><\/p>\n<p>\u00a0<\/p>\n<p>\u00a0<\/p>\t\t\t\t\t<\/div>\n\t\t\t\t\t\t<\/div>\n\t\t\t\t<\/div>\n\t\t\t\t\t\t<\/div>\n\t\t\t\t\t<\/div>\n\t\t<\/div>\n\t\t\t\t\t\t\t\t<\/div>\n\t\t\t\t\t<\/div>\n\t\t<\/section>\n\t\t\t\t<section class=\"elementor-section elementor-top-section elementor-element elementor-element-b0da603 elementor-section-boxed elementor-section-height-default elementor-section-height-default\" data-id=\"b0da603\" data-element_type=\"section\">\n\t\t\t\t\t\t<div class=\"elementor-container elementor-column-gap-default\">\n\t\t\t\t\t\t\t<div class=\"elementor-row\">\n\t\t\t\t\t<div class=\"elementor-column elementor-col-100 elementor-top-column elementor-element elementor-element-88d9189\" data-id=\"88d9189\" data-element_type=\"column\">\n\t\t\t<div class=\"elementor-column-wrap elementor-element-populated\">\n\t\t\t\t\t\t\t<div class=\"elementor-widget-wrap\">\n\t\t\t\t\t\t<div class=\"elementor-element elementor-element-f93fc60 elementor-widget elementor-widget-text-editor\" data-id=\"f93fc60\" data-element_type=\"widget\" data-widget_type=\"text-editor.default\">\n\t\t\t\t<div class=\"elementor-widget-container\">\n\t\t\t\t\t\t\t\t<div class=\"elementor-text-editor elementor-clearfix\">\n\t\t\t\t\t<p>10 oktyabr 2023-c\u00fc il tarixind\u0259 Ankara \u015f\u0259h\u0259rind\u0259 T\u00fcrkiy\u0259 Respublikas\u0131 Prezident\nAdministrasiyas\u0131 yan\u0131nda \u0130nsan Resurslar\u0131 Ofisi il\u0259 Az\u0259rbaycan Respublikas\u0131n\u0131n\nPrezidenti yan\u0131nda D\u00f6vl\u0259t \u0130dar\u0259\u00e7ilik Akademiyas\u0131 aras\u0131nda \u0259m\u0259kda\u015fl\u0131\u011fa dair protokol\nimzalanm\u0131\u015fd\u0131r.\n\u0130lk d\u0259f\u0259 2021-ci ild\u0259 Ankarada Az\u0259rbaycan Respublikas\u0131 il\u0259 T\u00fcrkiy\u0259 Respublikas\u0131\naras\u0131nda iqtisadi \u0259m\u0259kda\u015fl\u0131q \u00fczr\u0259 birg\u0259 h\u00f6kum\u0259tl\u0259raras\u0131 komissiyan\u0131n doqquzuncu\niclas\u0131nda imzalanm\u0131\u015f protokol \u00e7\u0259r\u00e7iv\u0259sind\u0259 iki \u00f6lk\u0259nin d\u00f6vl\u0259t qulluq\u00e7ular\u0131n\u0131n\nhaz\u0131rlanmas\u0131 v\u0259 inki\u015faf\u0131 sah\u0259sind\u0259 \u0259m\u0259kda\u015fl\u0131\u011f\u0131na dair q\u0259rar q\u0259bul olunub. Protokola\n\u0259lav\u0259 edilmi\u015f F\u0259aliyy\u0259t Plan\u0131nda, h\u0259m\u00e7inin t\u0259hsil v\u0259 insan resurslar\u0131n\u0131n inki\u015faf\u0131 il\u0259 ba\u011fl\u0131\nbirg\u0259 f\u0259aliyy\u0259tin qar\u015f\u0131l\u0131ql\u0131 m\u00fcnasib\u0259tl\u0259r\u0259 t\u0259kan ver\u0259c\u0259yi vur\u011fulan\u0131b. Bu \u00e7\u0259r\u00e7iv\u0259d\u0259\nT\u00fcrkiy\u0259 Prezidenti Administrasiyas\u0131 \u0130nsan Resurslar\u0131 Ofisinin r\u0259hb\u0259rliyinin d\u00f6vl\u0259t\nqulluq\u00e7ular\u0131n\u0131n t\u0259lim v\u0259 inki\u015faf\u0131 \u00fc\u00e7\u00fcn vasit\u0259l\u0259rin tan\u0131d\u0131lmas\u0131 istiqam\u0259tind\u0259 Az\u0259rbaycan\nRespublikas\u0131n\u0131n Prezidenti yan\u0131nda D\u00f6vl\u0259t \u0130dar\u0259\u00e7ilik Akademiyas\u0131 il\u0259 birg\u0259 f\u0259aliyy\u0259ti\nn\u0259z\u0259rd\u0259 tutulub.\nT\u00fcrkiy\u0259 Prezidenti Administrasiyas\u0131 yan\u0131nda \u0130nsan Resurslar\u0131 Ofisinin r\u0259hb\u0259ri, dosent\ndoktor Salim Atay v\u0259 Az\u0259rbaycan Respublikas\u0131n\u0131n Prezidenti yan\u0131nda D\u00f6vl\u0259t \u0130dar\u0259\u00e7ilik\nAkademiyas\u0131n\u0131n rektoru, akademik Urxan \u018fl\u0259kb\u0259rov t\u0259r\u0259find\u0259n imzalanan anla\u015fma\nmemorandumunda T\u00fcrkiy\u0259 Respublikas\u0131 Prezident Administrasiyas\u0131 yan\u0131nda \u0130nsan\nResurslar\u0131 Ofisi t\u0259r\u0259find\u0259n d\u00f6vl\u0259t qulluq\u00e7ular\u0131n\u0131n bilik v\u0259 bacar\u0131qlar\u0131n\u0131n art\u0131r\u0131lmas\u0131\nm\u0259qs\u0259di il\u0259 haz\u0131rlanm\u0131\u015f v\u0259 \u00f6z\u00fcnd\u0259 35000-d\u0259n \u00e7ox t\u0259lim videolar\u0131n\u0131 birl\u0259\u015fdir\u0259n \u201cUzaktan\nE\u011fitim Kap\u0131s\u0131\u201d adl\u0131 r\u0259q\u0259msal platformadan ortaq istifad\u0259, d\u00f6vl\u0259t qullu\u011fu sah\u0259sind\u0259\nqar\u015f\u0131l\u0131ql\u0131 t\u0259liml\u0259rin ke\u00e7irilm\u0259si v\u0259 t\u0259cr\u00fcb\u0259 m\u00fcbadil\u0259si apar\u0131lmas\u0131 n\u0259z\u0259rd\u0259 tutulur.\nT\u00fcrkiy\u0259d\u0259 istifad\u0259y\u0259 verildiyi g\u00fcnd\u0259n bu xidm\u0259td\u0259n 1596 d\u00f6vl\u0259t qurumu yararlanm\u0131\u015f v\u0259\nt\u0259lim videolar\u0131n\u0131n izl\u0259nm\u0259 say\u0131 220 milyonu \u00f6tm\u00fc\u015fd\u00fcr. \u0130lk olaraq Az\u0259rbaycanda f\u0259aliyy\u0259t\ng\u00f6st\u0259r\u0259n, d\u00f6vl\u0259t qulluq\u00e7ular\u0131n\u0131n istifad\u0259sin\u0259 veril\u0259n v\u0259 sinxron olaraq Az\u0259rbaycan dilin\u0259\nt\u0259rc\u00fcm\u0259 olunan r\u0259q\u0259msal t\u0259lim platformas\u0131ndan g\u0259l\u0259c\u0259kd\u0259 T\u00fcrk D\u00f6vl\u0259tl\u0259ri T\u0259\u015fkilat\u0131na\n\u00fczv olan d\u00f6vl\u0259tl\u0259rin d\u0259 \u00f6z kadr potensial\u0131n\u0131n t\u0259kmill\u0259\u015fidirilm\u0259si \u00fc\u00e7\u00fcn istifad\u0259 edilm\u0259si\nplanla\u015fd\u0131r\u0131l\u0131r.\nAnkara \u015f\u0259h\u0259rind\u0259 ke\u00e7iril\u0259n g\u00f6r\u00fc\u015fd\u0259 Az\u0259rbaycan Respublikas\u0131n\u0131n Prezidenti\nyan\u0131nda D\u00f6vl\u0259t \u0130dar\u0259\u00e7ilik Akademiyas\u0131n\u0131n rektoru, akademik Urxan \u018fl\u0259kb\u0259rov\nAz\u0259rbaycan\u0131n son ill\u0259rd\u0259 iqtisadi, siyasi, humanitar, h\u0259rbi inki\u015faf\u0131 il\u0259 ba\u011fl\u0131 geni\u015f\n\nm\u0259lumat verib. Rektor qeyd olunan u\u011furlar\u0131n \u0259sas\u0131nda ulu \u00f6nd\u0259r Heyd\u0259r \u018fliyev\nt\u0259r\u0259find\u0259n qoyulmu\u015f v\u0259 Prezident \u0130lham \u018fliyevin yarad\u0131c\u0131l\u0131qla inki\u015faf etdirdiyi innovativ\nd\u00f6vl\u0259t idar\u0259\u00e7iliyi strategiyas\u0131n\u0131 x\u00fcsusi vur\u011fulay\u0131b. Diqq\u0259t\u0259 \u00e7atd\u0131r\u0131b ki, T\u00fcrkiy\u0259\nRespublikas\u0131, m\u00fcst\u0259qilliyinin b\u0259rpas\u0131ndan indiy\u0259d\u0259k h\u0259r zaman Az\u0259rbaycan\u0131n yan\u0131nda\nolub v\u0259 \u00f6lk\u0259nin u\u011furlu inki\u015faf\u0131na d\u0259st\u0259yini g\u00f6st\u0259rib. U.\u018fl\u0259kb\u0259rov Az\u0259rbaycan\nRespublikas\u0131n\u0131n b\u00fct\u00fcn d\u00fcnya \u00fc\u00e7\u00fcn prioritet kimi q\u0259bul edil\u0259n davaml\u0131 inkl\u00fcziv inki\u015faf\nsiyas\u0259tini s\u0259m\u0259r\u0259li \u015f\u0259kild\u0259 realla\u015fd\u0131ran d\u00fcnya lideri oldu\u011funu deyib. Qeyd edib ki,\nAz\u0259rbaycan\u0131n inkl\u00fcziv inki\u015faf\u0131 indeksinin iqtisadi bax\u0131mdan d\u00fcnyan\u0131n inki\u015faf etmi\u015f\n\u00f6lk\u0259l\u0259rd\u0259kind\u0259n y\u00fcks\u0259k olmas\u0131 \u00f6lk\u0259nin iqtisadi potensial\u0131n\u0131n h\u0259rt\u0259r\u0259fli inki\u015faf\u0131 v\u0259\n\u0259halinin rifah\u0131n\u0131n y\u00fcks\u0259ldilm\u0259si \u00fc\u00e7\u00fcn daha s\u0259m\u0259r\u0259li istifad\u0259sinin beyn\u0259lxalq t\u0259sdiqidir.\nRektor vur\u011fulay\u0131b ki, inkl\u00fcziv inki\u015faf sah\u0259sind\u0259 Az\u0259rbaycan Respublikas\u0131n\u0131n y\u00fcks\u0259k\ng\u00f6st\u0259ricil\u0259r \u0259ld\u0259 etm\u0259si v\u0259 sosial siyas\u0259tin realla\u015fd\u0131r\u0131lmas\u0131 bax\u0131m\u0131ndan d\u00fcnya liderin\u0259\n\u00e7evrilm\u0259sind\u0259 \u00f6lk\u0259nin Birinci vitse-prezidenti, Heyd\u0259r \u018fliyev Fondunun prezidenti\nMehriban \u018fliyevan\u0131n da xidm\u0259tl\u0259ri b\u00f6y\u00fckd\u00fcr. U.\u018fl\u0259kb\u0259rov qazan\u0131lan u\u011furlar\u0131n 44\ng\u00fcnl\u00fck V\u0259t\u0259n m\u00fcharib\u0259sind\u0259ki parlaq Q\u0259l\u0259b\u0259d\u0259 b\u00f6y\u00fck pay\u0131n\u0131n oldu\u011funu da vur\u011fulay\u0131b.\nBildirilib ki, \u00f6lk\u0259nin haz\u0131rk\u0131 davaml\u0131 inki\u015faf\u0131 d\u00f6vl\u0259t idar\u0259\u00e7iliyi v\u0259 d\u00f6vl\u0259t qullu\u011fu sah\u0259sind\u0259\nrealla\u015fd\u0131r\u0131lan ard\u0131c\u0131l islahatlar\u0131n n\u0259tic\u0259sidir.\nT\u00fcrkiy\u0259 Prezidenti Administrasiyas\u0131 yan\u0131nda \u0130nsan Resurslar\u0131 Ofisinin r\u0259hb\u0259ri Salim\nAtay qonaqlar\u0131 salamlay\u0131b v\u0259 d\u00f6vl\u0259t qullu\u011fu sah\u0259sind\u0259 kadrlar\u0131n\u0131n haz\u0131rlanmas\u0131\nistiqam\u0259tind\u0259 T\u00fcrkiy\u0259nin t\u0259cr\u00fcb\u0259si bar\u0259d\u0259 \u0259trafl\u0131 bilgi verib. Eyni zamanda, S.Atay kadr\npotensial\u0131n\u0131n t\u0259kmill\u0259\u015fdirilm\u0259si sah\u0259sind\u0259 innovasiyalar\u0131n Az\u0259rbaycanda t\u0259tbiqi\nimkanlar\u0131 il\u0259 ba\u011fl\u0131 fikirl\u0259rini b\u00f6l\u00fc\u015f\u00fcb.\nO, qeyd edib ki, d\u00f6vl\u0259t qulluq\u00e7ular\u0131n\u0131n haz\u0131rlanmas\u0131 prosesind\u0259 iki \u00f6lk\u0259nin\n\u0259m\u0259kda\u015fl\u0131\u011f\u0131n\u0131n g\u0259l\u0259c\u0259kd\u0259 b\u00f6y\u00fck s\u0259m\u0259r\u0259 ver\u0259c\u0259yin\u0259 \u0259mindir. Toplant\u0131da g\u0259l\u0259c\u0259k birg\u0259\nf\u0259aliyy\u0259t\u0259 dair m\u0259s\u0259l\u0259l\u0259rl\u0259 ba\u011fl\u0131 fikir m\u00fcbadil\u0259si apar\u0131l\u0131b v\u0259 perspektiv \u0259m\u0259kda\u015fl\u0131q\nistiqam\u0259tl\u0259ri m\u00fc\u0259yy\u0259nl\u0259\u015fdirilib.\nG\u00f6r\u00fc\u015fd\u0259 D\u00f6vl\u0259t \u0130dar\u0259\u00e7ilik Akademiyas\u0131n\u0131n Elmi t\u0259\u015fkilat v\u0259 beyn\u0259lxalq \u0259laq\u0259l\u0259r \u015f\u00f6b\u0259sinin\nm\u00fcdiri dosent Elvin \u018fzizb\u0259yov i\u015ftirak edib.<\/p>\t\t\t\t\t<\/div>\n\t\t\t\t\t\t<\/div>\n\t\t\t\t<\/div>\n\t\t\t\t\t\t<\/div>\n\t\t\t\t\t<\/div>\n\t\t<\/div>\n\t\t\t\t\t\t\t\t<\/div>\n\t\t\t\t\t<\/div>\n\t\t<\/section>\n\t\t\t\t\t\t<\/div>\n\t\t\t\t\t\t<\/div>\n\t\t\t\t\t<\/div>","protected":false},"excerpt":{"rendered":"<h1><span style=\"background-color: #ffffff; color: #800000;\">Videolara ke\u00e7id:<\/span><\/h1>","protected":false},"author":2,"featured_media":21043,"comment_status":"closed","ping_status":"closed","sticky":false,"template":"","format":"standard","meta":[],"categories":[137],"tags":[],"_links":{"self":[{"href":"https:\/\/legacy.dia.edu.az\/ru\/wp-json\/wp\/v2\/posts\/21051"}],"collection":[{"href":"https:\/\/legacy.dia.edu.az\/ru\/wp-json\/wp\/v2\/posts"}],"about":[{"href":"https:\/\/legacy.dia.edu.az\/ru\/wp-json\/wp\/v2\/types\/post"}],"author":[{"embeddable":true,"href":"https:\/\/legacy.dia.edu.az\/ru\/wp-json\/wp\/v2\/users\/2"}],"replies":[{"embeddable":true,"href":"https:\/\/legacy.dia.edu.az\/ru\/wp-json\/wp\/v2\/comments?post=21051"}],"version-history":[{"count":20,"href":"https:\/\/legacy.dia.edu.az\/ru\/wp-json\/wp\/v2\/posts\/21051\/revisions"}],"predecessor-version":[{"id":21166,"href":"https:\/\/legacy.dia.edu.az\/ru\/wp-json\/wp\/v2\/posts\/21051\/revisions\/21166"}],"wp:featuredmedia":[{"embeddable":true,"href":"https:\/\/legacy.dia.edu.az\/ru\/wp-json\/wp\/v2\/media\/21043"}],"wp:attachment":[{"href":"https:\/\/legacy.dia.edu.az\/ru\/wp-json\/wp\/v2\/media?parent=21051"}],"wp:term":[{"taxonomy":"category","embeddable":true,"href":"https:\/\/legacy.dia.edu.az\/ru\/wp-json\/wp\/v2\/categories?post=21051"},{"taxonomy":"post_tag","embeddable":true,"href":"https:\/\/legacy.dia.edu.az\/ru\/wp-json\/wp\/v2\/tags?post=21051"}],"curies":[{"name":"wp","href":"https:\/\/api.w.org\/{rel}","templated":true}]}}