{"id":21011,"date":"2023-10-10T10:37:27","date_gmt":"2023-10-10T06:37:27","guid":{"rendered":"https:\/\/dia.edu.az\/?p=21011"},"modified":"2023-10-13T11:01:03","modified_gmt":"2023-10-13T07:01:03","slug":"t%c9%99l%c9%99b%c9%99l%c9%99r-heyd%c9%99r-%c9%99liyev-dovl%c9%99t-idar%c9%99ciliyi-m%c9%99kt%c9%99bind%c9%99-novb%c9%99ti-muhazir%c9%99ni-dinl%c9%99yibl%c9%99r","status":"publish","type":"post","link":"https:\/\/legacy.dia.edu.az\/ru\/arxivl\u0259r\/21011","title":{"rendered":"T\u0259l\u0259b\u0259l\u0259r Heyd\u0259r \u018fliyev D\u00f6vl\u0259t \u0130dar\u0259\u00e7iliyi M\u0259kt\u0259bind\u0259 n\u00f6vb\u0259ti m\u00fchazir\u0259ni dinl\u0259yibl\u0259r"},"content":{"rendered":"<div data-elementor-type=\"wp-post\" data-elementor-id=\"21011\" class=\"elementor elementor-21011\" data-elementor-settings=\"[]\">\n\t\t\t\t\t\t<div class=\"elementor-inner\">\n\t\t\t\t\t\t\t<div class=\"elementor-section-wrap\">\n\t\t\t\t\t\t\t<section class=\"elementor-section elementor-top-section elementor-element elementor-element-5a43c837 elementor-section-boxed elementor-section-height-default elementor-section-height-default\" data-id=\"5a43c837\" data-element_type=\"section\">\n\t\t\t\t\t\t<div class=\"elementor-container elementor-column-gap-default\">\n\t\t\t\t\t\t\t<div class=\"elementor-row\">\n\t\t\t\t\t<div class=\"elementor-column elementor-col-100 elementor-top-column elementor-element elementor-element-3980f46a\" data-id=\"3980f46a\" data-element_type=\"column\">\n\t\t\t<div class=\"elementor-column-wrap elementor-element-populated\">\n\t\t\t\t\t\t\t<div class=\"elementor-widget-wrap\">\n\t\t\t\t\t\t<div class=\"elementor-element elementor-element-1d8337d1 elementor-widget elementor-widget-text-editor\" data-id=\"1d8337d1\" data-element_type=\"widget\" data-widget_type=\"text-editor.default\">\n\t\t\t\t<div class=\"elementor-widget-container\">\n\t\t\t\t\t\t\t\t<div class=\"elementor-text-editor elementor-clearfix\">\n\t\t\t\t\t<!-- \/wp:paragraph -->\t\t\t\t\t<\/div>\n\t\t\t\t\t\t<\/div>\n\t\t\t\t<\/div>\n\t\t\t\t\t\t<\/div>\n\t\t\t\t\t<\/div>\n\t\t<\/div>\n\t\t\t\t\t\t\t\t<\/div>\n\t\t\t\t\t<\/div>\n\t\t<\/section>\n\t\t\t\t<section class=\"elementor-section elementor-top-section elementor-element elementor-element-f597fb2 elementor-section-boxed elementor-section-height-default elementor-section-height-default\" data-id=\"f597fb2\" data-element_type=\"section\">\n\t\t\t\t\t\t<div class=\"elementor-container elementor-column-gap-default\">\n\t\t\t\t\t\t\t<div class=\"elementor-row\">\n\t\t\t\t\t<div class=\"elementor-column elementor-col-100 elementor-top-column elementor-element elementor-element-386d3d2\" data-id=\"386d3d2\" data-element_type=\"column\">\n\t\t\t<div class=\"elementor-column-wrap elementor-element-populated\">\n\t\t\t\t\t\t\t<div class=\"elementor-widget-wrap\">\n\t\t\t\t\t\t<div class=\"elementor-element elementor-element-7b5e243 elementor-position-top elementor-vertical-align-top elementor-widget elementor-widget-image-box\" data-id=\"7b5e243\" data-element_type=\"widget\" data-widget_type=\"image-box.default\">\n\t\t\t\t<div class=\"elementor-widget-container\">\n\t\t\t<div class=\"elementor-image-box-wrapper\"><figure class=\"elementor-image-box-img\"><a href=\"https:\/\/dia.edu.az\/wp-content\/uploads\/2023\/10\/DSC_0779MM-scaled.jpg\"><img width=\"2560\" height=\"1696\" src=\"https:\/\/legacy.dia.edu.az\/wp-content\/uploads\/2023\/10\/DSC_0779MM-scaled.jpg\" class=\"attachment-full size-full\" alt=\"\" srcset=\"https:\/\/legacy.dia.edu.az\/wp-content\/uploads\/2023\/10\/DSC_0779MM-scaled.jpg 2560w, https:\/\/legacy.dia.edu.az\/wp-content\/uploads\/2023\/10\/DSC_0779MM-200x132.jpg 200w, https:\/\/legacy.dia.edu.az\/wp-content\/uploads\/2023\/10\/DSC_0779MM-450x298.jpg 450w, https:\/\/legacy.dia.edu.az\/wp-content\/uploads\/2023\/10\/DSC_0779MM-1536x1017.jpg 1536w, https:\/\/legacy.dia.edu.az\/wp-content\/uploads\/2023\/10\/DSC_0779MM-2048x1356.jpg 2048w, https:\/\/legacy.dia.edu.az\/wp-content\/uploads\/2023\/10\/DSC_0779MM-18x12.jpg 18w, https:\/\/legacy.dia.edu.az\/wp-content\/uploads\/2023\/10\/DSC_0779MM-150x100.jpg 150w, https:\/\/legacy.dia.edu.az\/wp-content\/uploads\/2023\/10\/DSC_0779MM-200x132@2x.jpg 400w, https:\/\/legacy.dia.edu.az\/wp-content\/uploads\/2023\/10\/DSC_0779MM-450x298@2x.jpg 900w\" sizes=\"(max-width: 2560px) 100vw, 2560px\" \/><\/a><\/figure><div class=\"elementor-image-box-content\"><h3 class=\"elementor-image-box-title\"><a href=\"https:\/\/dia.edu.az\/wp-content\/uploads\/2023\/10\/DSC_0779MM-scaled.jpg\">T\u0259l\u0259b\u0259l\u0259r Heyd\u0259r \u018fliyev D\u00f6vl\u0259t \u0130dar\u0259\u00e7iliyi M\u0259kt\u0259bind\u0259 n\u00f6vb\u0259ti m\u00fchazir\u0259ni dinl\u0259yibl\u0259r<\/a><\/h3><p class=\"elementor-image-box-description\">Az\u0259rbaycan Respublikas\u0131n\u0131n Prezidenti yan\u0131nda D\u00f6vl\u0259t \u0130dar\u0259\u00e7ilik Akademiyas\u0131n\u0131n (D\u0130A)\nbirinci kurs t\u0259l\u0259b\u0259l\u0259ri n\u00f6vb\u0259ti m\u00fchazir\u0259l\u0259rini Heyd\u0259r \u018fliyev D\u00f6vl\u0259t \u0130dar\u0259\u00e7iliyi M\u0259kt\u0259bind\u0259\ndinl\u0259yibl\u0259r.\nHeyd\u0259r \u018fliyev M\u0259rk\u0259zinin d\u0259st\u0259yi il\u0259 yarad\u0131lan Heyd\u0259r \u018fliyev D\u00f6vl\u0259t \u0130dar\u0259\u00e7iliyi M\u0259kt\u0259bi il\u0259\ntan\u0131\u015fl\u0131qdan sonra D\u0130A-n\u0131n rektoru, akademik Urxan \u018fl\u0259kb\u0259rovun \u201cD\u00f6vl\u0259t idar\u0259\u00e7iliyind\u0259\nHeyd\u0259r \u018fliyev fenomeni v\u0259 m\u00fcasir Az\u0259rbaycan\u0131n davaml\u0131 inkl\u00fcziv inki\u015faf\u0131\u201d m\u00f6vzusunda\nm\u00fchazir\u0259si dinl\u0259nilib.\nM\u00fchazir\u0259sind\u0259 Heyd\u0259r \u018fliyev D\u00f6vl\u0259t \u0130dar\u0259\u00e7iliyi M\u0259kt\u0259bi haqqinda \u0259trafl\u0131 m\u0259lumat ver\u0259n\nrektor bildirib ki, m\u0259kt\u0259b \u00fcmummilli lider, m\u00fcasir m\u00fcst\u0259qil d\u00f6vl\u0259timizin memar\u0131 v\u0259 qurucusu\nHeyd\u0259r \u018fliyevin siyasi irsinin, az\u0259rbaycan\u00e7\u0131l\u0131q m\u0259fkur\u0259sinin t\u0259bli\u011fi m\u0259qs\u0259dil\u0259 yarad\u0131l\u0131b. Ulu\n\u00d6nd\u0259rin misilsiz tarixi xidm\u0259tl\u0259rind\u0259n dan\u0131\u015fan U.\u018fl\u0259kb\u0259rov diqq\u0259t\u0259 \u00e7atd\u0131r\u0131b ki, Prezident\n\u0130lham \u018fliyev \u00dcmummilli Liderin siyasi x\u0259ttini \u0259zml\u0259 davam etdirir. Dahi \u015f\u0259xsiyy\u0259t Heyd\u0259r\n\u018fliyevin z\u0259ngin siyasi irsinin \u00f6yr\u0259nilm\u0259sind\u0259, \u00f6lk\u0259mizin d\u00fcnyaya tan\u0131d\u0131lmas\u0131nda\nAz\u0259rbaycan\u0131n birinci xan\u0131m\u0131 Mehriban \u018fliyevan\u0131n r\u0259hb\u0259rlik etdiyi Heyd\u0259r \u018fliyev Fondunun\ng\u00f6rd\u00fcy\u00fc i\u015fl\u0259r d\u0259 t\u0259qdir\u0259layiqdir.\nAkademik qeyd edib ki, \u00fcmummilli lider Heyd\u0259r \u018fliyevin S\u0259r\u0259ncam\u0131 il\u0259 D\u0130A-n\u0131n\nyarad\u0131lmas\u0131n\u0131n m\u0259qs\u0259di d\u00f6vl\u0259t idar\u0259etm\u0259 sah\u0259si \u00fc\u00e7\u00fcn g\u0259nc m\u00fct\u0259x\u0259ssisl\u0259rin haz\u0131rlanmas\u0131\ni\u015finin m\u00fcasir t\u0259l\u0259bl\u0259r\u0259 uy\u011fun qurulmas\u0131, onlar\u0131n pe\u015f\u0259karl\u0131q s\u0259viyy\u0259sinin art\u0131r\u0131lmas\u0131,\nd\u00f6vl\u0259timizin m\u00f6hk\u0259ml\u0259ndirilm\u0259si v\u0259 elmi \u0259saslarla idar\u0259 olunmas\u0131d\u0131r. D\u00f6vl\u0259t qullu\u011fu \u00fc\u00e7\u00fcn\ng\u0259nc kadrlar\u0131n haz\u0131rlanmas\u0131 m\u0259s\u0259l\u0259l\u0259ri \u00fczr\u0259 \u0259sas elmi-metodiki v\u0259 t\u0259dris m\u0259rk\u0259zi olan\nD\u0130A-n\u0131n qar\u015f\u0131s\u0131nda \u00e7ox m\u0259sul v\u0259zif\u0259 durmaqdad\u0131r. Rektor \u00f6lk\u0259 iqtisadiyyat\u0131n\u0131n s\u00fcr\u0259tli\ninki\u015faf\u0131 istiqam\u0259tind\u0259 apar\u0131lan u\u011furlu siyas\u0259tin \u0259sas h\u0259d\u0259fl\u0259rini, el\u0259c\u0259 d\u0259 davaml\u0131 inki\u015fafa\nt\u0259sir ed\u0259n amill\u0259ri beyn\u0259lxalq t\u0259\u015fkilatlar\u0131n hesabatlar\u0131 il\u0259 m\u00fcqayis\u0259li \u015f\u0259kild\u0259 t\u0259l\u0259b\u0259l\u0259rin\ndiqq\u0259tin\u0259 \u00e7atd\u0131r\u0131b.\nAz\u0259rbaycan\u0131n regionda v\u0259 d\u00fcnyada s\u00f6z sahibin\u0259 \u00e7evrildiyini dey\u0259n rektor vur\u011fulay\u0131b ki,\n\u00f6lk\u0259mizin inki\u015faf g\u00f6st\u0259ricil\u0259ri bir \u00e7ox beyn\u0259lxalq t\u0259\u015fkilatlar\u0131n, o c\u00fcml\u0259d\u0259n BMT-nin v\u0259 dig\u0259r\nn\u00fcfuzlu qurumlar\u0131n r\u0259smi s\u0259n\u0259dl\u0259rind\u0259, m\u00fcst\u0259qil ekspertl\u0259r t\u0259r\u0259find\u0259n haz\u0131rlanm\u0131\u015f\nhesabatlarda t\u0259sdiqini tap\u0131b.\nSonda t\u0259l\u0259b\u0259l\u0259ri maraqland\u0131ran suallar cavabland\u0131r\u0131l\u0131b.<\/p><\/div><\/div>\t\t<\/div>\n\t\t\t\t<\/div>\n\t\t\t\t\t\t<\/div>\n\t\t\t\t\t<\/div>\n\t\t<\/div>\n\t\t\t\t\t\t\t\t<\/div>\n\t\t\t\t\t<\/div>\n\t\t<\/section>\n\t\t\t\t\t\t<\/div>\n\t\t\t\t\t\t<\/div>\n\t\t\t\t\t<\/div>","protected":false},"excerpt":{"rendered":"<p>T\u0259l\u0259b\u0259l\u0259r Heyd\u0259r \u018fliyev D\u00f6vl\u0259t \u0130dar\u0259\u00e7iliyi M\u0259kt\u0259bind\u0259 n\u00f6vb\u0259ti m\u00fchazir\u0259ni dinl\u0259yibl\u0259r Az\u0259rbaycan Respublikas\u0131n\u0131n Prezidenti yan\u0131nda D\u00f6vl\u0259t \u0130dar\u0259\u00e7ilik Akademiyas\u0131n\u0131n (D\u0130A) birinci kurs t\u0259l\u0259b\u0259l\u0259ri n\u00f6vb\u0259ti m\u00fchazir\u0259l\u0259rini Heyd\u0259r \u018fliyev D\u00f6vl\u0259t \u0130dar\u0259\u00e7iliyi M\u0259kt\u0259bind\u0259 dinl\u0259yibl\u0259r. Heyd\u0259r \u018fliyev M\u0259rk\u0259zinin d\u0259st\u0259yi il\u0259 yarad\u0131lan Heyd\u0259r \u018fliyev D\u00f6vl\u0259t \u0130dar\u0259\u00e7iliyi M\u0259kt\u0259bi il\u0259 tan\u0131\u015fl\u0131qdan sonra D\u0130A-n\u0131n rektoru, akademik Urxan \u018fl\u0259kb\u0259rovun \u201cD\u00f6vl\u0259t idar\u0259\u00e7iliyind\u0259 Heyd\u0259r \u018fliyev fenomeni v\u0259 m\u00fcasir Az\u0259rbaycan\u0131n [&hellip;]<\/p>","protected":false},"author":2,"featured_media":21013,"comment_status":"closed","ping_status":"closed","sticky":false,"template":"","format":"standard","meta":[],"categories":[137],"tags":[],"_links":{"self":[{"href":"https:\/\/legacy.dia.edu.az\/ru\/wp-json\/wp\/v2\/posts\/21011"}],"collection":[{"href":"https:\/\/legacy.dia.edu.az\/ru\/wp-json\/wp\/v2\/posts"}],"about":[{"href":"https:\/\/legacy.dia.edu.az\/ru\/wp-json\/wp\/v2\/types\/post"}],"author":[{"embeddable":true,"href":"https:\/\/legacy.dia.edu.az\/ru\/wp-json\/wp\/v2\/users\/2"}],"replies":[{"embeddable":true,"href":"https:\/\/legacy.dia.edu.az\/ru\/wp-json\/wp\/v2\/comments?post=21011"}],"version-history":[{"count":14,"href":"https:\/\/legacy.dia.edu.az\/ru\/wp-json\/wp\/v2\/posts\/21011\/revisions"}],"predecessor-version":[{"id":21041,"href":"https:\/\/legacy.dia.edu.az\/ru\/wp-json\/wp\/v2\/posts\/21011\/revisions\/21041"}],"wp:featuredmedia":[{"embeddable":true,"href":"https:\/\/legacy.dia.edu.az\/ru\/wp-json\/wp\/v2\/media\/21013"}],"wp:attachment":[{"href":"https:\/\/legacy.dia.edu.az\/ru\/wp-json\/wp\/v2\/media?parent=21011"}],"wp:term":[{"taxonomy":"category","embeddable":true,"href":"https:\/\/legacy.dia.edu.az\/ru\/wp-json\/wp\/v2\/categories?post=21011"},{"taxonomy":"post_tag","embeddable":true,"href":"https:\/\/legacy.dia.edu.az\/ru\/wp-json\/wp\/v2\/tags?post=21011"}],"curies":[{"name":"wp","href":"https:\/\/api.w.org\/{rel}","templated":true}]}}