{"id":20874,"date":"2023-09-20T21:50:57","date_gmt":"2023-09-20T17:50:57","guid":{"rendered":"https:\/\/dia.edu.az\/?p=20874"},"modified":"2023-10-19T11:12:09","modified_gmt":"2023-10-19T07:12:09","slug":"dovl%c9%99t-idar%c9%99cilik-akademiyasinda-asan-xidm%c9%99t-m%c9%99rk%c9%99zl%c9%99rinin-%c9%99m%c9%99kdaslari-ucun-novb%c9%99ti-t%c9%99lim","status":"publish","type":"post","link":"https:\/\/legacy.dia.edu.az\/ru\/arxivl\u0259r\/20874","title":{"rendered":"D\u00f6vl\u0259t \u0130dar\u0259\u00e7ilik Akademiyas\u0131nda \u201cASAN xidm\u0259t\u201d m\u0259rk\u0259zl\u0259rinin \u0259m\u0259kda\u015flar\u0131 \u00fc\u00e7\u00fcn n\u00f6vb\u0259ti t\u0259lim"},"content":{"rendered":"<div data-elementor-type=\"wp-post\" data-elementor-id=\"20874\" class=\"elementor elementor-20874\" data-elementor-settings=\"[]\">\n\t\t\t\t\t\t<div class=\"elementor-inner\">\n\t\t\t\t\t\t\t<div class=\"elementor-section-wrap\">\n\t\t\t\t\t\t\t<section class=\"elementor-section elementor-top-section elementor-element elementor-element-fe0428b elementor-section-boxed elementor-section-height-default elementor-section-height-default\" data-id=\"fe0428b\" data-element_type=\"section\">\n\t\t\t\t\t\t<div class=\"elementor-container elementor-column-gap-default\">\n\t\t\t\t\t\t\t<div class=\"elementor-row\">\n\t\t\t\t\t<div class=\"elementor-column elementor-col-100 elementor-top-column elementor-element elementor-element-1e96b49\" data-id=\"1e96b49\" data-element_type=\"column\">\n\t\t\t<div class=\"elementor-column-wrap elementor-element-populated\">\n\t\t\t\t\t\t\t<div class=\"elementor-widget-wrap\">\n\t\t\t\t\t\t<div class=\"elementor-element elementor-element-ead558b elementor-widget elementor-widget-text-editor\" data-id=\"ead558b\" data-element_type=\"widget\" data-widget_type=\"text-editor.default\">\n\t\t\t\t<div class=\"elementor-widget-container\">\n\t\t\t\t\t\t\t\t<div class=\"elementor-text-editor elementor-clearfix\">\n\t\t\t\t\t<p>D\u00f6vl\u0259t \u0130dar\u0259\u00e7ilik Akademiyas\u0131nda \u201cASAN xidm\u0259t\u201d m\u0259rk\u0259zl\u0259rinin \u0259m\u0259kda\u015flar\u0131 \u00fc\u00e7\u00fcn n\u00f6vb\u0259ti t\u0259lim.<\/p>\t\t\t\t\t<\/div>\n\t\t\t\t\t\t<\/div>\n\t\t\t\t<\/div>\n\t\t\t\t\t\t<\/div>\n\t\t\t\t\t<\/div>\n\t\t<\/div>\n\t\t\t\t\t\t\t\t<\/div>\n\t\t\t\t\t<\/div>\n\t\t<\/section>\n\t\t\t\t<section class=\"elementor-section elementor-top-section elementor-element elementor-element-216f9d8 elementor-section-boxed elementor-section-height-default elementor-section-height-default\" data-id=\"216f9d8\" data-element_type=\"section\">\n\t\t\t\t\t\t<div class=\"elementor-container elementor-column-gap-default\">\n\t\t\t\t\t\t\t<div class=\"elementor-row\">\n\t\t\t\t\t<div class=\"elementor-column elementor-col-100 elementor-top-column elementor-element elementor-element-550c550\" data-id=\"550c550\" data-element_type=\"column\">\n\t\t\t<div class=\"elementor-column-wrap elementor-element-populated\">\n\t\t\t\t\t\t\t<div class=\"elementor-widget-wrap\">\n\t\t\t\t\t\t<div class=\"elementor-element elementor-element-1d759d1 elementor-widget elementor-widget-image\" data-id=\"1d759d1\" data-element_type=\"widget\" data-widget_type=\"image.default\">\n\t\t\t\t<div class=\"elementor-widget-container\">\n\t\t\t\t\t\t\t\t<div class=\"elementor-image\">\n\t\t\t\t\t\t\t\t\t\t\t\t\t<a href=\"https:\/\/dia.edu.az\/wp-content\/uploads\/2023\/09\/88888888.png\" data-elementor-open-lightbox=\"yes\" data-elementor-lightbox-title=\"88888888\">\n\t\t\t\t\t\t\t<img width=\"450\" height=\"253\" src=\"https:\/\/legacy.dia.edu.az\/wp-content\/uploads\/2023\/09\/88888888-450x253.png\" class=\"attachment-large size-large\" alt=\"\" srcset=\"https:\/\/legacy.dia.edu.az\/wp-content\/uploads\/2023\/09\/88888888-450x253.png 450w, https:\/\/legacy.dia.edu.az\/wp-content\/uploads\/2023\/09\/88888888-200x113.png 200w, https:\/\/legacy.dia.edu.az\/wp-content\/uploads\/2023\/09\/88888888-18x10.png 18w, https:\/\/legacy.dia.edu.az\/wp-content\/uploads\/2023\/09\/88888888.png 1120w, https:\/\/legacy.dia.edu.az\/wp-content\/uploads\/2023\/09\/88888888-450x253@2x.png 900w, https:\/\/legacy.dia.edu.az\/wp-content\/uploads\/2023\/09\/88888888-200x113@2x.png 400w\" sizes=\"(max-width: 450px) 100vw, 450px\" \/>\t\t\t\t\t\t\t\t<\/a>\n\t\t\t\t\t\t\t\t\t\t\t\t\t\t<\/div>\n\t\t\t\t\t\t<\/div>\n\t\t\t\t<\/div>\n\t\t\t\t\t\t<\/div>\n\t\t\t\t\t<\/div>\n\t\t<\/div>\n\t\t\t\t\t\t\t\t<\/div>\n\t\t\t\t\t<\/div>\n\t\t<\/section>\n\t\t\t\t<section class=\"elementor-section elementor-top-section elementor-element elementor-element-07ffcd4 elementor-section-boxed elementor-section-height-default elementor-section-height-default\" data-id=\"07ffcd4\" data-element_type=\"section\">\n\t\t\t\t\t\t<div class=\"elementor-container elementor-column-gap-default\">\n\t\t\t\t\t\t\t<div class=\"elementor-row\">\n\t\t\t\t\t<div class=\"elementor-column elementor-col-100 elementor-top-column elementor-element elementor-element-14dfe78\" data-id=\"14dfe78\" data-element_type=\"column\">\n\t\t\t<div class=\"elementor-column-wrap elementor-element-populated\">\n\t\t\t\t\t\t\t<div class=\"elementor-widget-wrap\">\n\t\t\t\t\t\t<div class=\"elementor-element elementor-element-912880b elementor-widget elementor-widget-text-editor\" data-id=\"912880b\" data-element_type=\"widget\" data-widget_type=\"text-editor.default\">\n\t\t\t\t<div class=\"elementor-widget-container\">\n\t\t\t\t\t\t\t\t<div class=\"elementor-text-editor elementor-clearfix\">\n\t\t\t\t\t<p>Az\u0259rbaycan Respublikas\u0131n\u0131n Prezidenti yan\u0131nda D\u00f6vl\u0259t \u0130dar\u0259\u00e7ilik Akademiyas\u0131nda (D\u0130A) \u201cASAN xidm\u0259t\u201d m\u0259rk\u0259zl\u0259rinin \u0259m\u0259kda\u015flar\u0131 \u00fc\u00e7\u00fcn \u201cD\u00f6vl\u0259t idar\u0259\u00e7iliyind\u0259 Heyd\u0259r \u018fliyev fenomeni v\u0259 m\u00fcasir Az\u0259rbaycan\u0131n davaml\u0131 inkl\u00fcziv inki\u015faf\u0131\u201d m\u00f6vzusunda t\u0259lim ke\u00e7irilib.\n\nT\u0259lim zaman\u0131 D\u0130A-n\u0131n rektoru, akademik Urxan \u018fl\u0259kb\u0259rov \u201cASAN xidm\u0259t\u201d m\u0259rk\u0259zl\u0259rinin \u0259m\u0259kda\u015flar\u0131 \u00fc\u00e7\u00fcn m\u00f6vzu \u00fczr\u0259 m\u0259ruz\u0259 edib.\n\nU.\u018fl\u0259kb\u0259rov dahi \u015f\u0259xsiyy\u0259t Heyd\u0259r \u018fliyevin m\u00fcst\u0259sna tarixi xidm\u0259tl\u0259rind\u0259n dan\u0131\u015f\u0131b, Ulu \u00d6nd\u0259rin hakimiyy\u0259t\u0259 qay\u0131d\u0131\u015f\u0131ndan sonra Az\u0259rbaycan d\u00f6vl\u0259t\u00e7iliyinin b\u00f6y\u00fck t\u0259hl\u00fck\u0259l\u0259rd\u0259n xilas oldu\u011funu, \u00f6lk\u0259nin ictimai-siyasi, sosial-iqtisadi v\u0259 elmi-m\u0259d\u0259ni h\u0259yat\u0131nda \u0259sasl\u0131 d\u00f6n\u00fc\u015f\u00fcn yarand\u0131\u011f\u0131n\u0131 qeyd edib. O, \u00f6lk\u0259mizd\u0259 qazan\u0131lan u\u011furlar\u0131n dahi r\u0259hb\u0259r Heyd\u0259r \u018fliyev siyas\u0259tinin b\u0259hr\u0259si oldu\u011funu deyib.\n\nRektor \u00dcmummilli Lider Heyd\u0259r \u018fliyev t\u0259r\u0259find\u0259n m\u00fc\u0259yy\u0259nl\u0259\u015fdirilmi\u015f v\u0259 Prezident \u0130lham \u018fliyevin u\u011furla davam etdirdiyi inki\u015faf strategiyas\u0131 say\u0259sind\u0259 Az\u0259rbaycan\u0131n qazand\u0131\u011f\u0131 nailiyy\u0259tl\u0259r\u0259 diqq\u0259t \u00e7\u0259kib. O, Prezident \u0130lham \u018fliyev t\u0259r\u0259find\u0259n i\u015fl\u0259n\u0259r\u0259k t\u0259tbiq edilmi\u015f yeni d\u00f6vl\u0259t idar\u0259\u00e7iliyi texnologiyalar\u0131n\u0131n Az\u0259rbaycan\u0131n davaml\u0131 inkl\u00fcziv inki\u015faf\u0131 namin\u0259 resurslardan s\u0259m\u0259r\u0259li istifad\u0259 sah\u0259sind\u0259 regional v\u0259 qlobal lider\u0259 \u00e7evrilm\u0259sin\u0259 g\u0259tirib \u00e7\u0131xard\u0131\u011f\u0131n\u0131 x\u00fcsusi vur\u011fulay\u0131b. U.\u018fl\u0259kb\u0259rov bildirib ki, inkl\u00fcziv inki\u015faf sah\u0259sind\u0259 \u00f6lk\u0259mizin y\u00fcks\u0259k g\u00f6st\u0259ricil\u0259r \u0259ld\u0259 etm\u0259si v\u0259 sosial siyas\u0259tin realla\u015fd\u0131r\u0131lmas\u0131 bax\u0131m\u0131ndan d\u00fcnya liderin\u0259 \u00e7evrilm\u0259sind\u0259 Az\u0259rbaycan Respublikas\u0131n\u0131n Birinci vitse-prezidenti Mehriban \u018fliyevan\u0131n m\u00fcst\u0259sna xidm\u0259tl\u0259ri var.\n\nRektor m\u00fcst\u0259qil v\u0259 suveren Az\u0259rbaycan d\u00f6vl\u0259tinin keyfiyy\u0259tc\u0259 yeni olan v\u0259 2021\u20122030-cu ill\u0259ri \u0259hat\u0259 ed\u0259n strateji m\u0259rh\u0259l\u0259y\u0259 daxil oldu\u011funu qeyd ed\u0259r\u0259k, inkl\u00fcziv c\u0259miyy\u0259tin qurulmas\u0131 prosesinin \u00f6lk\u0259nin 2030-cu il \u00fc\u00e7\u00fcn planla\u015fd\u0131r\u0131lm\u0131\u015f \u0259sas prioritetl\u0259ri s\u0131ras\u0131nda oldu\u011funu s\u00f6yl\u0259yib. O, beyn\u0259lxalq t\u0259\u015fkilatlar\u0131n hesabatlar\u0131na \u0259saslanaraq \u00f6lk\u0259nin \u0259razi b\u00fct\u00f6vl\u00fcy\u00fcn\u00fcn b\u0259rpas\u0131 il\u0259 s\u0259ciyy\u0259l\u0259n\u0259n bu yeni strateji d\u00f6vrd\u0259 Az\u0259rbaycan Respublikas\u0131n\u0131n b\u00fct\u00fcn d\u00fcnya \u00fc\u00e7\u00fcn prioritet kimi q\u0259bul edil\u0259n inkl\u00fcziv inki\u015faf\u0131n planla\u015fd\u0131r\u0131lmas\u0131 v\u0259 idar\u0259 edilm\u0259si sah\u0259sind\u0259ki u\u011furlar\u0131n\u0131 dinl\u0259yicil\u0259rin diqq\u0259tin\u0259 \u00e7atd\u0131r\u0131b.\n\nU.\u018fl\u0259kb\u0259rov i\u015f\u011faldan azad olunmu\u015f \u0259razil\u0259rimizd\u0259 apar\u0131lan geni\u015fmiqyasl\u0131 b\u0259rpa v\u0259 quruculuq t\u0259dbirl\u0259rind\u0259n b\u0259hs edib.\n\nXat\u0131rladaq ki, Prezident \u0130lham \u018fliyevin \u201cAz\u0259rbaycan 2030: sosial-iqtisadi inki\u015fafa dair Milli Prioritetl\u0259r\u201dl\u0259 ba\u011fl\u0131 2021-ci il 2 fevral tarixli S\u0259r\u0259ncam\u0131na \u0259sas\u0259n D\u00f6vl\u0259t \u0130dar\u0259\u00e7ilik Akademiyas\u0131 Az\u0259rbaycan Respublikas\u0131n\u0131n Prezidenti yan\u0131nda V\u0259t\u0259nda\u015flara Xidm\u0259t v\u0259 Sosial \u0130nnovasiyalar \u00fczr\u0259 D\u00f6vl\u0259t Agentliyi (\u201cASAN xidm\u0259t\u201d m\u0259rk\u0259zi) il\u0259 \u0259m\u0259kda\u015fl\u0131q memorandumu \u00e7\u0259r\u00e7iv\u0259sind\u0259 f\u0259aliyy\u0259tini davam etdirir. Bununla \u0259laq\u0259dar D\u00f6vl\u0259t \u0130dar\u0259\u00e7ilik Akademiyas\u0131nda t\u0259sdiq edil\u0259n t\u0259dbirl\u0259r plan\u0131na uy\u011fun olaraq d\u00f6vl\u0259t qulluq\u00e7ular\u0131 \u00fc\u00e7\u00fcn x\u00fcsusi t\u0259liml\u0259r ke\u00e7irilir.<\/p>\t\t\t\t\t<\/div>\n\t\t\t\t\t\t<\/div>\n\t\t\t\t<\/div>\n\t\t\t\t\t\t<\/div>\n\t\t\t\t\t<\/div>\n\t\t<\/div>\n\t\t\t\t\t\t\t\t<\/div>\n\t\t\t\t\t<\/div>\n\t\t<\/section>\n\t\t\t\t\t\t<\/div>\n\t\t\t\t\t\t<\/div>\n\t\t\t\t\t<\/div>","protected":false},"excerpt":{"rendered":"<p>D\u00f6vl\u0259t \u0130dar\u0259\u00e7ilik Akademiyas\u0131nda \u201cASAN xidm\u0259t\u201d m\u0259rk\u0259zl\u0259rinin \u0259m\u0259kda\u015flar\u0131 \u00fc\u00e7\u00fcn n\u00f6vb\u0259ti t\u0259lim. Az\u0259rbaycan Respublikas\u0131n\u0131n Prezidenti yan\u0131nda D\u00f6vl\u0259t \u0130dar\u0259\u00e7ilik Akademiyas\u0131nda (D\u0130A) \u201cASAN xidm\u0259t\u201d m\u0259rk\u0259zl\u0259rinin \u0259m\u0259kda\u015flar\u0131 \u00fc\u00e7\u00fcn \u201cD\u00f6vl\u0259t idar\u0259\u00e7iliyind\u0259 Heyd\u0259r \u018fliyev fenomeni v\u0259 m\u00fcasir Az\u0259rbaycan\u0131n davaml\u0131 inkl\u00fcziv inki\u015faf\u0131\u201d m\u00f6vzusunda t\u0259lim ke\u00e7irilib. T\u0259lim zaman\u0131 D\u0130A-n\u0131n rektoru, akademik Urxan \u018fl\u0259kb\u0259rov \u201cASAN xidm\u0259t\u201d m\u0259rk\u0259zl\u0259rinin \u0259m\u0259kda\u015flar\u0131 \u00fc\u00e7\u00fcn m\u00f6vzu \u00fczr\u0259 m\u0259ruz\u0259 edib. U.\u018fl\u0259kb\u0259rov dahi [&hellip;]<\/p>","protected":false},"author":2,"featured_media":20876,"comment_status":"closed","ping_status":"closed","sticky":false,"template":"","format":"standard","meta":[],"categories":[137],"tags":[],"_links":{"self":[{"href":"https:\/\/legacy.dia.edu.az\/ru\/wp-json\/wp\/v2\/posts\/20874"}],"collection":[{"href":"https:\/\/legacy.dia.edu.az\/ru\/wp-json\/wp\/v2\/posts"}],"about":[{"href":"https:\/\/legacy.dia.edu.az\/ru\/wp-json\/wp\/v2\/types\/post"}],"author":[{"embeddable":true,"href":"https:\/\/legacy.dia.edu.az\/ru\/wp-json\/wp\/v2\/users\/2"}],"replies":[{"embeddable":true,"href":"https:\/\/legacy.dia.edu.az\/ru\/wp-json\/wp\/v2\/comments?post=20874"}],"version-history":[{"count":9,"href":"https:\/\/legacy.dia.edu.az\/ru\/wp-json\/wp\/v2\/posts\/20874\/revisions"}],"predecessor-version":[{"id":21186,"href":"https:\/\/legacy.dia.edu.az\/ru\/wp-json\/wp\/v2\/posts\/20874\/revisions\/21186"}],"wp:featuredmedia":[{"embeddable":true,"href":"https:\/\/legacy.dia.edu.az\/ru\/wp-json\/wp\/v2\/media\/20876"}],"wp:attachment":[{"href":"https:\/\/legacy.dia.edu.az\/ru\/wp-json\/wp\/v2\/media?parent=20874"}],"wp:term":[{"taxonomy":"category","embeddable":true,"href":"https:\/\/legacy.dia.edu.az\/ru\/wp-json\/wp\/v2\/categories?post=20874"},{"taxonomy":"post_tag","embeddable":true,"href":"https:\/\/legacy.dia.edu.az\/ru\/wp-json\/wp\/v2\/tags?post=20874"}],"curies":[{"name":"wp","href":"https:\/\/api.w.org\/{rel}","templated":true}]}}