{"id":20804,"date":"2023-09-13T11:22:39","date_gmt":"2023-09-13T07:22:39","guid":{"rendered":"https:\/\/dia.edu.az\/?p=20804"},"modified":"2023-09-13T14:23:42","modified_gmt":"2023-09-13T10:23:42","slug":"az%c9%99rbaycan-respublikasinin-prezidenti-yaninda-dovl%c9%99t-idar%c9%99cilik-akademiyasinin-davamli-inkisafinplanlasdirilmasi-v%c9%99-idar%c9%99edilm%c9%99si-kafedrasi-professorunu","status":"publish","type":"post","link":"https:\/\/legacy.dia.edu.az\/ru\/arxivl\u0259r\/20804","title":{"rendered":"Az\u0259rbaycan Respublikas\u0131n\u0131n Prezidenti yan\u0131nda D\u00f6vl\u0259t \u0130dar\u0259\u00e7ilik Akademiyas\u0131n\u0131n \u201cDavaml\u0131 inki\u015faf\u0131n planla\u015fd\u0131r\u0131lmas\u0131 v\u0259 idar\u0259edilm\u0259si\u201d kafedras\u0131 professorunun m\u0259qal\u0259si &#8220;Scopus&#8221; elmi bazas\u0131nda yerl\u0259\u015f\u0259n"},"content":{"rendered":"<div data-elementor-type=\"wp-post\" data-elementor-id=\"20804\" class=\"elementor elementor-20804\" data-elementor-settings=\"[]\">\n\t\t\t\t\t\t<div class=\"elementor-inner\">\n\t\t\t\t\t\t\t<div class=\"elementor-section-wrap\">\n\t\t\t\t\t\t\t<section class=\"elementor-section elementor-top-section elementor-element elementor-element-3c5142af elementor-section-boxed elementor-section-height-default elementor-section-height-default\" data-id=\"3c5142af\" data-element_type=\"section\">\n\t\t\t\t\t\t<div class=\"elementor-container elementor-column-gap-default\">\n\t\t\t\t\t\t\t<div class=\"elementor-row\">\n\t\t\t\t\t<div class=\"elementor-column elementor-col-100 elementor-top-column elementor-element elementor-element-6d508044\" data-id=\"6d508044\" data-element_type=\"column\">\n\t\t\t<div class=\"elementor-column-wrap elementor-element-populated\">\n\t\t\t\t\t\t\t<div class=\"elementor-widget-wrap\">\n\t\t\t\t\t\t<div class=\"elementor-element elementor-element-42d5a00a elementor-widget elementor-widget-text-editor\" data-id=\"42d5a00a\" data-element_type=\"widget\" data-widget_type=\"text-editor.default\">\n\t\t\t\t<div class=\"elementor-widget-container\">\n\t\t\t\t\t\t\t\t<div class=\"elementor-text-editor elementor-clearfix\">\n\t\t\t\t\t<p>Az\u0259rbaycan Respublikas\u0131n\u0131n Prezidenti yan\u0131nda D\u00f6vl\u0259t \u0130dar\u0259\u00e7ilik Akademiyas\u0131n\u0131n \u201cDavaml\u0131 inki\u015faf\u0131n<br>\nplanla\u015fd\u0131r\u0131lmas\u0131 v\u0259 idar\u0259edilm\u0259si\u201d kafedras\u0131 professorunun m\u0259qal\u0259si &#8220;Scopus&#8221; elmi bazas\u0131nda yerl\u0259\u015f\u0259n<br>\nimpakt faktorlu \u201c\u0130qtisadiyyat v\u0259 maliyy\u0259 icmal\u0131\u201d jurnal\u0131nda d\u0259rc edilib<\/p>\t\t\t\t\t<\/div>\n\t\t\t\t\t\t<\/div>\n\t\t\t\t<\/div>\n\t\t\t\t\t\t<\/div>\n\t\t\t\t\t<\/div>\n\t\t<\/div>\n\t\t\t\t\t\t\t\t<\/div>\n\t\t\t\t\t<\/div>\n\t\t<\/section>\n\t\t\t\t<section class=\"elementor-section elementor-top-section elementor-element elementor-element-5fccbdb elementor-section-boxed elementor-section-height-default elementor-section-height-default\" data-id=\"5fccbdb\" data-element_type=\"section\">\n\t\t\t\t\t\t<div class=\"elementor-container elementor-column-gap-default\">\n\t\t\t\t\t\t\t<div class=\"elementor-row\">\n\t\t\t\t\t<div class=\"elementor-column elementor-col-100 elementor-top-column elementor-element elementor-element-d7862f5\" data-id=\"d7862f5\" data-element_type=\"column\">\n\t\t\t<div class=\"elementor-column-wrap elementor-element-populated\">\n\t\t\t\t\t\t\t<div class=\"elementor-widget-wrap\">\n\t\t\t\t\t\t<div class=\"elementor-element elementor-element-86d4f40 elementor-widget elementor-widget-text-editor\" data-id=\"86d4f40\" data-element_type=\"widget\" data-widget_type=\"text-editor.default\">\n\t\t\t\t<div class=\"elementor-widget-container\">\n\t\t\t\t\t\t\t\t<div class=\"elementor-text-editor elementor-clearfix\">\n\t\t\t\t\t<p>Az\u0259rbaycan Respublikas\u0131n\u0131n Prezidenti yan\u0131nda D\u00f6vl\u0259t \u0130dar\u0259\u00e7ilik Akademiyas\u0131n\u0131n \u201cDavaml\u0131 inki\u015faf\u0131n\nplanla\u015fd\u0131r\u0131lmas\u0131 v\u0259 idar\u0259edilm\u0259si\u201d kafedras\u0131 professoru, iqtisad elml\u0259r doktoru V\u00fcsal Qas\u0131ml\u0131n\u0131n m\u0259qal\u0259si\nScopus&quot; elmi bazas\u0131nda yerl\u0259\u015f\u0259n impakt faktorlu \u201c\u0130qtisadiyyat v\u0259 maliyy\u0259 icmal\u0131\u201d jurnal\u0131nda d\u0259rc edilib.\n\u0130qtisadi \u0130slahatlar\u0131n T\u0259hlili v\u0259 Kommunikasiya M\u0259rk\u0259zinin (\u0130\u0130TKM) icra\u00e7\u0131 direktoru V\u00fcsal Qas\u0131ml\u0131n\u0131n\n&quot;Scopus&quot; elmi bazas\u0131nda indeksl\u0259\u015f\u0259n B\u00f6y\u00fck Britaniyan\u0131n \u201c\u0130qtisadiyyat v\u0259 maliyy\u0259 icmal\u0131\u201d (Review of\nEconomics and Finance) beyn\u0259lxalq jurnal\u0131nda \u201cMonetar \u015e\u0259rait \u0130ndeksi Monetar siyas\u0259tin izahedicisi\nkimi. G\u00fcrc\u00fcstan n\u00fcmun\u0259sind\u0259\u201d (Monetary Conditions Index (MC\u0130) as an Explanatory of Monetary Policy.\nCase for Georgia) adl\u0131 m\u0259qal\u0259si d\u0259rc olunub.\nQeyd ed\u0259k ki, \u201c\u0130qtisadiyyat v\u0259 maliyy\u0259 icmal\u0131\u201d jurnal\u0131 impakt faktora malikdir v\u0259 onun redaksiya \u015furas\u0131n\u0131n\n\u00fczvl\u0259ri B\u00f6y\u00fck Britaniya, Yaponiya, \u00c7in, Yeni Zelandiya, \u0130spaniya v\u0259 s. \u00f6lk\u0259l\u0259rin n\u00fcfuzlu universitetl\u0259rinin\nprofessorlar\u0131d\u0131r. M\u0259qal\u0259nin h\u0259mm\u00fc\u0259llifl\u0259ri \u0130\u0130TKM-in \u015f\u00f6b\u0259 m\u00fcdiri G\u00fcnay Quliyeva v\u0259 ba\u015f m\u0259sl\u0259h\u0259t\u00e7isi\nCo\u015fqun C\u0259f\u0259rovdur.\nM\u0259qal\u0259d\u0259 \u0259sas diqq\u0259t Monetar \u015e\u0259rait \u0130ndeksi istifad\u0259 etm\u0259kl\u0259 pul siyas\u0259tinin effektivliyini ara\u015fd\u0131rma\u011fa\ny\u00f6n\u0259lib. Ara\u015fd\u0131rmada qeyd olunur ki, bu indeks faiz d\u0259r\u0259c\u0259l\u0259rini v\u0259 valyuta m\u0259z\u0259nn\u0259l\u0259rini vahid \u00f6l\u00e7\u00fcd\u0259\nbirl\u0259\u015fdirir v\u0259 monetar siyas\u0259tin real sektora t\u0259sirini qiym\u0259tl\u0259ndirm\u0259k \u00fc\u00e7\u00fcn istifad\u0259 edil\u0259 bil\u0259r.\nM\u00fc\u0259llifl\u0259r MCI hesablanmas\u0131n\u0131 r\u00fcbl\u00fck \u0259sasda 2011-2021-ci ill\u0259rin iqtisadi g\u00f6st\u0259ricil\u0259ri n\u0259z\u0259r\u0259 al\u0131nmaqla\nh\u0259yata ke\u00e7iribl\u0259r. M\u0259qal\u0259d\u0259 ekonometrik modell\u0259\u015fdirm\u0259d\u0259n yararlanaraq, Monetar \u015e\u0259rait \u0130ndeksind\u0259n\nmonetar siyas\u0259tin izahedicisi kimi istifad\u0259nin m\u00fcmk\u00fcnl\u00fcy\u00fc n\u0259tic\u0259sin\u0259 g\u0259linir.\nElmi m\u0259qal\u0259 Az\u0259rbaycan Respublikas\u0131n\u0131n Prezidenti yan\u0131nda D\u00f6vl\u0259t \u0130dar\u0259\u00e7ilik Akademiyas\u0131nda m\u00fcvafiq\nixtisas \u00fczr\u0259 t\u0259hsil alan t\u0259l\u0259b\u0259 v\u0259 magistrlar \u00fc\u00e7\u00fcn faydal\u0131 m\u0259nb\u0259dir.\nM\u0259qal\u0259 il\u0259 t\u0259qdim olunan link vasit\u0259si il\u0259 tan\u0131\u015f olmaq m\u00fcmk\u00fcnd\u00fcr: https:\/\/refpress.org\/ref-vol21-a135\/<\/p>\t\t\t\t\t<\/div>\n\t\t\t\t\t\t<\/div>\n\t\t\t\t<\/div>\n\t\t\t\t\t\t<\/div>\n\t\t\t\t\t<\/div>\n\t\t<\/div>\n\t\t\t\t\t\t\t\t<\/div>\n\t\t\t\t\t<\/div>\n\t\t<\/section>\n\t\t\t\t<section class=\"elementor-section elementor-top-section elementor-element elementor-element-efcafde elementor-section-boxed elementor-section-height-default elementor-section-height-default\" data-id=\"efcafde\" data-element_type=\"section\">\n\t\t\t\t\t\t<div class=\"elementor-container elementor-column-gap-default\">\n\t\t\t\t\t\t\t<div class=\"elementor-row\">\n\t\t\t\t\t<div class=\"elementor-column elementor-col-100 elementor-top-column elementor-element elementor-element-c8dde4d\" data-id=\"c8dde4d\" data-element_type=\"column\">\n\t\t\t<div class=\"elementor-column-wrap\">\n\t\t\t\t\t\t\t<div class=\"elementor-widget-wrap\">\n\t\t\t\t\t\t\t\t<\/div>\n\t\t\t\t\t<\/div>\n\t\t<\/div>\n\t\t\t\t\t\t\t\t<\/div>\n\t\t\t\t\t<\/div>\n\t\t<\/section>\n\t\t\t\t\t\t<\/div>\n\t\t\t\t\t\t<\/div>\n\t\t\t\t\t<\/div>","protected":false},"excerpt":{"rendered":"<p>Az\u0259rbaycan Respublikas\u0131n\u0131n Prezidenti yan\u0131nda D\u00f6vl\u0259t \u0130dar\u0259\u00e7ilik Akademiyas\u0131n\u0131n \u201cDavaml\u0131 inki\u015faf\u0131n planla\u015fd\u0131r\u0131lmas\u0131 v\u0259 idar\u0259edilm\u0259si\u201d kafedras\u0131 professorunun m\u0259qal\u0259si &#8220;Scopus&#8221; elmi bazas\u0131nda yerl\u0259\u015f\u0259n impakt faktorlu \u201c\u0130qtisadiyyat v\u0259 maliyy\u0259 icmal\u0131\u201d jurnal\u0131nda d\u0259rc edilib Az\u0259rbaycan Respublikas\u0131n\u0131n Prezidenti yan\u0131nda D\u00f6vl\u0259t \u0130dar\u0259\u00e7ilik Akademiyas\u0131n\u0131n \u201cDavaml\u0131 inki\u015faf\u0131n planla\u015fd\u0131r\u0131lmas\u0131 v\u0259 idar\u0259edilm\u0259si\u201d kafedras\u0131 professoru, iqtisad elml\u0259r doktoru V\u00fcsal Qas\u0131ml\u0131n\u0131n m\u0259qal\u0259si Scopus&#8221; elmi bazas\u0131nda yerl\u0259\u015f\u0259n impakt faktorlu \u201c\u0130qtisadiyyat [&hellip;]<\/p>","protected":false},"author":2,"featured_media":20803,"comment_status":"closed","ping_status":"closed","sticky":false,"template":"","format":"standard","meta":[],"categories":[137],"tags":[],"_links":{"self":[{"href":"https:\/\/legacy.dia.edu.az\/ru\/wp-json\/wp\/v2\/posts\/20804"}],"collection":[{"href":"https:\/\/legacy.dia.edu.az\/ru\/wp-json\/wp\/v2\/posts"}],"about":[{"href":"https:\/\/legacy.dia.edu.az\/ru\/wp-json\/wp\/v2\/types\/post"}],"author":[{"embeddable":true,"href":"https:\/\/legacy.dia.edu.az\/ru\/wp-json\/wp\/v2\/users\/2"}],"replies":[{"embeddable":true,"href":"https:\/\/legacy.dia.edu.az\/ru\/wp-json\/wp\/v2\/comments?post=20804"}],"version-history":[{"count":10,"href":"https:\/\/legacy.dia.edu.az\/ru\/wp-json\/wp\/v2\/posts\/20804\/revisions"}],"predecessor-version":[{"id":20815,"href":"https:\/\/legacy.dia.edu.az\/ru\/wp-json\/wp\/v2\/posts\/20804\/revisions\/20815"}],"wp:featuredmedia":[{"embeddable":true,"href":"https:\/\/legacy.dia.edu.az\/ru\/wp-json\/wp\/v2\/media\/20803"}],"wp:attachment":[{"href":"https:\/\/legacy.dia.edu.az\/ru\/wp-json\/wp\/v2\/media?parent=20804"}],"wp:term":[{"taxonomy":"category","embeddable":true,"href":"https:\/\/legacy.dia.edu.az\/ru\/wp-json\/wp\/v2\/categories?post=20804"},{"taxonomy":"post_tag","embeddable":true,"href":"https:\/\/legacy.dia.edu.az\/ru\/wp-json\/wp\/v2\/tags?post=20804"}],"curies":[{"name":"wp","href":"https:\/\/api.w.org\/{rel}","templated":true}]}}