{"id":20513,"date":"2023-06-23T09:38:20","date_gmt":"2023-06-23T05:38:20","guid":{"rendered":"https:\/\/dia.edu.az\/?p=20513"},"modified":"2023-06-23T09:47:28","modified_gmt":"2023-06-23T05:47:28","slug":"dovl%c9%99t-idar%c9%99cilik-akademiyasinin-rektoru-akademik-urxan-%c9%99l%c9%99kb%c9%99rovun-m%c9%99qal%c9%99si-az%c9%99rbaycan-q%c9%99zetind%c9%99-cap-olunub","status":"publish","type":"post","link":"https:\/\/legacy.dia.edu.az\/ru\/arxivl\u0259r\/20513","title":{"rendered":"D\u00f6vl\u0259t \u0130dar\u0259\u00e7ilik Akademiyas\u0131n\u0131n rektoru, akademik Urxan \u018fl\u0259kb\u0259rovun m\u0259qal\u0259si \u201cAz\u0259rbaycan\u201d q\u0259zetind\u0259 \u00e7ap olunub"},"content":{"rendered":"<div data-elementor-type=\"wp-post\" data-elementor-id=\"20513\" class=\"elementor elementor-20513\" data-elementor-settings=\"[]\">\n\t\t\t\t\t\t<div class=\"elementor-inner\">\n\t\t\t\t\t\t\t<div class=\"elementor-section-wrap\">\n\t\t\t\t\t\t\t<section class=\"elementor-section elementor-top-section elementor-element elementor-element-2cb24db elementor-section-boxed elementor-section-height-default elementor-section-height-default\" data-id=\"2cb24db\" data-element_type=\"section\">\n\t\t\t\t\t\t<div class=\"elementor-container elementor-column-gap-default\">\n\t\t\t\t\t\t\t<div class=\"elementor-row\">\n\t\t\t\t\t<div class=\"elementor-column elementor-col-100 elementor-top-column elementor-element elementor-element-52e87eb\" data-id=\"52e87eb\" data-element_type=\"column\">\n\t\t\t<div class=\"elementor-column-wrap elementor-element-populated\">\n\t\t\t\t\t\t\t<div class=\"elementor-widget-wrap\">\n\t\t\t\t\t\t<div class=\"elementor-element elementor-element-0545a4e elementor-widget elementor-widget-text-editor\" data-id=\"0545a4e\" data-element_type=\"widget\" data-widget_type=\"text-editor.default\">\n\t\t\t\t<div class=\"elementor-widget-container\">\n\t\t\t\t\t\t\t\t<div class=\"elementor-text-editor elementor-clearfix\">\n\t\t\t\t\tD\u0130A-n\u0131n rektoru, akademik Urxan \u018fl\u0259kb\u0259rovun m\u0259qal\u0259si \u201cAz\u0259rbaycan\u201d q\u0259zetind\u0259 \u00e7ap olunub\t\t\t\t\t<\/div>\n\t\t\t\t\t\t<\/div>\n\t\t\t\t<\/div>\n\t\t\t\t\t\t<\/div>\n\t\t\t\t\t<\/div>\n\t\t<\/div>\n\t\t\t\t\t\t\t\t<\/div>\n\t\t\t\t\t<\/div>\n\t\t<\/section>\n\t\t\t\t<section class=\"elementor-section elementor-top-section elementor-element elementor-element-89aaf56 elementor-section-boxed elementor-section-height-default elementor-section-height-default\" data-id=\"89aaf56\" data-element_type=\"section\">\n\t\t\t\t\t\t<div class=\"elementor-container elementor-column-gap-default\">\n\t\t\t\t\t\t\t<div class=\"elementor-row\">\n\t\t\t\t\t<div class=\"elementor-column elementor-col-100 elementor-top-column elementor-element elementor-element-5336cc6\" data-id=\"5336cc6\" data-element_type=\"column\">\n\t\t\t<div class=\"elementor-column-wrap elementor-element-populated\">\n\t\t\t\t\t\t\t<div class=\"elementor-widget-wrap\">\n\t\t\t\t\t\t<div class=\"elementor-element elementor-element-68cc9da elementor-widget elementor-widget-text-editor\" data-id=\"68cc9da\" data-element_type=\"widget\" data-widget_type=\"text-editor.default\">\n\t\t\t\t<div class=\"elementor-widget-container\">\n\t\t\t\t\t\t\t\t<div class=\"elementor-text-editor elementor-clearfix\">\n\t\t\t\t\t<p><a href=\"https:\/\/www.azerbaijan-news.az\/uploads\/documents\/pdf\/1-12pdf-1687468716.pdf\">Az\u0259rbaycan Respublikas\u0131n\u0131n Prezidenti yan\u0131nda D&ouml;vl\u0259t \u0130dar\u0259&ccedil;ilik<\/a><\/p>\n<p><a href=\"https:\/\/www.azerbaijan-news.az\/uploads\/documents\/pdf\/1-12pdf-1687468716.pdf\"> Akademiyas\u0131n\u0131n rektoru, akademik Urxan \u018fl\u0259kb\u0259rovun d&ouml;vl\u0259t<\/a><\/p>\n<p><a href=\"https:\/\/www.azerbaijan-news.az\/uploads\/documents\/pdf\/1-12pdf-1687468716.pdf\"> qulluq&ccedil;ular\u0131n\u0131n pe\u015f\u0259 bayram\u0131 m&uuml;nasib\u0259ti il\u0259 &#8220;Az\u0259rbaycan&#8221; q\u0259zetind\u0259 d\u0259rc<\/a><\/p>\n<p><a href=\"https:\/\/www.azerbaijan-news.az\/uploads\/documents\/pdf\/1-12pdf-1687468716.pdf\">edilmi\u015f&nbsp; m\u0259qal\u0259sinin linki:<\/a><\/p>\t\t\t\t\t<\/div>\n\t\t\t\t\t\t<\/div>\n\t\t\t\t<\/div>\n\t\t\t\t\t\t<\/div>\n\t\t\t\t\t<\/div>\n\t\t<\/div>\n\t\t\t\t\t\t\t\t<\/div>\n\t\t\t\t\t<\/div>\n\t\t<\/section>\n\t\t\t\t\t\t<\/div>\n\t\t\t\t\t\t<\/div>\n\t\t\t\t\t<\/div>","protected":false},"excerpt":{"rendered":"<p>D\u0130A-n\u0131n rektoru, akademik Urxan \u018fl\u0259kb\u0259rovun m\u0259qal\u0259si \u201cAz\u0259rbaycan\u201d q\u0259zetind\u0259 \u00e7ap olunub Az\u0259rbaycan Respublikas\u0131n\u0131n Prezidenti yan\u0131nda D\u00f6vl\u0259t \u0130dar\u0259\u00e7ilik Akademiyas\u0131n\u0131n rektoru, akademik Urxan \u018fl\u0259kb\u0259rovun d\u00f6vl\u0259t qulluq\u00e7ular\u0131n\u0131n pe\u015f\u0259 bayram\u0131 m\u00fcnasib\u0259ti il\u0259 &#8220;Az\u0259rbaycan&#8221; q\u0259zetind\u0259 d\u0259rc edilmi\u015f&nbsp; m\u0259qal\u0259sinin linki:<\/p>","protected":false},"author":2,"featured_media":20514,"comment_status":"closed","ping_status":"closed","sticky":false,"template":"","format":"standard","meta":[],"categories":[137],"tags":[],"_links":{"self":[{"href":"https:\/\/legacy.dia.edu.az\/ru\/wp-json\/wp\/v2\/posts\/20513"}],"collection":[{"href":"https:\/\/legacy.dia.edu.az\/ru\/wp-json\/wp\/v2\/posts"}],"about":[{"href":"https:\/\/legacy.dia.edu.az\/ru\/wp-json\/wp\/v2\/types\/post"}],"author":[{"embeddable":true,"href":"https:\/\/legacy.dia.edu.az\/ru\/wp-json\/wp\/v2\/users\/2"}],"replies":[{"embeddable":true,"href":"https:\/\/legacy.dia.edu.az\/ru\/wp-json\/wp\/v2\/comments?post=20513"}],"version-history":[{"count":5,"href":"https:\/\/legacy.dia.edu.az\/ru\/wp-json\/wp\/v2\/posts\/20513\/revisions"}],"predecessor-version":[{"id":20519,"href":"https:\/\/legacy.dia.edu.az\/ru\/wp-json\/wp\/v2\/posts\/20513\/revisions\/20519"}],"wp:featuredmedia":[{"embeddable":true,"href":"https:\/\/legacy.dia.edu.az\/ru\/wp-json\/wp\/v2\/media\/20514"}],"wp:attachment":[{"href":"https:\/\/legacy.dia.edu.az\/ru\/wp-json\/wp\/v2\/media?parent=20513"}],"wp:term":[{"taxonomy":"category","embeddable":true,"href":"https:\/\/legacy.dia.edu.az\/ru\/wp-json\/wp\/v2\/categories?post=20513"},{"taxonomy":"post_tag","embeddable":true,"href":"https:\/\/legacy.dia.edu.az\/ru\/wp-json\/wp\/v2\/tags?post=20513"}],"curies":[{"name":"wp","href":"https:\/\/api.w.org\/{rel}","templated":true}]}}