{"id":20499,"date":"2023-06-23T09:11:15","date_gmt":"2023-06-23T05:11:15","guid":{"rendered":"https:\/\/dia.edu.az\/?p=20499"},"modified":"2023-06-23T09:15:46","modified_gmt":"2023-06-23T05:15:46","slug":"muasir-dovrd%c9%99-dovl%c9%99t-qulluqcularinin-xidm%c9%99ti-f%c9%99aliyy%c9%99tinin-qiym%c9%99tl%c9%99ndirilm%c9%99si-t%c9%99lim","status":"publish","type":"post","link":"https:\/\/legacy.dia.edu.az\/ru\/arxivl\u0259r\/20499","title":{"rendered":"\u201cM\u00fcasir d\u00f6vrd\u0259 d\u00f6vl\u0259t qulluq\u00e7ular\u0131n\u0131n xidm\u0259ti f\u0259aliyy\u0259tinin qiym\u0259tl\u0259ndirilm\u0259si\u201d &#8211; t\u0259lim"},"content":{"rendered":"<div data-elementor-type=\"wp-post\" data-elementor-id=\"20499\" class=\"elementor elementor-20499\" data-elementor-settings=\"[]\">\n\t\t\t\t\t\t<div class=\"elementor-inner\">\n\t\t\t\t\t\t\t<div class=\"elementor-section-wrap\">\n\t\t\t\t\t\t\t<section class=\"elementor-section elementor-top-section elementor-element elementor-element-eed215b elementor-section-boxed elementor-section-height-default elementor-section-height-default\" data-id=\"eed215b\" data-element_type=\"section\">\n\t\t\t\t\t\t<div class=\"elementor-container elementor-column-gap-default\">\n\t\t\t\t\t\t\t<div class=\"elementor-row\">\n\t\t\t\t\t<div class=\"elementor-column elementor-col-100 elementor-top-column elementor-element elementor-element-0c8bae9\" data-id=\"0c8bae9\" data-element_type=\"column\">\n\t\t\t<div class=\"elementor-column-wrap elementor-element-populated\">\n\t\t\t\t\t\t\t<div class=\"elementor-widget-wrap\">\n\t\t\t\t\t\t<div class=\"elementor-element elementor-element-486b0d7 elementor-widget elementor-widget-text-editor\" data-id=\"486b0d7\" data-element_type=\"widget\" data-widget_type=\"text-editor.default\">\n\t\t\t\t<div class=\"elementor-widget-container\">\n\t\t\t\t\t\t\t\t<div class=\"elementor-text-editor elementor-clearfix\">\n\t\t\t\t\t\u201cM\u00fcasir d\u00f6vrd\u0259 d\u00f6vl\u0259t qulluq\u00e7ular\u0131n\u0131n xidm\u0259ti f\u0259aliyy\u0259tinin qiym\u0259tl\u0259ndirilm\u0259si\u201d &#8211; t\u0259lim\t\t\t\t\t<\/div>\n\t\t\t\t\t\t<\/div>\n\t\t\t\t<\/div>\n\t\t\t\t\t\t<\/div>\n\t\t\t\t\t<\/div>\n\t\t<\/div>\n\t\t\t\t\t\t\t\t<\/div>\n\t\t\t\t\t<\/div>\n\t\t<\/section>\n\t\t\t\t<section class=\"elementor-section elementor-top-section elementor-element elementor-element-0b1cc55 elementor-section-boxed elementor-section-height-default elementor-section-height-default\" data-id=\"0b1cc55\" data-element_type=\"section\">\n\t\t\t\t\t\t<div class=\"elementor-container elementor-column-gap-default\">\n\t\t\t\t\t\t\t<div class=\"elementor-row\">\n\t\t\t\t\t<div class=\"elementor-column elementor-col-100 elementor-top-column elementor-element elementor-element-e2c2d22\" data-id=\"e2c2d22\" data-element_type=\"column\">\n\t\t\t<div class=\"elementor-column-wrap elementor-element-populated\">\n\t\t\t\t\t\t\t<div class=\"elementor-widget-wrap\">\n\t\t\t\t\t\t<div class=\"elementor-element elementor-element-24758a5 elementor-position-top elementor-vertical-align-top elementor-widget elementor-widget-image-box\" data-id=\"24758a5\" data-element_type=\"widget\" data-widget_type=\"image-box.default\">\n\t\t\t\t<div class=\"elementor-widget-container\">\n\t\t\t<div class=\"elementor-image-box-wrapper\"><figure class=\"elementor-image-box-img\"><a href=\"https:\/\/dia.edu.az\/wp-content\/uploads\/2023\/06\/1687424798889822894_1000x669.jpg\"><img width=\"1000\" height=\"562\" src=\"https:\/\/legacy.dia.edu.az\/wp-content\/uploads\/2023\/06\/1687424798889822894_1000x669.jpg\" class=\"attachment-full size-full\" alt=\"\" srcset=\"https:\/\/legacy.dia.edu.az\/wp-content\/uploads\/2023\/06\/1687424798889822894_1000x669.jpg 1000w, https:\/\/legacy.dia.edu.az\/wp-content\/uploads\/2023\/06\/1687424798889822894_1000x669-200x112.jpg 200w, https:\/\/legacy.dia.edu.az\/wp-content\/uploads\/2023\/06\/1687424798889822894_1000x669-450x253.jpg 450w, https:\/\/legacy.dia.edu.az\/wp-content\/uploads\/2023\/06\/1687424798889822894_1000x669-18x10.jpg 18w, https:\/\/legacy.dia.edu.az\/wp-content\/uploads\/2023\/06\/1687424798889822894_1000x669-200x112@2x.jpg 400w, https:\/\/legacy.dia.edu.az\/wp-content\/uploads\/2023\/06\/1687424798889822894_1000x669-450x253@2x.jpg 900w\" sizes=\"(max-width: 1000px) 100vw, 1000px\" \/><\/a><\/figure><div class=\"elementor-image-box-content\"><h3 class=\"elementor-image-box-title\"><a href=\"https:\/\/dia.edu.az\/wp-content\/uploads\/2023\/06\/1687424798889822894_1000x669.jpg\">This is the heading<\/a><\/h3><p class=\"elementor-image-box-description\">Az\u0259rbaycan Respublikas\u0131n\u0131n Prezidenti yan\u0131nda D\u00f6vl\u0259t \u0130dar\u0259\u00e7ilik Akademiyas\u0131 (D\u0130A) t\u0259r\u0259find\u0259n yerli icra hakimiyy\u0259ti orqanlar\u0131n\u0131n \u0259m\u0259kda\u015flar\u0131 \u00fc\u00e7\u00fcn n\u00f6vb\u0259ti onlayn t\u0259lim ke\u00e7irilib.\nQeyd olunub ki, Az\u0259rbaycan Respublikas\u0131n\u0131n Prezidenti \u0130lham \u018fliyev t\u0259r\u0259find\u0259n 2023-c\u00fc ilin \u201cHeyd\u0259r \u018fliyev \u0130li\u201d elan edilm\u0259si il\u0259 \u0259laq\u0259dar D\u0130A-da n\u0259z\u0259rd\u0259 tutulan t\u0259dbirl\u0259r plan\u0131nda d\u00f6vl\u0259t qulluq\u00e7ular\u0131 \u00fc\u00e7\u00fcn t\u0259liml\u0259rin ke\u00e7irilm\u0259si planla\u015fd\u0131r\u0131l\u0131b. Bu m\u0259qs\u0259dl\u0259 D\u00f6vl\u0259t \u0130dar\u0259\u00e7ilik Akademiyas\u0131 yerli icra hakimiyy\u0259ti orqanlar\u0131n\u0131n \u0259m\u0259kda\u015flar\u0131 \u00fc\u00e7\u00fcn silsil\u0259 t\u0259liml\u0259r t\u0259\u015fkil edir. N\u00f6vb\u0259ti t\u0259limd\u0259 D\u00f6vl\u0259t \u0130dar\u0259\u00e7ilik Akademiyas\u0131n\u0131n D\u00f6vl\u0259t qullu\u011fu v\u0259 kadr siyas\u0259ti kafedras\u0131n\u0131n m\u00fcdiri siyasi elml\u0259r \u00fczr\u0259 f\u0259ls\u0259f\u0259 doktoru, dosent R\u0259c\u0259b R\u0259himli \u201cD\u00f6vl\u0259t qulluq\u00e7ular\u0131n\u0131n xidm\u0259ti f\u0259aliyy\u0259tinin qiym\u0259tl\u0259ndirilm\u0259si\u201d m\u00f6vzusunda m\u00fchazir\u0259 il\u0259 \u00e7\u0131x\u0131\u015f edib. Dinl\u0259yici auditoriyas\u0131n\u0131 Az\u0259rbaycan Respublikas\u0131n\u0131n \u0259ks\u0259r rayon v\u0259 \u015f\u0259h\u0259r icra hakimiyy\u0259ti ba\u015f\u00e7\u0131lar\u0131n\u0131n m\u00fcavinl\u0259ri, icra hakimiyy\u0259ti aparat\u0131n\u0131n \u015f\u00f6b\u0259 m\u00fcdirl\u0259ri v\u0259 inzibati v\u0259zif\u0259 da\u015f\u0131yan 130 n\u0259f\u0259r d\u00f6vl\u0259t qulluq\u00e7usu t\u0259\u015fkil edib. R\u0259c\u0259b R\u0259himli t\u0259lim i\u015ftirak\u00e7\u0131lar\u0131na son ill\u0259r Az\u0259rbaycanda d\u00f6vl\u0259t idar\u0259\u00e7ilik sistemind\u0259 v\u0259 d\u00f6vl\u0259t qullu\u011fu sah\u0259sind\u0259 h\u0259yata ke\u00e7iril\u0259n islahatlardan dan\u0131\u015f\u0131b, \u00f6lk\u0259 Prezidentinin d\u00f6vl\u0259t idar\u0259\u00e7ilik sisteminin t\u0259kmill\u0259\u015fdirilm\u0259si v\u0259 d\u00f6vl\u0259t qullu\u011funun daha \u00e7evik v\u0259 mobil f\u0259aliyy\u0259tinin t\u0259\u015fkil edilm\u0259si \u00fc\u00e7\u00fcn imzalad\u0131\u011f\u0131 f\u0259rman v\u0259 s\u0259r\u0259ncamlar, D\u00f6vl\u0259t proqramlar\u0131, Milli Prioritetl\u0259r v\u0259 d\u00f6vl\u0259t qullu\u011funun inki\u015faf\u0131na dair 2019-2025-ci ill\u0259r \u00fc\u00e7\u00fcn Strategiya haqq\u0131nda m\u0259lumat verib. M\u0259ruz\u0259d\u0259 qeyd edilib ki, Az\u0259rbaycan Respublikas\u0131n\u0131n Prezidenti \u0130lham \u018fliyev t\u0259r\u0259find\u0259n 24 noyabr 2020-ci il tarixind\u0259 \u201cD\u00f6vl\u0259t qullu\u011fu haqq\u0131nda\u201d Az\u0259rbaycan Respublikas\u0131n\u0131n Qanununda d\u0259yi\u015fiklik edilm\u0259si bar\u0259d\u0259 Az\u0259rbaycan Respublikas\u0131n\u0131n Qanunu v\u0259 Qanunun t\u0259tbiqi il\u0259 ba\u011fl\u0131 26 dekabr 2020-ci il tarixind\u0259 F\u0259rman imzalan\u0131b. D\u0259yi\u015fiklikl\u0259r d\u00f6vl\u0259t qulluq\u00e7usunun f\u0259aliyy\u0259tin\u0259 n\u0259zar\u0259tin h\u0259yata ke\u00e7irilm\u0259si, onun potensial imkanlar\u0131n\u0131n a\u015fkara \u00e7\u0131xar\u0131lmas\u0131, d\u00f6vl\u0259t qulluq\u00e7usunun xidm\u0259ti f\u0259aliyy\u0259tinin qiym\u0259tl\u0259ndirilm\u0259sini n\u0259z\u0259rd\u0259 tutur. Bundan \u0259lav\u0259, R\u0259c\u0259b R\u0259himli t\u0259lim i\u015ftirak\u00e7\u0131lar\u0131na Nazirl\u0259r Kabinetinin 6 aprel 2021-ci il tarixli \u201cD\u00f6vl\u0259t qulluq\u00e7usunun xidm\u0259ti f\u0259aliyy\u0259tinin qiym\u0259tl\u0259ndirilm\u0259si Qaydas\u0131\u201d, d\u00f6vl\u0259t qulluq\u00e7usunun xidm\u0259ti f\u0259aliyy\u0259tinin qiym\u0259tl\u0259ndirilm\u0259sinin beyn\u0259lxalq t\u0259cr\u00fcb\u0259si, qiym\u0259tl\u0259ndirm\u0259nin m\u0259qs\u0259di, qiym\u0259tl\u0259ndirilm\u0259y\u0259 haz\u0131rl\u0131q, qiym\u0259tl\u0259ndirilm\u0259 d\u00f6vr\u00fc, qiym\u0259tl\u0259ndirilm\u0259nin n\u0259tic\u0259sin\u0259 \u0259sas\u0259n g\u00f6r\u00fcl\u0259c\u0259k t\u0259dbirl\u0259r bar\u0259d\u0259 m\u0259lumat verib. M\u0259ruz\u0259\u00e7i, h\u0259m\u00e7inin \u00f6lk\u0259d\u0259 d\u00f6vl\u0259t aparat\u0131n\u0131n s\u0259m\u0259r\u0259li f\u0259aliyy\u0259t g\u00f6st\u0259rm\u0259si \u00fc\u00e7\u00fcn intellektual s\u0259viyy\u0259si v\u0259 idar\u0259etm\u0259 bacar\u0131qlar\u0131 y\u00fcks\u0259k olan perspektivli r\u0259hb\u0259rl\u0259rin m\u00fc\u0259yy\u0259n edilm\u0259si m\u0259qs\u0259dil\u0259 ke\u00e7iril\u0259n \u201cY\u00fcks\u0259li\u015f\u201d m\u00fcsabiq\u0259si haqq\u0131nda m\u0259lumat verib, m\u00fcsabiq\u0259d\u0259 istifad\u0259 edil\u0259n \u00e7oxpill\u0259li kompleks qiym\u0259tl\u0259ndirilm\u0259 n\u0259tic\u0259sind\u0259 savadl\u0131 v\u0259 istedadl\u0131 kadrlar\u0131n m\u00fc\u0259yy\u0259n edil\u0259r\u0259k \u00f6lk\u0259d\u0259 idar\u0259\u00e7i kadr ehtiyat\u0131 bank\u0131n\u0131n yarad\u0131lmas\u0131n\u0131 vur\u011fulay\u0131b. O, d\u00fcnyada t\u0259tbiq edil\u0259n yeni trend-d\u00f6vl\u0259t qullu\u011funda istedadlar\u0131n idar\u0259 edilm\u0259si modeli haqq\u0131nda dinl\u0259yicil\u0259ri m\u0259lumatland\u0131r\u0131b, bu modelin t\u0259tbiqi \u00fc\u00e7\u00fcn d\u00f6vl\u0259t qulluq\u00e7ular\u0131 s\u0131ras\u0131nda \u0259h\u0259miyy\u0259tli potensial\u0131n a\u015fkarlanaraq inki\u015faf etdirilm\u0259si, m\u00fcvafiq m\u00f6vqel\u0259r\u0259 yerl\u0259\u015fdirilm\u0259sind\u0259n dan\u0131\u015f\u0131b. Bundan ba\u015fqa, t\u0259lim zaman\u0131 Az\u0259rbaycan Respublikas\u0131nda d\u00f6vl\u0259t qullu\u011funun inki\u015faf\u0131na dair 2019-2025-ci ill\u0259r \u00fc\u00e7\u00fcn Strategiya haqq\u0131nda m\u0259lumat verilib, Strategiyada d\u00f6vl\u0259t qullu\u011fu sisteminin inki\u015faf\u0131 m\u0259qs\u0259dil\u0259 institusional quruculuq, kadr siyas\u0259ti, d\u00f6vl\u0259t qulluq\u00e7ular\u0131n\u0131n rotasiyas\u0131, d\u00f6vl\u0259t qullu\u011funda s\u0259ri\u015ft\u0259 v\u0259 m\u00fct\u0259r\u0259qqi motivasiya modell\u0259rinin t\u0259tbiqi bar\u0259d\u0259 s\u00f6hb\u0259t a\u00e7\u0131l\u0131b. T\u0259limin sonunda R\u0259c\u0259b R\u0259himli Prezident \u0130lham \u018fliyevin 2021-ci il 2 fevral tarixind\u0259 imzalad\u0131\u011f\u0131 \u201cAz\u0259rbaycan 2030: sosial-iqtisadi inki\u015fafa dair Milli Prioritetl\u0259r\u201din t\u0259sdiq edilm\u0259si haqq\u0131nda S\u0259r\u0259ncam\u0131n\u0131 yada sal\u0131b v\u0259 n\u00f6vb\u0259ti onillikd\u0259 \u00f6lk\u0259mizin qar\u015f\u0131s\u0131nda duran v\u0259zif\u0259l\u0259ri - r\u0259qab\u0259tli insan kapital\u0131, m\u00fcasir innovasiyalar m\u0259kan\u0131n\u0131n yarad\u0131lmas\u0131, i\u015f\u011faldan azad olunmu\u015f \u0259razil\u0259r\u0259 b\u00f6y\u00fck qay\u0131d\u0131\u015f\u0131n t\u0259\u015fkil edilm\u0259si, t\u0259miz \u0259traf m\u00fchit kimi h\u0259d\u0259fl\u0259rin realla\u015fd\u0131r\u0131lmas\u0131nda d\u00f6vl\u0259t qulluq\u00e7ular\u0131 qar\u015f\u0131s\u0131nda duran m\u00fch\u00fcm v\u0259zif\u0259l\u0259ri vur\u011fulay\u0131b. T\u0259limin yekununda i\u015ftirak\u00e7\u0131lar\u0131n suallar\u0131 cavabland\u0131r\u0131l\u0131b.<\/p><\/div><\/div>\t\t<\/div>\n\t\t\t\t<\/div>\n\t\t\t\t\t\t<\/div>\n\t\t\t\t\t<\/div>\n\t\t<\/div>\n\t\t\t\t\t\t\t\t<\/div>\n\t\t\t\t\t<\/div>\n\t\t<\/section>\n\t\t\t\t\t\t<\/div>\n\t\t\t\t\t\t<\/div>\n\t\t\t\t\t<\/div>","protected":false},"excerpt":{"rendered":"<p>\u201cM\u00fcasir d\u00f6vrd\u0259 d\u00f6vl\u0259t qulluq\u00e7ular\u0131n\u0131n xidm\u0259ti f\u0259aliyy\u0259tinin qiym\u0259tl\u0259ndirilm\u0259si\u201d &#8211; t\u0259lim This is the heading Az\u0259rbaycan Respublikas\u0131n\u0131n Prezidenti yan\u0131nda D\u00f6vl\u0259t \u0130dar\u0259\u00e7ilik Akademiyas\u0131 (D\u0130A) t\u0259r\u0259find\u0259n yerli icra hakimiyy\u0259ti orqanlar\u0131n\u0131n \u0259m\u0259kda\u015flar\u0131 \u00fc\u00e7\u00fcn n\u00f6vb\u0259ti onlayn t\u0259lim ke\u00e7irilib. Qeyd olunub ki, Az\u0259rbaycan Respublikas\u0131n\u0131n Prezidenti \u0130lham \u018fliyev t\u0259r\u0259find\u0259n 2023-c\u00fc ilin \u201cHeyd\u0259r \u018fliyev \u0130li\u201d elan edilm\u0259si il\u0259 \u0259laq\u0259dar D\u0130A-da n\u0259z\u0259rd\u0259 tutulan t\u0259dbirl\u0259r plan\u0131nda [&hellip;]<\/p>","protected":false},"author":2,"featured_media":20500,"comment_status":"closed","ping_status":"closed","sticky":false,"template":"","format":"standard","meta":[],"categories":[137],"tags":[],"_links":{"self":[{"href":"https:\/\/legacy.dia.edu.az\/ru\/wp-json\/wp\/v2\/posts\/20499"}],"collection":[{"href":"https:\/\/legacy.dia.edu.az\/ru\/wp-json\/wp\/v2\/posts"}],"about":[{"href":"https:\/\/legacy.dia.edu.az\/ru\/wp-json\/wp\/v2\/types\/post"}],"author":[{"embeddable":true,"href":"https:\/\/legacy.dia.edu.az\/ru\/wp-json\/wp\/v2\/users\/2"}],"replies":[{"embeddable":true,"href":"https:\/\/legacy.dia.edu.az\/ru\/wp-json\/wp\/v2\/comments?post=20499"}],"version-history":[{"count":5,"href":"https:\/\/legacy.dia.edu.az\/ru\/wp-json\/wp\/v2\/posts\/20499\/revisions"}],"predecessor-version":[{"id":20506,"href":"https:\/\/legacy.dia.edu.az\/ru\/wp-json\/wp\/v2\/posts\/20499\/revisions\/20506"}],"wp:featuredmedia":[{"embeddable":true,"href":"https:\/\/legacy.dia.edu.az\/ru\/wp-json\/wp\/v2\/media\/20500"}],"wp:attachment":[{"href":"https:\/\/legacy.dia.edu.az\/ru\/wp-json\/wp\/v2\/media?parent=20499"}],"wp:term":[{"taxonomy":"category","embeddable":true,"href":"https:\/\/legacy.dia.edu.az\/ru\/wp-json\/wp\/v2\/categories?post=20499"},{"taxonomy":"post_tag","embeddable":true,"href":"https:\/\/legacy.dia.edu.az\/ru\/wp-json\/wp\/v2\/tags?post=20499"}],"curies":[{"name":"wp","href":"https:\/\/api.w.org\/{rel}","templated":true}]}}