{"id":20488,"date":"2023-06-22T10:28:21","date_gmt":"2023-06-22T06:28:21","guid":{"rendered":"https:\/\/dia.edu.az\/?p=20488"},"modified":"2023-06-22T10:32:46","modified_gmt":"2023-06-22T06:32:46","slug":"ulu-ond%c9%99r-v%c9%99-az%c9%99rbaycanda-yeni-idar%c9%99cilik-texnologiyalari-movzusunda-t%c9%99lim","status":"publish","type":"post","link":"https:\/\/legacy.dia.edu.az\/ru\/arxivl\u0259r\/20488","title":{"rendered":"Ulu \u00d6nd\u0259r v\u0259 Az\u0259rbaycanda yeni idar\u0259\u00e7ilik texnologiyalar\u0131 m\u00f6vzusunda t\u0259lim"},"content":{"rendered":"<div data-elementor-type=\"wp-post\" data-elementor-id=\"20488\" class=\"elementor elementor-20488\" data-elementor-settings=\"[]\">\n\t\t\t\t\t\t<div class=\"elementor-inner\">\n\t\t\t\t\t\t\t<div class=\"elementor-section-wrap\">\n\t\t\t\t\t\t\t<section class=\"elementor-section elementor-top-section elementor-element elementor-element-f2428e7 elementor-section-boxed elementor-section-height-default elementor-section-height-default\" data-id=\"f2428e7\" data-element_type=\"section\">\n\t\t\t\t\t\t<div class=\"elementor-container elementor-column-gap-default\">\n\t\t\t\t\t\t\t<div class=\"elementor-row\">\n\t\t\t\t\t<div class=\"elementor-column elementor-col-100 elementor-top-column elementor-element elementor-element-ce4204a\" data-id=\"ce4204a\" data-element_type=\"column\">\n\t\t\t<div class=\"elementor-column-wrap elementor-element-populated\">\n\t\t\t\t\t\t\t<div class=\"elementor-widget-wrap\">\n\t\t\t\t\t\t<div class=\"elementor-element elementor-element-1544196 elementor-widget elementor-widget-text-editor\" data-id=\"1544196\" data-element_type=\"widget\" data-widget_type=\"text-editor.default\">\n\t\t\t\t<div class=\"elementor-widget-container\">\n\t\t\t\t\t\t\t\t<div class=\"elementor-text-editor elementor-clearfix\">\n\t\t\t\t\tUlu \u00d6nd\u0259r v\u0259 Az\u0259rbaycanda yeni idar\u0259\u00e7ilik texnologiyalar\u0131 m\u00f6vzusunda t\u0259lim\t\t\t\t\t<\/div>\n\t\t\t\t\t\t<\/div>\n\t\t\t\t<\/div>\n\t\t\t\t\t\t<\/div>\n\t\t\t\t\t<\/div>\n\t\t<\/div>\n\t\t\t\t\t\t\t\t<\/div>\n\t\t\t\t\t<\/div>\n\t\t<\/section>\n\t\t\t\t<section class=\"elementor-section elementor-top-section elementor-element elementor-element-b7ceaf2 elementor-section-boxed elementor-section-height-default elementor-section-height-default\" data-id=\"b7ceaf2\" data-element_type=\"section\">\n\t\t\t\t\t\t<div class=\"elementor-container elementor-column-gap-default\">\n\t\t\t\t\t\t\t<div class=\"elementor-row\">\n\t\t\t\t\t<div class=\"elementor-column elementor-col-50 elementor-top-column elementor-element elementor-element-0c5a9b0\" data-id=\"0c5a9b0\" data-element_type=\"column\">\n\t\t\t<div class=\"elementor-column-wrap elementor-element-populated\">\n\t\t\t\t\t\t\t<div class=\"elementor-widget-wrap\">\n\t\t\t\t\t\t<div class=\"elementor-element elementor-element-bb31df4 elementor-widget elementor-widget-image\" data-id=\"bb31df4\" data-element_type=\"widget\" data-widget_type=\"image.default\">\n\t\t\t\t<div class=\"elementor-widget-container\">\n\t\t\t\t\t\t\t\t<div class=\"elementor-image\">\n\t\t\t\t\t\t\t\t\t\t\t\t\t<a href=\"https:\/\/dia.edu.az\/wp-content\/uploads\/2023\/06\/16874103331490645731_1000x669.jpg\">\n\t\t\t\t\t\t\t<img width=\"450\" height=\"300\" src=\"https:\/\/legacy.dia.edu.az\/wp-content\/uploads\/2023\/06\/16874103331490645731_1000x669-450x300.jpg\" class=\"attachment-large size-large\" alt=\"\" srcset=\"https:\/\/legacy.dia.edu.az\/wp-content\/uploads\/2023\/06\/16874103331490645731_1000x669-450x300.jpg 450w, https:\/\/legacy.dia.edu.az\/wp-content\/uploads\/2023\/06\/16874103331490645731_1000x669-200x133.jpg 200w, https:\/\/legacy.dia.edu.az\/wp-content\/uploads\/2023\/06\/16874103331490645731_1000x669-18x12.jpg 18w, https:\/\/legacy.dia.edu.az\/wp-content\/uploads\/2023\/06\/16874103331490645731_1000x669-150x100.jpg 150w, https:\/\/legacy.dia.edu.az\/wp-content\/uploads\/2023\/06\/16874103331490645731_1000x669.jpg 1000w, https:\/\/legacy.dia.edu.az\/wp-content\/uploads\/2023\/06\/16874103331490645731_1000x669-450x300@2x.jpg 900w, https:\/\/legacy.dia.edu.az\/wp-content\/uploads\/2023\/06\/16874103331490645731_1000x669-200x133@2x.jpg 400w\" sizes=\"(max-width: 450px) 100vw, 450px\" \/>\t\t\t\t\t\t\t\t<\/a>\n\t\t\t\t\t\t\t\t\t\t\t\t\t\t<\/div>\n\t\t\t\t\t\t<\/div>\n\t\t\t\t<\/div>\n\t\t\t\t\t\t<\/div>\n\t\t\t\t\t<\/div>\n\t\t<\/div>\n\t\t\t\t<div class=\"elementor-column elementor-col-50 elementor-top-column elementor-element elementor-element-6492e4a\" data-id=\"6492e4a\" data-element_type=\"column\">\n\t\t\t<div class=\"elementor-column-wrap elementor-element-populated\">\n\t\t\t\t\t\t\t<div class=\"elementor-widget-wrap\">\n\t\t\t\t\t\t<div class=\"elementor-element elementor-element-e6537f0 elementor-widget elementor-widget-image\" data-id=\"e6537f0\" data-element_type=\"widget\" data-widget_type=\"image.default\">\n\t\t\t\t<div class=\"elementor-widget-container\">\n\t\t\t\t\t\t\t\t<div class=\"elementor-image\">\n\t\t\t\t\t\t\t\t\t\t\t\t\t<a href=\"https:\/\/dia.edu.az\/wp-content\/uploads\/2023\/06\/1687410333686960693_1000x669.jpg\" data-elementor-open-lightbox=\"yes\" data-elementor-lightbox-title=\"1687410333686960693_1000x669\">\n\t\t\t\t\t\t\t<img width=\"450\" height=\"300\" src=\"https:\/\/legacy.dia.edu.az\/wp-content\/uploads\/2023\/06\/1687410333686960693_1000x669-450x300.jpg\" class=\"attachment-large size-large\" alt=\"\" srcset=\"https:\/\/legacy.dia.edu.az\/wp-content\/uploads\/2023\/06\/1687410333686960693_1000x669-450x300.jpg 450w, https:\/\/legacy.dia.edu.az\/wp-content\/uploads\/2023\/06\/1687410333686960693_1000x669-200x133.jpg 200w, https:\/\/legacy.dia.edu.az\/wp-content\/uploads\/2023\/06\/1687410333686960693_1000x669-18x12.jpg 18w, https:\/\/legacy.dia.edu.az\/wp-content\/uploads\/2023\/06\/1687410333686960693_1000x669-150x100.jpg 150w, https:\/\/legacy.dia.edu.az\/wp-content\/uploads\/2023\/06\/1687410333686960693_1000x669.jpg 1000w, https:\/\/legacy.dia.edu.az\/wp-content\/uploads\/2023\/06\/1687410333686960693_1000x669-450x300@2x.jpg 900w, https:\/\/legacy.dia.edu.az\/wp-content\/uploads\/2023\/06\/1687410333686960693_1000x669-200x133@2x.jpg 400w\" sizes=\"(max-width: 450px) 100vw, 450px\" \/>\t\t\t\t\t\t\t\t<\/a>\n\t\t\t\t\t\t\t\t\t\t\t\t\t\t<\/div>\n\t\t\t\t\t\t<\/div>\n\t\t\t\t<\/div>\n\t\t\t\t\t\t<\/div>\n\t\t\t\t\t<\/div>\n\t\t<\/div>\n\t\t\t\t\t\t\t\t<\/div>\n\t\t\t\t\t<\/div>\n\t\t<\/section>\n\t\t\t\t<section class=\"elementor-section elementor-top-section elementor-element elementor-element-9a2cb7e elementor-section-boxed elementor-section-height-default elementor-section-height-default\" data-id=\"9a2cb7e\" data-element_type=\"section\">\n\t\t\t\t\t\t<div class=\"elementor-container elementor-column-gap-default\">\n\t\t\t\t\t\t\t<div class=\"elementor-row\">\n\t\t\t\t\t<div class=\"elementor-column elementor-col-100 elementor-top-column elementor-element elementor-element-ef0d950\" data-id=\"ef0d950\" data-element_type=\"column\">\n\t\t\t<div class=\"elementor-column-wrap elementor-element-populated\">\n\t\t\t\t\t\t\t<div class=\"elementor-widget-wrap\">\n\t\t\t\t\t\t<div class=\"elementor-element elementor-element-998e6f4 elementor-widget elementor-widget-text-editor\" data-id=\"998e6f4\" data-element_type=\"widget\" data-widget_type=\"text-editor.default\">\n\t\t\t\t<div class=\"elementor-widget-container\">\n\t\t\t\t\t\t\t\t<div class=\"elementor-text-editor elementor-clearfix\">\n\t\t\t\t\t<p>\u201cHeyd\u0259r \u018fliyev \u0130li\u201d \u00e7\u0259r\u00e7iv\u0259sind\u0259 Az\u0259rbaycan Respublikas\u0131n\u0131n Prezidenti yan\u0131nda D\u00f6vl\u0259t \u0130dar\u0259\u00e7ilik Akademiyas\u0131 (D\u0130A) v\u0259 G\u0259d\u0259b\u0259y Rayon \u0130cra Hakimiyy\u0259tinin birg\u0259 t\u0259\u015fkilat\u00e7\u0131l\u0131\u011f\u0131 il\u0259 \u201c\u00dcmummilli Lider Heyd\u0259r \u018fliyev v\u0259 Az\u0259rbaycan Respublikas\u0131n\u0131n inkl\u00fcziv inki\u015faf\u0131 sah\u0259sind\u0259 d\u00fcnya liderliyini t\u0259min ed\u0259n yeni idar\u0259\u00e7ilik texnologiyalar\u0131\u201d m\u00f6vzusunda t\u0259lim ke\u00e7irilib.\n\n\u018fvv\u0259lc\u0259 Ulu \u00d6nd\u0259r Heyd\u0259r \u018fliyevin abid\u0259si ziyar\u0259t edilib, \u00f6n\u00fcn\u0259 g\u00fcl d\u0259st\u0259l\u0259ri qoyulub.\n\n\nG\u0259d\u0259b\u0259y Rayon \u0130cra Hakimiyy\u0259tinin ba\u015f\u00e7\u0131s\u0131 Orxan M\u00fcrs\u0259lov t\u0259dbird\u0259 \u00e7\u0131x\u0131\u015f ed\u0259r\u0259k, Ulu \u00d6nd\u0259r Heyd\u0259r \u018fliyevin siyasi f\u0259aliyy\u0259tind\u0259n, Az\u0259rbaycan xalq\u0131 v\u0259 d\u00f6vl\u0259ti qar\u015f\u0131s\u0131nda xidm\u0259tl\u0259rind\u0259n dan\u0131\u015f\u0131b.\n\nSonra D\u0130A-n\u0131n rektoru akademik Urxan \u018fl\u0259kb\u0259rov \u201c\u00dcmummilli Lider Heyd\u0259r \u018fliyev v\u0259 Az\u0259rbaycan Respublikas\u0131n\u0131n inkl\u00fcziv inki\u015faf\u0131 sah\u0259sind\u0259 d\u00fcnya liderliyini t\u0259min ed\u0259n yeni idar\u0259\u00e7ilik texnologiyalar\u0131\u201d m\u00f6vzusunda t\u0259qdimatla \u00e7\u0131x\u0131\u015f edib. Urxan \u018fl\u0259kb\u0259rov t\u0259qdimatda \u00dcmummilli Lider t\u0259r\u0259find\u0259n m\u00fc\u0259yy\u0259nl\u0259\u015fdirilmi\u015f v\u0259 Prezident \u0130lham \u018fliyevin u\u011furla davam etdirdiyi inki\u015faf strategiyas\u0131 say\u0259sind\u0259 Az\u0259rbaycan\u0131n qazand\u0131\u011f\u0131 nailiyy\u0259tl\u0259r\u0259 diqq\u0259t \u00e7\u0259kib. O, Prezident \u0130lham \u018fliyev t\u0259r\u0259find\u0259n i\u015fl\u0259n\u0259r\u0259k t\u0259tbiq edilmi\u015f yeni d\u00f6vl\u0259t idar\u0259\u00e7iliyi texnologiyalar\u0131n\u0131n Az\u0259rbaycan\u0131 davaml\u0131 inkl\u00fcziv inki\u015faf namin\u0259 resurslardan s\u0259m\u0259r\u0259li istifad\u0259 \u00fczr\u0259 regional v\u0259 qlobal lider\u0259 \u00e7evrilm\u0259sin\u0259 g\u0259tirib \u00e7\u0131xard\u0131\u011f\u0131n\u0131 x\u00fcsusi vur\u011fulay\u0131b. Eyni zamanda, Az\u0259rbaycanda t\u0259tbiq edil\u0259n innovativ idar\u0259\u00e7ilik texnologiyalar\u0131 kompleksinin y\u00fcks\u0259k s\u0259m\u0259r\u0259liliyinin BMT T\u0259hl\u00fck\u0259sizlik \u015euras\u0131n\u0131n 4 q\u0259tnam\u0259sinin u\u011furla yerin\u0259 yetirilm\u0259sind\u0259 v\u0259 Erm\u0259nistan t\u0259r\u0259find\u0259n 30 il\u0259 yax\u0131n i\u015f\u011fal alt\u0131nda saxlan\u0131lan \u0259razil\u0259rin azad edilm\u0259sind\u0259 t\u0259sdiqini tapd\u0131\u011f\u0131n\u0131 bildirib. Bu Z\u0259f\u0259rin c\u0259mi 44 g\u00fcn\u0259 qazan\u0131lmas\u0131n\u0131 v\u0259 Az\u0259rbaycan\u0131n \u0259razi b\u00fct\u00f6vl\u00fcy\u00fcn\u00fcn tam b\u0259rpas\u0131n\u0131 d\u00f6vl\u0259timizin ba\u015f\u00e7\u0131s\u0131n\u0131n innovativ inki\u015faf strategiyas\u0131n\u0131n t\u0259nt\u0259n\u0259li yekunu kimi d\u0259y\u0259rl\u0259ndirib. Rektor Az\u0259rbaycan Respublikas\u0131n\u0131n b\u00fct\u00fcn d\u00fcnya \u00fc\u00e7\u00fcn prioritet kimi q\u0259bul edil\u0259n davaml\u0131 inkl\u00fcziv inki\u015faf siyas\u0259tini s\u0259m\u0259r\u0259li \u015f\u0259kild\u0259 realla\u015fd\u0131ran d\u00fcnya lideri oldu\u011funu bildirib. Vur\u011fulay\u0131b ki, inkl\u00fcziv inki\u015faf sah\u0259sind\u0259 Az\u0259rbaycan Respublikas\u0131n\u0131n y\u00fcks\u0259k g\u00f6st\u0259ricil\u0259r \u0259ld\u0259 etm\u0259sind\u0259 v\u0259 sosial siyas\u0259tin realla\u015fd\u0131r\u0131lmas\u0131 bax\u0131m\u0131ndan d\u00fcnya liderin\u0259 \u00e7evrilm\u0259sind\u0259 \u00f6lk\u0259nin Birinci vitse-prezidenti Mehriban \u018fliyevan\u0131n da m\u00fcst\u0259sna xidm\u0259tl\u0259ri var.\n\nBildirilib ki, \u00f6lk\u0259nin haz\u0131rk\u0131 davaml\u0131 inki\u015faf\u0131 d\u00f6vl\u0259t idar\u0259\u00e7iliyi v\u0259 d\u00f6vl\u0259t qullu\u011fu sah\u0259sind\u0259 realla\u015fd\u0131r\u0131lan ard\u0131c\u0131l islahatlar v\u0259 d\u0259yi\u015fiklikl\u0259rin n\u0259tic\u0259sidir. Rektor t\u0259liml\u0259r zaman\u0131 m\u00fcst\u0259qil v\u0259 suveren Az\u0259rbaycan d\u00f6vl\u0259tinin keyfiyy\u0259tc\u0259 yeni olan v\u0259 2021\u20122030-cu ill\u0259ri \u0259hat\u0259 ed\u0259n strateji m\u0259rh\u0259l\u0259y\u0259 daxil oldu\u011funu qeyd ed\u0259r\u0259k, inkl\u00fcziv c\u0259miyy\u0259tin qurulmas\u0131 prosesinin \u00f6lk\u0259nin 2030-cu il \u00fc\u00e7\u00fcn planla\u015fd\u0131r\u0131lm\u0131\u015f \u0259sas prioritetl\u0259ri s\u0131ras\u0131nda oldu\u011funu qeyd edib. O, beyn\u0259lxalq t\u0259\u015fkilatlar\u0131n hesabatlar\u0131na \u0259saslanaraq, \u00f6lk\u0259nin \u0259razi b\u00fct\u00f6vl\u00fcy\u00fcn\u00fcn b\u0259rpas\u0131 il\u0259 s\u0259ciyy\u0259l\u0259n\u0259n bu yeni m\u0259rh\u0259l\u0259d\u0259 Az\u0259rbaycan Respublikas\u0131n\u0131n b\u00fct\u00fcn d\u00fcnya \u00fc\u00e7\u00fcn prioritet kimi q\u0259bul edil\u0259n inkl\u00fcziv inki\u015faf\u0131n planla\u015fd\u0131r\u0131lmas\u0131 v\u0259 idar\u0259edilm\u0259si sah\u0259sind\u0259ki u\u011furlar\u0131n\u0131 dinl\u0259yicil\u0259rin diqq\u0259tin\u0259 \u00e7atd\u0131r\u0131b.\n\nU.\u018fl\u0259kb\u0259rov m\u0259ruz\u0259sini i\u015f\u011faldan azad olunmu\u015f \u0259razil\u0259rd\u0259 apar\u0131lan quruculuq i\u015fl\u0259ri, m\u00fcst\u0259qillik d\u00f6vr\u00fcnd\u0259 qazan\u0131lan siyasi, iqtisadi, h\u0259rbi u\u011furlar, inkl\u00fcziv inki\u015faf\u0131n idar\u0259 olunmas\u0131 sah\u0259sind\u0259 \u00f6lk\u0259nin \u0259ld\u0259 etdiyi nailiyy\u0259tl\u0259r bar\u0259d\u0259 geni\u015f elmi t\u0259hlil\u0259 \u0259saslanan m\u0259lumatlarla yekunla\u015fd\u0131r\u0131b.\n\nT\u0259limin sonunda dinl\u0259yicil\u0259rin suallar\u0131 cavabland\u0131r\u0131l\u0131b.<\/p>\t\t\t\t\t<\/div>\n\t\t\t\t\t\t<\/div>\n\t\t\t\t<\/div>\n\t\t\t\t\t\t<\/div>\n\t\t\t\t\t<\/div>\n\t\t<\/div>\n\t\t\t\t\t\t\t\t<\/div>\n\t\t\t\t\t<\/div>\n\t\t<\/section>\n\t\t\t\t\t\t<\/div>\n\t\t\t\t\t\t<\/div>\n\t\t\t\t\t<\/div>","protected":false},"excerpt":{"rendered":"<p>Ulu \u00d6nd\u0259r v\u0259 Az\u0259rbaycanda yeni idar\u0259\u00e7ilik texnologiyalar\u0131 m\u00f6vzusunda t\u0259lim \u201cHeyd\u0259r \u018fliyev \u0130li\u201d \u00e7\u0259r\u00e7iv\u0259sind\u0259 Az\u0259rbaycan Respublikas\u0131n\u0131n Prezidenti yan\u0131nda D\u00f6vl\u0259t \u0130dar\u0259\u00e7ilik Akademiyas\u0131 (D\u0130A) v\u0259 G\u0259d\u0259b\u0259y Rayon \u0130cra Hakimiyy\u0259tinin birg\u0259 t\u0259\u015fkilat\u00e7\u0131l\u0131\u011f\u0131 il\u0259 \u201c\u00dcmummilli Lider Heyd\u0259r \u018fliyev v\u0259 Az\u0259rbaycan Respublikas\u0131n\u0131n inkl\u00fcziv inki\u015faf\u0131 sah\u0259sind\u0259 d\u00fcnya liderliyini t\u0259min ed\u0259n yeni idar\u0259\u00e7ilik texnologiyalar\u0131\u201d m\u00f6vzusunda t\u0259lim ke\u00e7irilib. \u018fvv\u0259lc\u0259 Ulu \u00d6nd\u0259r Heyd\u0259r \u018fliyevin abid\u0259si [&hellip;]<\/p>","protected":false},"author":2,"featured_media":20491,"comment_status":"closed","ping_status":"closed","sticky":false,"template":"","format":"standard","meta":[],"categories":[137],"tags":[],"_links":{"self":[{"href":"https:\/\/legacy.dia.edu.az\/ru\/wp-json\/wp\/v2\/posts\/20488"}],"collection":[{"href":"https:\/\/legacy.dia.edu.az\/ru\/wp-json\/wp\/v2\/posts"}],"about":[{"href":"https:\/\/legacy.dia.edu.az\/ru\/wp-json\/wp\/v2\/types\/post"}],"author":[{"embeddable":true,"href":"https:\/\/legacy.dia.edu.az\/ru\/wp-json\/wp\/v2\/users\/2"}],"replies":[{"embeddable":true,"href":"https:\/\/legacy.dia.edu.az\/ru\/wp-json\/wp\/v2\/comments?post=20488"}],"version-history":[{"count":7,"href":"https:\/\/legacy.dia.edu.az\/ru\/wp-json\/wp\/v2\/posts\/20488\/revisions"}],"predecessor-version":[{"id":20498,"href":"https:\/\/legacy.dia.edu.az\/ru\/wp-json\/wp\/v2\/posts\/20488\/revisions\/20498"}],"wp:featuredmedia":[{"embeddable":true,"href":"https:\/\/legacy.dia.edu.az\/ru\/wp-json\/wp\/v2\/media\/20491"}],"wp:attachment":[{"href":"https:\/\/legacy.dia.edu.az\/ru\/wp-json\/wp\/v2\/media?parent=20488"}],"wp:term":[{"taxonomy":"category","embeddable":true,"href":"https:\/\/legacy.dia.edu.az\/ru\/wp-json\/wp\/v2\/categories?post=20488"},{"taxonomy":"post_tag","embeddable":true,"href":"https:\/\/legacy.dia.edu.az\/ru\/wp-json\/wp\/v2\/tags?post=20488"}],"curies":[{"name":"wp","href":"https:\/\/api.w.org\/{rel}","templated":true}]}}