{"id":20467,"date":"2023-06-20T11:39:35","date_gmt":"2023-06-20T07:39:35","guid":{"rendered":"https:\/\/dia.edu.az\/?p=20467"},"modified":"2023-06-20T11:45:51","modified_gmt":"2023-06-20T07:45:51","slug":"dia-da-dovl%c9%99t-idar%c9%99ciliyind%c9%99-insan-resurslarinin-idar%c9%99-edilm%c9%99si-movzusunda-t%c9%99lim-kecirilib","status":"publish","type":"post","link":"https:\/\/legacy.dia.edu.az\/ru\/arxivl\u0259r\/20467","title":{"rendered":"D\u0130A-da \u201cD\u00f6vl\u0259t idar\u0259\u00e7iliyind\u0259 insan resurslar\u0131n\u0131n idar\u0259 edilm\u0259si\u201d m\u00f6vzusunda t\u0259lim ke\u00e7irilib"},"content":{"rendered":"<div data-elementor-type=\"wp-post\" data-elementor-id=\"20467\" class=\"elementor elementor-20467\" data-elementor-settings=\"[]\">\n\t\t\t\t\t\t<div class=\"elementor-inner\">\n\t\t\t\t\t\t\t<div class=\"elementor-section-wrap\">\n\t\t\t\t\t\t\t<section class=\"elementor-section elementor-top-section elementor-element elementor-element-ce38bcd elementor-section-boxed elementor-section-height-default elementor-section-height-default\" data-id=\"ce38bcd\" data-element_type=\"section\">\n\t\t\t\t\t\t<div class=\"elementor-container elementor-column-gap-default\">\n\t\t\t\t\t\t\t<div class=\"elementor-row\">\n\t\t\t\t\t<div class=\"elementor-column elementor-col-100 elementor-top-column elementor-element elementor-element-ea2a6d9\" data-id=\"ea2a6d9\" data-element_type=\"column\">\n\t\t\t<div class=\"elementor-column-wrap elementor-element-populated\">\n\t\t\t\t\t\t\t<div class=\"elementor-widget-wrap\">\n\t\t\t\t\t\t<div class=\"elementor-element elementor-element-733b737 elementor-widget elementor-widget-text-editor\" data-id=\"733b737\" data-element_type=\"widget\" data-widget_type=\"text-editor.default\">\n\t\t\t\t<div class=\"elementor-widget-container\">\n\t\t\t\t\t\t\t\t<div class=\"elementor-text-editor elementor-clearfix\">\n\t\t\t\t\tD\u0130A-da \u201cD\u00f6vl\u0259t idar\u0259\u00e7iliyind\u0259 insan resurslar\u0131n\u0131n idar\u0259 edilm\u0259si\u201d m\u00f6vzusunda t\u0259lim ke\u00e7irilib\t\t\t\t\t<\/div>\n\t\t\t\t\t\t<\/div>\n\t\t\t\t<\/div>\n\t\t\t\t\t\t<\/div>\n\t\t\t\t\t<\/div>\n\t\t<\/div>\n\t\t\t\t\t\t\t\t<\/div>\n\t\t\t\t\t<\/div>\n\t\t<\/section>\n\t\t\t\t<section class=\"elementor-section elementor-top-section elementor-element elementor-element-98da853 elementor-section-boxed elementor-section-height-default elementor-section-height-default\" data-id=\"98da853\" data-element_type=\"section\">\n\t\t\t\t\t\t<div class=\"elementor-container elementor-column-gap-default\">\n\t\t\t\t\t\t\t<div class=\"elementor-row\">\n\t\t\t\t\t<div class=\"elementor-column elementor-col-100 elementor-top-column elementor-element elementor-element-94cb92a\" data-id=\"94cb92a\" data-element_type=\"column\">\n\t\t\t<div class=\"elementor-column-wrap elementor-element-populated\">\n\t\t\t\t\t\t\t<div class=\"elementor-widget-wrap\">\n\t\t\t\t\t\t<div class=\"elementor-element elementor-element-52316a0 elementor-position-top elementor-vertical-align-top elementor-widget elementor-widget-image-box\" data-id=\"52316a0\" data-element_type=\"widget\" data-widget_type=\"image-box.default\">\n\t\t\t\t<div class=\"elementor-widget-container\">\n\t\t\t<div class=\"elementor-image-box-wrapper\"><figure class=\"elementor-image-box-img\"><a href=\"https:\/\/dia.edu.az\/wp-content\/uploads\/2023\/06\/16871946662217337842_1000x669.jpg\"><img width=\"1000\" height=\"562\" src=\"https:\/\/legacy.dia.edu.az\/wp-content\/uploads\/2023\/06\/16871946662217337842_1000x669.jpg\" class=\"attachment-full size-full\" alt=\"\" srcset=\"https:\/\/legacy.dia.edu.az\/wp-content\/uploads\/2023\/06\/16871946662217337842_1000x669.jpg 1000w, https:\/\/legacy.dia.edu.az\/wp-content\/uploads\/2023\/06\/16871946662217337842_1000x669-200x112.jpg 200w, https:\/\/legacy.dia.edu.az\/wp-content\/uploads\/2023\/06\/16871946662217337842_1000x669-450x253.jpg 450w, https:\/\/legacy.dia.edu.az\/wp-content\/uploads\/2023\/06\/16871946662217337842_1000x669-18x10.jpg 18w, https:\/\/legacy.dia.edu.az\/wp-content\/uploads\/2023\/06\/16871946662217337842_1000x669-200x112@2x.jpg 400w, https:\/\/legacy.dia.edu.az\/wp-content\/uploads\/2023\/06\/16871946662217337842_1000x669-450x253@2x.jpg 900w\" sizes=\"(max-width: 1000px) 100vw, 1000px\" \/><\/a><\/figure><div class=\"elementor-image-box-content\"><h3 class=\"elementor-image-box-title\"><a href=\"https:\/\/dia.edu.az\/wp-content\/uploads\/2023\/06\/16871946662217337842_1000x669.jpg\">This is the heading<\/a><\/h3><p class=\"elementor-image-box-description\">Az\u0259rbaycan Respublikas\u0131n\u0131n Prezidenti yan\u0131nda D\u00f6vl\u0259t \u0130dar\u0259\u00e7ilik Akademiyas\u0131nda (D\u0130A) iyunun 5-d\u0259n 16-d\u0259k yerli icra hakimiyy\u0259tl\u0259rinin S\u0259n\u0259dl\u0259rl\u0259 v\u0259 v\u0259t\u0259nda\u015flar\u0131n m\u00fcraci\u0259ti il\u0259 i\u015f \u015f\u00f6b\u0259l\u0259rinin m\u00fcdirl\u0259ri v\u0259 \u0259m\u0259kda\u015flar\u0131 \u00fc\u00e7\u00fcn \u201cD\u00f6vl\u0259t idar\u0259\u00e7iliyind\u0259 insan resurslar\u0131n\u0131n idar\u0259 edilm\u0259si\u201d m\u00f6vzusunda onlayn ixtisasart\u0131rma t\u0259limi ke\u00e7irilib.\n\nT\u0259lim Prezident \u0130lham \u018fliyevin 2022-ci il 30 dekabr tarixli S\u0259r\u0259ncam\u0131 il\u0259 t\u0259sdiql\u0259nmi\u015f \u201cAz\u0259rbaycan Respublikas\u0131nda d\u00f6vl\u0259t qullu\u011funun inki\u015faf\u0131na dair 2019\u22122025-ci ill\u0259r \u00fc\u00e7\u00fcn Strategiya\u201dn\u0131n 2023\u22122025-ci ill\u0259rd\u0259 icras\u0131 \u00fczr\u0259 F\u0259aliyy\u0259t Plan\u0131\u201dna \u0259sas\u0259n t\u0259\u015fkil olunub.\n\nT\u0259lim zaman\u0131 D\u0130A-n\u0131n rektoru akademik Urxan \u018fl\u0259kb\u0259rov \u201c\u00dcmummilli Lider Heyd\u0259r \u018fliyev v\u0259 Az\u0259rbaycan Respublikas\u0131n\u0131n m\u00fcasir innovativ inki\u015faf\u0131nda insan potensial\u0131n\u0131n formala\u015fmas\u0131\u201d m\u00f6vzusunda m\u0259ruz\u0259 il\u0259 \u00e7\u0131x\u0131\u015f edib. Rektor \u00dcmummilli Lider t\u0259r\u0259find\u0259n m\u00fc\u0259yy\u0259nl\u0259\u015fdirilmi\u015f v\u0259 Prezident \u0130lham \u018fliyevin u\u011furla davam etdirdiyi inki\u015faf strategiyas\u0131 say\u0259sind\u0259 Az\u0259rbaycan\u0131n qazand\u0131\u011f\u0131 nailiyy\u0259tl\u0259ri diqq\u0259t\u0259 \u00e7atd\u0131r\u0131b. O, Prezident \u0130lham \u018fliyev t\u0259r\u0259find\u0259n i\u015fl\u0259n\u0259r\u0259k t\u0259tbiq edilmi\u015f yeni d\u00f6vl\u0259t idar\u0259\u00e7iliyi texnologiyalar\u0131n\u0131n Az\u0259rbaycan\u0131n davaml\u0131 inkl\u00fcziv inki\u015faf namin\u0259 resurslardan s\u0259m\u0259r\u0259li idar\u0259edilm\u0259si sah\u0259sind\u0259 regional v\u0259 qlobal lider\u0259 \u00e7evrilm\u0259sin\u0259 g\u0259tirib \u00e7\u0131xard\u0131\u011f\u0131n\u0131 vur\u011fulay\u0131b. Az\u0259rbaycan Prezidenti \u0130lham \u018fliyevin r\u0259hb\u0259rliyi il\u0259 \u00f6lk\u0259mizd\u0259 qazan\u0131lan u\u011furlardan dan\u0131\u015fan rektor y\u00fcks\u0259k s\u0259viyy\u0259li m\u00fct\u0259x\u0259ssis haz\u0131rl\u0131\u011f\u0131, ayr\u0131-ayr\u0131 m\u0259rk\u0259zi v\u0259 yerli icra hakimiyy\u0259ti orqanlar\u0131 \u0259m\u0259kda\u015flar\u0131n\u0131n ixtisaslar\u0131n\u0131n art\u0131r\u0131lmas\u0131, pe\u015f\u0259 bacar\u0131qlar\u0131n\u0131n t\u0259kmill\u0259\u015fdirilm\u0259si \u00fc\u00e7\u00fcn at\u0131lan add\u0131mlara toxunaraq t\u0259limin \u0259h\u0259miyy\u0259tini qeyd edib. Eyni zamanda, q\u0259bul edilmi\u015f strategiyaya uy\u011fun olaraq s\u0259m\u0259r\u0259li n\u0259tic\u0259l\u0259r ver\u0259c\u0259yin\u0259 \u0259minliyini bildirib.\n\nT\u0259limin n\u00f6vb\u0259ti g\u00fcn\u00fcnd\u0259 D\u0130A-n\u0131n \u201cD\u00f6vl\u0259t qullu\u011fu v\u0259 kadr siyas\u0259ti\u201d kafedras\u0131n\u0131n m\u00fcdiri, siyasi elml\u0259r \u00fczr\u0259 f\u0259ls\u0259f\u0259 doktoru dosent R\u0259c\u0259b R\u0259himli \u201c\u0130nsan resurslar\u0131n\u0131n idar\u0259 edilm\u0259sind\u0259 liderlik bacar\u0131qlar\u0131\u201d, \u201cY\u00fcks\u0259li\u015f\u201d m\u00fcsabiq\u0259sinin \u201cTest v\u0259 imtahanlar\u201d \u015f\u00f6b\u0259sinin \u0259m\u0259kda\u015f\u0131 V\u00fcsal\u0259 K\u0259rimova \u201c\u0130\u015f f\u0259aliyy\u0259tinin idar\u0259 olunmas\u0131 v\u0259 qiym\u0259tl\u0259ndirilm\u0259si\u201d, akademiyan\u0131n \u201cDavaml\u0131 inki\u015faf\u0131n planla\u015fd\u0131r\u0131lmas\u0131 v\u0259 idar\u0259edilm\u0259si\u201d kafedras\u0131n\u0131n m\u00fc\u0259llimi siyasi elml\u0259r \u00fczr\u0259 f\u0259ls\u0259f\u0259 doktoru \u00dclf\u0259t Mehdiyev \u201cT\u0259\u015fkilat daxilind\u0259 insan kapital\u0131n\u0131n inki\u015faf\u0131 \u00fc\u00e7\u00fcn z\u0259ruri m\u00fchitin yarad\u0131lmas\u0131\u201d, \u0130qtisadiyyat Nazirliyi yan\u0131nda Antiinhisar v\u0259 \u0130stehlak Bazar\u0131na N\u0259zar\u0259t D\u00f6vl\u0259t Xidm\u0259tinin \u015f\u00f6b\u0259 m\u00fcdiri, \u201cY\u00fcks\u0259li\u015f\u201d m\u00fcsabiq\u0259sinin qalibi Xamis Seyranov \u201cEffektiv \u00fcnsiyy\u0259t\u201d, D\u00f6vl\u0259t Sosial M\u00fcdafi\u0259 Fondunun \u201c\u0130nsan resurslar\u0131\u201d \u015f\u00f6b\u0259sinin m\u00fcdiri Azad Ayd\u0131nl\u0131 \u201c\u0130nsan resurslar\u0131 data analitika\u201d m\u00f6vzular\u0131nda m\u0259ruz\u0259 il\u0259 \u00e7\u0131x\u0131\u015f edibl\u0259r. \u0130xtisasart\u0131rma t\u0259limi 2 h\u0259ft\u0259 davam edib.<\/p><\/div><\/div>\t\t<\/div>\n\t\t\t\t<\/div>\n\t\t\t\t\t\t<\/div>\n\t\t\t\t\t<\/div>\n\t\t<\/div>\n\t\t\t\t\t\t\t\t<\/div>\n\t\t\t\t\t<\/div>\n\t\t<\/section>\n\t\t\t\t\t\t<\/div>\n\t\t\t\t\t\t<\/div>\n\t\t\t\t\t<\/div>","protected":false},"excerpt":{"rendered":"<p>D\u0130A-da \u201cD\u00f6vl\u0259t idar\u0259\u00e7iliyind\u0259 insan resurslar\u0131n\u0131n idar\u0259 edilm\u0259si\u201d m\u00f6vzusunda t\u0259lim ke\u00e7irilib This is the heading Az\u0259rbaycan Respublikas\u0131n\u0131n Prezidenti yan\u0131nda D\u00f6vl\u0259t \u0130dar\u0259\u00e7ilik Akademiyas\u0131nda (D\u0130A) iyunun 5-d\u0259n 16-d\u0259k yerli icra hakimiyy\u0259tl\u0259rinin S\u0259n\u0259dl\u0259rl\u0259 v\u0259 v\u0259t\u0259nda\u015flar\u0131n m\u00fcraci\u0259ti il\u0259 i\u015f \u015f\u00f6b\u0259l\u0259rinin m\u00fcdirl\u0259ri v\u0259 \u0259m\u0259kda\u015flar\u0131 \u00fc\u00e7\u00fcn \u201cD\u00f6vl\u0259t idar\u0259\u00e7iliyind\u0259 insan resurslar\u0131n\u0131n idar\u0259 edilm\u0259si\u201d m\u00f6vzusunda onlayn ixtisasart\u0131rma t\u0259limi ke\u00e7irilib. T\u0259lim Prezident \u0130lham \u018fliyevin 2022-ci [&hellip;]<\/p>","protected":false},"author":2,"featured_media":20468,"comment_status":"closed","ping_status":"closed","sticky":false,"template":"","format":"standard","meta":[],"categories":[137],"tags":[],"_links":{"self":[{"href":"https:\/\/legacy.dia.edu.az\/ru\/wp-json\/wp\/v2\/posts\/20467"}],"collection":[{"href":"https:\/\/legacy.dia.edu.az\/ru\/wp-json\/wp\/v2\/posts"}],"about":[{"href":"https:\/\/legacy.dia.edu.az\/ru\/wp-json\/wp\/v2\/types\/post"}],"author":[{"embeddable":true,"href":"https:\/\/legacy.dia.edu.az\/ru\/wp-json\/wp\/v2\/users\/2"}],"replies":[{"embeddable":true,"href":"https:\/\/legacy.dia.edu.az\/ru\/wp-json\/wp\/v2\/comments?post=20467"}],"version-history":[{"count":8,"href":"https:\/\/legacy.dia.edu.az\/ru\/wp-json\/wp\/v2\/posts\/20467\/revisions"}],"predecessor-version":[{"id":20478,"href":"https:\/\/legacy.dia.edu.az\/ru\/wp-json\/wp\/v2\/posts\/20467\/revisions\/20478"}],"wp:featuredmedia":[{"embeddable":true,"href":"https:\/\/legacy.dia.edu.az\/ru\/wp-json\/wp\/v2\/media\/20468"}],"wp:attachment":[{"href":"https:\/\/legacy.dia.edu.az\/ru\/wp-json\/wp\/v2\/media?parent=20467"}],"wp:term":[{"taxonomy":"category","embeddable":true,"href":"https:\/\/legacy.dia.edu.az\/ru\/wp-json\/wp\/v2\/categories?post=20467"},{"taxonomy":"post_tag","embeddable":true,"href":"https:\/\/legacy.dia.edu.az\/ru\/wp-json\/wp\/v2\/tags?post=20467"}],"curies":[{"name":"wp","href":"https:\/\/api.w.org\/{rel}","templated":true}]}}