{"id":20447,"date":"2023-06-16T18:54:37","date_gmt":"2023-06-16T14:54:37","guid":{"rendered":"https:\/\/dia.edu.az\/?p=20447"},"modified":"2023-10-19T11:17:36","modified_gmt":"2023-10-19T07:17:36","slug":"bakida-q%c9%99dim-turk-%c9%99lifbasinin-oxunmasinin-130-illiyin%c9%99-h%c9%99sr-olunmus-beyn%c9%99lxalq-konfrans-kecirilib","status":"publish","type":"post","link":"https:\/\/legacy.dia.edu.az\/ru\/arxivl\u0259r\/20447","title":{"rendered":"Bak\u0131da q\u0259dim t\u00fcrk \u0259lifbas\u0131n\u0131n oxunmas\u0131n\u0131n 130 illiyin\u0259 h\u0259sr olunmu\u015f beyn\u0259lxalq konfrans ke\u00e7irilib"},"content":{"rendered":"<div data-elementor-type=\"wp-post\" data-elementor-id=\"20447\" class=\"elementor elementor-20447\" data-elementor-settings=\"[]\">\n\t\t\t\t\t\t<div class=\"elementor-inner\">\n\t\t\t\t\t\t\t<div class=\"elementor-section-wrap\">\n\t\t\t\t\t\t\t<section class=\"elementor-section elementor-top-section elementor-element elementor-element-c0d056c elementor-section-boxed elementor-section-height-default elementor-section-height-default\" data-id=\"c0d056c\" data-element_type=\"section\">\n\t\t\t\t\t\t<div class=\"elementor-container elementor-column-gap-default\">\n\t\t\t\t\t\t\t<div class=\"elementor-row\">\n\t\t\t\t\t<div class=\"elementor-column elementor-col-100 elementor-top-column elementor-element elementor-element-44bb2a1\" data-id=\"44bb2a1\" data-element_type=\"column\">\n\t\t\t<div class=\"elementor-column-wrap elementor-element-populated\">\n\t\t\t\t\t\t\t<div class=\"elementor-widget-wrap\">\n\t\t\t\t\t\t<div class=\"elementor-element elementor-element-c54b355 elementor-widget elementor-widget-text-editor\" data-id=\"c54b355\" data-element_type=\"widget\" data-widget_type=\"text-editor.default\">\n\t\t\t\t<div class=\"elementor-widget-container\">\n\t\t\t\t\t\t\t\t<div class=\"elementor-text-editor elementor-clearfix\">\n\t\t\t\t\tBak\u0131da q\u0259dim t\u00fcrk \u0259lifbas\u0131n\u0131n oxunmas\u0131n\u0131n 130 illiyin\u0259 h\u0259sr olunmu\u015f beyn\u0259lxalq konfrans ke\u00e7irilib\t\t\t\t\t<\/div>\n\t\t\t\t\t\t<\/div>\n\t\t\t\t<\/div>\n\t\t\t\t\t\t<\/div>\n\t\t\t\t\t<\/div>\n\t\t<\/div>\n\t\t\t\t\t\t\t\t<\/div>\n\t\t\t\t\t<\/div>\n\t\t<\/section>\n\t\t\t\t<section class=\"elementor-section elementor-top-section elementor-element elementor-element-487f330 elementor-section-boxed elementor-section-height-default elementor-section-height-default\" data-id=\"487f330\" data-element_type=\"section\">\n\t\t\t\t\t\t<div class=\"elementor-container elementor-column-gap-default\">\n\t\t\t\t\t\t\t<div class=\"elementor-row\">\n\t\t\t\t\t<div class=\"elementor-column elementor-col-100 elementor-top-column elementor-element elementor-element-07dff41\" data-id=\"07dff41\" data-element_type=\"column\">\n\t\t\t<div class=\"elementor-column-wrap elementor-element-populated\">\n\t\t\t\t\t\t\t<div class=\"elementor-widget-wrap\">\n\t\t\t\t\t\t<div class=\"elementor-element elementor-element-10098d4 elementor-arrows-position-inside elementor-pagination-position-outside elementor-widget elementor-widget-image-carousel\" data-id=\"10098d4\" data-element_type=\"widget\" data-settings=\"{&quot;navigation&quot;:&quot;both&quot;,&quot;autoplay&quot;:&quot;yes&quot;,&quot;pause_on_hover&quot;:&quot;yes&quot;,&quot;pause_on_interaction&quot;:&quot;yes&quot;,&quot;autoplay_speed&quot;:5000,&quot;infinite&quot;:&quot;yes&quot;,&quot;speed&quot;:500}\" data-widget_type=\"image-carousel.default\">\n\t\t\t\t<div class=\"elementor-widget-container\">\n\t\t\t\t\t<div class=\"elementor-image-carousel-wrapper swiper-container\" dir=\"ltr\">\n\t\t\t<div class=\"elementor-image-carousel swiper-wrapper\">\n\t\t\t\t<div class=\"swiper-slide\"><a data-elementor-open-lightbox=\"yes\" data-elementor-lightbox-slideshow=\"10098d4\" data-elementor-lightbox-title=\"45566778\" href=\"https:\/\/legacy.dia.edu.az\/wp-content\/uploads\/2023\/06\/45566778.jpg\"><figure class=\"swiper-slide-inner\"><img class=\"swiper-slide-image\" src=\"https:\/\/legacy.dia.edu.az\/wp-content\/uploads\/2023\/06\/45566778-150x150.jpg\" alt=\"45566778\" \/><\/figure><\/a><\/div><div class=\"swiper-slide\"><a data-elementor-open-lightbox=\"yes\" data-elementor-lightbox-slideshow=\"10098d4\" data-elementor-lightbox-title=\"77889900\" href=\"https:\/\/legacy.dia.edu.az\/wp-content\/uploads\/2023\/06\/77889900.jpg\"><figure class=\"swiper-slide-inner\"><img class=\"swiper-slide-image\" src=\"https:\/\/legacy.dia.edu.az\/wp-content\/uploads\/2023\/06\/77889900-150x150.jpg\" alt=\"77889900\" \/><\/figure><\/a><\/div><div class=\"swiper-slide\"><a data-elementor-open-lightbox=\"yes\" data-elementor-lightbox-slideshow=\"10098d4\" data-elementor-lightbox-title=\"887766\" href=\"https:\/\/legacy.dia.edu.az\/wp-content\/uploads\/2023\/06\/887766.jpg\"><figure class=\"swiper-slide-inner\"><img class=\"swiper-slide-image\" src=\"https:\/\/legacy.dia.edu.az\/wp-content\/uploads\/2023\/06\/887766-150x150.jpg\" alt=\"887766\" \/><\/figure><\/a><\/div><div class=\"swiper-slide\"><a data-elementor-open-lightbox=\"yes\" data-elementor-lightbox-slideshow=\"10098d4\" data-elementor-lightbox-title=\"776677\" href=\"https:\/\/legacy.dia.edu.az\/wp-content\/uploads\/2023\/06\/776677.jpg\"><figure class=\"swiper-slide-inner\"><img class=\"swiper-slide-image\" src=\"https:\/\/legacy.dia.edu.az\/wp-content\/uploads\/2023\/06\/776677-150x150.jpg\" alt=\"776677\" \/><\/figure><\/a><\/div><div class=\"swiper-slide\"><a data-elementor-open-lightbox=\"yes\" data-elementor-lightbox-slideshow=\"10098d4\" data-elementor-lightbox-title=\"665577\" href=\"https:\/\/legacy.dia.edu.az\/wp-content\/uploads\/2023\/06\/665577-1.jpg\"><figure class=\"swiper-slide-inner\"><img class=\"swiper-slide-image\" src=\"https:\/\/legacy.dia.edu.az\/wp-content\/uploads\/2023\/06\/665577-1-150x150.jpg\" alt=\"665577\" \/><\/figure><\/a><\/div>\t\t\t<\/div>\n\t\t\t\t\t\t\t\t\t\t\t\t<div class=\"swiper-pagination\"><\/div>\n\t\t\t\t\t\t\t\t\t\t\t\t\t<div class=\"elementor-swiper-button elementor-swiper-button-prev\">\n\t\t\t\t\t\t<i class=\"eicon-chevron-left\" aria-hidden=\"true\"><\/i>\n\t\t\t\t\t\t<span class=\"elementor-screen-only\">\u041d\u0430\u0437\u0430\u0434<\/span>\n\t\t\t\t\t<\/div>\n\t\t\t\t\t<div class=\"elementor-swiper-button elementor-swiper-button-next\">\n\t\t\t\t\t\t<i class=\"eicon-chevron-right\" aria-hidden=\"true\"><\/i>\n\t\t\t\t\t\t<span class=\"elementor-screen-only\">\u0414\u0430\u043b\u0435\u0435<\/span>\n\t\t\t\t\t<\/div>\n\t\t\t\t\t\t\t\t\t<\/div>\n\t\t\t\t<\/div>\n\t\t\t\t<\/div>\n\t\t\t\t\t\t<\/div>\n\t\t\t\t\t<\/div>\n\t\t<\/div>\n\t\t\t\t\t\t\t\t<\/div>\n\t\t\t\t\t<\/div>\n\t\t<\/section>\n\t\t\t\t<section class=\"elementor-section elementor-top-section elementor-element elementor-element-5353ba2 elementor-section-boxed elementor-section-height-default elementor-section-height-default\" data-id=\"5353ba2\" data-element_type=\"section\">\n\t\t\t\t\t\t<div class=\"elementor-container elementor-column-gap-default\">\n\t\t\t\t\t\t\t<div class=\"elementor-row\">\n\t\t\t\t\t<div class=\"elementor-column elementor-col-100 elementor-top-column elementor-element elementor-element-4cb7ce7\" data-id=\"4cb7ce7\" data-element_type=\"column\">\n\t\t\t<div class=\"elementor-column-wrap elementor-element-populated\">\n\t\t\t\t\t\t\t<div class=\"elementor-widget-wrap\">\n\t\t\t\t\t\t<div class=\"elementor-element elementor-element-daa10aa elementor-widget elementor-widget-text-editor\" data-id=\"daa10aa\" data-element_type=\"widget\" data-widget_type=\"text-editor.default\">\n\t\t\t\t<div class=\"elementor-widget-container\">\n\t\t\t\t\t\t\t\t<div class=\"elementor-text-editor elementor-clearfix\">\n\t\t\t\t\t<p>\u0130yunun 16-da Az\u0259rbaycan Respublikas\u0131n\u0131n Prezidenti yan\u0131nda D\u00f6vl\u0259t \u0130dar\u0259\u00e7ilik Akademiyas\u0131nda q\u0259dim t\u00fcrk \u0259lifbas\u0131n\u0131n oxunmas\u0131n\u0131n 130 illiyin\u0259 h\u0259sr olunmu\u015f \u201cQ\u0259dim t\u00fcrk yaz\u0131 m\u0259d\u0259niyy\u0259ti\u201d adl\u0131 beyn\u0259lxalq konfrans ke\u00e7irilib.\n\nQazax\u0131stan, Q\u0131r\u011f\u0131z\u0131stan, T\u00fcrkiy\u0259, Almaniya, Monqolustan v\u0259 Pol\u015fadan olan tan\u0131nm\u0131\u015f t\u00fcrkoloqlar\u0131n i\u015ftirak etdiyi t\u0259dbir Az\u0259rbaycan Respublikas\u0131n\u0131n UNESCO \u00fczr\u0259 Milli Komissiyas\u0131, Beyn\u0259lxalq T\u00fcrk Akademiyas\u0131, Beyn\u0259lxalq T\u00fcrk M\u0259d\u0259niyy\u0259ti v\u0259 \u0130rsi Fondu, UNESCO \u00fczr\u0259 T\u00fcrkiy\u0259 Milli Komissiyas\u0131 v\u0259 Az\u0259rbaycan Respublikas\u0131n\u0131n Prezidenti yan\u0131nda D\u00f6vl\u0259t \u0130dar\u0259\u00e7ilik Akademiyas\u0131n\u0131n birg\u0259 t\u0259\u015fkilat\u00e7\u0131l\u0131\u011f\u0131 il\u0259 ba\u015f tutub.\n\nBeyn\u0259lxalq konfrans\u0131 a\u00e7an D\u00f6vl\u0259t \u0130dar\u0259\u00e7ilik Akademiyas\u0131n\u0131n rektoru akademik Urxan \u018fl\u0259kb\u0259rov t\u00fcrk d\u00f6vl\u0259tl\u0259rinin dostluq-qarda\u015fl\u0131q m\u00fcnasib\u0259tl\u0259rind\u0259n b\u0259hs edib. Bildirib ki, \u00fcmumi k\u00f6k\u0259 v\u0259 m\u0259d\u0259niyy\u0259t\u0259 sahib olan t\u00fcrk xalqlar\u0131n\u0131n bir-biri il\u0259 s\u00fcr\u0259tli inteqrasiya prosesl\u0259rinin getdiyi m\u00fcasir m\u0259rh\u0259l\u0259d\u0259 bu xalqlar\u0131n ortaq \u0259lifbas\u0131n\u0131n olmas\u0131n\u0131n m\u00fcst\u0259sna \u0259h\u0259miyy\u0259ti var.\n\nQ\u0259dim t\u00fcrk \u0259lifbas\u0131n\u0131n oxunmas\u0131n\u0131n 130 illiyin\u0259 h\u0259sr olunmu\u015f t\u0259dbirin \u201cHeyd\u0259r \u018fliyev \u0130li\u201dind\u0259 ke\u00e7irilm\u0259sinin x\u00fcsusi \u0259h\u0259miyy\u0259t k\u0259sb etdiyini dey\u0259n rektor qeyd edib ki, bu g\u00fcnl\u0259rd\u0259 T\u00fcrkiy\u0259 Respublikas\u0131n\u0131n Prezidenti R\u0259c\u0259b Tayyib \u018frdo\u011fan\u0131n Az\u0259rbaycana d\u00f6vl\u0259t s\u0259f\u0259ri, \u00f6lk\u0259 Prezidenti \u0130lham \u018fliyevl\u0259 birg\u0259 b\u0259yanatlar\u0131 T\u00fcrk d\u00fcnyas\u0131n\u0131n daim artan n\u00fcfuzundan x\u0259b\u0259r verir.\n\nRektor Urxan \u018fl\u0259kb\u0259rov Az\u0259rbaycan Prezidenti, Ali Ba\u015f Komandan \u0130lham \u018fliyevin r\u0259hb\u0259rliyi il\u0259 r\u0259\u015fad\u0259tli Ordumuz say\u0259sind\u0259 torpaqlar\u0131m\u0131z\u0131n i\u015f\u011faldan azad edildiyini, h\u0259min \u0259razil\u0259rd\u0259 s\u00fcr\u0259tli quruculuq v\u0259 b\u0259rpa i\u015fl\u0259rinin apar\u0131ld\u0131\u011f\u0131n\u0131 bildirib.\n\n\u201c\u00d6lk\u0259miz \u00f6z inki\u015faf s\u0259viyy\u0259sin\u0259 v\u0259 texnologiyalar\u0131na g\u00f6r\u0259 bir \u00e7ox \u00f6lk\u0259ni qabaqlay\u0131r\u201d, &#8211; dey\u0259n akademik Urxan \u018fl\u0259kb\u0259rov idar\u0259\u00e7ilikd\u0259 t\u0259tbiq edil\u0259n m\u00fcasir texnologiyalardan b\u0259hs edib. Bildirib ki, haz\u0131rda Az\u0259rbaycanda d\u00f6vl\u0259t idar\u0259\u00e7iliyind\u0259 tam yeni sinergetik v\u0259 komplementar texnologiyalardan istifad\u0259 olunur. Az\u0259rbaycan Respublikas\u0131nda qazan\u0131lan u\u011furlar\u0131n \u0259sas\u0131nda Prezident \u0130lham \u018fliyev t\u0259r\u0259find\u0259n i\u015fl\u0259nilmi\u015f, n\u0259z\u0259ri \u0259saslar\u0131 v\u0259 t\u0259tbiq \u00fcsullar\u0131 yeni olan idar\u0259etm\u0259 texnologiyalar\u0131 kompleksi dayan\u0131r.\n\n\u00c7\u0131x\u0131\u015f\u0131n\u0131n sonunda rektor beyn\u0259lxalq konfrans\u0131n i\u015fin\u0259 u\u011furlar arzulay\u0131b.\n\nSonra Beyn\u0259lxalq T\u00fcrk Akademiyas\u0131n\u0131n prezidenti, akademik \u015eahin Mustafayev \u00e7\u0131x\u0131\u015f ed\u0259r\u0259k 130 il \u0259vv\u0259l q\u0259dim t\u00fcrk runik yaz\u0131s\u0131n\u0131n k\u0259\u015ffinin b\u00fct\u00fcn b\u0259\u015f\u0259r tarixind\u0259 \u0259n \u00f6n\u0259mli hadis\u0259l\u0259rd\u0259n biri oldu\u011funu bildirib. Qeyd edib ki, 1893-c\u00fc ild\u0259 danimarkal\u0131 dil\u00e7i alim Vilhelm Tomsen t\u0259r\u0259find\u0259n q\u0259dim t\u00fcrk m\u0259d\u0259ni abid\u0259si olan Orxon-Yenisey da\u015f kitab\u0259l\u0259rind\u0259ki yaz\u0131lar\u0131n oxunmas\u0131 t\u0259kc\u0259 t\u00fcrkl\u0259r \u00fc\u00e7\u00fcn deyil, b\u00fct\u00fcn b\u0259\u015f\u0259riyy\u0259t \u00fc\u00e7\u00fcn m\u00fch\u00fcm hadis\u0259y\u0259 \u00e7evrilmi\u015fdir. Bu yaz\u0131n\u0131n k\u0259\u015ffi o vaxta q\u0259d\u0259r Q\u0259rb elmi m\u00fchitind\u0259 formala\u015fm\u0131\u015f \u201ct\u00fcrkl\u0259r barbard\u0131r\u201d tezisini pu\u00e7 etmi\u015f oldu.\n\nAkademiya prezidenti bildirib ki, t\u00fcrk yaz\u0131s\u0131 m\u00fcasir t\u00fcrk xalqlar\u0131n\u0131n q\u0259dim m\u0259n\u0259vi m\u0259d\u0259niyy\u0259tinin \u015fahidi v\u0259 ortaq irsidir. Eyni zamanda, t\u00fcrk yaz\u0131s\u0131 d\u00fcnya sivilizasiyas\u0131nda m\u00fch\u00fcm yer tutur.\n\nOnun s\u00f6zl\u0259rin\u0259 g\u00f6r\u0259, t\u00fcrk yaz\u0131s\u0131n\u0131n oxunmas\u0131 t\u00fcrk xalqlar\u0131n\u0131n yenid\u0259n oyan\u0131\u015f\u0131na s\u0259b\u0259b olub. Bel\u0259 b\u00f6y\u00fck bir m\u0259d\u0259niyy\u0259t qurmu\u015f xalqlar \u00e7a\u011fda\u015f n\u00fcmay\u0259nd\u0259l\u0259ri il\u0259 bu m\u00f6ht\u0259\u015f\u0259m \u00f6rn\u0259kd\u0259n ilham alaraq \u00f6z ortaq g\u0259l\u0259c\u0259kl\u0259rini birlikd\u0259 qurmaq yolunda \u0259minlikl\u0259 inamla add\u0131mlaya bil\u0259rl\u0259r.\n\n\u201cBeyn\u0259lxalq T\u00fcrk Akademiyas\u0131 q\u0259dim t\u00fcrk yaz\u0131s\u0131n\u0131n t\u0259dqiqat\u0131na x\u00fcsusi diqq\u0259t yetirir\u201d, &#8211; dey\u0259n akademik \u015eahin Mustafayev ke\u00e7\u0259n il Monqolustan\u0131n Nomqon vadisind\u0259 apar\u0131lan qaz\u0131nt\u0131lar n\u0259tic\u0259sind\u0259 a\u015fkar edil\u0259n da\u015f yaz\u0131n\u0131n T\u00fcrk d\u00fcnyas\u0131nda rezonansa s\u0259b\u0259b oldu\u011funu bildirib. Qeyd edib ki, G\u00f6kt\u00fcrkl\u0259r d\u00f6vr\u00fcn\u0259 aid oldu\u011fu t\u0259xmin edil\u0259n kitab\u0259d\u0259 \u201ct\u00fcrk\u201d ad\u0131n\u0131n hallanmas\u0131 bu k\u0259\u015ffi daha da qiym\u0259tli edir. O, qaz\u0131nt\u0131lar n\u0259tic\u0259sind\u0259 yaz\u0131n\u0131n qalan hiss\u0259sinin d\u0259 a\u015fkar edil\u0259c\u0259yin\u0259 \u00fcmidvar oldu\u011funu deyib.\n\nBeyn\u0259lxalq T\u00fcrk M\u0259d\u0259niyy\u0259ti v\u0259 \u0130rsi Fondunun prezidenti G\u00fcnay \u018ff\u0259ndiyeva t\u00fcrk d\u00fcnyas\u0131n\u0131 birl\u0259\u015fdir\u0259n d\u0259y\u0259rl\u0259rin h\u0259r zaman qorunub saxlan\u0131lmas\u0131 v\u0259 inki\u015faf etdirilm\u0259si vacibliyini qeyd edib. O, t\u0259dbirin t\u00fcrk xalqlar\u0131n\u0131n \u0259n d\u0259y\u0259rli ortaq s\u0259rv\u0259ti olan t\u00fcrk dilini daha da inki\u015faf etdirm\u0259k, d\u00fcnyaya tan\u0131tmaq bax\u0131m\u0131ndan \u00f6n\u0259mini vur\u011fulay\u0131b. Bildirib ki, 130 il \u00f6nc\u0259 q\u0259dim t\u00fcrk \u0259lifbas\u0131n\u0131n oxunmas\u0131 t\u00fcrk xalqlar\u0131n\u0131n ortaq ke\u00e7mi\u015find\u0259n x\u0259b\u0259r verir v\u0259 bu, t\u00fcrkdilli xalqlar\u0131 birl\u0259\u015fdir\u0259n m\u0259n\u0259vi k\u00f6rp\u00fcd\u00fcr.\n\nG\u00fcnay \u018ff\u0259ndiyeva \u00e7\u0131x\u0131\u015f\u0131n\u0131n sonunda t\u00fcrk yaz\u0131l\u0131 abid\u0259l\u0259ri il\u0259 ba\u011fl\u0131 s\u0259rginin t\u0259\u015fkil olunaca\u011f\u0131n\u0131 da diqq\u0259t\u0259 \u00e7atd\u0131r\u0131b.\n\nT\u0259dbird\u0259 \u00e7\u0131x\u0131\u015f ed\u0259n AMEA-n\u0131n prezidenti, akademik \u0130sa H\u0259bibb\u0259yli konfrans\u0131n T\u00fcrk sivilizasiyas\u0131n\u0131n, m\u0259d\u0259niyy\u0259tinin v\u0259 tarixinin \u0259n m\u00fcxt\u0259lif istiqam\u0259tl\u0259r \u00fczr\u0259 t\u0259dqiq olunmas\u0131 v\u0259 i\u015f\u0131qland\u0131r\u0131lmas\u0131, g\u0259l\u0259c\u0259k n\u0259sill\u0259r\u0259 \u00f6t\u00fcr\u00fclm\u0259si, qar\u015f\u0131da duran m\u0259s\u0259l\u0259l\u0259rin m\u00fc\u0259yy\u0259n olunmas\u0131 bax\u0131m\u0131ndan b\u00f6y\u00fck \u0259h\u0259miyy\u0259t\u0259 malik oldu\u011funu bildirib.\n\nT\u00fcrk d\u00fcnyas\u0131nda elm, t\u0259hsil, m\u0259d\u0259niyy\u0259t, \u0259d\u0259biyyat\u0131n t\u0259m\u0259lind\u0259 Orxon-Yenisey abid\u0259l\u0259rinin dayand\u0131\u011f\u0131n\u0131 diqq\u0259t\u0259 \u00e7atd\u0131ran AMEA r\u0259hb\u0259ri bu abid\u0259l\u0259rin t\u00fcrk d\u00fcnyas\u0131n\u0131n \u0259n m\u00fcq\u0259dd\u0259s, t\u00fcrk d\u00f6vl\u0259t\u00e7ilik tarixinin \u0259n m\u00f6ht\u0259\u015f\u0259m abid\u0259l\u0259rind\u0259n biri oldu\u011funu s\u00f6yl\u0259yib. O, t\u00fcrk xalqlar\u0131 n\u00fcmay\u0259nd\u0259l\u0259rinin Monqolustanda yerl\u0259\u015f\u0259n v\u0259 Orxon-Yenisey abid\u0259l\u0259rin\u0259 daxil olan Ongin, G\u00fcl-Tigin, Bilg\u0259 Xaqan, Tonyukuk v\u0259 dig\u0259r m\u00fcq\u0259dd\u0259s abid\u0259l\u0259ri ziyar\u0259t etm\u0259sinini \u00f6n\u0259mini vur\u011fulay\u0131b. Akademikin s\u00f6zl\u0259rin\u0259 g\u00f6r\u0259, Orxon-Yenisey abid\u0259l\u0259ri t\u0259kc\u0259 morfologiyas\u0131, leksikas\u0131 v\u0259 sintaksisin\u0259 g\u00f6r\u0259 deyil, h\u0259m d\u0259 m\u0259nas\u0131na, m\u0259zmununa, ideyas\u0131na g\u00f6r\u0259 d\u0259 olduqca d\u0259rin m\u0259zmuna malikdir.\n\nQ\u0259dim t\u00fcrk \u0259lifbas\u0131n\u0131n oxunmas\u0131n\u0131n 130 illiyin\u0259 h\u0259sr olunmu\u015f bug\u00fcnk\u00fc konfrans\u0131n Bak\u0131da ke\u00e7irilm\u0259sinin \u0259h\u0259miyy\u0259tin\u0259 toxunan akademik \u0130sa H\u0259bibb\u0259yli \u0259sas\u0131 xalq\u0131m\u0131z\u0131n \u00dcmummilli Lideri Heyd\u0259r \u018fliyev t\u0259r\u0259find\u0259n qoyulan v\u0259 Prezident \u0130lham \u018fliyev t\u0259r\u0259find\u0259n b\u00fct\u00fcn istiqam\u0259tl\u0259rd\u0259 inki\u015faf etdiril\u0259n d\u00f6vl\u0259t siyas\u0259ti n\u0259tic\u0259sind\u0259 \u00f6lk\u0259mizin bu kimi m\u00f6t\u0259b\u0259r t\u0259dbirl\u0259r\u0259 y\u00fcks\u0259k s\u0259viyy\u0259d\u0259 ev sahibliyi etm\u0259k \u00fc\u00e7\u00fcn b\u00fct\u00fcn imkanlara sahib oldu\u011funu vur\u011fulay\u0131b. Bildirib ki, Orxon-Yenisey abid\u0259l\u0259rinin x\u00fcsus\u0259n o\u011fuz t\u00fcrkl\u0259ri il\u0259 ba\u011fl\u0131 olmas\u0131, \u00f6lk\u0259mizin d\u00fc\u015fm\u0259n \u00fcz\u0259rind\u0259 b\u00f6y\u00fck Z\u0259f\u0259r qazanmas\u0131 v\u0259 Az\u0259rbaycan\u0131n b\u00fct\u00fcn d\u00fcnya \u00fczr\u0259 \u0259sas t\u00fcrkologiya m\u0259rk\u0259zl\u0259rind\u0259n biri olmas\u0131 bu t\u0259dbirin Az\u0259rbaycanda ke\u00e7irilm\u0259sin\u0259 s\u0259b\u0259b olan \u0259sas amill\u0259rd\u0259ndir.\n\n\u201cBu g\u00fcn t\u00fcrkoloji istiqam\u0259t Az\u0259rbaycan aliml\u0259rinin \u0259sas t\u0259dqiqat istiqam\u0259tl\u0259rind\u0259n birini t\u0259\u015fkil edir\u201d, &#8211; dey\u0259n AMEA r\u0259hb\u0259ri h\u0259l\u0259 sovet d\u00f6vr\u00fcnd\u0259 T\u00fcrk d\u00fcnyas\u0131 aliml\u0259rinin \u0259sasl\u0131 t\u0259dqiqatlarla \u00e7\u0131x\u0131\u015f etdikl\u0259ri \u201cT\u00fcrkologiya\u201d jurnal\u0131n\u0131n bu g\u00fcn d\u0259 Az\u0259rbaycanda f\u0259aliyy\u0259tini davam etdirdiyini diqq\u0259t\u0259 \u00e7atd\u0131r\u0131b.\n\nAkademik \u0130sa H\u0259bibb\u0259yli Az\u0259rbaycan\u0131n aliml\u0259rinin Orxon-Yenisey abid\u0259l\u0259rinin geni\u015f t\u0259dqiq olunmas\u0131nda b\u00f6y\u00fck rola malik oldu\u011funu qeyd ed\u0259r\u0259k, \u00f6lk\u0259mizin d\u00fcnya orxon\u015f\u00fcnasl\u0131\u011f\u0131na d\u0259y\u0259rli t\u00f6hf\u0259l\u0259r verdiyini vur\u011fulay\u0131b. O, t\u00fcrk yaz\u0131 m\u0259d\u0259niyy\u0259tinin \u00f6yr\u0259nilm\u0259sind\u0259 akademikl\u0259r \u2013 Tofiq Hac\u0131yev, Nizami C\u0259f\u0259rov, professor F\u0259rhad Zeynalov x\u00fcsusi xidm\u0259tl\u0259ri oldu\u011funu diqq\u0259t\u0259 \u00e7atd\u0131r\u0131b.\n\nT\u0259dbird\u0259 T\u00fcrkiy\u0259 Respublikas\u0131n\u0131n UNESCO \u00fczr\u0259 Milli Komissiyas\u0131n\u0131n s\u0259dri \u00d6cal O\u011fuz, Az\u0259rbaycan Respublikas\u0131n\u0131n UNESCO \u00fczr\u0259 Milli Komissiyas\u0131n\u0131n ba\u015f katibi Seymur F\u0259t\u0259liyev, T\u00fcrk D\u00f6vl\u0259tl\u0259ri T\u0259\u015fkilat\u0131n\u0131n A\u011fsaqqallar \u015euras\u0131n\u0131n \u00fczv\u00fc H\u0259s\u0259n H\u0259s\u0259nov v\u0259 ba\u015fqalar\u0131 konfrans\u0131n t\u00fcrk xalqlar\u0131n\u0131n yaz\u0131 m\u0259d\u0259niyy\u0259tinin, onun b\u0259\u015f\u0259r sivilizasiyas\u0131nda yerinin t\u0259bli\u011f edilm\u0259si v\u0259 g\u0259l\u0259c\u0259k t\u0259dqiqat prioritetl\u0259rinin m\u00fc\u0259yy\u0259n edilm\u0259si bax\u0131m\u0131ndan \u00f6n\u0259mini qeyd edibl\u0259r.\n\nBeyn\u0259lxalq konfrans plenar iclaslarla davam edib.<\/p>\t\t\t\t\t<\/div>\n\t\t\t\t\t\t<\/div>\n\t\t\t\t<\/div>\n\t\t\t\t\t\t<\/div>\n\t\t\t\t\t<\/div>\n\t\t<\/div>\n\t\t\t\t\t\t\t\t<\/div>\n\t\t\t\t\t<\/div>\n\t\t<\/section>\n\t\t\t\t\t\t<\/div>\n\t\t\t\t\t\t<\/div>\n\t\t\t\t\t<\/div>","protected":false},"excerpt":{"rendered":"<p>\u0130yunun 16-da Az\u0259rbaycan Respublikas\u0131n\u0131n Prezidenti yan\u0131nda D\u00f6vl\u0259t \u0130dar\u0259\u00e7ilik Akademiyas\u0131nda q\u0259dim t\u00fcrk \u0259lifbas\u0131n\u0131n oxunmas\u0131n\u0131n 130 illiyin\u0259 h\u0259sr olunmu\u015f \u201cQ\u0259dim t\u00fcrk yaz\u0131 m\u0259d\u0259niyy\u0259ti\u201d adl\u0131 beyn\u0259lxalq konfrans ke\u00e7irilib.<\/p>","protected":false},"author":2,"featured_media":20448,"comment_status":"closed","ping_status":"closed","sticky":false,"template":"","format":"standard","meta":[],"categories":[137],"tags":[],"_links":{"self":[{"href":"https:\/\/legacy.dia.edu.az\/ru\/wp-json\/wp\/v2\/posts\/20447"}],"collection":[{"href":"https:\/\/legacy.dia.edu.az\/ru\/wp-json\/wp\/v2\/posts"}],"about":[{"href":"https:\/\/legacy.dia.edu.az\/ru\/wp-json\/wp\/v2\/types\/post"}],"author":[{"embeddable":true,"href":"https:\/\/legacy.dia.edu.az\/ru\/wp-json\/wp\/v2\/users\/2"}],"replies":[{"embeddable":true,"href":"https:\/\/legacy.dia.edu.az\/ru\/wp-json\/wp\/v2\/comments?post=20447"}],"version-history":[{"count":5,"href":"https:\/\/legacy.dia.edu.az\/ru\/wp-json\/wp\/v2\/posts\/20447\/revisions"}],"predecessor-version":[{"id":21190,"href":"https:\/\/legacy.dia.edu.az\/ru\/wp-json\/wp\/v2\/posts\/20447\/revisions\/21190"}],"wp:featuredmedia":[{"embeddable":true,"href":"https:\/\/legacy.dia.edu.az\/ru\/wp-json\/wp\/v2\/media\/20448"}],"wp:attachment":[{"href":"https:\/\/legacy.dia.edu.az\/ru\/wp-json\/wp\/v2\/media?parent=20447"}],"wp:term":[{"taxonomy":"category","embeddable":true,"href":"https:\/\/legacy.dia.edu.az\/ru\/wp-json\/wp\/v2\/categories?post=20447"},{"taxonomy":"post_tag","embeddable":true,"href":"https:\/\/legacy.dia.edu.az\/ru\/wp-json\/wp\/v2\/tags?post=20447"}],"curies":[{"name":"wp","href":"https:\/\/api.w.org\/{rel}","templated":true}]}}