{"id":20344,"date":"2023-06-08T13:30:06","date_gmt":"2023-06-08T09:30:06","guid":{"rendered":"https:\/\/dia.edu.az\/?p=20344"},"modified":"2024-02-22T14:53:19","modified_gmt":"2024-02-22T10:53:19","slug":"idar%c9%99etm%c9%99-v%c9%99-iqtisadiyyatda-yeni-istiqam%c9%99tl%c9%99r-trendl%c9%99r-elmi-konfrans","status":"publish","type":"post","link":"https:\/\/legacy.dia.edu.az\/ru\/arxivl\u0259r\/20344","title":{"rendered":"\u0130dar\u0259etm\u0259 v\u0259 iqtisadiyyatda yeni istiqam\u0259tl\u0259r, trendl\u0259r &#8211;\u00a0elmi konfrans"},"content":{"rendered":"<div data-elementor-type=\"wp-post\" data-elementor-id=\"20344\" class=\"elementor elementor-20344\" data-elementor-settings=\"[]\">\n\t\t\t\t\t\t<div class=\"elementor-inner\">\n\t\t\t\t\t\t\t<div class=\"elementor-section-wrap\">\n\t\t\t\t\t\t\t<section class=\"elementor-section elementor-top-section elementor-element elementor-element-01b021b elementor-section-boxed elementor-section-height-default elementor-section-height-default\" data-id=\"01b021b\" data-element_type=\"section\">\n\t\t\t\t\t\t<div class=\"elementor-container elementor-column-gap-default\">\n\t\t\t\t\t\t\t<div class=\"elementor-row\">\n\t\t\t\t\t<div class=\"elementor-column elementor-col-100 elementor-top-column elementor-element elementor-element-15eac32\" data-id=\"15eac32\" data-element_type=\"column\">\n\t\t\t<div class=\"elementor-column-wrap elementor-element-populated\">\n\t\t\t\t\t\t\t<div class=\"elementor-widget-wrap\">\n\t\t\t\t\t\t<div class=\"elementor-element elementor-element-fe06ab6 elementor-widget elementor-widget-text-editor\" data-id=\"fe06ab6\" data-element_type=\"widget\" data-widget_type=\"text-editor.default\">\n\t\t\t\t<div class=\"elementor-widget-container\">\n\t\t\t\t\t\t\t\t<div class=\"elementor-text-editor elementor-clearfix\">\n\t\t\t\t\t\u0130dar\u0259etm\u0259 v\u0259 iqtisadiyyatda yeni istiqam\u0259tl\u0259r, trendl\u0259r &#8211; elmi konfrans\t\t\t\t\t<\/div>\n\t\t\t\t\t\t<\/div>\n\t\t\t\t<\/div>\n\t\t\t\t\t\t<\/div>\n\t\t\t\t\t<\/div>\n\t\t<\/div>\n\t\t\t\t\t\t\t\t<\/div>\n\t\t\t\t\t<\/div>\n\t\t<\/section>\n\t\t\t\t<section class=\"elementor-section elementor-top-section elementor-element elementor-element-0bf9266 elementor-section-boxed elementor-section-height-default elementor-section-height-default\" data-id=\"0bf9266\" data-element_type=\"section\">\n\t\t\t\t\t\t<div class=\"elementor-container elementor-column-gap-default\">\n\t\t\t\t\t\t\t<div class=\"elementor-row\">\n\t\t\t\t\t<div class=\"elementor-column elementor-col-100 elementor-top-column elementor-element elementor-element-e16f36f\" data-id=\"e16f36f\" data-element_type=\"column\">\n\t\t\t<div class=\"elementor-column-wrap elementor-element-populated\">\n\t\t\t\t\t\t\t<div class=\"elementor-widget-wrap\">\n\t\t\t\t\t\t<div class=\"elementor-element elementor-element-c70f6f6 elementor-widget elementor-widget-text-editor\" data-id=\"c70f6f6\" data-element_type=\"widget\" data-widget_type=\"text-editor.default\">\n\t\t\t\t<div class=\"elementor-widget-container\">\n\t\t\t\t\t\t\t\t<div class=\"elementor-text-editor elementor-clearfix\">\n\t\t\t\t\t<p><p style=\"text-align: center;\"><span style=\"color: #800000;\"><a style=\"color: #800000;\" href=\"https:\/\/dia.edu.az\/wp-content\/uploads\/2024\/02\/07-iyun-2023-KONFRANS-PROQ..pdf\"><strong>Respublika Elmi-Praktiki Konfrans\u0131n<\/strong><\/a><\/span><\/p>\n<p style=\"text-align: center;\"><span style=\"color: #800000;\"><a style=\"color: #800000;\" href=\"https:\/\/dia.edu.az\/wp-content\/uploads\/2024\/02\/07-iyun-2023-KONFRANS-PROQ..pdf\"><strong>PROQRAMI<\/strong><\/a><\/span><\/p><\/p>\t\t\t\t\t<\/div>\n\t\t\t\t\t\t<\/div>\n\t\t\t\t<\/div>\n\t\t\t\t\t\t<\/div>\n\t\t\t\t\t<\/div>\n\t\t<\/div>\n\t\t\t\t\t\t\t\t<\/div>\n\t\t\t\t\t<\/div>\n\t\t<\/section>\n\t\t\t\t<section class=\"elementor-section elementor-top-section elementor-element elementor-element-e09a077 elementor-section-boxed elementor-section-height-default elementor-section-height-default\" data-id=\"e09a077\" data-element_type=\"section\">\n\t\t\t\t\t\t<div class=\"elementor-container elementor-column-gap-default\">\n\t\t\t\t\t\t\t<div class=\"elementor-row\">\n\t\t\t\t\t<div class=\"elementor-column elementor-col-50 elementor-top-column elementor-element elementor-element-5bb591e\" data-id=\"5bb591e\" data-element_type=\"column\">\n\t\t\t<div class=\"elementor-column-wrap elementor-element-populated\">\n\t\t\t\t\t\t\t<div class=\"elementor-widget-wrap\">\n\t\t\t\t\t\t<div class=\"elementor-element elementor-element-e605def elementor-widget elementor-widget-image\" data-id=\"e605def\" data-element_type=\"widget\" data-widget_type=\"image.default\">\n\t\t\t\t<div class=\"elementor-widget-container\">\n\t\t\t\t\t\t\t\t<div class=\"elementor-image\">\n\t\t\t\t\t\t\t\t\t\t\t\t<img width=\"213\" height=\"567\" src=\"https:\/\/legacy.dia.edu.az\/wp-content\/uploads\/2023\/06\/1qaz.jpg\" class=\"attachment-2048x2048 size-2048x2048\" alt=\"\" srcset=\"https:\/\/legacy.dia.edu.az\/wp-content\/uploads\/2023\/06\/1qaz.jpg 213w, https:\/\/legacy.dia.edu.az\/wp-content\/uploads\/2023\/06\/1qaz-75x200.jpg 75w, https:\/\/legacy.dia.edu.az\/wp-content\/uploads\/2023\/06\/1qaz-169x450.jpg 169w, https:\/\/legacy.dia.edu.az\/wp-content\/uploads\/2023\/06\/1qaz-5x12.jpg 5w, https:\/\/legacy.dia.edu.az\/wp-content\/uploads\/2023\/06\/1qaz-75x200@2x.jpg 150w\" sizes=\"(max-width: 213px) 100vw, 213px\" \/>\t\t\t\t\t\t\t\t\t\t\t\t\t\t<\/div>\n\t\t\t\t\t\t<\/div>\n\t\t\t\t<\/div>\n\t\t\t\t\t\t<\/div>\n\t\t\t\t\t<\/div>\n\t\t<\/div>\n\t\t\t\t<div class=\"elementor-column elementor-col-50 elementor-top-column elementor-element elementor-element-c661f5a\" data-id=\"c661f5a\" data-element_type=\"column\">\n\t\t\t<div class=\"elementor-column-wrap elementor-element-populated\">\n\t\t\t\t\t\t\t<div class=\"elementor-widget-wrap\">\n\t\t\t\t\t\t<div class=\"elementor-element elementor-element-d2d2017 elementor-widget elementor-widget-text-editor\" data-id=\"d2d2017\" data-element_type=\"widget\" data-widget_type=\"text-editor.default\">\n\t\t\t\t<div class=\"elementor-widget-container\">\n\t\t\t\t\t\t\t\t<div class=\"elementor-text-editor elementor-clearfix\">\n\t\t\t\t\tAz\u0259rbaycan Respublikas\u0131n\u0131n Prezidenti yan\u0131nda D\u00f6vl\u0259t \u0130dar\u0259\u00e7ilik Akademiyas\u0131nda (D\u0130A) \u00dcmummilli Lider Heyd\u0259r \u018fliyevin 100 illik yubileyin\u0259 h\u0259sr olunmu\u015f \u201c\u0130dar\u0259etm\u0259 v\u0259 \u0130qtisadiyyatda yeni istiqam\u0259tl\u0259r, trendl\u0259r\u201d m\u00f6vzusunda elmi konfrans ke\u00e7irilib.\t\t\t\t\t<\/div>\n\t\t\t\t\t\t<\/div>\n\t\t\t\t<\/div>\n\t\t\t\t\t\t<\/div>\n\t\t\t\t\t<\/div>\n\t\t<\/div>\n\t\t\t\t\t\t\t\t<\/div>\n\t\t\t\t\t<\/div>\n\t\t<\/section>\n\t\t\t\t<section class=\"elementor-section elementor-top-section elementor-element elementor-element-27d701e elementor-section-boxed elementor-section-height-default elementor-section-height-default\" data-id=\"27d701e\" data-element_type=\"section\">\n\t\t\t\t\t\t<div class=\"elementor-container elementor-column-gap-default\">\n\t\t\t\t\t\t\t<div class=\"elementor-row\">\n\t\t\t\t\t<div class=\"elementor-column elementor-col-100 elementor-top-column elementor-element elementor-element-62ce3ca\" data-id=\"62ce3ca\" data-element_type=\"column\">\n\t\t\t<div class=\"elementor-column-wrap elementor-element-populated\">\n\t\t\t\t\t\t\t<div class=\"elementor-widget-wrap\">\n\t\t\t\t\t\t<div class=\"elementor-element elementor-element-c2e6e16 elementor-widget elementor-widget-text-editor\" data-id=\"c2e6e16\" data-element_type=\"widget\" data-widget_type=\"text-editor.default\">\n\t\t\t\t<div class=\"elementor-widget-container\">\n\t\t\t\t\t\t\t\t<div class=\"elementor-text-editor elementor-clearfix\">\n\t\t\t\t\t<p><p>\n\nKonfrans \u201cHeyd\u0259r \u018fliyev \u0130li\u201d \u00e7\u0259r\u00e7iv\u0259sind\u0259 t\u0259dbirl\u0259r plan\u0131na uy\u011fun olaraq t\u0259\u015fkil edilib.\n\nElmi konfransda D\u0130A-n\u0131n rektoru akademik Urxan \u018fl\u0259kb\u0259rov m\u0259ruz\u0259 il\u0259 \u00e7\u0131x\u0131\u015f edib.\n\nAkademik dahi \u015f\u0259xsiyy\u0259t Heyd\u0259r \u018fliyevin tarixi xidm\u0259tl\u0259rind\u0259n b\u0259hs ed\u0259r\u0259k, Ulu \u00d6nd\u0259rin hakimiyy\u0259t\u0259 qay\u0131d\u0131\u015f\u0131ndan sonra Az\u0259rbaycan d\u00f6vl\u0259t\u00e7iliyinin b\u00f6y\u00fck t\u0259hl\u00fck\u0259l\u0259rd\u0259n xilas oldu\u011funu, \u00f6lk\u0259nin ictimai-siyasi, sosial-iqtisadi v\u0259 elmi-m\u0259d\u0259ni h\u0259yat\u0131nda \u0259sasl\u0131 d\u00f6n\u00fc\u015f\u00fcn yarand\u0131\u011f\u0131n\u0131 qeyd edib. O, \u00f6lk\u0259mizd\u0259 qazan\u0131lan u\u011furlar\u0131n dahi r\u0259hb\u0259r Heyd\u0259r \u018fliyev siyas\u0259tinin b\u0259hr\u0259si oldu\u011funu deyib. U.\u018fl\u0259kb\u0259rov \u00dcmummilli Lider t\u0259r\u0259find\u0259n m\u00fc\u0259yy\u0259nl\u0259\u015fdirilmi\u015f v\u0259 Prezident \u0130lham \u018fliyevin u\u011furla davam etdirdiyi inki\u015faf strategiyas\u0131 say\u0259sind\u0259 Az\u0259rbaycan\u0131n qazand\u0131\u011f\u0131 nailiyy\u0259tl\u0259r\u0259 diqq\u0259t \u00e7\u0259kib. O, Prezident \u0130lham \u018fliyev t\u0259r\u0259find\u0259n t\u0259tbiq edilmi\u015f yeni d\u00f6vl\u0259t idar\u0259\u00e7iliyi texnologiyalar\u0131n\u0131n Az\u0259rbaycan\u0131n davaml\u0131 inkl\u00fcziv inki\u015faf\u0131 namin\u0259 resurslardan s\u0259m\u0259r\u0259li istifad\u0259 sah\u0259sind\u0259 regional v\u0259 qlobal lider\u0259 \u00e7evrilm\u0259sin\u0259 g\u0259tirib \u00e7\u0131xard\u0131\u011f\u0131n\u0131 x\u00fcsusi vur\u011fulay\u0131b. Eyni zamanda, Az\u0259rbaycanda t\u0259tbiq edil\u0259n innovativ idar\u0259\u00e7ilik texnologiyalar\u0131 kompleksinin y\u00fcks\u0259k s\u0259m\u0259r\u0259liliyinin BMT T\u0259hl\u00fck\u0259sizlik \u015euras\u0131n\u0131n 4 q\u0259tnam\u0259sinin u\u011furla yerin\u0259 yetirilm\u0259sind\u0259 v\u0259 torpaqlar\u0131m\u0131z\u0131n i\u015f\u011faldan azad edilm\u0259sind\u0259 t\u0259sdiqini tapd\u0131\u011f\u0131n\u0131 bildirib. V\u0259t\u0259n m\u00fcharib\u0259sind\u0259 b\u00f6y\u00fck Z\u0259f\u0259rin 44 g\u00fcn\u0259 qazan\u0131lmas\u0131n\u0131 v\u0259 Az\u0259rbaycan\u0131n \u0259razi b\u00fct\u00f6vl\u00fcy\u00fcn\u00fcn tam b\u0259rpas\u0131n\u0131 d\u00f6vl\u0259timizin ba\u015f\u00e7\u0131s\u0131n\u0131n innovativ inki\u015faf strategiyas\u0131n\u0131n t\u0259nt\u0259n\u0259li yekunu kimi d\u0259y\u0259rl\u0259ndirib.\n\nRektor Az\u0259rbaycan Respublikas\u0131n\u0131n b\u00fct\u00fcn d\u00fcnya \u00fc\u00e7\u00fcn prioritet kimi q\u0259bul edil\u0259n davaml\u0131 inkl\u00fcziv inki\u015faf siyas\u0259tini s\u0259m\u0259r\u0259li \u015f\u0259kild\u0259 realla\u015fd\u0131ran lider \u00f6lk\u0259 oldu\u011funu bildirib. Diqq\u0259t\u0259 \u00e7atd\u0131r\u0131l\u0131b ki, m\u0259hdud maliyy\u0259 imkanlar\u0131 \u015f\u0259raitind\u0259 Az\u0259rbaycan\u0131n inkl\u00fcziv inki\u015faf\u0131 indeksinin daha inki\u015faf etmi\u015f \u00f6lk\u0259l\u0259rd\u0259kind\u0259n y\u00fcks\u0259k olmas\u0131 respublikan\u0131n iqtisadi potensial\u0131n\u0131n h\u0259rt\u0259r\u0259fli inki\u015faf\u0131 v\u0259 \u0259halinin rifah\u0131n\u0131n y\u00fcks\u0259ldilm\u0259si \u00fc\u00e7\u00fcn daha s\u0259m\u0259r\u0259li istifad\u0259sinin beyn\u0259lxalq t\u0259sdiqidir. \u0130nkl\u00fcziv inki\u015faf sah\u0259sind\u0259 Az\u0259rbaycan Respublikas\u0131n\u0131n y\u00fcks\u0259k g\u00f6st\u0259ricil\u0259r \u0259ld\u0259 etm\u0259si v\u0259 sosial siyas\u0259tin realla\u015fd\u0131r\u0131lmas\u0131 bax\u0131m\u0131ndan d\u00fcnya liderin\u0259 \u00e7evrilm\u0259sind\u0259 \u00f6lk\u0259nin Birinci vitse-prezidenti Mehriban \u018fliyevan\u0131n m\u00fcst\u0259sna xidm\u0259tl\u0259ri var. Rektor m\u00fcst\u0259qil v\u0259 suveren Az\u0259rbaycan d\u00f6vl\u0259tinin keyfiyy\u0259tc\u0259 yeni olan v\u0259 2021\u20122030-cu ill\u0259ri \u0259hat\u0259 ed\u0259n strateji m\u0259rh\u0259l\u0259y\u0259 daxil oldu\u011funu qeyd ed\u0259r\u0259k, inkl\u00fcziv c\u0259miyy\u0259tin qurulmas\u0131 prosesinin \u00f6lk\u0259nin 2030-cu il \u00fc\u00e7\u00fcn planla\u015fd\u0131r\u0131lm\u0131\u015f \u0259sas prioritetl\u0259ri s\u0131ras\u0131nda oldu\u011funu qeyd edib. O, beyn\u0259lxalq t\u0259\u015fkilatlar\u0131n hesabatlar\u0131na \u0259saslanaraq \u00f6lk\u0259nin \u0259razi b\u00fct\u00f6vl\u00fcy\u00fcn\u00fcn b\u0259rpas\u0131 il\u0259 s\u0259ciyy\u0259l\u0259n\u0259n bu yeni strateji d\u00f6vrd\u0259 Az\u0259rbaycan Respublikas\u0131n\u0131n b\u00fct\u00fcn d\u00fcnya \u00fc\u00e7\u00fcn prioritet kimi q\u0259bul edil\u0259n inkl\u00fcziv inki\u015faf\u0131n planla\u015fd\u0131r\u0131lmas\u0131 v\u0259 idar\u0259edilm\u0259si sah\u0259sind\u0259ki u\u011furlar\u0131n\u0131 dinl\u0259yicil\u0259rin diqq\u0259tin\u0259 \u00e7atd\u0131r\u0131b. U.\u018fl\u0259kb\u0259rov m\u0259ruz\u0259sini i\u015f\u011faldan azad olunmu\u015f \u0259razil\u0259rd\u0259 apar\u0131lan quruculuq i\u015fl\u0259ri, m\u00fcst\u0259qillik d\u00f6vr\u00fcnd\u0259 qazan\u0131lan siyasi, iqtisadi, h\u0259rbi u\u011furlar, inkl\u00fcziv inki\u015faf\u0131n idar\u0259 edilm\u0259si sah\u0259sind\u0259 \u00f6lk\u0259nin \u0259ld\u0259 etdiyi nailiyy\u0259tl\u0259r bar\u0259d\u0259 geni\u015f elmi statistik t\u0259hlil\u0259 \u0259saslanan m\u0259lumatlarla yekunla\u015fd\u0131r\u0131b.\n\nDaha sonra D\u0130A-n\u0131n D\u00f6vl\u0259t idar\u0259etm\u0259si v\u0259 menecment kafedras\u0131n\u0131n m\u00fcdiri, professor Xatir\u0259 H\u00fcseynova, \u201c\u0130ntellektual sisteml\u0259rinin idar\u0259olunmas\u0131\u201d kafedras\u0131n\u0131n m\u00fcdiri dosent Elvin \u018fzizb\u0259yov, D\u00f6vl\u0259t idar\u0259\u00e7iliyind\u0259 informasiya texnologiyalar\u0131 kafedras\u0131n\u0131n m\u00fcdiri dosent El\u00e7in Abasov, Davaml\u0131 inki\u015faf\u0131n planla\u015fd\u0131r\u0131lmas\u0131 v\u0259 idar\u0259edilm\u0259si kafedras\u0131n\u0131n dosenti Nurid\u0259 Mustafayeva v\u0259 dig\u0259rl\u0259ri m\u0259ruz\u0259 il\u0259 \u00e7\u0131x\u0131\u015f edibl\u0259r.<\/p><\/p>\t\t\t\t\t<\/div>\n\t\t\t\t\t\t<\/div>\n\t\t\t\t<\/div>\n\t\t\t\t\t\t<\/div>\n\t\t\t\t\t<\/div>\n\t\t<\/div>\n\t\t\t\t\t\t\t\t<\/div>\n\t\t\t\t\t<\/div>\n\t\t<\/section>\n\t\t\t\t\t\t<\/div>\n\t\t\t\t\t\t<\/div>\n\t\t\t\t\t<\/div>","protected":false},"excerpt":{"rendered":"<p>\u0130dar\u0259etm\u0259 v\u0259 iqtisadiyyatda yeni istiqam\u0259tl\u0259r, trendl\u0259r &#8211; elmi konfrans Respublika Elmi-Praktiki Konfrans\u0131n PROQRAMI Az\u0259rbaycan Respublikas\u0131n\u0131n Prezidenti yan\u0131nda D\u00f6vl\u0259t \u0130dar\u0259\u00e7ilik Akademiyas\u0131nda (D\u0130A) \u00dcmummilli Lider Heyd\u0259r \u018fliyevin 100 illik yubileyin\u0259 h\u0259sr olunmu\u015f \u201c\u0130dar\u0259etm\u0259 v\u0259 \u0130qtisadiyyatda yeni istiqam\u0259tl\u0259r, trendl\u0259r\u201d m\u00f6vzusunda elmi konfrans ke\u00e7irilib. Konfrans \u201cHeyd\u0259r \u018fliyev \u0130li\u201d \u00e7\u0259r\u00e7iv\u0259sind\u0259 t\u0259dbirl\u0259r plan\u0131na uy\u011fun olaraq t\u0259\u015fkil edilib. Elmi konfransda D\u0130A-n\u0131n rektoru [&hellip;]<\/p>","protected":false},"author":2,"featured_media":20352,"comment_status":"closed","ping_status":"closed","sticky":false,"template":"","format":"standard","meta":[],"categories":[137],"tags":[],"_links":{"self":[{"href":"https:\/\/legacy.dia.edu.az\/ru\/wp-json\/wp\/v2\/posts\/20344"}],"collection":[{"href":"https:\/\/legacy.dia.edu.az\/ru\/wp-json\/wp\/v2\/posts"}],"about":[{"href":"https:\/\/legacy.dia.edu.az\/ru\/wp-json\/wp\/v2\/types\/post"}],"author":[{"embeddable":true,"href":"https:\/\/legacy.dia.edu.az\/ru\/wp-json\/wp\/v2\/users\/2"}],"replies":[{"embeddable":true,"href":"https:\/\/legacy.dia.edu.az\/ru\/wp-json\/wp\/v2\/comments?post=20344"}],"version-history":[{"count":9,"href":"https:\/\/legacy.dia.edu.az\/ru\/wp-json\/wp\/v2\/posts\/20344\/revisions"}],"predecessor-version":[{"id":22112,"href":"https:\/\/legacy.dia.edu.az\/ru\/wp-json\/wp\/v2\/posts\/20344\/revisions\/22112"}],"wp:featuredmedia":[{"embeddable":true,"href":"https:\/\/legacy.dia.edu.az\/ru\/wp-json\/wp\/v2\/media\/20352"}],"wp:attachment":[{"href":"https:\/\/legacy.dia.edu.az\/ru\/wp-json\/wp\/v2\/media?parent=20344"}],"wp:term":[{"taxonomy":"category","embeddable":true,"href":"https:\/\/legacy.dia.edu.az\/ru\/wp-json\/wp\/v2\/categories?post=20344"},{"taxonomy":"post_tag","embeddable":true,"href":"https:\/\/legacy.dia.edu.az\/ru\/wp-json\/wp\/v2\/tags?post=20344"}],"curies":[{"name":"wp","href":"https:\/\/api.w.org\/{rel}","templated":true}]}}