{"id":20248,"date":"2023-06-01T14:09:36","date_gmt":"2023-06-01T10:09:36","guid":{"rendered":"https:\/\/dia.edu.az\/?p=20248"},"modified":"2023-06-05T13:44:09","modified_gmt":"2023-06-05T09:44:09","slug":"umummilli-lider-heyd%c9%99r-%c9%99liyevin-100-illiyin%c9%99-h%c9%99sr-edilmis","status":"publish","type":"post","link":"https:\/\/legacy.dia.edu.az\/ru\/arxivl\u0259r\/20248","title":{"rendered":"\u00dcmummilli Lider Heyd\u0259r \u018fliyevin 100 illiyin\u0259 h\u0259sr edilmi\u015f elmi konfrans ke\u00e7irilib"},"content":{"rendered":"<div data-elementor-type=\"wp-post\" data-elementor-id=\"20248\" class=\"elementor elementor-20248\" data-elementor-settings=\"[]\">\n\t\t\t\t\t\t<div class=\"elementor-inner\">\n\t\t\t\t\t\t\t<div class=\"elementor-section-wrap\">\n\t\t\t\t\t\t\t<section class=\"elementor-section elementor-top-section elementor-element elementor-element-80c1b4a elementor-section-boxed elementor-section-height-default elementor-section-height-default\" data-id=\"80c1b4a\" data-element_type=\"section\">\n\t\t\t\t\t\t<div class=\"elementor-container elementor-column-gap-default\">\n\t\t\t\t\t\t\t<div class=\"elementor-row\">\n\t\t\t\t\t<div class=\"elementor-column elementor-col-100 elementor-top-column elementor-element elementor-element-4df26da\" data-id=\"4df26da\" data-element_type=\"column\">\n\t\t\t<div class=\"elementor-column-wrap elementor-element-populated\">\n\t\t\t\t\t\t\t<div class=\"elementor-widget-wrap\">\n\t\t\t\t\t\t<div class=\"elementor-element elementor-element-e417cef elementor-widget elementor-widget-text-editor\" data-id=\"e417cef\" data-element_type=\"widget\" data-widget_type=\"text-editor.default\">\n\t\t\t\t<div class=\"elementor-widget-container\">\n\t\t\t\t\t\t\t\t<div class=\"elementor-text-editor elementor-clearfix\">\n\t\t\t\t\t\u00dcmummilli Lider Heyd\u0259r \u018fliyevin 100 illiyin\u0259 h\u0259sr edilmi\u015f\nelmi konfrans ke\u00e7irilib  \n\t\t\t\t\t<\/div>\n\t\t\t\t\t\t<\/div>\n\t\t\t\t<\/div>\n\t\t\t\t\t\t<\/div>\n\t\t\t\t\t<\/div>\n\t\t<\/div>\n\t\t\t\t\t\t\t\t<\/div>\n\t\t\t\t\t<\/div>\n\t\t<\/section>\n\t\t\t\t<section class=\"elementor-section elementor-top-section elementor-element elementor-element-304b4e1 elementor-section-boxed elementor-section-height-default elementor-section-height-default\" data-id=\"304b4e1\" data-element_type=\"section\">\n\t\t\t\t\t\t<div class=\"elementor-container elementor-column-gap-default\">\n\t\t\t\t\t\t\t<div class=\"elementor-row\">\n\t\t\t\t\t<div class=\"elementor-column elementor-col-100 elementor-top-column elementor-element elementor-element-0bec1fd\" data-id=\"0bec1fd\" data-element_type=\"column\">\n\t\t\t<div class=\"elementor-column-wrap\">\n\t\t\t\t\t\t\t<div class=\"elementor-widget-wrap\">\n\t\t\t\t\t\t\t\t<\/div>\n\t\t\t\t\t<\/div>\n\t\t<\/div>\n\t\t\t\t\t\t\t\t<\/div>\n\t\t\t\t\t<\/div>\n\t\t<\/section>\n\t\t\t\t<section class=\"elementor-section elementor-top-section elementor-element elementor-element-10ee428 elementor-section-boxed elementor-section-height-default elementor-section-height-default\" data-id=\"10ee428\" data-element_type=\"section\">\n\t\t\t\t\t\t<div class=\"elementor-container elementor-column-gap-default\">\n\t\t\t\t\t\t\t<div class=\"elementor-row\">\n\t\t\t\t\t<div class=\"elementor-column elementor-col-100 elementor-top-column elementor-element elementor-element-2162cd1\" data-id=\"2162cd1\" data-element_type=\"column\">\n\t\t\t<div class=\"elementor-column-wrap elementor-element-populated\">\n\t\t\t\t\t\t\t<div class=\"elementor-widget-wrap\">\n\t\t\t\t\t\t<div class=\"elementor-element elementor-element-256c31a elementor-widget elementor-widget-text-editor\" data-id=\"256c31a\" data-element_type=\"widget\" data-widget_type=\"text-editor.default\">\n\t\t\t\t<div class=\"elementor-widget-container\">\n\t\t\t\t\t\t\t\t<div class=\"elementor-text-editor elementor-clearfix\">\n\t\t\t\t\t<p>Rusiyan\u0131n Sankt-Peterburq \u015f\u0259h\u0259rind\u0259 m\u00fcasir \u00dcmummilli Lider Heyd\u0259r \u018fliyevin anadan olmas\u0131n\u0131n 100 illiyin\u0259 h\u0259sr olunmu\u015f konfrans ke\u00e7irilib.\nAz\u0259rbaycan\u0131n Sankt-Peterburqdak\u0131 Ba\u015f konsullu\u011fu, Rusiya Xalq T\u0259s\u0259rr\u00fcfat\u0131 v\u0259 D\u00f6vl\u0259t \u0130dar\u0259\u00e7ilik Akademiyas\u0131 (RANEPA), Az\u0259rbaycan Respublikas\u0131n\u0131n Prezidenti yan\u0131nda D\u00f6vl\u0259t \u0130dar\u0259\u00e7ilik Akademiyas\u0131 v\u0259 Az\u0259rbaycan Humanitar \u018fm\u0259kda\u015fl\u0131q M\u0259rk\u0259zin\u0131n birg\u0259 t\u0259\u015fkilat\u00e7\u0131l\u0131\u011f\u0131 il\u0259 ba\u015f tutan t\u0259dbird\u0259 Az\u0259rbaycan Milli M\u0259clisinin, yerli d\u00f6vl\u0259t orqanlar\u0131n\u0131n v\u0259 ictimaiyy\u0259tinin n\u00fcmay\u0259nd\u0259l\u0259ri, Az\u0259rbaycan v\u0259 Rusiya diplomatlar\u0131, elm xadiml\u0259ri v\u0259 soyda\u015flar\u0131m\u0131z i\u015ftirak edibl\u0259r.\nXarici \u018flaq\u0259l\u0259r Komit\u0259si s\u0259drinin v\u0259zif\u0259sini icra ed\u0259n Arbi Abubakarov Sankt-Peterburq qubernatoru Aleksandr Beqlovun konfrans i\u015ftirak\u00e7\u0131lar\u0131na t\u0259brik m\u0259ktubunu oxuyub.\nAz\u0259rbaycan\u0131n Sankt-Peterburqdak\u0131 ba\u015f konsulu Sultan Qas\u0131mov konfransda \u00e7\u0131x\u0131\u015f ed\u0259r\u0259k Az\u0259rbaycan xalq\u0131n\u0131n \u00dcmummilli Lideri Heyd\u0259r \u018fliyevin \u00f6lk\u0259mizin tarixind\u0259 misilsiz rolundan b\u0259hs edib. Ba\u015f konsul Ulu \u00d6nd\u0259rin m\u00fcasir d\u00f6vrd\u0259 Az\u0259rbaycan-Rusiya m\u00fcnasib\u0259tl\u0259rinin formala\u015fmas\u0131 v\u0259 inki\u015faf\u0131nda dan\u0131lmaz xidm\u0259tl\u0259rini diqq\u0259t\u0259 \u00e7atd\u0131r\u0131b. Heyd\u0259r \u018fliyevin Sankt-Peterburqda xatir\u0259sinin h\u0259r zaman ehtiramla an\u0131ld\u0131\u011f\u0131n\u0131 qeyd ed\u0259n S.Qas\u0131mov xat\u0131rlad\u0131b ki, \u00dcmummilli Liderin ad\u0131 1949-1950-ci ill\u0259rd\u0259 t\u0259hsil ald\u0131\u011f\u0131 binadak\u0131 xatir\u0259 l\u00f6vh\u0259sind\u0259 \u0259b\u0259dil\u0259\u015fdirilib. Diplomat Ulu \u00d6nd\u0259rin daim xalq\u0131m\u0131z\u0131n rifah\u0131na, d\u00f6vl\u0259t\u00e7iliyimizin m\u00f6hk\u0259ml\u0259ndirilm\u0259sin\u0259 y\u00f6n\u0259lmi\u015f siyas\u0259tinin haz\u0131rda Prezident \u0130lham \u018fliyev t\u0259r\u0259find\u0259n u\u011furla davam etdirildiyini vur\u011fulay\u0131b.\nKonfransda RANEPA-n\u0131n Sankt-Peterburq filial\u0131n\u0131n direktoru Andrey Xlutkov, Rusiya Xarici \u0130\u015fl\u0259r Nazirliyinin Sankt-Peterburqdak\u0131 n\u00fcmay\u0259nd\u0259sinin m\u00fcavini \u0130qor Demyanenko, Az\u0259rbaycan Respublikas\u0131 D\u00f6vl\u0259t \u0130dar\u0259\u00e7ilik Akademiyas\u0131n\u0131n rektoru Urxan \u018fl\u0259kb\u0259rov, Az\u0259rbaycan Respublikas\u0131 Milli M\u0259clisinin deputat\u0131, Az\u0259rbaycandak\u0131 Rus \u0130cmas\u0131n\u0131n s\u0259dri Mixail Zabelin, \u201cM\u00fcasir D\u00f6vl\u0259t \u0130nki\u015faf\u0131 \u0130nstitutu&#8221; qeyri-kommersiya t\u0259\u015fkilat\u0131n\u0131n direktoru Dmitri Solonnikov \u00e7\u0131x\u0131\u015f ed\u0259r\u0259k \u00dcmummilli Lider Heyd\u0259r \u018fliyevin sovet d\u00f6n\u0259mind\u0259 v\u0259 Az\u0259rbaycan\u0131n m\u00fcst\u0259qilliyi d\u00f6vr\u00fcnd\u0259 ke\u00e7diyi h\u0259yat yolu v\u0259 siyasi f\u0259aliyy\u0259tind\u0259n b\u0259hs edib, Rusiya-Az\u0259rbaycan \u0259laq\u0259l\u0259rinin inki\u015faf\u0131na v\u0259 m\u00f6hk\u0259ml\u0259nm\u0259sin\u0259 verdiyi t\u00f6hf\u0259l\u0259rd\u0259n dan\u0131\u015f\u0131blar. \n<\/p>\t\t\t\t\t<\/div>\n\t\t\t\t\t\t<\/div>\n\t\t\t\t<\/div>\n\t\t\t\t<div class=\"elementor-element elementor-element-f4e2ec5 elementor-widget elementor-widget-rt-video\" data-id=\"f4e2ec5\" data-element_type=\"widget\" data-widget_type=\"rt-video.default\">\n\t\t\t\t<div class=\"elementor-widget-container\">\n\t\t\t<div class=\"rt-vc-video\">\n    <div class=\"rtin-item\">\n                    <h2 class=\"rtin-title rt-video-title\">Video Tour<\/h2>\n                            <p class=\"rtin-content\">Videoya ke\u00e7id^<\/p>\n                            <a class=\"rtin-btn rt-video-popup\" href=\"https:\/\/dia.edu.az\/wp-content\/uploads\/2023\/06\/MP4.mp4\"><i class=\"fas fa-play\" aria-hidden=\"true\"><\/i><\/a>\n            <\/div>\n<\/div>\t\t<\/div>\n\t\t\t\t<\/div>\n\t\t\t\t\t\t<\/div>\n\t\t\t\t\t<\/div>\n\t\t<\/div>\n\t\t\t\t\t\t\t\t<\/div>\n\t\t\t\t\t<\/div>\n\t\t<\/section>\n\t\t\t\t\t\t<\/div>\n\t\t\t\t\t\t<\/div>\n\t\t\t\t\t<\/div>","protected":false},"excerpt":{"rendered":"<p>\u00dcmummilli Lider Heyd\u0259r \u018fliyevin 100 illiyin\u0259 h\u0259sr edilmi\u015f elmi konfrans ke\u00e7irilib Rusiyan\u0131n Sankt-Peterburq \u015f\u0259h\u0259rind\u0259 m\u00fcasir \u00dcmummilli Lider Heyd\u0259r \u018fliyevin anadan olmas\u0131n\u0131n 100 illiyin\u0259 h\u0259sr olunmu\u015f konfrans ke\u00e7irilib. Az\u0259rbaycan\u0131n Sankt-Peterburqdak\u0131 Ba\u015f konsullu\u011fu, Rusiya Xalq T\u0259s\u0259rr\u00fcfat\u0131 v\u0259 D\u00f6vl\u0259t \u0130dar\u0259\u00e7ilik Akademiyas\u0131 (RANEPA), Az\u0259rbaycan Respublikas\u0131n\u0131n Prezidenti yan\u0131nda D\u00f6vl\u0259t \u0130dar\u0259\u00e7ilik Akademiyas\u0131 v\u0259 Az\u0259rbaycan Humanitar \u018fm\u0259kda\u015fl\u0131q M\u0259rk\u0259zin\u0131n birg\u0259 t\u0259\u015fkilat\u00e7\u0131l\u0131\u011f\u0131 il\u0259 ba\u015f [&hellip;]<\/p>","protected":false},"author":2,"featured_media":20249,"comment_status":"closed","ping_status":"closed","sticky":false,"template":"","format":"standard","meta":[],"categories":[137],"tags":[],"_links":{"self":[{"href":"https:\/\/legacy.dia.edu.az\/ru\/wp-json\/wp\/v2\/posts\/20248"}],"collection":[{"href":"https:\/\/legacy.dia.edu.az\/ru\/wp-json\/wp\/v2\/posts"}],"about":[{"href":"https:\/\/legacy.dia.edu.az\/ru\/wp-json\/wp\/v2\/types\/post"}],"author":[{"embeddable":true,"href":"https:\/\/legacy.dia.edu.az\/ru\/wp-json\/wp\/v2\/users\/2"}],"replies":[{"embeddable":true,"href":"https:\/\/legacy.dia.edu.az\/ru\/wp-json\/wp\/v2\/comments?post=20248"}],"version-history":[{"count":33,"href":"https:\/\/legacy.dia.edu.az\/ru\/wp-json\/wp\/v2\/posts\/20248\/revisions"}],"predecessor-version":[{"id":20321,"href":"https:\/\/legacy.dia.edu.az\/ru\/wp-json\/wp\/v2\/posts\/20248\/revisions\/20321"}],"wp:featuredmedia":[{"embeddable":true,"href":"https:\/\/legacy.dia.edu.az\/ru\/wp-json\/wp\/v2\/media\/20249"}],"wp:attachment":[{"href":"https:\/\/legacy.dia.edu.az\/ru\/wp-json\/wp\/v2\/media?parent=20248"}],"wp:term":[{"taxonomy":"category","embeddable":true,"href":"https:\/\/legacy.dia.edu.az\/ru\/wp-json\/wp\/v2\/categories?post=20248"},{"taxonomy":"post_tag","embeddable":true,"href":"https:\/\/legacy.dia.edu.az\/ru\/wp-json\/wp\/v2\/tags?post=20248"}],"curies":[{"name":"wp","href":"https:\/\/api.w.org\/{rel}","templated":true}]}}