{"id":20203,"date":"2023-05-26T11:26:00","date_gmt":"2023-05-26T07:26:00","guid":{"rendered":"https:\/\/dia.edu.az\/?p=20203"},"modified":"2023-05-30T11:35:11","modified_gmt":"2023-05-30T07:35:11","slug":"dovl%c9%99t-idar%c9%99cilik-akademiyasinda-28-may-must%c9%99qillik-gunun%c9%99-h%c9%99sr-edilmis-elmi-konfrans","status":"publish","type":"post","link":"https:\/\/legacy.dia.edu.az\/ru\/arxivl\u0259r\/20203","title":{"rendered":"D\u00f6vl\u0259t \u0130dar\u0259\u00e7ilik Akademiyas\u0131nda 28 May \u2013 M\u00fcst\u0259qillik G\u00fcn\u00fcn\u0259 h\u0259sr edilmi\u015f elmi konfrans"},"content":{"rendered":"<div data-elementor-type=\"wp-post\" data-elementor-id=\"20203\" class=\"elementor elementor-20203\" data-elementor-settings=\"[]\">\n\t\t\t\t\t\t<div class=\"elementor-inner\">\n\t\t\t\t\t\t\t<div class=\"elementor-section-wrap\">\n\t\t\t\t\t\t\t<section class=\"elementor-section elementor-top-section elementor-element elementor-element-10c7e01 elementor-section-boxed elementor-section-height-default elementor-section-height-default\" data-id=\"10c7e01\" data-element_type=\"section\">\n\t\t\t\t\t\t<div class=\"elementor-container elementor-column-gap-default\">\n\t\t\t\t\t\t\t<div class=\"elementor-row\">\n\t\t\t\t\t<div class=\"elementor-column elementor-col-100 elementor-top-column elementor-element elementor-element-bd82732\" data-id=\"bd82732\" data-element_type=\"column\">\n\t\t\t<div class=\"elementor-column-wrap elementor-element-populated\">\n\t\t\t\t\t\t\t<div class=\"elementor-widget-wrap\">\n\t\t\t\t\t\t<div class=\"elementor-element elementor-element-25f5fa6 elementor-widget elementor-widget-text-editor\" data-id=\"25f5fa6\" data-element_type=\"widget\" data-widget_type=\"text-editor.default\">\n\t\t\t\t<div class=\"elementor-widget-container\">\n\t\t\t\t\t\t\t\t<div class=\"elementor-text-editor elementor-clearfix\">\n\t\t\t\t\tD\u00f6vl\u0259t \u0130dar\u0259\u00e7ilik Akademiyas\u0131nda 28 May \u2013 M\u00fcst\u0259qillik G\u00fcn\u00fcn\u0259 h\u0259sr edilmi\u015f elmi konfrans\t\t\t\t\t<\/div>\n\t\t\t\t\t\t<\/div>\n\t\t\t\t<\/div>\n\t\t\t\t\t\t<\/div>\n\t\t\t\t\t<\/div>\n\t\t<\/div>\n\t\t\t\t\t\t\t\t<\/div>\n\t\t\t\t\t<\/div>\n\t\t<\/section>\n\t\t\t\t<section class=\"elementor-section elementor-top-section elementor-element elementor-element-b0ecb86 elementor-section-boxed elementor-section-height-default elementor-section-height-default\" data-id=\"b0ecb86\" data-element_type=\"section\">\n\t\t\t\t\t\t<div class=\"elementor-container elementor-column-gap-default\">\n\t\t\t\t\t\t\t<div class=\"elementor-row\">\n\t\t\t\t\t<div class=\"elementor-column elementor-col-100 elementor-top-column elementor-element elementor-element-68c7a54\" data-id=\"68c7a54\" data-element_type=\"column\">\n\t\t\t<div class=\"elementor-column-wrap elementor-element-populated\">\n\t\t\t\t\t\t\t<div class=\"elementor-widget-wrap\">\n\t\t\t\t\t\t<div class=\"elementor-element elementor-element-8209b4a elementor-position-top elementor-vertical-align-top elementor-widget elementor-widget-image-box\" data-id=\"8209b4a\" data-element_type=\"widget\" data-widget_type=\"image-box.default\">\n\t\t\t\t<div class=\"elementor-widget-container\">\n\t\t\t<div class=\"elementor-image-box-wrapper\"><figure class=\"elementor-image-box-img\"><a href=\"https:\/\/dia.edu.az\/wp-content\/uploads\/2023\/05\/30.05.jpg\"><img width=\"1000\" height=\"662\" src=\"https:\/\/legacy.dia.edu.az\/wp-content\/uploads\/2023\/05\/30.05.jpg\" class=\"attachment-full size-full\" alt=\"\" srcset=\"https:\/\/legacy.dia.edu.az\/wp-content\/uploads\/2023\/05\/30.05.jpg 1000w, https:\/\/legacy.dia.edu.az\/wp-content\/uploads\/2023\/05\/30.05-200x132.jpg 200w, https:\/\/legacy.dia.edu.az\/wp-content\/uploads\/2023\/05\/30.05-450x298.jpg 450w, https:\/\/legacy.dia.edu.az\/wp-content\/uploads\/2023\/05\/30.05-18x12.jpg 18w, https:\/\/legacy.dia.edu.az\/wp-content\/uploads\/2023\/05\/30.05-150x100.jpg 150w, https:\/\/legacy.dia.edu.az\/wp-content\/uploads\/2023\/05\/30.05-200x132@2x.jpg 400w, https:\/\/legacy.dia.edu.az\/wp-content\/uploads\/2023\/05\/30.05-450x298@2x.jpg 900w\" sizes=\"(max-width: 1000px) 100vw, 1000px\" \/><\/a><\/figure><div class=\"elementor-image-box-content\"><h3 class=\"elementor-image-box-title\"><a href=\"https:\/\/dia.edu.az\/wp-content\/uploads\/2023\/05\/30.05.jpg\">This is the heading<\/a><\/h3><p class=\"elementor-image-box-description\">Az\u0259rbaycan Respublikas\u0131n\u0131n Prezidenti yan\u0131nda D\u00f6vl\u0259t \u0130dar\u0259\u00e7ilik Akademiyas\u0131nda (D\u0130A) 28 May \u2013 M\u00fcst\u0259qillik G\u00fcn\u00fcn\u0259 h\u0259sr edilmi\u015f elmi konfrans ke\u00e7irilib.\n\n\nT\u0259dbird\u0259 \u00e7\u0131x\u0131\u015f ed\u0259n D\u0130A-n\u0131n rektoru akademik Urxan \u018fl\u0259kb\u0259rov XX \u0259srin \u0259vv\u0259ll\u0259rind\u0259 olduqca m\u00fcr\u0259kk\u0259b \u015f\u0259raitd\u0259 m\u00fcs\u0259lman \u015e\u0259rqind\u0259 ilk demokratik respublikan\u0131n m\u0259hz Az\u0259rbaycanda yarad\u0131lmas\u0131n\u0131n \u0259h\u0259miyy\u0259tini vur\u011fulay\u0131b. Qeyd edilib ki, tarixin \u0259n \u00e7\u0259tin, \u0259n m\u00fcr\u0259kk\u0259b d\u00f6vr\u00fcnd\u0259 yaranan Az\u0259rbaycan Xalq C\u00fcmhuriyy\u0259ti demokratik \u0259n\u0259n\u0259l\u0259r\u0259 malik idi. C\u00fcmhuriyy\u0259tin yaranmas\u0131 tarixi bir hadis\u0259 idi. Az\u0259rbaycan Xalq C\u00fcmhuriyy\u0259ti d\u00fcnya tarixind\u0259 \u00f6z demokratikliyi il\u0259 se\u00e7ilirdi.\n\nRektor vur\u011fulay\u0131b ki, \u00dcmummilli Lider Heyd\u0259r \u018fliyev Az\u0259rbaycan Xalq C\u00fcmhuriyy\u0259tinin tarixin\u0259, \u00f6lk\u0259mizl\u0259 ba\u011fl\u0131 h\u0259qiq\u0259tl\u0259rin a\u015fkara \u00e7\u0131xar\u0131lmas\u0131na v\u0259 d\u00fcnyaya \u00e7atd\u0131r\u0131lmas\u0131na h\u0259r zaman b\u00f6y\u00fck diqq\u0259t g\u00f6st\u0259rib.\n\nRektor Az\u0259rbaycan Prezidenti \u0130lham \u018fliyevin S\u0259r\u0259ncam\u0131 il\u0259 2018-ci ilin \u00f6lk\u0259mizd\u0259 \u201cAz\u0259rbaycan Xalq C\u00fcmhuriyy\u0259ti \u0130li\u201d elan edildiyini xat\u0131rlad\u0131b.\n\nKonfransda Tarix kafedras\u0131n\u0131n m\u00fcdiri, dosent Firdovsiyy\u0259 \u018fhm\u0259dova, \"Qaraba\u011f  \u0130rsini Ara\u015fd\u0131rma m\u0259rk\u0259zi\"nin r\u0259hb\u0259ri, professor El\u00e7in \u018fhm\u0259dov v\u0259 dig\u0259r aliml\u0259r m\u0259ruz\u0259 il\u0259 \u00e7\u0131x\u0131\u015f edibl\u0259r. \u00c7\u0131x\u0131\u015flarda 1918-ci il may\u0131n 28-d\u0259 yarad\u0131lm\u0131\u015f Az\u0259rbaycan Xalq C\u00fcmhuriyy\u0259tinin z\u0259ngin d\u00f6vl\u0259t quruculu\u011fu t\u0259cr\u00fcb\u0259si il\u0259 milli d\u00f6vl\u0259t\u00e7ilik tariximizd\u0259 silinm\u0259z iz qoydu\u011fu bildirilib.<\/p><\/div><\/div>\t\t<\/div>\n\t\t\t\t<\/div>\n\t\t\t\t\t\t<\/div>\n\t\t\t\t\t<\/div>\n\t\t<\/div>\n\t\t\t\t\t\t\t\t<\/div>\n\t\t\t\t\t<\/div>\n\t\t<\/section>\n\t\t\t\t\t\t<\/div>\n\t\t\t\t\t\t<\/div>\n\t\t\t\t\t<\/div>","protected":false},"excerpt":{"rendered":"<p>D\u00f6vl\u0259t \u0130dar\u0259\u00e7ilik Akademiyas\u0131nda 28 May \u2013 M\u00fcst\u0259qillik G\u00fcn\u00fcn\u0259 h\u0259sr edilmi\u015f elmi konfrans This is the heading Az\u0259rbaycan Respublikas\u0131n\u0131n Prezidenti yan\u0131nda D\u00f6vl\u0259t \u0130dar\u0259\u00e7ilik Akademiyas\u0131nda (D\u0130A) 28 May \u2013 M\u00fcst\u0259qillik G\u00fcn\u00fcn\u0259 h\u0259sr edilmi\u015f elmi konfrans ke\u00e7irilib. T\u0259dbird\u0259 \u00e7\u0131x\u0131\u015f ed\u0259n D\u0130A-n\u0131n rektoru akademik Urxan \u018fl\u0259kb\u0259rov XX \u0259srin \u0259vv\u0259ll\u0259rind\u0259 olduqca m\u00fcr\u0259kk\u0259b \u015f\u0259raitd\u0259 m\u00fcs\u0259lman \u015e\u0259rqind\u0259 ilk demokratik respublikan\u0131n m\u0259hz Az\u0259rbaycanda [&hellip;]<\/p>","protected":false},"author":2,"featured_media":20206,"comment_status":"closed","ping_status":"closed","sticky":false,"template":"","format":"standard","meta":[],"categories":[137],"tags":[],"_links":{"self":[{"href":"https:\/\/legacy.dia.edu.az\/ru\/wp-json\/wp\/v2\/posts\/20203"}],"collection":[{"href":"https:\/\/legacy.dia.edu.az\/ru\/wp-json\/wp\/v2\/posts"}],"about":[{"href":"https:\/\/legacy.dia.edu.az\/ru\/wp-json\/wp\/v2\/types\/post"}],"author":[{"embeddable":true,"href":"https:\/\/legacy.dia.edu.az\/ru\/wp-json\/wp\/v2\/users\/2"}],"replies":[{"embeddable":true,"href":"https:\/\/legacy.dia.edu.az\/ru\/wp-json\/wp\/v2\/comments?post=20203"}],"version-history":[{"count":17,"href":"https:\/\/legacy.dia.edu.az\/ru\/wp-json\/wp\/v2\/posts\/20203\/revisions"}],"predecessor-version":[{"id":20222,"href":"https:\/\/legacy.dia.edu.az\/ru\/wp-json\/wp\/v2\/posts\/20203\/revisions\/20222"}],"wp:featuredmedia":[{"embeddable":true,"href":"https:\/\/legacy.dia.edu.az\/ru\/wp-json\/wp\/v2\/media\/20206"}],"wp:attachment":[{"href":"https:\/\/legacy.dia.edu.az\/ru\/wp-json\/wp\/v2\/media?parent=20203"}],"wp:term":[{"taxonomy":"category","embeddable":true,"href":"https:\/\/legacy.dia.edu.az\/ru\/wp-json\/wp\/v2\/categories?post=20203"},{"taxonomy":"post_tag","embeddable":true,"href":"https:\/\/legacy.dia.edu.az\/ru\/wp-json\/wp\/v2\/tags?post=20203"}],"curies":[{"name":"wp","href":"https:\/\/api.w.org\/{rel}","templated":true}]}}