{"id":20099,"date":"2023-05-17T10:46:31","date_gmt":"2023-05-17T06:46:31","guid":{"rendered":"https:\/\/dia.edu.az\/?p=20099"},"modified":"2023-05-23T09:45:54","modified_gmt":"2023-05-23T05:45:54","slug":"dovl%c9%99t-idar%c9%99cilik-akademiyasinin-professoru-elmi-konfransda-cixis-edib","status":"publish","type":"post","link":"https:\/\/legacy.dia.edu.az\/ru\/arxivl\u0259r\/20099","title":{"rendered":"D\u00f6vl\u0259t \u0130dar\u0259\u00e7ilik Akademiyas\u0131n\u0131n professoru elmi konfransda \u00e7\u0131x\u0131\u015f edib"},"content":{"rendered":"<div data-elementor-type=\"wp-post\" data-elementor-id=\"20099\" class=\"elementor elementor-20099\" data-elementor-settings=\"[]\">\n\t\t\t\t\t\t<div class=\"elementor-inner\">\n\t\t\t\t\t\t\t<div class=\"elementor-section-wrap\">\n\t\t\t\t\t\t\t<section class=\"elementor-section elementor-top-section elementor-element elementor-element-ec29cc5 elementor-section-boxed elementor-section-height-default elementor-section-height-default\" data-id=\"ec29cc5\" data-element_type=\"section\">\n\t\t\t\t\t\t<div class=\"elementor-container elementor-column-gap-default\">\n\t\t\t\t\t\t\t<div class=\"elementor-row\">\n\t\t\t\t\t<div class=\"elementor-column elementor-col-100 elementor-top-column elementor-element elementor-element-b0f52d6\" data-id=\"b0f52d6\" data-element_type=\"column\">\n\t\t\t<div class=\"elementor-column-wrap elementor-element-populated\">\n\t\t\t\t\t\t\t<div class=\"elementor-widget-wrap\">\n\t\t\t\t\t\t<div class=\"elementor-element elementor-element-e23b34e elementor-widget elementor-widget-text-editor\" data-id=\"e23b34e\" data-element_type=\"widget\" data-widget_type=\"text-editor.default\">\n\t\t\t\t<div class=\"elementor-widget-container\">\n\t\t\t\t\t\t\t\t<div class=\"elementor-text-editor elementor-clearfix\">\n\t\t\t\t\tD\u00f6vl\u0259t \u0130dar\u0259\u00e7ilik Akademiyas\u0131n\u0131n professoru elmi konfransda \u00e7\u0131x\u0131\u015f edib\t\t\t\t\t<\/div>\n\t\t\t\t\t\t<\/div>\n\t\t\t\t<\/div>\n\t\t\t\t\t\t<\/div>\n\t\t\t\t\t<\/div>\n\t\t<\/div>\n\t\t\t\t\t\t\t\t<\/div>\n\t\t\t\t\t<\/div>\n\t\t<\/section>\n\t\t\t\t<section class=\"elementor-section elementor-top-section elementor-element elementor-element-d34a8b1 elementor-section-boxed elementor-section-height-default elementor-section-height-default\" data-id=\"d34a8b1\" data-element_type=\"section\">\n\t\t\t\t\t\t<div class=\"elementor-container elementor-column-gap-default\">\n\t\t\t\t\t\t\t<div class=\"elementor-row\">\n\t\t\t\t\t<div class=\"elementor-column elementor-col-100 elementor-top-column elementor-element elementor-element-aac4788\" data-id=\"aac4788\" data-element_type=\"column\">\n\t\t\t<div class=\"elementor-column-wrap elementor-element-populated\">\n\t\t\t\t\t\t\t<div class=\"elementor-widget-wrap\">\n\t\t\t\t\t\t<div class=\"elementor-element elementor-element-69d616a elementor-position-top elementor-vertical-align-top elementor-widget elementor-widget-image-box\" data-id=\"69d616a\" data-element_type=\"widget\" data-widget_type=\"image-box.default\">\n\t\t\t\t<div class=\"elementor-widget-container\">\n\t\t\t<div class=\"elementor-image-box-wrapper\"><figure class=\"elementor-image-box-img\"><a href=\"https:\/\/dia.edu.az\/wp-content\/uploads\/2023\/05\/171717.jpg\"><img width=\"450\" height=\"347\" src=\"https:\/\/legacy.dia.edu.az\/wp-content\/uploads\/2023\/05\/171717-450x347.jpg\" class=\"attachment-large size-large\" alt=\"\" srcset=\"https:\/\/legacy.dia.edu.az\/wp-content\/uploads\/2023\/05\/171717-450x347.jpg 450w, https:\/\/legacy.dia.edu.az\/wp-content\/uploads\/2023\/05\/171717-200x154.jpg 200w, https:\/\/legacy.dia.edu.az\/wp-content\/uploads\/2023\/05\/171717-16x12.jpg 16w, https:\/\/legacy.dia.edu.az\/wp-content\/uploads\/2023\/05\/171717-80x62.jpg 80w, https:\/\/legacy.dia.edu.az\/wp-content\/uploads\/2023\/05\/171717.jpg 960w, https:\/\/legacy.dia.edu.az\/wp-content\/uploads\/2023\/05\/171717-450x347@2x.jpg 900w, https:\/\/legacy.dia.edu.az\/wp-content\/uploads\/2023\/05\/171717-200x154@2x.jpg 400w\" sizes=\"(max-width: 450px) 100vw, 450px\" \/><\/a><\/figure><div class=\"elementor-image-box-content\"><h3 class=\"elementor-image-box-title\"><a href=\"https:\/\/dia.edu.az\/wp-content\/uploads\/2023\/05\/171717.jpg\">This is the heading<\/a><\/h3><p class=\"elementor-image-box-description\">1-3 may 2023-c\u00fc il tarixind\u0259 Bursa Uluda\u011f Universitetinin F\u0259n-\u018fd\u0259bi\u0307yyat fak\u00fclt\u0259sinin F\u0259ls\u0259f\u0259 b\u00f6l\u00fcm\u00fc, Az\u0259rbaycan\u0131n \u0130stanbuldak\u0131 ba\u015f konsulu\u011fu, AMEA F\u0259ls\u0259f\u0259 v\u0259 Sosiologiya \u0130nstitutunun Multikulturalizm v\u0259 tolerantl\u0131q f\u0259ls\u0259f\u0259si \u015f\u00f6b\u0259si, v\u0259 Bursa Dayan\u0131\u015fma D\u0259rn\u0259yinin birg\u0259 t\u0259\u015fkilat\u00e7\u0131l\u0131\u011f\u0131 il\u0259 Bursa \u015f\u0259h\u0259rind\u0259 beyn\u0259lxalq konfrans ke\u00e7irilib. T\u00fcrkiy\u0259 C\u00fcmhuriyy\u0259tinin yarad\u0131lmas\u0131n\u0131n 100 illiyin\u0259 v\u0259 Ulu \u00d6nd\u0259r Heyd\u0259r \u018fliyevin anadan olmas\u0131n\u0131n 100-c\u00fc ild\u00f6n\u00fcm\u00fcn\u0259 h\u0259sr edil\u0259n \u201cBir mill\u0259t, iki d\u00f6vl\u0259tin yenilm\u0259zlik f\u0259ls\u0259f\u0259si\u201d adl\u0131  konfransda Az\u0259rbaycan Respublikas\u0131n\u0131n Prezidenti yan\u0131nda D\u00f6vl\u0259t \u0130dar\u0259\u00e7ilik Akademiyas\u0131n\u0131n professoru Havva M\u0259mm\u0259dova \u201cAz\u0259rbaycan\u0131 b\u00fct\u00fcn d\u00fcnyaya tan\u0131dan dahi \u015f\u0259xsiyy\u0259t: Heyd\u0259r \u018fliyev \u201d  adl\u0131  m\u0259ruz\u0259 il\u0259 \u00e7\u0131x\u0131\u015f edib. Daha sonra 05-07 may 2023-c\u00fc il tarixind\u0259 is\u0259 \u015eimali  Kipr T\u00fcrk Respublikas\u0131n\u0131n Girne \u015f\u0259h\u0259rind\u0259 yerl\u0259\u015f\u0259n Kipr Elm Universitetinind\u0259 konfrans\u0131 ke\u00e7irilib. Konfransda professor Havva M\u0259mm\u0259dova \u201cErm\u0259nistan\u0131n Az\u0259rbaycana t\u0259cav\u00fcz\u00fc v\u0259 Qaraba\u011f m\u00fcnaqi\u015f\u0259sinin d\u00fcnya birliyin\u0259 catd\u0131r\u0131lmas\u0131nda Heyd\u0259r \u018fliyev diplomatiyas\u0131n\u0131n  uzaqg\u00f6r\u0259nliyi\u201d adl\u0131 m\u0259ruz\u0259 il\u0259 \u00e7\u0131x\u0131\u015f edib. <\/p><\/div><\/div>\t\t<\/div>\n\t\t\t\t<\/div>\n\t\t\t\t\t\t<\/div>\n\t\t\t\t\t<\/div>\n\t\t<\/div>\n\t\t\t\t\t\t\t\t<\/div>\n\t\t\t\t\t<\/div>\n\t\t<\/section>\n\t\t\t\t\t\t<\/div>\n\t\t\t\t\t\t<\/div>\n\t\t\t\t\t<\/div>","protected":false},"excerpt":{"rendered":"<p>D\u00f6vl\u0259t \u0130dar\u0259\u00e7ilik Akademiyas\u0131n\u0131n professoru elmi konfransda \u00e7\u0131x\u0131\u015f edib This is the heading 1-3 may 2023-c\u00fc il tarixind\u0259 Bursa Uluda\u011f Universitetinin F\u0259n-\u018fd\u0259bi\u0307yyat fak\u00fclt\u0259sinin F\u0259ls\u0259f\u0259 b\u00f6l\u00fcm\u00fc, Az\u0259rbaycan\u0131n \u0130stanbuldak\u0131 ba\u015f konsulu\u011fu, AMEA F\u0259ls\u0259f\u0259 v\u0259 Sosiologiya \u0130nstitutunun Multikulturalizm v\u0259 tolerantl\u0131q f\u0259ls\u0259f\u0259si \u015f\u00f6b\u0259si, v\u0259 Bursa Dayan\u0131\u015fma D\u0259rn\u0259yinin birg\u0259 t\u0259\u015fkilat\u00e7\u0131l\u0131\u011f\u0131 il\u0259 Bursa \u015f\u0259h\u0259rind\u0259 beyn\u0259lxalq konfrans ke\u00e7irilib. T\u00fcrkiy\u0259 C\u00fcmhuriyy\u0259tinin yarad\u0131lmas\u0131n\u0131n 100 illiyin\u0259 [&hellip;]<\/p>","protected":false},"author":2,"featured_media":20120,"comment_status":"closed","ping_status":"closed","sticky":false,"template":"","format":"standard","meta":[],"categories":[137],"tags":[],"_links":{"self":[{"href":"https:\/\/legacy.dia.edu.az\/ru\/wp-json\/wp\/v2\/posts\/20099"}],"collection":[{"href":"https:\/\/legacy.dia.edu.az\/ru\/wp-json\/wp\/v2\/posts"}],"about":[{"href":"https:\/\/legacy.dia.edu.az\/ru\/wp-json\/wp\/v2\/types\/post"}],"author":[{"embeddable":true,"href":"https:\/\/legacy.dia.edu.az\/ru\/wp-json\/wp\/v2\/users\/2"}],"replies":[{"embeddable":true,"href":"https:\/\/legacy.dia.edu.az\/ru\/wp-json\/wp\/v2\/comments?post=20099"}],"version-history":[{"count":11,"href":"https:\/\/legacy.dia.edu.az\/ru\/wp-json\/wp\/v2\/posts\/20099\/revisions"}],"predecessor-version":[{"id":20138,"href":"https:\/\/legacy.dia.edu.az\/ru\/wp-json\/wp\/v2\/posts\/20099\/revisions\/20138"}],"wp:featuredmedia":[{"embeddable":true,"href":"https:\/\/legacy.dia.edu.az\/ru\/wp-json\/wp\/v2\/media\/20120"}],"wp:attachment":[{"href":"https:\/\/legacy.dia.edu.az\/ru\/wp-json\/wp\/v2\/media?parent=20099"}],"wp:term":[{"taxonomy":"category","embeddable":true,"href":"https:\/\/legacy.dia.edu.az\/ru\/wp-json\/wp\/v2\/categories?post=20099"},{"taxonomy":"post_tag","embeddable":true,"href":"https:\/\/legacy.dia.edu.az\/ru\/wp-json\/wp\/v2\/tags?post=20099"}],"curies":[{"name":"wp","href":"https:\/\/api.w.org\/{rel}","templated":true}]}}