{"id":20093,"date":"2023-05-16T21:40:58","date_gmt":"2023-05-16T17:40:58","guid":{"rendered":"https:\/\/dia.edu.az\/?p=20093"},"modified":"2023-06-02T12:35:10","modified_gmt":"2023-06-02T08:35:10","slug":"dovl%c9%99t-idar%c9%99ciliyi-n%c9%99z%c9%99riyy%c9%99-v%c9%99-t%c9%99crub%c9%99-jurnalinin-ulu-ond%c9%99r%c9%99-h%c9%99sr-olunmus-xususi-buraxilisi","status":"publish","type":"post","link":"https:\/\/legacy.dia.edu.az\/ru\/arxivl\u0259r\/20093","title":{"rendered":"\u201cD\u00f6vl\u0259t idar\u0259\u00e7iliyi: n\u0259z\u0259riyy\u0259 v\u0259 t\u0259cr\u00fcb\u0259\u201d jurnal\u0131n\u0131n Ulu \u00d6nd\u0259r\u0259 h\u0259sr olunmu\u015f x\u00fcsusi burax\u0131l\u0131\u015f\u0131"},"content":{"rendered":"<div data-elementor-type=\"wp-post\" data-elementor-id=\"20093\" class=\"elementor elementor-20093\" data-elementor-settings=\"[]\">\n\t\t\t\t\t\t<div class=\"elementor-inner\">\n\t\t\t\t\t\t\t<div class=\"elementor-section-wrap\">\n\t\t\t\t\t\t\t<section class=\"elementor-section elementor-top-section elementor-element elementor-element-36ab095 elementor-section-boxed elementor-section-height-default elementor-section-height-default\" data-id=\"36ab095\" data-element_type=\"section\">\n\t\t\t\t\t\t<div class=\"elementor-container elementor-column-gap-default\">\n\t\t\t\t\t\t\t<div class=\"elementor-row\">\n\t\t\t\t\t<div class=\"elementor-column elementor-col-100 elementor-top-column elementor-element elementor-element-d1dde06\" data-id=\"d1dde06\" data-element_type=\"column\">\n\t\t\t<div class=\"elementor-column-wrap elementor-element-populated\">\n\t\t\t\t\t\t\t<div class=\"elementor-widget-wrap\">\n\t\t\t\t\t\t<div class=\"elementor-element elementor-element-938dc2e elementor-widget elementor-widget-text-editor\" data-id=\"938dc2e\" data-element_type=\"widget\" data-widget_type=\"text-editor.default\">\n\t\t\t\t<div class=\"elementor-widget-container\">\n\t\t\t\t\t\t\t\t<div class=\"elementor-text-editor elementor-clearfix\">\n\t\t\t\t\t\u201cD\u00f6vl\u0259t idar\u0259\u00e7iliyi: n\u0259z\u0259riyy\u0259 v\u0259 t\u0259cr\u00fcb\u0259\u201d jurnal\u0131n\u0131n Ulu \u00d6nd\u0259r\u0259 h\u0259sr olunmu\u015f x\u00fcsusi burax\u0131l\u0131\u015f\u0131\t\t\t\t\t<\/div>\n\t\t\t\t\t\t<\/div>\n\t\t\t\t<\/div>\n\t\t\t\t\t\t<\/div>\n\t\t\t\t\t<\/div>\n\t\t<\/div>\n\t\t\t\t\t\t\t\t<\/div>\n\t\t\t\t\t<\/div>\n\t\t<\/section>\n\t\t\t\t<section class=\"elementor-section elementor-top-section elementor-element elementor-element-99440e9 elementor-section-boxed elementor-section-height-default elementor-section-height-default\" data-id=\"99440e9\" data-element_type=\"section\">\n\t\t\t\t\t\t<div class=\"elementor-container elementor-column-gap-default\">\n\t\t\t\t\t\t\t<div class=\"elementor-row\">\n\t\t\t\t\t<div class=\"elementor-column elementor-col-100 elementor-top-column elementor-element elementor-element-796c401\" data-id=\"796c401\" data-element_type=\"column\">\n\t\t\t<div class=\"elementor-column-wrap elementor-element-populated\">\n\t\t\t\t\t\t\t<div class=\"elementor-widget-wrap\">\n\t\t\t\t\t\t<div class=\"elementor-element elementor-element-ef63daf elementor-widget elementor-widget-text-editor\" data-id=\"ef63daf\" data-element_type=\"widget\" data-widget_type=\"text-editor.default\">\n\t\t\t\t<div class=\"elementor-widget-container\">\n\t\t\t\t\t\t\t\t<div class=\"elementor-text-editor elementor-clearfix\">\n\t\t\t\t\t<p><h1><span style=\"background-color: #ffffff; color: #993366;\"><a style=\"background-color: #ffffff; color: #993366;\" href=\"https:\/\/dia.edu.az\/wp-content\/uploads\/2023\/06\/2-82-2023_Layout-1.pdf\"><strong>2023 &#8211; 2 (82)<\/strong><\/a><\/span><\/h1><\/p>\t\t\t\t\t<\/div>\n\t\t\t\t\t\t<\/div>\n\t\t\t\t<\/div>\n\t\t\t\t\t\t<\/div>\n\t\t\t\t\t<\/div>\n\t\t<\/div>\n\t\t\t\t\t\t\t\t<\/div>\n\t\t\t\t\t<\/div>\n\t\t<\/section>\n\t\t\t\t<section class=\"elementor-section elementor-top-section elementor-element elementor-element-bf92bb7 elementor-section-boxed elementor-section-height-default elementor-section-height-default\" data-id=\"bf92bb7\" data-element_type=\"section\">\n\t\t\t\t\t\t<div class=\"elementor-container elementor-column-gap-default\">\n\t\t\t\t\t\t\t<div class=\"elementor-row\">\n\t\t\t\t\t<div class=\"elementor-column elementor-col-100 elementor-top-column elementor-element elementor-element-bad352b\" data-id=\"bad352b\" data-element_type=\"column\">\n\t\t\t<div class=\"elementor-column-wrap elementor-element-populated\">\n\t\t\t\t\t\t\t<div class=\"elementor-widget-wrap\">\n\t\t\t\t\t\t<div class=\"elementor-element elementor-element-9f7c075 elementor-widget elementor-widget-text-editor\" data-id=\"9f7c075\" data-element_type=\"widget\" data-widget_type=\"text-editor.default\">\n\t\t\t\t<div class=\"elementor-widget-container\">\n\t\t\t\t\t\t\t\t<div class=\"elementor-text-editor elementor-clearfix\">\n\t\t\t\t\t<p>\u201cHeyd\u0259r \u018fliyev \u0130li\u201d \u00e7\u0259r\u00e7iv\u0259sind\u0259 Az\u0259rbaycan Respublikas\u0131n\u0131n Prezidenti yan\u0131nda D\u00f6vl\u0259t \u0130dar\u0259\u00e7ilik Akademiyas\u0131nda (D\u0130A) \u00dcmummilli Lider Heyd\u0259r \u018fliyevin 100 illik yubileyin\u0259 h\u0259sr olunmu\u015f t\u0259dbirl\u0259r plan\u0131na uy\u011fun olaraq \u201cD\u00f6vl\u0259t idar\u0259\u00e7iliyi: n\u0259z\u0259riyy\u0259 v\u0259 t\u0259cr\u00fcb\u0259\u201d jurnal\u0131n\u0131n x\u00fcsusi burax\u0131l\u0131\u015f\u0131 n\u0259\u015fr edilib.\n\nBu bar\u0259d\u0259 AZ\u018fRTAC-a D\u0130A-dan m\u0259lumat verilib. Bildirilib ki, D\u0130A-n\u0131n n\u0259\u015fri olan \u201cD\u00f6vl\u0259t idar\u0259\u00e7iliyi: n\u0259z\u0259riyy\u0259 v\u0259 t\u0259cr\u00fcb\u0259\u201d jurnal\u0131n\u0131n x\u00fcsusi burax\u0131l\u0131\u015f\u0131nda akademiyan\u0131n professor-m\u00fc\u0259llim hey\u0259tinin Ulu \u00d6nd\u0259r Heyd\u0259r \u018fliyevin h\u0259yat v\u0259 f\u0259aliyy\u0259tinin m\u00fcxt\u0259lif d\u00f6vrl\u0259rini v\u0259 sah\u0259l\u0259rini \u0259hat\u0259 ed\u0259n onlarla elmi m\u0259qal\u0259si \u00e7ap edilib.\n\n2003-c\u00fc ild\u0259n n\u0259\u015fr olunan jurnalda, eyni zamanda, Prezident \u0130lham \u018fliyevin f\u0259aliyy\u0259tinin q\u0131sa xronikas\u0131, q\u0259bullar\u0131, s\u0259f\u0259rl\u0259ri, \u00e7\u0131x\u0131\u015flar\u0131 v\u0259 m\u00fcsahib\u0259l\u0259ri, demokratik c\u0259miyy\u0259td\u0259 d\u00f6vl\u0259t idar\u0259\u00e7iliyinin, yerli \u00f6z\u00fcn\u00fcidar\u0259etm\u0259nin n\u0259z\u0259riyy\u0259 v\u0259 t\u0259cr\u00fcb\u0259si \u00fczr\u0259 t\u0259dqiqatlar, d\u00f6vl\u0259t idar\u0259\u00e7iliyin\u0259 h\u0259sr olunmu\u015f elmi m\u0259qal\u0259l\u0259r d\u0259rc olunur. H\u0259m\u00e7inin jurnalda d\u00f6vl\u0259t v\u0259 h\u00f6kum\u0259t r\u0259smil\u0259rinin, D\u0130A-n\u0131n professor-m\u00fc\u0259llim hey\u0259tinin, g\u0259nc alim, doktorant v\u0259 dissertantlar\u0131n, o c\u00fcml\u0259d\u0259n s\u0259firl\u0259rin d\u00f6vl\u0259t idar\u0259\u00e7iliyinin m\u00fcxt\u0259lif probleml\u0259rin\u0259 h\u0259sr olunmu\u015f m\u0259qal\u0259l\u0259ri d\u0259 \u00e7ap olunur.\n\n\u201cD\u00f6vl\u0259t idar\u0259\u00e7iliyi: n\u0259z\u0259riyy\u0259 v\u0259 t\u0259cr\u00fcb\u0259\u201d jurnal\u0131 beyn\u0259lxalq s\u0259viyy\u0259d\u0259 \u0259qli m\u00fclkiyy\u0259t h\u00fcququnun t\u0259min edilm\u0259si v\u0259 qorunmas\u0131 m\u0259qs\u0259dil\u0259 beyn\u0259lxalq standart eynil\u0259\u015fdirm\u0259 n\u00f6mr\u0259sini al\u0131b v\u0259 2309-1347 sayl\u0131 beyn\u0259lxalq standart eynil\u0259\u015fdirm\u0259 n\u00f6mr\u0259si il\u0259 davam ed\u0259n n\u0259\u015frl\u0259rin beyn\u0259lxalq reyestrin\u0259 daxil edilib.<\/p>\t\t\t\t\t<\/div>\n\t\t\t\t\t\t<\/div>\n\t\t\t\t<\/div>\n\t\t\t\t\t\t<\/div>\n\t\t\t\t\t<\/div>\n\t\t<\/div>\n\t\t\t\t\t\t\t\t<\/div>\n\t\t\t\t\t<\/div>\n\t\t<\/section>\n\t\t\t\t\t\t<\/div>\n\t\t\t\t\t\t<\/div>\n\t\t\t\t\t<\/div>","protected":false},"excerpt":{"rendered":"<p>\u201cD\u00f6vl\u0259t idar\u0259\u00e7iliyi: n\u0259z\u0259riyy\u0259 v\u0259 t\u0259cr\u00fcb\u0259\u201d jurnal\u0131n\u0131n Ulu \u00d6nd\u0259r\u0259 h\u0259sr olunmu\u015f x\u00fcsusi burax\u0131l\u0131\u015f\u0131 2023 &#8211; 2 (82) \u201cHeyd\u0259r \u018fliyev \u0130li\u201d \u00e7\u0259r\u00e7iv\u0259sind\u0259 Az\u0259rbaycan Respublikas\u0131n\u0131n Prezidenti yan\u0131nda D\u00f6vl\u0259t \u0130dar\u0259\u00e7ilik Akademiyas\u0131nda (D\u0130A) \u00dcmummilli Lider Heyd\u0259r \u018fliyevin 100 illik yubileyin\u0259 h\u0259sr olunmu\u015f t\u0259dbirl\u0259r plan\u0131na uy\u011fun olaraq \u201cD\u00f6vl\u0259t idar\u0259\u00e7iliyi: n\u0259z\u0259riyy\u0259 v\u0259 t\u0259cr\u00fcb\u0259\u201d jurnal\u0131n\u0131n x\u00fcsusi burax\u0131l\u0131\u015f\u0131 n\u0259\u015fr edilib. Bu bar\u0259d\u0259 AZ\u018fRTAC-a D\u0130A-dan [&hellip;]<\/p>","protected":false},"author":2,"featured_media":20094,"comment_status":"closed","ping_status":"closed","sticky":false,"template":"","format":"standard","meta":[],"categories":[137],"tags":[],"_links":{"self":[{"href":"https:\/\/legacy.dia.edu.az\/ru\/wp-json\/wp\/v2\/posts\/20093"}],"collection":[{"href":"https:\/\/legacy.dia.edu.az\/ru\/wp-json\/wp\/v2\/posts"}],"about":[{"href":"https:\/\/legacy.dia.edu.az\/ru\/wp-json\/wp\/v2\/types\/post"}],"author":[{"embeddable":true,"href":"https:\/\/legacy.dia.edu.az\/ru\/wp-json\/wp\/v2\/users\/2"}],"replies":[{"embeddable":true,"href":"https:\/\/legacy.dia.edu.az\/ru\/wp-json\/wp\/v2\/comments?post=20093"}],"version-history":[{"count":8,"href":"https:\/\/legacy.dia.edu.az\/ru\/wp-json\/wp\/v2\/posts\/20093\/revisions"}],"predecessor-version":[{"id":20285,"href":"https:\/\/legacy.dia.edu.az\/ru\/wp-json\/wp\/v2\/posts\/20093\/revisions\/20285"}],"wp:featuredmedia":[{"embeddable":true,"href":"https:\/\/legacy.dia.edu.az\/ru\/wp-json\/wp\/v2\/media\/20094"}],"wp:attachment":[{"href":"https:\/\/legacy.dia.edu.az\/ru\/wp-json\/wp\/v2\/media?parent=20093"}],"wp:term":[{"taxonomy":"category","embeddable":true,"href":"https:\/\/legacy.dia.edu.az\/ru\/wp-json\/wp\/v2\/categories?post=20093"},{"taxonomy":"post_tag","embeddable":true,"href":"https:\/\/legacy.dia.edu.az\/ru\/wp-json\/wp\/v2\/tags?post=20093"}],"curies":[{"name":"wp","href":"https:\/\/api.w.org\/{rel}","templated":true}]}}