{"id":19969,"date":"2023-05-07T11:28:02","date_gmt":"2023-05-07T07:28:02","guid":{"rendered":"https:\/\/dia.edu.az\/?p=19969"},"modified":"2023-05-10T11:19:48","modified_gmt":"2023-05-10T07:19:48","slug":"umummilli-lider-heyd%c9%99r-%c9%99liyevin-xarici-siyas%c9%99tinin-prioritetl%c9%99ri-movzusunda-beyn%c9%99lxalq-konfrans-kecirilib","status":"publish","type":"post","link":"https:\/\/legacy.dia.edu.az\/ru\/arxivl\u0259r\/19969","title":{"rendered":"&#8220;\u00dcmummilli Lider Heyd\u0259r \u018fliyevin xarici siyas\u0259tinin prioritetl\u0259ri\u201d m\u00f6vzusunda beyn\u0259lxalq konfrans ke\u00e7irilib"},"content":{"rendered":"<div data-elementor-type=\"wp-post\" data-elementor-id=\"19969\" class=\"elementor elementor-19969\" data-elementor-settings=\"[]\">\n\t\t\t\t\t\t<div class=\"elementor-inner\">\n\t\t\t\t\t\t\t<div class=\"elementor-section-wrap\">\n\t\t\t\t\t\t\t<section class=\"elementor-section elementor-top-section elementor-element elementor-element-f032020 elementor-section-boxed elementor-section-height-default elementor-section-height-default\" data-id=\"f032020\" data-element_type=\"section\">\n\t\t\t\t\t\t<div class=\"elementor-container elementor-column-gap-default\">\n\t\t\t\t\t\t\t<div class=\"elementor-row\">\n\t\t\t\t\t<div class=\"elementor-column elementor-col-100 elementor-top-column elementor-element elementor-element-1353e9d\" data-id=\"1353e9d\" data-element_type=\"column\">\n\t\t\t<div class=\"elementor-column-wrap elementor-element-populated\">\n\t\t\t\t\t\t\t<div class=\"elementor-widget-wrap\">\n\t\t\t\t\t\t<div class=\"elementor-element elementor-element-ad7b3bd elementor-widget elementor-widget-text-editor\" data-id=\"ad7b3bd\" data-element_type=\"widget\" data-widget_type=\"text-editor.default\">\n\t\t\t\t<div class=\"elementor-widget-container\">\n\t\t\t\t\t\t\t\t<div class=\"elementor-text-editor elementor-clearfix\">\n\t\t\t\t\t&#8220;\u00dcmummilli Lider Heyd\u0259r \u018fliyevin xarici siyas\u0259tinin prioritetl\u0259ri\u201d m\u00f6vzusunda beyn\u0259lxalq konfrans ke\u00e7irilib\t\t\t\t\t<\/div>\n\t\t\t\t\t\t<\/div>\n\t\t\t\t<\/div>\n\t\t\t\t\t\t<\/div>\n\t\t\t\t\t<\/div>\n\t\t<\/div>\n\t\t\t\t\t\t\t\t<\/div>\n\t\t\t\t\t<\/div>\n\t\t<\/section>\n\t\t\t\t<section class=\"elementor-section elementor-top-section elementor-element elementor-element-8e64492 elementor-section-boxed elementor-section-height-default elementor-section-height-default\" data-id=\"8e64492\" data-element_type=\"section\">\n\t\t\t\t\t\t<div class=\"elementor-container elementor-column-gap-default\">\n\t\t\t\t\t\t\t<div class=\"elementor-row\">\n\t\t\t\t\t<div class=\"elementor-column elementor-col-100 elementor-top-column elementor-element elementor-element-17059ec\" data-id=\"17059ec\" data-element_type=\"column\">\n\t\t\t<div class=\"elementor-column-wrap elementor-element-populated\">\n\t\t\t\t\t\t\t<div class=\"elementor-widget-wrap\">\n\t\t\t\t\t\t<div class=\"elementor-element elementor-element-bbe7540 elementor-arrows-position-inside elementor-pagination-position-outside elementor-widget elementor-widget-image-carousel\" data-id=\"bbe7540\" data-element_type=\"widget\" data-settings=\"{&quot;navigation&quot;:&quot;both&quot;,&quot;autoplay&quot;:&quot;yes&quot;,&quot;pause_on_hover&quot;:&quot;yes&quot;,&quot;pause_on_interaction&quot;:&quot;yes&quot;,&quot;autoplay_speed&quot;:5000,&quot;infinite&quot;:&quot;yes&quot;,&quot;speed&quot;:500}\" data-widget_type=\"image-carousel.default\">\n\t\t\t\t<div class=\"elementor-widget-container\">\n\t\t\t\t\t<div class=\"elementor-image-carousel-wrapper swiper-container\" dir=\"ltr\">\n\t\t\t<div class=\"elementor-image-carousel swiper-wrapper\">\n\t\t\t\t<div class=\"swiper-slide\"><a data-elementor-open-lightbox=\"yes\" data-elementor-lightbox-slideshow=\"bbe7540\" data-elementor-lightbox-title=\"07.05\" href=\"https:\/\/legacy.dia.edu.az\/wp-content\/uploads\/2023\/05\/07.05.jpg\"><figure class=\"swiper-slide-inner\"><img class=\"swiper-slide-image\" src=\"https:\/\/legacy.dia.edu.az\/wp-content\/uploads\/2023\/05\/07.05-450x324.jpg\" alt=\"07.05\" \/><\/figure><\/a><\/div><div class=\"swiper-slide\"><a data-elementor-open-lightbox=\"yes\" data-elementor-lightbox-slideshow=\"bbe7540\" data-elementor-lightbox-title=\"070523\" href=\"https:\/\/legacy.dia.edu.az\/wp-content\/uploads\/2023\/05\/070523.jpg\"><figure class=\"swiper-slide-inner\"><img class=\"swiper-slide-image\" src=\"https:\/\/legacy.dia.edu.az\/wp-content\/uploads\/2023\/05\/070523-450x321.jpg\" alt=\"070523\" \/><\/figure><\/a><\/div><div class=\"swiper-slide\"><a data-elementor-open-lightbox=\"yes\" data-elementor-lightbox-slideshow=\"bbe7540\" data-elementor-lightbox-title=\"0705.23\" href=\"https:\/\/legacy.dia.edu.az\/wp-content\/uploads\/2023\/05\/0705.23.jpg\"><figure class=\"swiper-slide-inner\"><img class=\"swiper-slide-image\" src=\"https:\/\/legacy.dia.edu.az\/wp-content\/uploads\/2023\/05\/0705.23-450x336.jpg\" alt=\"0705.23\" \/><\/figure><\/a><\/div><div class=\"swiper-slide\"><a data-elementor-open-lightbox=\"yes\" data-elementor-lightbox-slideshow=\"bbe7540\" data-elementor-lightbox-title=\"07.0523\" href=\"https:\/\/legacy.dia.edu.az\/wp-content\/uploads\/2023\/05\/07.0523.jpg\"><figure class=\"swiper-slide-inner\"><img class=\"swiper-slide-image\" src=\"https:\/\/legacy.dia.edu.az\/wp-content\/uploads\/2023\/05\/07.0523-450x320.jpg\" alt=\"07.0523\" \/><\/figure><\/a><\/div><div class=\"swiper-slide\"><a data-elementor-open-lightbox=\"yes\" data-elementor-lightbox-slideshow=\"bbe7540\" data-elementor-lightbox-title=\"16832872921618536508_1000x669\" href=\"https:\/\/legacy.dia.edu.az\/wp-content\/uploads\/2023\/05\/16832872921618536508_1000x669.jpg\"><figure class=\"swiper-slide-inner\"><img class=\"swiper-slide-image\" src=\"https:\/\/legacy.dia.edu.az\/wp-content\/uploads\/2023\/05\/16832872921618536508_1000x669-450x342.jpg\" alt=\"16832872921618536508_1000x669\" \/><\/figure><\/a><\/div><div class=\"swiper-slide\"><a data-elementor-open-lightbox=\"yes\" data-elementor-lightbox-slideshow=\"bbe7540\" data-elementor-lightbox-title=\"WhatsApp Image 2023-05-10 at 09.08.36\" href=\"https:\/\/legacy.dia.edu.az\/wp-content\/uploads\/2023\/05\/WhatsApp-Image-2023-05-10-at-09.08.36.jpeg\"><figure class=\"swiper-slide-inner\"><img class=\"swiper-slide-image\" src=\"https:\/\/legacy.dia.edu.az\/wp-content\/uploads\/2023\/05\/WhatsApp-Image-2023-05-10-at-09.08.36-450x301.jpeg\" alt=\"WhatsApp Image 2023-05-10 at 09.08.36\" \/><\/figure><\/a><\/div><div class=\"swiper-slide\"><a data-elementor-open-lightbox=\"yes\" data-elementor-lightbox-slideshow=\"bbe7540\" data-elementor-lightbox-title=\"WhatsApp Image 2023-05-10 at 09.08.36 (1)\" href=\"https:\/\/legacy.dia.edu.az\/wp-content\/uploads\/2023\/05\/WhatsApp-Image-2023-05-10-at-09.08.36-1.jpeg\"><figure class=\"swiper-slide-inner\"><img class=\"swiper-slide-image\" src=\"https:\/\/legacy.dia.edu.az\/wp-content\/uploads\/2023\/05\/WhatsApp-Image-2023-05-10-at-09.08.36-1-450x301.jpeg\" alt=\"WhatsApp Image 2023-05-10 at 09.08.36 (1)\" \/><\/figure><\/a><\/div><div class=\"swiper-slide\"><a data-elementor-open-lightbox=\"yes\" data-elementor-lightbox-slideshow=\"bbe7540\" data-elementor-lightbox-title=\"WhatsApp Image 2023-05-10 at 09.08.36 (2)\" href=\"https:\/\/legacy.dia.edu.az\/wp-content\/uploads\/2023\/05\/WhatsApp-Image-2023-05-10-at-09.08.36-2.jpeg\"><figure class=\"swiper-slide-inner\"><img class=\"swiper-slide-image\" src=\"https:\/\/legacy.dia.edu.az\/wp-content\/uploads\/2023\/05\/WhatsApp-Image-2023-05-10-at-09.08.36-2-450x301.jpeg\" alt=\"WhatsApp Image 2023-05-10 at 09.08.36 (2)\" \/><\/figure><\/a><\/div><div class=\"swiper-slide\"><a data-elementor-open-lightbox=\"yes\" data-elementor-lightbox-slideshow=\"bbe7540\" data-elementor-lightbox-title=\"0705\" href=\"https:\/\/legacy.dia.edu.az\/wp-content\/uploads\/2023\/05\/0705.jpg\"><figure class=\"swiper-slide-inner\"><img class=\"swiper-slide-image\" src=\"https:\/\/legacy.dia.edu.az\/wp-content\/uploads\/2023\/05\/0705-450x300.jpg\" alt=\"0705\" \/><\/figure><\/a><\/div>\t\t\t<\/div>\n\t\t\t\t\t\t\t\t\t\t\t\t<div class=\"swiper-pagination\"><\/div>\n\t\t\t\t\t\t\t\t\t\t\t\t\t<div class=\"elementor-swiper-button elementor-swiper-button-prev\">\n\t\t\t\t\t\t<i class=\"eicon-chevron-left\" aria-hidden=\"true\"><\/i>\n\t\t\t\t\t\t<span class=\"elementor-screen-only\">\u041d\u0430\u0437\u0430\u0434<\/span>\n\t\t\t\t\t<\/div>\n\t\t\t\t\t<div class=\"elementor-swiper-button elementor-swiper-button-next\">\n\t\t\t\t\t\t<i class=\"eicon-chevron-right\" aria-hidden=\"true\"><\/i>\n\t\t\t\t\t\t<span class=\"elementor-screen-only\">\u0414\u0430\u043b\u0435\u0435<\/span>\n\t\t\t\t\t<\/div>\n\t\t\t\t\t\t\t\t\t<\/div>\n\t\t\t\t<\/div>\n\t\t\t\t<\/div>\n\t\t\t\t\t\t<\/div>\n\t\t\t\t\t<\/div>\n\t\t<\/div>\n\t\t\t\t\t\t\t\t<\/div>\n\t\t\t\t\t<\/div>\n\t\t<\/section>\n\t\t\t\t<section class=\"elementor-section elementor-top-section elementor-element elementor-element-999ce8e elementor-section-boxed elementor-section-height-default elementor-section-height-default\" data-id=\"999ce8e\" data-element_type=\"section\">\n\t\t\t\t\t\t<div class=\"elementor-container elementor-column-gap-default\">\n\t\t\t\t\t\t\t<div class=\"elementor-row\">\n\t\t\t\t\t<div class=\"elementor-column elementor-col-100 elementor-top-column elementor-element elementor-element-e5870db\" data-id=\"e5870db\" data-element_type=\"column\">\n\t\t\t<div class=\"elementor-column-wrap elementor-element-populated\">\n\t\t\t\t\t\t\t<div class=\"elementor-widget-wrap\">\n\t\t\t\t\t\t<div class=\"elementor-element elementor-element-8454b16 elementor-widget elementor-widget-text-editor\" data-id=\"8454b16\" data-element_type=\"widget\" data-widget_type=\"text-editor.default\">\n\t\t\t\t<div class=\"elementor-widget-container\">\n\t\t\t\t\t\t\t\t<div class=\"elementor-text-editor elementor-clearfix\">\n\t\t\t\t\t<p>May\u0131n 5-d\u0259 Beyn\u0259lxalq M\u00fcnasib\u0259tl\u0259rin T\u0259hlili M\u0259rk\u0259zinin (BMTM) v\u0259 Az\u0259rbaycan Respublikas\u0131n\u0131n Prezidenti yan\u0131nda D\u00f6vl\u0259t \u0130dar\u0259\u00e7ilik Akademiyas\u0131n\u0131n birg\u0259 t\u0259\u015fkilat\u00e7\u0131l\u0131\u011f\u0131 v\u0259 \u201cBP Azerbaijan\u201d \u015firk\u0259tinin d\u0259st\u0259yi il\u0259 \u201c\u00dcmummilli Lider Heyd\u0259r \u018fliyevin xarici siyas\u0259tinin prioritetl\u0259ri\u201d m\u00f6vzusunda beyn\u0259lxalq konfrans ke\u00e7irilib.\n\nKonfransda a\u00e7\u0131l\u0131\u015f nitqi il\u0259 \u00e7\u0131x\u0131\u015f ed\u0259n BMTM-in \u0130dar\u0259 Hey\u0259tinin s\u0259dri F\u0259rid \u015e\u0259fiyev Ulu \u00d6nd\u0259r Heyd\u0259r \u018fliyevin Az\u0259rbaycanda hakimiyy\u0259t\u0259 qay\u0131td\u0131qdan sonrak\u0131 d\u00f6vrd\u0259 \u00f6lk\u0259 h\u0259yat\u0131n\u0131n b\u00fct\u00fcn sah\u0259l\u0259rind\u0259 qazan\u0131lan u\u011furlardan b\u0259hs edib. Bildirib ki, Az\u0259rbaycandak\u0131 daxili sabitliyin t\u0259m\u0259li m\u0259hz \u00dcmummilli Lider Heyd\u0259r \u018fliyev t\u0259r\u0259find\u0259n qoyulub. Ulu \u00d6nd\u0259rin q\u0259bul etdiyi strateji q\u0259rarlar Az\u0259rbaycan\u0131n bug\u00fcnk\u00fc inki\u015faf\u0131na \u015f\u0259rait yarad\u0131b.\n\nUlu \u00d6nd\u0259r Heyd\u0259r \u018fliyev siyas\u0259tinin Az\u0259rbaycan kimliyinin inki\u015faf\u0131na \u015f\u0259rait yaratd\u0131\u011f\u0131n\u0131 s\u00f6yl\u0259y\u0259n F\u0259rid \u015e\u0259fiyev \u00dcmummilli Liderin enerji sah\u0259sind\u0259ki g\u00f6rd\u00fcy\u00fc i\u015fl\u0259rd\u0259n dan\u0131\u015faraq deyib: &#8220;Ulu \u00d6nd\u0259r Heyd\u0259r \u018fliyevin siyas\u0259tinin \u0259sas istiqam\u0259tl\u0259rind\u0259n biri d\u0259 enerji sah\u0259si idi. O, hakimiyy\u0259t\u0259 g\u0259ldikd\u0259n sonra Az\u0259rbaycan beyn\u0259lxalq t\u0259\u015fkilatlarla \u0259m\u0259kda\u015fl\u0131\u011fa ba\u015flad\u0131, eyni zamanda, \u00f6lk\u0259nin xarici siyas\u0259ti formala\u015fd\u0131. Az\u0259rbaycan iqtisadiyyat\u0131 inki\u015faf etdi. \u00d6lk\u0259miz bazar iqtisadiyyat\u0131na ke\u00e7di. B\u00fct\u00fcn bu u\u011furlu siyas\u0259tin n\u0259tic\u0259sidir ki, Az\u0259rbaycan haz\u0131rda regionda lider d\u00f6vl\u0259tdir\u201d.\n\nPrezident yan\u0131nda D\u00f6vl\u0259t \u0130dar\u0259\u00e7ilik Akademiyas\u0131n\u0131n rektoru akademik Urxan \u018fl\u0259kb\u0259rov m\u00fcasir, m\u00fcst\u0259qil Az\u0259rbaycan\u0131n memar\u0131 Ulu \u00d6nd\u0259rin \u00f6lk\u0259nin inki\u015faf\u0131 istiqam\u0259tind\u0259 g\u00f6rd\u00fcy\u00fc i\u015fl\u0259rd\u0259n dan\u0131\u015f\u0131b. Bildirib ki, uzaqg\u00f6r\u0259n siyasi xadim Heyd\u0259r \u018fliyev inkl\u00fcziv inki\u015faf\u0131n vacibliyini qabaqcadan g\u00f6r\u00fcrd\u00fc. Buna g\u00f6r\u0259 d\u0259 bu g\u00fcn Az\u0259rbaycanda inkl\u00fcziv inki\u015faf g\u00f6st\u0259ricil\u0259ri kifay\u0259t q\u0259d\u0259r y\u00fcks\u0259kdir. 2018-ci ild\u0259 ilk d\u0259f\u0259 Az\u0259rbaycanda inkl\u00fcziv inki\u015faf \u00f6lk\u0259nin prioriteti kimi m\u00fc\u0259yy\u0259n edildi. D\u00fcnyada inkl\u00fcziv c\u0259miyy\u0259tin qurulmas\u0131 ilk d\u0259f\u0259 Az\u0259rbaycanda t\u0259tbiq edilib.\n\nUlu \u00d6nd\u0259rin insan potensial\u0131n\u0131n formala\u015fmas\u0131nda g\u00f6rd\u00fcy\u00fc i\u015fl\u0259rd\u0259n dan\u0131\u015fan Urxan \u018fl\u0259kb\u0259rov bildirib ki, \u00dcmummilli Lider Heyd\u0259r \u018fliyev insan kapital\u0131n\u0131n inki\u015faf\u0131na, onun \u00f6lk\u0259 iqtisadiyyat\u0131na t\u00f6hf\u0259sin\u0259 x\u00fcsusi \u00f6n\u0259m verirdi.\n\nA\u00e7\u0131l\u0131\u015fdan sonra konfrans i\u015fini panel iclaslarla davam etdirib.\n\n&#8220;Heyd\u0259r \u018fliyevin \u00e7oxvektorlu xarici siyas\u0259ti&#8221; adl\u0131 birinci paneld\u0259 T\u00fcrkiy\u0259 Xarici \u0130\u015fl\u0259r Nazirliyi yan\u0131nda Strateji Ara\u015fd\u0131rmalar M\u0259rk\u0259zinin s\u0259dri Hasan Ulusoy, D\u00fcnya X\u0259b\u0259r Agentlikl\u0259ri Konqresi \u015euras\u0131n\u0131n vitse-prezidenti, TASS informasiya agentliyinin ba\u015f direktorunun birinci m\u00fcavini Mixail Qusman, G\u00fcrc\u00fcstan\u0131n sabiq xarici i\u015fl\u0259r naziri Tedo Caparidze, \u018fl\u0259t Azad \u0130qtisadi Zonas\u0131n\u0131n S\u0259lahiyy\u0259tli Qurumunun \u0130dar\u0259 Hey\u0259tinin s\u0259dri Valeh \u018fl\u0259sg\u0259rov \u00e7\u0131x\u0131\u015f ed\u0259r\u0259k Ulu \u00d6nd\u0259r Heyd\u0259r \u018fliyevin h\u0259yata ke\u00e7irdiyi praqmatik v\u0259 \u00e7oxvektorlu xarici siyas\u0259td\u0259n dan\u0131\u015f\u0131blar.\n\nBildirilib ki, \u00dcmummilli Lider Heyd\u0259r \u018fliyevin apard\u0131\u011f\u0131 d\u00fc\u015f\u00fcn\u00fclm\u00fc\u015f, uzaqg\u00f6r\u0259n siyas\u0259t regionda sabitliyin b\u0259rq\u0259rar olmas\u0131na b\u00f6y\u00fck t\u00f6hf\u0259 verib.\n\n\u00c7\u0131x\u0131\u015flarda Ulu \u00d6nd\u0259rin Az\u0259rbaycan\u0131n iqtisadi inki\u015faf\u0131na x\u00fcsusi diqq\u0259t ay\u0131rd\u0131\u011f\u0131n\u0131, m\u0259hz bu amilin \u00f6lk\u0259nin xaricd\u0259 imicinin formala\u015fmas\u0131nda m\u00fch\u00fcm rol oynad\u0131\u011f\u0131 qeyd edilib.\n\nBMTM-in \u0130dar\u0259 Hey\u0259tinin \u00fczv\u00fc G\u00fcl\u015f\u0259n Pa\u015fayevan\u0131n moderatorlu\u011fu il\u0259 ke\u00e7iril\u0259n \u201cErm\u0259nistan-Az\u0259rbaycan m\u00fcnaqi\u015f\u0259si v\u0259 Heyd\u0259r \u018fliyev\u201d adl\u0131 ikinci panel iclas\u0131nda T\u00fcrkiy\u0259nin M\u0259rm\u0259r\u0259 Qrupu Strateji v\u0259 Sosial Ara\u015fd\u0131rmalar V\u0259qfinin s\u0259dri Akkan Suver, AB\u015e-\u0131n Az\u0259rbaycandak\u0131 sabiq s\u0259firi M\u0259tyu Brayz\u0259, Milli M\u0259clisin M\u00fcdafi\u0259, t\u0259hl\u00fck\u0259sizlik v\u0259 korrupsiya il\u0259 m\u00fcbariz\u0259 komit\u0259sinin s\u0259dri Ziyaf\u0259t \u018fsg\u0259rov, Az\u0259rbaycan Respublikas\u0131 Prezidentinin sabiq m\u0259tbuat katibi Tofiq Abbasov, BMTM-in apar\u0131c\u0131 m\u0259sl\u0259h\u0259t\u00e7isi Na\u011f\u0131 \u018fhm\u0259dov \u00e7\u0131x\u0131\u015f edibl\u0259r.\n\n\u00c7\u0131x\u0131\u015flarda Erm\u0259nistan-Az\u0259rbaycan m\u00fcnaqi\u015f\u0259sinin h\u0259lli il\u0259 ba\u011fl\u0131 Heyd\u0259r \u018fliyevin f\u0259aliyy\u0259tind\u0259n dan\u0131\u015f\u0131l\u0131b. \u00dcmummilli Liderin Az\u0259rbaycan\u0131n probleml\u0259rinin h\u0259lli \u00fc\u00e7\u00fcn atd\u0131\u011f\u0131 m\u00fch\u00fcm, strateji add\u0131mlar qeyd edilib.\n\nBMTM-in \u0130dar\u0259 Hey\u0259tinin \u00fczv\u00fc Esmira C\u0259f\u0259rovan\u0131n moderatorlu\u011fu il\u0259 ke\u00e7iril\u0259n \u201cHeyd\u0259r \u018fliyevin enerji strategiyas\u0131\u201d adl\u0131 \u00fc\u00e7\u00fcnc\u00fc panel iclas\u0131nda AB\u015e-\u0131n Avrasiya enerji diplomatiyas\u0131 \u00fczr\u0259 ke\u00e7mi\u015f koordinartoru, sabiq s\u0259fir Stiven R.M\u0259nn, \u201cBP Azerbaijan\u201d \u015firk\u0259tinin X\u0259z\u0259r regionunda kommunikas\u0131ya v\u0259 xarici \u0259laq\u0259l\u0259r \u00fczr\u0259 vitse-prezidenti B\u0259xtiyar Aslanb\u0259yli, BMTM-in apar\u0131c\u0131 m\u0259sl\u0259h\u0259t\u00e7isi M\u0259tin M\u0259mm\u0259dli \u00e7\u0131x\u0131\u015f edibl\u0259r.\n\nBildirilib ki, \u00dcmummilli Lideri Heyd\u0259r \u018fliyev Az\u0259rbaycana r\u0259hb\u0259rliyi d\u00f6vr\u00fcnd\u0259 sosial-iqtisadi h\u0259yat\u0131n b\u00fct\u00fcn sah\u0259l\u0259rind\u0259 oldu\u011fu kimi, neft emal\u0131 s\u0259nayesind\u0259 d\u0259 d\u0259rin keyfiyy\u0259t d\u0259yi\u015fiklikl\u0259ri ba\u015f verib. Ulu \u00d6nd\u0259r Heyd\u0259r \u018fliyevin m\u00fc\u0259llifi oldu\u011fu enerji strategiyas\u0131 bu g\u00fcn d\u0259 u\u011furla davam etdirilir.<\/p>\t\t\t\t\t<\/div>\n\t\t\t\t\t\t<\/div>\n\t\t\t\t<\/div>\n\t\t\t\t\t\t<\/div>\n\t\t\t\t\t<\/div>\n\t\t<\/div>\n\t\t\t\t\t\t\t\t<\/div>\n\t\t\t\t\t<\/div>\n\t\t<\/section>\n\t\t\t\t\t\t<\/div>\n\t\t\t\t\t\t<\/div>\n\t\t\t\t\t<\/div>","protected":false},"excerpt":{"rendered":"<p>&#8220;\u00dcmummilli Lider Heyd\u0259r \u018fliyevin xarici siyas\u0259tinin prioritetl\u0259ri\u201d m\u00f6vzusunda beyn\u0259lxalq konfrans ke\u00e7irilib Previous Next May\u0131n 5-d\u0259 Beyn\u0259lxalq M\u00fcnasib\u0259tl\u0259rin T\u0259hlili M\u0259rk\u0259zinin (BMTM) v\u0259 Az\u0259rbaycan Respublikas\u0131n\u0131n Prezidenti yan\u0131nda D\u00f6vl\u0259t \u0130dar\u0259\u00e7ilik Akademiyas\u0131n\u0131n birg\u0259 t\u0259\u015fkilat\u00e7\u0131l\u0131\u011f\u0131 v\u0259 \u201cBP Azerbaijan\u201d \u015firk\u0259tinin d\u0259st\u0259yi il\u0259 \u201c\u00dcmummilli Lider Heyd\u0259r \u018fliyevin xarici siyas\u0259tinin prioritetl\u0259ri\u201d m\u00f6vzusunda beyn\u0259lxalq konfrans ke\u00e7irilib. Konfransda a\u00e7\u0131l\u0131\u015f nitqi il\u0259 \u00e7\u0131x\u0131\u015f ed\u0259n BMTM-in \u0130dar\u0259 [&hellip;]<\/p>","protected":false},"author":2,"featured_media":20002,"comment_status":"closed","ping_status":"closed","sticky":false,"template":"","format":"standard","meta":[],"categories":[137],"tags":[],"_links":{"self":[{"href":"https:\/\/legacy.dia.edu.az\/ru\/wp-json\/wp\/v2\/posts\/19969"}],"collection":[{"href":"https:\/\/legacy.dia.edu.az\/ru\/wp-json\/wp\/v2\/posts"}],"about":[{"href":"https:\/\/legacy.dia.edu.az\/ru\/wp-json\/wp\/v2\/types\/post"}],"author":[{"embeddable":true,"href":"https:\/\/legacy.dia.edu.az\/ru\/wp-json\/wp\/v2\/users\/2"}],"replies":[{"embeddable":true,"href":"https:\/\/legacy.dia.edu.az\/ru\/wp-json\/wp\/v2\/comments?post=19969"}],"version-history":[{"count":10,"href":"https:\/\/legacy.dia.edu.az\/ru\/wp-json\/wp\/v2\/posts\/19969\/revisions"}],"predecessor-version":[{"id":20008,"href":"https:\/\/legacy.dia.edu.az\/ru\/wp-json\/wp\/v2\/posts\/19969\/revisions\/20008"}],"wp:featuredmedia":[{"embeddable":true,"href":"https:\/\/legacy.dia.edu.az\/ru\/wp-json\/wp\/v2\/media\/20002"}],"wp:attachment":[{"href":"https:\/\/legacy.dia.edu.az\/ru\/wp-json\/wp\/v2\/media?parent=19969"}],"wp:term":[{"taxonomy":"category","embeddable":true,"href":"https:\/\/legacy.dia.edu.az\/ru\/wp-json\/wp\/v2\/categories?post=19969"},{"taxonomy":"post_tag","embeddable":true,"href":"https:\/\/legacy.dia.edu.az\/ru\/wp-json\/wp\/v2\/tags?post=19969"}],"curies":[{"name":"wp","href":"https:\/\/api.w.org\/{rel}","templated":true}]}}