{"id":19949,"date":"2023-05-03T10:59:48","date_gmt":"2023-05-03T06:59:48","guid":{"rendered":"https:\/\/dia.edu.az\/?p=19949"},"modified":"2023-05-03T11:02:56","modified_gmt":"2023-05-03T07:02:56","slug":"dovl%c9%99t-idar%c9%99cilik-akademiyasinda-sabah-akademiyasinin-bu-h%c9%99ft%c9%99ki-qonaq-muhazir%c9%99cisi-pes%c9%99kar-qlobal-startap-qurucusu-professor-annick-janssens-olmusdur","status":"publish","type":"post","link":"https:\/\/legacy.dia.edu.az\/ru\/arxivl\u0259r\/19949","title":{"rendered":"D\u00f6vl\u0259t \u0130dar\u0259\u00e7ilik Akademiyas\u0131nda \u201cSABAH Akademiya\u201ds\u0131n\u0131n bu h\u0259ft\u0259ki qonaq m\u00fchazir\u0259\u00e7isi pe\u015f\u0259kar qlobal startap qurucusu professor Annick Janssens olmu\u015fdur\ufffc"},"content":{"rendered":"<div data-elementor-type=\"wp-post\" data-elementor-id=\"19949\" class=\"elementor elementor-19949\" data-elementor-settings=\"[]\">\n\t\t\t\t\t\t<div class=\"elementor-inner\">\n\t\t\t\t\t\t\t<div class=\"elementor-section-wrap\">\n\t\t\t\t\t\t\t<section class=\"elementor-section elementor-top-section elementor-element elementor-element-8eccb96 elementor-section-boxed elementor-section-height-default elementor-section-height-default\" data-id=\"8eccb96\" data-element_type=\"section\">\n\t\t\t\t\t\t<div class=\"elementor-container elementor-column-gap-default\">\n\t\t\t\t\t\t\t<div class=\"elementor-row\">\n\t\t\t\t\t<div class=\"elementor-column elementor-col-100 elementor-top-column elementor-element elementor-element-22adac5\" data-id=\"22adac5\" data-element_type=\"column\">\n\t\t\t<div class=\"elementor-column-wrap elementor-element-populated\">\n\t\t\t\t\t\t\t<div class=\"elementor-widget-wrap\">\n\t\t\t\t\t\t<div class=\"elementor-element elementor-element-0a30d27 elementor-widget elementor-widget-text-editor\" data-id=\"0a30d27\" data-element_type=\"widget\" data-widget_type=\"text-editor.default\">\n\t\t\t\t<div class=\"elementor-widget-container\">\n\t\t\t\t\t\t\t\t<div class=\"elementor-text-editor elementor-clearfix\">\n\t\t\t\t\tD\u00f6vl\u0259t \u0130dar\u0259\u00e7ilik Akademiyas\u0131nda \u201cSABAH Akademiya\u201ds\u0131n\u0131n bu h\u0259ft\u0259ki qonaq m\u00fchazir\u0259\u00e7isi pe\u015f\u0259kar qlobal startap qurucusu professor Annick Janssens olmu\u015fdur\t\t\t\t\t<\/div>\n\t\t\t\t\t\t<\/div>\n\t\t\t\t<\/div>\n\t\t\t\t\t\t<\/div>\n\t\t\t\t\t<\/div>\n\t\t<\/div>\n\t\t\t\t\t\t\t\t<\/div>\n\t\t\t\t\t<\/div>\n\t\t<\/section>\n\t\t\t\t<section class=\"elementor-section elementor-top-section elementor-element elementor-element-22477f0 elementor-section-boxed elementor-section-height-default elementor-section-height-default\" data-id=\"22477f0\" data-element_type=\"section\">\n\t\t\t\t\t\t<div class=\"elementor-container elementor-column-gap-default\">\n\t\t\t\t\t\t\t<div class=\"elementor-row\">\n\t\t\t\t\t<div class=\"elementor-column elementor-col-100 elementor-top-column elementor-element elementor-element-f588ea2\" data-id=\"f588ea2\" data-element_type=\"column\">\n\t\t\t<div class=\"elementor-column-wrap elementor-element-populated\">\n\t\t\t\t\t\t\t<div class=\"elementor-widget-wrap\">\n\t\t\t\t\t\t<div class=\"elementor-element elementor-element-b9ebd4b elementor-position-top elementor-vertical-align-top elementor-widget elementor-widget-image-box\" data-id=\"b9ebd4b\" data-element_type=\"widget\" data-widget_type=\"image-box.default\">\n\t\t\t\t<div class=\"elementor-widget-container\">\n\t\t\t<div class=\"elementor-image-box-wrapper\"><figure class=\"elementor-image-box-img\"><a href=\"https:\/\/dia.edu.az\/wp-content\/uploads\/2023\/05\/DSC_9481.jpg\"><img width=\"2464\" height=\"1632\" src=\"https:\/\/legacy.dia.edu.az\/wp-content\/uploads\/2023\/05\/DSC_9481.jpg\" class=\"attachment-full size-full\" alt=\"\" srcset=\"https:\/\/legacy.dia.edu.az\/wp-content\/uploads\/2023\/05\/DSC_9481.jpg 2464w, https:\/\/legacy.dia.edu.az\/wp-content\/uploads\/2023\/05\/DSC_9481-200x132.jpg 200w, https:\/\/legacy.dia.edu.az\/wp-content\/uploads\/2023\/05\/DSC_9481-450x298.jpg 450w, https:\/\/legacy.dia.edu.az\/wp-content\/uploads\/2023\/05\/DSC_9481-1536x1017.jpg 1536w, https:\/\/legacy.dia.edu.az\/wp-content\/uploads\/2023\/05\/DSC_9481-2048x1356.jpg 2048w, https:\/\/legacy.dia.edu.az\/wp-content\/uploads\/2023\/05\/DSC_9481-18x12.jpg 18w, https:\/\/legacy.dia.edu.az\/wp-content\/uploads\/2023\/05\/DSC_9481-150x100.jpg 150w, https:\/\/legacy.dia.edu.az\/wp-content\/uploads\/2023\/05\/DSC_9481-200x132@2x.jpg 400w, https:\/\/legacy.dia.edu.az\/wp-content\/uploads\/2023\/05\/DSC_9481-450x298@2x.jpg 900w\" sizes=\"(max-width: 2464px) 100vw, 2464px\" \/><\/a><\/figure><div class=\"elementor-image-box-content\"><h3 class=\"elementor-image-box-title\"><a href=\"https:\/\/dia.edu.az\/wp-content\/uploads\/2023\/05\/DSC_9481.jpg\">This is the heading<\/a><\/h3><p class=\"elementor-image-box-description\">Az\u0259rbaycan Respublikas\u0131n\u0131n Prezidenti yan\u0131nda D\u00f6vl\u0259t \u0130dar\u0259\u00e7ilik Akademiyas\u0131nda \u201cSABAH Akademiya\u201dn\u0131n bu h\u0259ft\u0259ki qonaq m\u00fchazir\u0259\u00e7isi pe\u015f\u0259kar qlobal startap qurucusu, Avropada reytinqd\u0259 1-ci yerd\u0259 olan IE Biznes M\u0259kt\u0259bind\u0259-Venture Lab direktoru, sahibkarl\u0131q v\u0259 innovasiyalar m\u0259rk\u0259zinin direktoru v\u0259 IE Venture Network-\u00fcn direktoru, \u0130E Biznes M\u0259kt\u0259binin  professoru Annick Janssens olmu\u015fdur. M\u00fchazir\u0259\u00e7i sahibkarl\u0131\u011f\u0131n n\u0259z\u0259ri v\u0259 praktiki \u0259saslar\u0131 proqram\u0131 \u00e7\u0259r\u00e7iv\u0259sind\u0259 \u201cBiznes model n\u0259dir? Biznes modelin \u0259sas aspektl\u0259ri v\u0259 n\u00fcmun\u0259l\u0259ri\u201d m\u00f6vzusunda olmu\u015fdur. T\u0259l\u0259b\u0259l\u0259r \u00fc\u00e7\u00fcn m\u00fchazir\u0259d\u0259n \u0259ld\u0259 edil\u0259n \u0259sas n\u0259tic\u0259l\u0259r Biznes modeli \u201ckanva\u201dlar\u0131 v\u0259 d\u0259y\u0259r t\u0259klifi \u201ckanva\u201dlar\u0131n\u0131n komponentl\u0259rinin d\u0259rk edilm\u0259si, Biznes modelini, d\u0259y\u0259r t\u0259klifini v\u0259 ven\u00e7urlar\u0131n nec\u0259 g\u0259lir v\u0259 fayda \u0259ld\u0259 etdikl\u0259rini m\u00fc\u0259yy\u0259n etm\u0259k bacar\u0131\u011f\u0131n\u0131n d\u0259rk edilm\u0259si anlay\u0131\u015flar\u0131 olmu\u015fdur. T\u0259l\u0259b\u0259l\u0259rin aktiv i\u015ftirak\u0131 il\u0259 ke\u00e7iril\u0259n m\u00fchazir\u0259nin sonunda onlar\u0131 maraqland\u0131ran suallar  cavabland\u0131r\u0131lm\u0131\u015fd\u0131r.<\/p><\/div><\/div>\t\t<\/div>\n\t\t\t\t<\/div>\n\t\t\t\t\t\t<\/div>\n\t\t\t\t\t<\/div>\n\t\t<\/div>\n\t\t\t\t\t\t\t\t<\/div>\n\t\t\t\t\t<\/div>\n\t\t<\/section>\n\t\t\t\t\t\t<\/div>\n\t\t\t\t\t\t<\/div>\n\t\t\t\t\t<\/div>","protected":false},"excerpt":{"rendered":"<p>D\u00f6vl\u0259t \u0130dar\u0259\u00e7ilik Akademiyas\u0131nda \u201cSABAH Akademiya\u201ds\u0131n\u0131n bu h\u0259ft\u0259ki qonaq m\u00fchazir\u0259\u00e7isi pe\u015f\u0259kar qlobal startap qurucusu professor Annick Janssens olmu\u015fdur This is the heading Az\u0259rbaycan Respublikas\u0131n\u0131n Prezidenti yan\u0131nda D\u00f6vl\u0259t \u0130dar\u0259\u00e7ilik Akademiyas\u0131nda \u201cSABAH Akademiya\u201dn\u0131n bu h\u0259ft\u0259ki qonaq m\u00fchazir\u0259\u00e7isi pe\u015f\u0259kar qlobal startap qurucusu, Avropada reytinqd\u0259 1-ci yerd\u0259 olan IE Biznes M\u0259kt\u0259bind\u0259-Venture Lab direktoru, sahibkarl\u0131q v\u0259 innovasiyalar m\u0259rk\u0259zinin direktoru v\u0259 IE [&hellip;]<\/p>","protected":false},"author":2,"featured_media":19948,"comment_status":"closed","ping_status":"closed","sticky":false,"template":"","format":"standard","meta":[],"categories":[137],"tags":[],"_links":{"self":[{"href":"https:\/\/legacy.dia.edu.az\/ru\/wp-json\/wp\/v2\/posts\/19949"}],"collection":[{"href":"https:\/\/legacy.dia.edu.az\/ru\/wp-json\/wp\/v2\/posts"}],"about":[{"href":"https:\/\/legacy.dia.edu.az\/ru\/wp-json\/wp\/v2\/types\/post"}],"author":[{"embeddable":true,"href":"https:\/\/legacy.dia.edu.az\/ru\/wp-json\/wp\/v2\/users\/2"}],"replies":[{"embeddable":true,"href":"https:\/\/legacy.dia.edu.az\/ru\/wp-json\/wp\/v2\/comments?post=19949"}],"version-history":[{"count":5,"href":"https:\/\/legacy.dia.edu.az\/ru\/wp-json\/wp\/v2\/posts\/19949\/revisions"}],"predecessor-version":[{"id":19954,"href":"https:\/\/legacy.dia.edu.az\/ru\/wp-json\/wp\/v2\/posts\/19949\/revisions\/19954"}],"wp:featuredmedia":[{"embeddable":true,"href":"https:\/\/legacy.dia.edu.az\/ru\/wp-json\/wp\/v2\/media\/19948"}],"wp:attachment":[{"href":"https:\/\/legacy.dia.edu.az\/ru\/wp-json\/wp\/v2\/media?parent=19949"}],"wp:term":[{"taxonomy":"category","embeddable":true,"href":"https:\/\/legacy.dia.edu.az\/ru\/wp-json\/wp\/v2\/categories?post=19949"},{"taxonomy":"post_tag","embeddable":true,"href":"https:\/\/legacy.dia.edu.az\/ru\/wp-json\/wp\/v2\/tags?post=19949"}],"curies":[{"name":"wp","href":"https:\/\/api.w.org\/{rel}","templated":true}]}}