{"id":19925,"date":"2023-05-02T15:29:22","date_gmt":"2023-05-02T11:29:22","guid":{"rendered":"https:\/\/dia.edu.az\/?p=19925"},"modified":"2023-05-02T18:31:39","modified_gmt":"2023-05-02T14:31:39","slug":"dia-da-konfrans-heyd%c9%99r-%c9%99liyev-v%c9%99-muasir-az%c9%99rbaycanin-yeni-inkisaf-dovru","status":"publish","type":"post","link":"https:\/\/legacy.dia.edu.az\/ru\/arxivl\u0259r\/19925","title":{"rendered":"D\u0130A-da konfrans: Heyd\u0259r \u018fliyev v\u0259 m\u00fcasir Az\u0259rbaycan\u0131n yeni inki\u015faf d\u00f6vr\u00fc"},"content":{"rendered":"<div data-elementor-type=\"wp-post\" data-elementor-id=\"19925\" class=\"elementor elementor-19925\" data-elementor-settings=\"[]\">\n\t\t\t\t\t\t<div class=\"elementor-inner\">\n\t\t\t\t\t\t\t<div class=\"elementor-section-wrap\">\n\t\t\t\t\t\t\t<section class=\"elementor-section elementor-top-section elementor-element elementor-element-ff28fd7 elementor-section-boxed elementor-section-height-default elementor-section-height-default\" data-id=\"ff28fd7\" data-element_type=\"section\">\n\t\t\t\t\t\t<div class=\"elementor-container elementor-column-gap-default\">\n\t\t\t\t\t\t\t<div class=\"elementor-row\">\n\t\t\t\t\t<div class=\"elementor-column elementor-col-100 elementor-top-column elementor-element elementor-element-49bf706\" data-id=\"49bf706\" data-element_type=\"column\">\n\t\t\t<div class=\"elementor-column-wrap elementor-element-populated\">\n\t\t\t\t\t\t\t<div class=\"elementor-widget-wrap\">\n\t\t\t\t\t\t<div class=\"elementor-element elementor-element-4ed20d9 elementor-widget elementor-widget-text-editor\" data-id=\"4ed20d9\" data-element_type=\"widget\" data-widget_type=\"text-editor.default\">\n\t\t\t\t<div class=\"elementor-widget-container\">\n\t\t\t\t\t\t\t\t<div class=\"elementor-text-editor elementor-clearfix\">\n\t\t\t\t\tD\u0130A-da konfrans: Heyd\u0259r \u018fliyev v\u0259 m\u00fcasir Az\u0259rbaycan\u0131n yeni inki\u015faf d\u00f6vr\u00fc\t\t\t\t\t<\/div>\n\t\t\t\t\t\t<\/div>\n\t\t\t\t<\/div>\n\t\t\t\t\t\t<\/div>\n\t\t\t\t\t<\/div>\n\t\t<\/div>\n\t\t\t\t\t\t\t\t<\/div>\n\t\t\t\t\t<\/div>\n\t\t<\/section>\n\t\t\t\t<section class=\"elementor-section elementor-top-section elementor-element elementor-element-bd178e1 elementor-section-boxed elementor-section-height-default elementor-section-height-default\" data-id=\"bd178e1\" data-element_type=\"section\">\n\t\t\t\t\t\t<div class=\"elementor-container elementor-column-gap-default\">\n\t\t\t\t\t\t\t<div class=\"elementor-row\">\n\t\t\t\t\t<div class=\"elementor-column elementor-col-100 elementor-top-column elementor-element elementor-element-932af64\" data-id=\"932af64\" data-element_type=\"column\">\n\t\t\t<div class=\"elementor-column-wrap elementor-element-populated\">\n\t\t\t\t\t\t\t<div class=\"elementor-widget-wrap\">\n\t\t\t\t\t\t<div class=\"elementor-element elementor-element-94f3bc1 elementor-widget elementor-widget-image\" data-id=\"94f3bc1\" data-element_type=\"widget\" data-widget_type=\"image.default\">\n\t\t\t\t<div class=\"elementor-widget-container\">\n\t\t\t\t\t\t\t\t<div class=\"elementor-image\">\n\t\t\t\t\t\t\t\t\t\t\t\t\t<a href=\"https:\/\/dia.edu.az\/wp-content\/uploads\/2023\/05\/02.05.jpg\">\n\t\t\t\t\t\t\t<img width=\"450\" height=\"298\" src=\"https:\/\/legacy.dia.edu.az\/wp-content\/uploads\/2023\/05\/02.05-450x298.jpg\" class=\"attachment-large size-large\" alt=\"\" srcset=\"https:\/\/legacy.dia.edu.az\/wp-content\/uploads\/2023\/05\/02.05-450x298.jpg 450w, https:\/\/legacy.dia.edu.az\/wp-content\/uploads\/2023\/05\/02.05-200x132.jpg 200w, https:\/\/legacy.dia.edu.az\/wp-content\/uploads\/2023\/05\/02.05-18x12.jpg 18w, https:\/\/legacy.dia.edu.az\/wp-content\/uploads\/2023\/05\/02.05-150x100.jpg 150w, https:\/\/legacy.dia.edu.az\/wp-content\/uploads\/2023\/05\/02.05.jpg 1000w, https:\/\/legacy.dia.edu.az\/wp-content\/uploads\/2023\/05\/02.05-450x298@2x.jpg 900w, https:\/\/legacy.dia.edu.az\/wp-content\/uploads\/2023\/05\/02.05-200x132@2x.jpg 400w\" sizes=\"(max-width: 450px) 100vw, 450px\" \/>\t\t\t\t\t\t\t\t<\/a>\n\t\t\t\t\t\t\t\t\t\t\t\t\t\t<\/div>\n\t\t\t\t\t\t<\/div>\n\t\t\t\t<\/div>\n\t\t\t\t\t\t<\/div>\n\t\t\t\t\t<\/div>\n\t\t<\/div>\n\t\t\t\t\t\t\t\t<\/div>\n\t\t\t\t\t<\/div>\n\t\t<\/section>\n\t\t\t\t<section class=\"elementor-section elementor-top-section elementor-element elementor-element-5744c4f elementor-section-boxed elementor-section-height-default elementor-section-height-default\" data-id=\"5744c4f\" data-element_type=\"section\">\n\t\t\t\t\t\t<div class=\"elementor-container elementor-column-gap-default\">\n\t\t\t\t\t\t\t<div class=\"elementor-row\">\n\t\t\t\t\t<div class=\"elementor-column elementor-col-100 elementor-top-column elementor-element elementor-element-7572fdc\" data-id=\"7572fdc\" data-element_type=\"column\">\n\t\t\t<div class=\"elementor-column-wrap elementor-element-populated\">\n\t\t\t\t\t\t\t<div class=\"elementor-widget-wrap\">\n\t\t\t\t\t\t<div class=\"elementor-element elementor-element-9087a2e elementor-widget elementor-widget-text-editor\" data-id=\"9087a2e\" data-element_type=\"widget\" data-widget_type=\"text-editor.default\">\n\t\t\t\t<div class=\"elementor-widget-container\">\n\t\t\t\t\t\t\t\t<div class=\"elementor-text-editor elementor-clearfix\">\n\t\t\t\t\t<p>Az\u0259rbaycan Respublikas\u0131n\u0131n Prezidenti yan\u0131nda D\u00f6vl\u0259t \u0130dar\u0259\u00e7ilik Akademiyas\u0131nda (D\u0130A) \u00dcmummilli Lider Heyd\u0259r \u018fliyevin 100 illik yubileyin\u0259 h\u0259sr olunmu\u015f \u201cHeyd\u0259r \u018fliyev v\u0259 m\u00fcasir Az\u0259rbaycan\u0131n yeni inki\u015faf d\u00f6vr\u00fc\u201d m\u00f6vzusunda doktorant v\u0259 dissertantlar\u0131n elmi-praktik konfrans\u0131 ke\u00e7irilib.\nT\u0259dbird\u0259 \u00e7\u0131x\u0131\u015f ed\u0259n D\u00f6vl\u0259t \u0130dar\u0259\u00e7ilik Akademiyas\u0131n\u0131n rektoru akademik Urxan \u018fl\u0259kb\u0259rov Ulu \u00d6nd\u0259r Heyd\u0259r \u018fliyevin do\u011fma V\u0259t\u0259n v\u0259 xalq qar\u015f\u0131s\u0131nda m\u00fcst\u0259sna xidm\u0259tl\u0259rind\u0259n dan\u0131\u015f\u0131b, \u00dcmummilli Liderin hakimiyy\u0259t\u0259 qay\u0131d\u0131\u015f\u0131ndan sonra Az\u0259rbaycan d\u00f6vl\u0259t\u00e7iliyinin b\u00f6y\u00fck t\u0259hl\u00fck\u0259l\u0259rd\u0259n xilas oldu\u011funu, \u00f6lk\u0259nin ictimai-siyasi, sosial-iqtisadi v\u0259 elmi-m\u0259d\u0259ni h\u0259yat\u0131nda \u0259sasl\u0131 v\u0259 \u0259h\u0259miyy\u0259tli d\u00f6n\u00fc\u015f\u00fcn yarand\u0131\u011f\u0131n\u0131 deyib. O, respublikam\u0131zda qazan\u0131lan u\u011furlar\u0131n Ulu \u00d6nd\u0259r Heyd\u0259r \u018fliyev siyas\u0259tinin b\u0259hr\u0259si oldu\u011funu vur\u011fulay\u0131b, dahi r\u0259hb\u0259rin ideyalar\u0131n\u0131n Az\u0259rbaycan Prezidenti \u0130lham \u018fliyev t\u0259r\u0259find\u0259n q\u0259tiyy\u0259tl\u0259 h\u0259yata ke\u00e7irildiyini s\u00f6yl\u0259yib.\n\nU.\u018fl\u0259kb\u0259rov \u00f6lk\u0259nin v\u0259 c\u0259miyy\u0259tin inki\u015faf\u0131nda elmin, t\u0259hsilin m\u00fch\u00fcm rolunu qeyd edib.\n\nKonfransda \u201cHeyd\u0259r \u018fliyevin Az\u0259rbaycan d\u00f6vl\u0259t idar\u0259\u00e7iliyind\u0259 transformativ liderlik modeli\u201d, \u201cTarixi Az\u0259rbaycan torpaqlar\u0131na qay\u0131d\u0131\u015f milli prioritetimizdir\u201d, \u201c\u0130nkl\u00fcziv c\u0259miyy\u0259tin qurulmas\u0131nda Heyd\u0259r \u018fliyevin rolu\u201d, \u201cUlu \u00d6nd\u0259r Heyd\u0259r \u018fliyevin Az\u0259rbaycan Respublikas\u0131n\u0131n t\u0259hl\u00fck\u0259sizlik m\u00fchitinin formala\u015fmas\u0131nda rolu\u201d, \u201cGeosiyasi t\u0259dqiqatlar: n\u0259z\u0259ri \u00fcmumil\u0259\u015fdirm\u0259\u201d, \u201cMaliyy\u0259 sisteminin t\u0259nziml\u0259nm\u0259sinin iqtisadi \u0259saslar\u0131\u201d, \u201c\u00dcmummilli Lider Heyd\u0259r \u018fliyevin Erm\u0259nistan\u0131n Az\u0259rbaycana h\u0259rbi t\u0259cav\u00fcz\u00fc zaman\u0131 g\u00fccl\u00fc Az\u0259rbaycan diasporunun formala\u015fmas\u0131nda rolu\u201d, \u201cAz\u0259rbaycan Respublikas\u0131n\u0131n davaml\u0131 inki\u015faf\u0131nda \u0259m\u0259k ehtiyatlar\u0131n\u0131n formala\u015fmas\u0131n\u0131n demoqrafik aspektl\u0259ri\u201d, \u201cUlu \u00d6nd\u0259r Heyd\u0259r \u018fliyevin Yax\u0131n \u015e\u0259rq siyas\u0259ti\u201d v\u0259 dig\u0259r m\u00f6vzularda g\u0259nc aliml\u0259rin m\u0259ruz\u0259l\u0259ri dinl\u0259nilib.\n\nSonra m\u0259ruz\u0259l\u0259r \u0259traf\u0131nda fikir m\u00fcbadil\u0259si apar\u0131l\u0131b.<\/p>\t\t\t\t\t<\/div>\n\t\t\t\t\t\t<\/div>\n\t\t\t\t<\/div>\n\t\t\t\t\t\t<\/div>\n\t\t\t\t\t<\/div>\n\t\t<\/div>\n\t\t\t\t\t\t\t\t<\/div>\n\t\t\t\t\t<\/div>\n\t\t<\/section>\n\t\t\t\t\t\t<\/div>\n\t\t\t\t\t\t<\/div>\n\t\t\t\t\t<\/div>","protected":false},"excerpt":{"rendered":"<p>D\u0130A-da konfrans: Heyd\u0259r \u018fliyev v\u0259 m\u00fcasir Az\u0259rbaycan\u0131n yeni inki\u015faf d\u00f6vr\u00fc Az\u0259rbaycan Respublikas\u0131n\u0131n Prezidenti yan\u0131nda D\u00f6vl\u0259t \u0130dar\u0259\u00e7ilik Akademiyas\u0131nda (D\u0130A) \u00dcmummilli Lider Heyd\u0259r \u018fliyevin 100 illik yubileyin\u0259 h\u0259sr olunmu\u015f \u201cHeyd\u0259r \u018fliyev v\u0259 m\u00fcasir Az\u0259rbaycan\u0131n yeni inki\u015faf d\u00f6vr\u00fc\u201d m\u00f6vzusunda doktorant v\u0259 dissertantlar\u0131n elmi-praktik konfrans\u0131 ke\u00e7irilib. T\u0259dbird\u0259 \u00e7\u0131x\u0131\u015f ed\u0259n D\u00f6vl\u0259t \u0130dar\u0259\u00e7ilik Akademiyas\u0131n\u0131n rektoru akademik Urxan \u018fl\u0259kb\u0259rov Ulu \u00d6nd\u0259r Heyd\u0259r [&hellip;]<\/p>","protected":false},"author":2,"featured_media":19924,"comment_status":"closed","ping_status":"closed","sticky":false,"template":"","format":"standard","meta":[],"categories":[137],"tags":[],"_links":{"self":[{"href":"https:\/\/legacy.dia.edu.az\/ru\/wp-json\/wp\/v2\/posts\/19925"}],"collection":[{"href":"https:\/\/legacy.dia.edu.az\/ru\/wp-json\/wp\/v2\/posts"}],"about":[{"href":"https:\/\/legacy.dia.edu.az\/ru\/wp-json\/wp\/v2\/types\/post"}],"author":[{"embeddable":true,"href":"https:\/\/legacy.dia.edu.az\/ru\/wp-json\/wp\/v2\/users\/2"}],"replies":[{"embeddable":true,"href":"https:\/\/legacy.dia.edu.az\/ru\/wp-json\/wp\/v2\/comments?post=19925"}],"version-history":[{"count":18,"href":"https:\/\/legacy.dia.edu.az\/ru\/wp-json\/wp\/v2\/posts\/19925\/revisions"}],"predecessor-version":[{"id":19946,"href":"https:\/\/legacy.dia.edu.az\/ru\/wp-json\/wp\/v2\/posts\/19925\/revisions\/19946"}],"wp:featuredmedia":[{"embeddable":true,"href":"https:\/\/legacy.dia.edu.az\/ru\/wp-json\/wp\/v2\/media\/19924"}],"wp:attachment":[{"href":"https:\/\/legacy.dia.edu.az\/ru\/wp-json\/wp\/v2\/media?parent=19925"}],"wp:term":[{"taxonomy":"category","embeddable":true,"href":"https:\/\/legacy.dia.edu.az\/ru\/wp-json\/wp\/v2\/categories?post=19925"},{"taxonomy":"post_tag","embeddable":true,"href":"https:\/\/legacy.dia.edu.az\/ru\/wp-json\/wp\/v2\/tags?post=19925"}],"curies":[{"name":"wp","href":"https:\/\/api.w.org\/{rel}","templated":true}]}}