{"id":19853,"date":"2023-04-16T16:50:52","date_gmt":"2023-04-16T12:50:52","guid":{"rendered":"https:\/\/dia.edu.az\/?p=19853"},"modified":"2025-04-23T13:00:51","modified_gmt":"2025-04-23T09:00:51","slug":"umummilli-lider-heyd%c9%99r-%c9%99liyev-az%c9%99rbaycanda-must%c9%99qil-dovl%c9%99t-quruculugu-siyas%c9%99tinin-banisidir-konfrans","status":"publish","type":"post","link":"https:\/\/legacy.dia.edu.az\/ru\/arxivl\u0259r\/19853","title":{"rendered":"\u00dcmummilli Lider Heyd\u0259r \u018fliyev Az\u0259rbaycanda m\u00fcst\u0259qil d\u00f6vl\u0259t quruculu\u011fu siyas\u0259tinin banisidir &#8211;\u00a0Konfrans"},"content":{"rendered":"<div data-elementor-type=\"wp-post\" data-elementor-id=\"19853\" class=\"elementor elementor-19853\" data-elementor-settings=\"[]\">\n\t\t\t\t\t\t<div class=\"elementor-inner\">\n\t\t\t\t\t\t\t<div class=\"elementor-section-wrap\">\n\t\t\t\t\t\t\t<section class=\"elementor-section elementor-top-section elementor-element elementor-element-ba2a170 elementor-section-boxed elementor-section-height-default elementor-section-height-default\" data-id=\"ba2a170\" data-element_type=\"section\">\n\t\t\t\t\t\t<div class=\"elementor-container elementor-column-gap-default\">\n\t\t\t\t\t\t\t<div class=\"elementor-row\">\n\t\t\t\t\t<div class=\"elementor-column elementor-col-100 elementor-top-column elementor-element elementor-element-dfbf18f\" data-id=\"dfbf18f\" data-element_type=\"column\">\n\t\t\t<div class=\"elementor-column-wrap elementor-element-populated\">\n\t\t\t\t\t\t\t<div class=\"elementor-widget-wrap\">\n\t\t\t\t\t\t<div class=\"elementor-element elementor-element-ca05e22 elementor-widget elementor-widget-text-editor\" data-id=\"ca05e22\" data-element_type=\"widget\" data-widget_type=\"text-editor.default\">\n\t\t\t\t<div class=\"elementor-widget-container\">\n\t\t\t\t\t\t\t\t<div class=\"elementor-text-editor elementor-clearfix\">\n\t\t\t\t\t\u00dcmummilli Lider Heyd\u0259r \u018fliyev Az\u0259rbaycanda m\u00fcst\u0259qil d\u00f6vl\u0259t quruculu\u011fu siyas\u0259tinin banisidir &#8211; Konfrans\t\t\t\t\t<\/div>\n\t\t\t\t\t\t<\/div>\n\t\t\t\t<\/div>\n\t\t\t\t\t\t<\/div>\n\t\t\t\t\t<\/div>\n\t\t<\/div>\n\t\t\t\t\t\t\t\t<\/div>\n\t\t\t\t\t<\/div>\n\t\t<\/section>\n\t\t\t\t<section class=\"elementor-section elementor-top-section elementor-element elementor-element-f6e0b3f elementor-section-boxed elementor-section-height-default elementor-section-height-default\" data-id=\"f6e0b3f\" data-element_type=\"section\">\n\t\t\t\t\t\t<div class=\"elementor-container elementor-column-gap-default\">\n\t\t\t\t\t\t\t<div class=\"elementor-row\">\n\t\t\t\t\t<div class=\"elementor-column elementor-col-33 elementor-top-column elementor-element elementor-element-3b0f9c4\" data-id=\"3b0f9c4\" data-element_type=\"column\">\n\t\t\t<div class=\"elementor-column-wrap elementor-element-populated\">\n\t\t\t\t\t\t\t<div class=\"elementor-widget-wrap\">\n\t\t\t\t\t\t<div class=\"elementor-element elementor-element-c947698 elementor-widget elementor-widget-image\" data-id=\"c947698\" data-element_type=\"widget\" data-widget_type=\"image.default\">\n\t\t\t\t<div class=\"elementor-widget-container\">\n\t\t\t\t\t\t\t\t<div class=\"elementor-image\">\n\t\t\t\t\t\t\t\t\t\t\t\t\t<a href=\"https:\/\/dia.edu.az\/wp-content\/uploads\/2023\/04\/11yus.jpg\">\n\t\t\t\t\t\t\t<img width=\"450\" height=\"331\" src=\"https:\/\/legacy.dia.edu.az\/wp-content\/uploads\/2023\/04\/11yus-450x331.jpg\" class=\"attachment-large size-large\" alt=\"\" srcset=\"https:\/\/legacy.dia.edu.az\/wp-content\/uploads\/2023\/04\/11yus-450x331.jpg 450w, https:\/\/legacy.dia.edu.az\/wp-content\/uploads\/2023\/04\/11yus-200x147.jpg 200w, https:\/\/legacy.dia.edu.az\/wp-content\/uploads\/2023\/04\/11yus-16x12.jpg 16w, https:\/\/legacy.dia.edu.az\/wp-content\/uploads\/2023\/04\/11yus.jpg 910w, https:\/\/legacy.dia.edu.az\/wp-content\/uploads\/2023\/04\/11yus-450x331@2x.jpg 900w, https:\/\/legacy.dia.edu.az\/wp-content\/uploads\/2023\/04\/11yus-200x147@2x.jpg 400w\" sizes=\"(max-width: 450px) 100vw, 450px\" \/>\t\t\t\t\t\t\t\t<\/a>\n\t\t\t\t\t\t\t\t\t\t\t\t\t\t<\/div>\n\t\t\t\t\t\t<\/div>\n\t\t\t\t<\/div>\n\t\t\t\t\t\t<\/div>\n\t\t\t\t\t<\/div>\n\t\t<\/div>\n\t\t\t\t<div class=\"elementor-column elementor-col-33 elementor-top-column elementor-element elementor-element-fdf9f65\" data-id=\"fdf9f65\" data-element_type=\"column\">\n\t\t\t<div class=\"elementor-column-wrap elementor-element-populated\">\n\t\t\t\t\t\t\t<div class=\"elementor-widget-wrap\">\n\t\t\t\t\t\t<div class=\"elementor-element elementor-element-b1fd60d elementor-widget elementor-widget-image\" data-id=\"b1fd60d\" data-element_type=\"widget\" data-widget_type=\"image.default\">\n\t\t\t\t<div class=\"elementor-widget-container\">\n\t\t\t\t\t\t\t\t<div class=\"elementor-image\">\n\t\t\t\t\t\t\t\t\t\t\t\t\t<a href=\"https:\/\/dia.edu.az\/wp-content\/uploads\/2023\/04\/12yus.jpg\">\n\t\t\t\t\t\t\t<img width=\"450\" height=\"298\" src=\"https:\/\/legacy.dia.edu.az\/wp-content\/uploads\/2023\/04\/12yus-450x298.jpg\" class=\"attachment-large size-large\" alt=\"\" srcset=\"https:\/\/legacy.dia.edu.az\/wp-content\/uploads\/2023\/04\/12yus-450x298.jpg 450w, https:\/\/legacy.dia.edu.az\/wp-content\/uploads\/2023\/04\/12yus-200x132.jpg 200w, https:\/\/legacy.dia.edu.az\/wp-content\/uploads\/2023\/04\/12yus-18x12.jpg 18w, https:\/\/legacy.dia.edu.az\/wp-content\/uploads\/2023\/04\/12yus-150x100.jpg 150w, https:\/\/legacy.dia.edu.az\/wp-content\/uploads\/2023\/04\/12yus.jpg 1000w, https:\/\/legacy.dia.edu.az\/wp-content\/uploads\/2023\/04\/12yus-450x298@2x.jpg 900w, https:\/\/legacy.dia.edu.az\/wp-content\/uploads\/2023\/04\/12yus-200x132@2x.jpg 400w\" sizes=\"(max-width: 450px) 100vw, 450px\" \/>\t\t\t\t\t\t\t\t<\/a>\n\t\t\t\t\t\t\t\t\t\t\t\t\t\t<\/div>\n\t\t\t\t\t\t<\/div>\n\t\t\t\t<\/div>\n\t\t\t\t\t\t<\/div>\n\t\t\t\t\t<\/div>\n\t\t<\/div>\n\t\t\t\t<div class=\"elementor-column elementor-col-33 elementor-top-column elementor-element elementor-element-f4f3c06\" data-id=\"f4f3c06\" data-element_type=\"column\">\n\t\t\t<div class=\"elementor-column-wrap elementor-element-populated\">\n\t\t\t\t\t\t\t<div class=\"elementor-widget-wrap\">\n\t\t\t\t\t\t<div class=\"elementor-element elementor-element-089672f elementor-widget elementor-widget-image\" data-id=\"089672f\" data-element_type=\"widget\" data-widget_type=\"image.default\">\n\t\t\t\t<div class=\"elementor-widget-container\">\n\t\t\t\t\t\t\t\t<div class=\"elementor-image\">\n\t\t\t\t\t\t\t\t\t\t\t\t\t<a href=\"https:\/\/dia.edu.az\/wp-content\/uploads\/2023\/04\/14yus.jpg\">\n\t\t\t\t\t\t\t<img width=\"450\" height=\"298\" src=\"https:\/\/legacy.dia.edu.az\/wp-content\/uploads\/2023\/04\/14yus-450x298.jpg\" class=\"attachment-large size-large\" alt=\"\" srcset=\"https:\/\/legacy.dia.edu.az\/wp-content\/uploads\/2023\/04\/14yus-450x298.jpg 450w, https:\/\/legacy.dia.edu.az\/wp-content\/uploads\/2023\/04\/14yus-200x132.jpg 200w, https:\/\/legacy.dia.edu.az\/wp-content\/uploads\/2023\/04\/14yus-18x12.jpg 18w, https:\/\/legacy.dia.edu.az\/wp-content\/uploads\/2023\/04\/14yus-150x100.jpg 150w, https:\/\/legacy.dia.edu.az\/wp-content\/uploads\/2023\/04\/14yus.jpg 1000w, https:\/\/legacy.dia.edu.az\/wp-content\/uploads\/2023\/04\/14yus-450x298@2x.jpg 900w, https:\/\/legacy.dia.edu.az\/wp-content\/uploads\/2023\/04\/14yus-200x132@2x.jpg 400w\" sizes=\"(max-width: 450px) 100vw, 450px\" \/>\t\t\t\t\t\t\t\t<\/a>\n\t\t\t\t\t\t\t\t\t\t\t\t\t\t<\/div>\n\t\t\t\t\t\t<\/div>\n\t\t\t\t<\/div>\n\t\t\t\t\t\t<\/div>\n\t\t\t\t\t<\/div>\n\t\t<\/div>\n\t\t\t\t\t\t\t\t<\/div>\n\t\t\t\t\t<\/div>\n\t\t<\/section>\n\t\t\t\t<section class=\"elementor-section elementor-top-section elementor-element elementor-element-1ff01fb elementor-section-boxed elementor-section-height-default elementor-section-height-default\" data-id=\"1ff01fb\" data-element_type=\"section\">\n\t\t\t\t\t\t<div class=\"elementor-container elementor-column-gap-default\">\n\t\t\t\t\t\t\t<div class=\"elementor-row\">\n\t\t\t\t\t<div class=\"elementor-column elementor-col-100 elementor-top-column elementor-element elementor-element-08ff038\" data-id=\"08ff038\" data-element_type=\"column\">\n\t\t\t<div class=\"elementor-column-wrap elementor-element-populated\">\n\t\t\t\t\t\t\t<div class=\"elementor-widget-wrap\">\n\t\t\t\t\t\t<div class=\"elementor-element elementor-element-44cb87f elementor-widget elementor-widget-text-editor\" data-id=\"44cb87f\" data-element_type=\"widget\" data-widget_type=\"text-editor.default\">\n\t\t\t\t<div class=\"elementor-widget-container\">\n\t\t\t\t\t\t\t\t<div class=\"elementor-text-editor elementor-clearfix\">\n\t\t\t\t\t<p>&#8220;Heyd\u0259r \u018fliyev \u0130li\u201d \u00e7\u0259r\u00e7iv\u0259sind\u0259 Az\u0259rbaycan Respublikas\u0131n\u0131n Prezidenti yan\u0131nda D\u00f6vl\u0259t \u0130dar\u0259\u00e7ilik Akademiyas\u0131nda \u201c\u00dcmummilli Lider Heyd\u0259r \u018fliyev Az\u0259rbaycanda m\u00fcst\u0259qil d\u00f6vl\u0259t quruculu\u011fu siyas\u0259tinin banisi kimi\u201d m\u00f6vzusunda elmi-praktiki konfrans ke\u00e7irilib.<br>\nKonfransda Milli M\u0259clisin deputatlar\u0131, siyasi elml\u0259r \u00fczr\u0259 f\u0259ls\u0259f\u0259 doktoru, dosent Ayd\u0131n Mirz\u0259zad\u0259 \u201cHeyd\u0259r \u018fliyev v\u0259 Az\u0259rbaycanda m\u00fcst\u0259qil d\u00f6vl\u0259t quruculu\u011fu\u201d, siyasi elml\u0259r doktoru, professor El\u015fad Mirb\u0259\u015firo\u011flu \u201cAz\u0259rbaycanda d\u00f6vl\u0259t idar\u0259\u00e7iliyinin t\u0259kmill\u0259\u015fdirilm\u0259sind\u0259 Heyd\u0259r \u018fliyevin rolu\u201d, Milli M\u0259clisin Sosial qanunvericilik \u015f\u00f6b\u0259sinin m\u00fcdiri, siyasi elml\u0259r \u00fczr\u0259 f\u0259ls\u0259f\u0259 doktoru, dosent Adil V\u0259liyev \u201cHeyd\u0259r \u018fliyev &#8211; Az\u0259rbaycanda m\u00fcasir qanunvericilik sisteminin d\u00f6vl\u0259t t\u0259minat\u00e7\u0131s\u0131\u201d, D\u00f6vl\u0259t \u0130dar\u0259\u00e7ilik Akademiyas\u0131n\u0131n Politologiya v\u0259 siyasi idar\u0259etm\u0259 kafedras\u0131n\u0131n m\u00fcdiri, f\u0259ls\u0259f\u0259 elml\u0259ri doktoru, professor Nigar \u018fl\u0259kb\u0259rova \u201c\u00dcmummilli Lider Heyd\u0259r \u018fliyev Az\u0259rbaycan Respublikas\u0131n\u0131n m\u0259d\u0259niyy\u0259t siyas\u0259tinin banisi kimi\u201d, D\u00f6vl\u0259t \u0130dar\u0259\u00e7ilik Akademiyas\u0131n\u0131n Politologiya v\u0259 siyasi idar\u0259etm\u0259 kafedras\u0131n\u0131n professor \u0259v\u0259zi, siyasi elml\u0259r doktoru Sevil M\u0259mm\u0259dova \u201cHeyd\u0259r \u018fliyevin m\u00fcst\u0259qil d\u00f6vl\u0259t quruculu\u011fu strategiyas\u0131nda ictimai-siyasi sabitlik amili\u201d m\u00f6vzular\u0131nda m\u0259ruz\u0259l\u0259rl\u0259 \u00e7\u0131x\u0131\u015f edibl\u0259r.<\/p>\n<p>Konfransda m\u00fcst\u0259qil Az\u0259rbaycan\u0131n enerji t\u0259hl\u00fck\u0259sizliyinin t\u0259min edilm\u0259si, d\u00f6vl\u0259t quruculu\u011funun sistemli \u015f\u0259kild\u0259 yarad\u0131lmas\u0131 v\u0259 modernl\u0259\u015fdirilm\u0259si, m\u00fcasir qanunvericiliyin beyn\u0259lxalq standartlara v\u0259 milli x\u00fcsusiyy\u0259tl\u0259r\u0259 uy\u011fun olaraq formala\u015fd\u0131r\u0131lmas\u0131, daxili siyas\u0259td\u0259 ictimai-siyasi sabitliyin ger\u00e7\u0259kl\u0259\u015fdirilm\u0259si v\u0259 m\u00f6hk\u0259ml\u0259ndirilm\u0259si, suveren, demokratik v\u0259 h\u00fcquqi d\u00f6vl\u0259timizin m\u0259d\u0259niyy\u0259t siyas\u0259tinin \u0259sas\u0131n\u0131n qoyulmas\u0131 v\u0259 h\u0259yata ke\u00e7irilm\u0259si, milli m\u0259d\u0259niyy\u0259timizin beyn\u0259lxalq m\u00fcst\u0259vid\u0259 yum\u015faq v\u0259 a\u011f\u0131ll\u0131 g\u00fcc qismind\u0259 t\u0259sir imkanlar\u0131, h\u0259m\u00e7inin \u00f6lk\u0259mizin m\u00fcsb\u0259t, c\u0259lbedici imicinin yarad\u0131lmas\u0131 v\u0259 y\u00fcks\u0259ldilm\u0259si amilin\u0259 \u00e7evrilm\u0259sind\u0259 Ulu \u00d6nd\u0259r Heyd\u0259r \u018fliyevin unikal rolu diqq\u0259t\u0259 \u00e7atd\u0131r\u0131l\u0131b. \u00dcmummilli Liderin m\u00fcasir m\u00fcst\u0259qil d\u00f6vl\u0259timizin qurulmas\u0131nda v\u0259 inki\u015faf\u0131nda m\u00fcst\u0259sna xidm\u0259tl\u0259ri, onun z\u0259ngin siyasi irsi, d\u00f6vl\u0259t idar\u0259\u00e7ilik t\u0259cr\u00fcb\u0259sinin \u0259h\u0259miyy\u0259ti qeyd edilib.&nbsp;<\/p>\t\t\t\t\t<\/div>\n\t\t\t\t\t\t<\/div>\n\t\t\t\t<\/div>\n\t\t\t\t\t\t<\/div>\n\t\t\t\t\t<\/div>\n\t\t<\/div>\n\t\t\t\t\t\t\t\t<\/div>\n\t\t\t\t\t<\/div>\n\t\t<\/section>\n\t\t\t\t\t\t<\/div>\n\t\t\t\t\t\t<\/div>\n\t\t\t\t\t<\/div>","protected":false},"excerpt":{"rendered":"<p>\u00dcmummilli Lider Heyd\u0259r \u018fliyev Az\u0259rbaycanda m\u00fcst\u0259qil d\u00f6vl\u0259t quruculu\u011fu siyas\u0259tinin banisidir &#8211; Konfrans &#8220;Heyd\u0259r \u018fliyev \u0130li\u201d \u00e7\u0259r\u00e7iv\u0259sind\u0259 Az\u0259rbaycan Respublikas\u0131n\u0131n Prezidenti yan\u0131nda D\u00f6vl\u0259t \u0130dar\u0259\u00e7ilik Akademiyas\u0131nda \u201c\u00dcmummilli Lider Heyd\u0259r \u018fliyev Az\u0259rbaycanda m\u00fcst\u0259qil d\u00f6vl\u0259t quruculu\u011fu siyas\u0259tinin banisi kimi\u201d m\u00f6vzusunda elmi-praktiki konfrans ke\u00e7irilib. Konfransda Milli M\u0259clisin deputatlar\u0131, siyasi elml\u0259r \u00fczr\u0259 f\u0259ls\u0259f\u0259 doktoru, dosent Ayd\u0131n Mirz\u0259zad\u0259 \u201cHeyd\u0259r \u018fliyev v\u0259 Az\u0259rbaycanda m\u00fcst\u0259qil [&hellip;]<\/p>","protected":false},"author":2,"featured_media":19854,"comment_status":"closed","ping_status":"closed","sticky":false,"template":"","format":"standard","meta":[],"categories":[137],"tags":[],"_links":{"self":[{"href":"https:\/\/legacy.dia.edu.az\/ru\/wp-json\/wp\/v2\/posts\/19853"}],"collection":[{"href":"https:\/\/legacy.dia.edu.az\/ru\/wp-json\/wp\/v2\/posts"}],"about":[{"href":"https:\/\/legacy.dia.edu.az\/ru\/wp-json\/wp\/v2\/types\/post"}],"author":[{"embeddable":true,"href":"https:\/\/legacy.dia.edu.az\/ru\/wp-json\/wp\/v2\/users\/2"}],"replies":[{"embeddable":true,"href":"https:\/\/legacy.dia.edu.az\/ru\/wp-json\/wp\/v2\/comments?post=19853"}],"version-history":[{"count":11,"href":"https:\/\/legacy.dia.edu.az\/ru\/wp-json\/wp\/v2\/posts\/19853\/revisions"}],"predecessor-version":[{"id":25731,"href":"https:\/\/legacy.dia.edu.az\/ru\/wp-json\/wp\/v2\/posts\/19853\/revisions\/25731"}],"wp:featuredmedia":[{"embeddable":true,"href":"https:\/\/legacy.dia.edu.az\/ru\/wp-json\/wp\/v2\/media\/19854"}],"wp:attachment":[{"href":"https:\/\/legacy.dia.edu.az\/ru\/wp-json\/wp\/v2\/media?parent=19853"}],"wp:term":[{"taxonomy":"category","embeddable":true,"href":"https:\/\/legacy.dia.edu.az\/ru\/wp-json\/wp\/v2\/categories?post=19853"},{"taxonomy":"post_tag","embeddable":true,"href":"https:\/\/legacy.dia.edu.az\/ru\/wp-json\/wp\/v2\/tags?post=19853"}],"curies":[{"name":"wp","href":"https:\/\/api.w.org\/{rel}","templated":true}]}}