{"id":19823,"date":"2023-04-10T20:43:23","date_gmt":"2023-04-10T16:43:23","guid":{"rendered":"https:\/\/dia.edu.az\/?p=19823"},"modified":"2023-04-10T20:51:28","modified_gmt":"2023-04-10T16:51:28","slug":"unesco-uzr%c9%99-milli-komissiyalarin-bas-katibl%c9%99ri-ucun-t%c9%99lim-proqrami-t%c9%99skil-olunub","status":"publish","type":"post","link":"https:\/\/legacy.dia.edu.az\/ru\/arxivl\u0259r\/19823","title":{"rendered":"UNESCO \u00fczr\u0259 Milli komissiyalar\u0131n ba\u015f katibl\u0259ri \u00fc\u00e7\u00fcn t\u0259lim proqram\u0131 t\u0259\u015fkil olunub"},"content":{"rendered":"<div data-elementor-type=\"wp-post\" data-elementor-id=\"19823\" class=\"elementor elementor-19823\" data-elementor-settings=\"[]\">\n\t\t\t\t\t\t<div class=\"elementor-inner\">\n\t\t\t\t\t\t\t<div class=\"elementor-section-wrap\">\n\t\t\t\t\t\t\t<section class=\"elementor-section elementor-top-section elementor-element elementor-element-733120c elementor-section-boxed elementor-section-height-default elementor-section-height-default\" data-id=\"733120c\" data-element_type=\"section\">\n\t\t\t\t\t\t<div class=\"elementor-container elementor-column-gap-default\">\n\t\t\t\t\t\t\t<div class=\"elementor-row\">\n\t\t\t\t\t<div class=\"elementor-column elementor-col-100 elementor-top-column elementor-element elementor-element-6d5e02e\" data-id=\"6d5e02e\" data-element_type=\"column\">\n\t\t\t<div class=\"elementor-column-wrap elementor-element-populated\">\n\t\t\t\t\t\t\t<div class=\"elementor-widget-wrap\">\n\t\t\t\t\t\t<div class=\"elementor-element elementor-element-17e9eb1 elementor-widget elementor-widget-text-editor\" data-id=\"17e9eb1\" data-element_type=\"widget\" data-widget_type=\"text-editor.default\">\n\t\t\t\t<div class=\"elementor-widget-container\">\n\t\t\t\t\t\t\t\t<div class=\"elementor-text-editor elementor-clearfix\">\n\t\t\t\t\tUNESCO \u00fczr\u0259 Milli komissiyalar\u0131n ba\u015f katibl\u0259ri \u00fc\u00e7\u00fcn t\u0259lim proqram\u0131 t\u0259\u015fkil olunub\t\t\t\t\t<\/div>\n\t\t\t\t\t\t<\/div>\n\t\t\t\t<\/div>\n\t\t\t\t\t\t<\/div>\n\t\t\t\t\t<\/div>\n\t\t<\/div>\n\t\t\t\t\t\t\t\t<\/div>\n\t\t\t\t\t<\/div>\n\t\t<\/section>\n\t\t\t\t<section class=\"elementor-section elementor-top-section elementor-element elementor-element-d6a7dfa elementor-section-boxed elementor-section-height-default elementor-section-height-default\" data-id=\"d6a7dfa\" data-element_type=\"section\">\n\t\t\t\t\t\t<div class=\"elementor-container elementor-column-gap-default\">\n\t\t\t\t\t\t\t<div class=\"elementor-row\">\n\t\t\t\t\t<div class=\"elementor-column elementor-col-100 elementor-top-column elementor-element elementor-element-fafc6e9\" data-id=\"fafc6e9\" data-element_type=\"column\">\n\t\t\t<div class=\"elementor-column-wrap elementor-element-populated\">\n\t\t\t\t\t\t\t<div class=\"elementor-widget-wrap\">\n\t\t\t\t\t\t<div class=\"elementor-element elementor-element-0f55d05 elementor-position-top elementor-vertical-align-top elementor-widget elementor-widget-image-box\" data-id=\"0f55d05\" data-element_type=\"widget\" data-widget_type=\"image-box.default\">\n\t\t\t\t<div class=\"elementor-widget-container\">\n\t\t\t<div class=\"elementor-image-box-wrapper\"><figure class=\"elementor-image-box-img\"><a href=\"https:\/\/dia.edu.az\/wp-content\/uploads\/2023\/04\/16811282582477520071_1000x669.jpg\"><img width=\"892\" height=\"669\" src=\"https:\/\/legacy.dia.edu.az\/wp-content\/uploads\/2023\/04\/16811282582477520071_1000x669.jpg\" class=\"attachment-full size-full\" alt=\"\" srcset=\"https:\/\/legacy.dia.edu.az\/wp-content\/uploads\/2023\/04\/16811282582477520071_1000x669.jpg 892w, https:\/\/legacy.dia.edu.az\/wp-content\/uploads\/2023\/04\/16811282582477520071_1000x669-200x150.jpg 200w, https:\/\/legacy.dia.edu.az\/wp-content\/uploads\/2023\/04\/16811282582477520071_1000x669-450x338.jpg 450w, https:\/\/legacy.dia.edu.az\/wp-content\/uploads\/2023\/04\/16811282582477520071_1000x669-16x12.jpg 16w, https:\/\/legacy.dia.edu.az\/wp-content\/uploads\/2023\/04\/16811282582477520071_1000x669-200x150@2x.jpg 400w\" sizes=\"(max-width: 892px) 100vw, 892px\" \/><\/a><\/figure><div class=\"elementor-image-box-content\"><h3 class=\"elementor-image-box-title\"><a href=\"https:\/\/dia.edu.az\/wp-content\/uploads\/2023\/04\/16811282582477520071_1000x669.jpg\">This is the heading<\/a><\/h3><p class=\"elementor-image-box-description\">Aprelin 10-da ADA Universitetind\u0259 Afrikan\u0131n 10 \u00f6lk\u0259sinin UNESCO \u00fczr\u0259 Milli komissiyalar\u0131n\u0131n ba\u015f katibl\u0259rinin i\u015ftirak\u0131 il\u0259 t\u0259lim proqram\u0131 ke\u00e7irilib.\n\nProqram\u0131n \u0259sas m\u0259qs\u0259di Az\u0259rbaycan\u0131n Afrika \u00f6lk\u0259l\u0259ri il\u0259 UNESCO \u00e7\u0259r\u00e7iv\u0259sind\u0259 m\u00f6vcud \u0259m\u0259kda\u015fl\u0131q m\u00fcnasib\u0259tl\u0259rinin daha da inki\u015faf etdirilm\u0259si, s\u00f6z\u00fcged\u0259n regionda \u00f6lk\u0259miz bar\u0259d\u0259 m\u0259lumatl\u0131l\u0131\u011f\u0131n art\u0131r\u0131lmas\u0131, \u00f6lk\u0259mizin inki\u015faf\u0131n\u0131n \u0259yani \u015f\u0259kild\u0259 g\u00f6st\u0259rilm\u0259si, el\u0259c\u0259 d\u0259 i\u015f\u011faldan azad olunmu\u015f torpaqlar\u0131m\u0131zda b\u0259rpa-quruculuq i\u015fl\u0259ri il\u0259 ba\u011fl\u0131 m\u0259lumatlar\u0131n daha geni\u015f auditoriyaya \u00e7atd\u0131r\u0131lmas\u0131d\u0131r.\n\nT\u0259limd\u0259 Prezident yan\u0131nda D\u00f6vl\u0259t \u0130dar\u0259\u00e7ilik Akademiyas\u0131n\u0131n rektoru akademik Urxan \u018fl\u0259kb\u0259rovun \u201cDavaml\u0131 inki\u015faf m\u0259qs\u0259dl\u0259ri v\u0259 inkl\u00fcziv c\u0259miyy\u0259tin formala\u015fmas\u0131 namin\u0259 d\u00f6vl\u0259t idar\u0259\u00e7iliyind\u0259 yeni texnologiyalar: Az\u0259rbaycan t\u0259cr\u00fcb\u0259si\u201d adl\u0131 m\u00fchazir\u0259si dinl\u0259nilib.\n\nG\u00f6r\u00fc\u015f\u00fcn dahi \u015f\u0259xsiyy\u0259t Heyd\u0259r \u018fliyevin 100 illiyi \u0259r\u0259f\u0259sind\u0259 ke\u00e7irildiyini qeyd ed\u0259n rektor Ulu \u00d6nd\u0259rin tarixi xidm\u0259tl\u0259rind\u0259n dan\u0131\u015f\u0131b, \u00dcmummilli Liderin Az\u0259rbaycan d\u00f6vl\u0259t\u00e7iliyini b\u00f6y\u00fck t\u0259hl\u00fck\u0259l\u0259rd\u0259n xilas etdiyini, onun y\u00fcks\u0259k idar\u0259\u00e7ilik t\u0259cr\u00fcb\u0259si il\u0259 \u00f6lk\u0259ni b\u00f6y\u00fck u\u011furlara apard\u0131\u011f\u0131n\u0131 vur\u011fulay\u0131b.\n\nRektor \u00dcmummilli Lider t\u0259r\u0259find\u0259n m\u00fc\u0259yy\u0259nl\u0259\u015fdirilmi\u015f v\u0259 Prezident \u0130lham \u018fliyevin u\u011furla davam etdirdiyi inki\u015faf strategiyas\u0131 say\u0259sind\u0259 Az\u0259rbaycan\u0131n qazand\u0131\u011f\u0131 nailiyy\u0259tl\u0259r\u0259 diqq\u0259t \u00e7\u0259kib. O, Prezident \u0130lham \u018fliyev t\u0259r\u0259find\u0259n i\u015fl\u0259n\u0259r\u0259k t\u0259tbiq edilmi\u015f yeni d\u00f6vl\u0259t idar\u0259\u00e7iliyi texnologiyalar\u0131n\u0131n Az\u0259rbaycan\u0131n davaml\u0131 inkl\u00fcziv inki\u015faf\u0131 namin\u0259 resurslardan s\u0259m\u0259r\u0259li istifad\u0259 sah\u0259sind\u0259 regional v\u0259 qlobal lider\u0259 \u00e7evrilm\u0259sin\u0259 g\u0259tirib \u00e7\u0131xard\u0131\u011f\u0131n\u0131 bildirib.\n\nAz\u0259rbaycan\u0131n b\u00fct\u00fcn d\u00fcnya \u00fc\u00e7\u00fcn prioritet kimi q\u0259bul edil\u0259n davaml\u0131 inkl\u00fcziv inki\u015faf siyas\u0259tini s\u0259m\u0259r\u0259li \u015f\u0259kild\u0259 realla\u015fd\u0131ran lider oldu\u011funu bildir\u0259n rektor diqq\u0259t\u0259 \u00e7atd\u0131r\u0131b ki, nisb\u0259t\u0259n m\u0259hdud maliyy\u0259 imkanlar\u0131 \u015f\u0259raitind\u0259 Az\u0259rbaycan\u0131n inkl\u00fcziv inki\u015faf\u0131 indeksinin daha inki\u015faf etmi\u015f \u00f6lk\u0259l\u0259rd\u0259n y\u00fcks\u0259k olmas\u0131 respublikan\u0131n iqtisadi potensial\u0131n\u0131n h\u0259rt\u0259r\u0259fli inki\u015faf\u0131 v\u0259 \u0259halinin rifah\u0131n\u0131n y\u00fcks\u0259ldilm\u0259si \u00fc\u00e7\u00fcn daha s\u0259m\u0259r\u0259li istifad\u0259sinin beyn\u0259lxalq t\u0259sdiqidir.\n\nRektor m\u00fcst\u0259qil v\u0259 suveren Az\u0259rbaycan d\u00f6vl\u0259tinin keyfiyy\u0259tc\u0259 yeni olan v\u0259 2021\u20122030-cu ill\u0259ri \u0259hat\u0259 ed\u0259n strateji m\u0259rh\u0259l\u0259y\u0259 daxil oldu\u011funu qeyd ed\u0259r\u0259k, inkl\u00fcziv c\u0259miyy\u0259tin qurulmas\u0131 prosesinin \u00f6lk\u0259nin 2030-cu il \u00fc\u00e7\u00fcn planla\u015fd\u0131r\u0131lm\u0131\u015f \u0259sas prioritetl\u0259ri s\u0131ras\u0131nda oldu\u011funu vur\u011fulay\u0131b.\n\nM\u0259ruz\u0259d\u0259 i\u015f\u011faldan azad olunmu\u015f \u0259razil\u0259rd\u0259 apar\u0131lan quruculuq i\u015fl\u0259ri, m\u00fcst\u0259qillik d\u00f6vr\u00fcnd\u0259 qazan\u0131lan siyasi, iqtisadi, h\u0259rbi u\u011furlar, inkl\u00fcziv inki\u015faf\u0131n idar\u0259 edilm\u0259si sah\u0259sind\u0259 \u00f6lk\u0259nin \u0259ld\u0259 etdiyi nailiyy\u0259tl\u0259r bar\u0259d\u0259 geni\u015f elmi statistik t\u0259hlil t\u0259qdim olunub.\n\nSonda i\u015ftirak\u00e7\u0131lar Az\u0259rbaycan\u0131n u\u011furlu inki\u015faf\u0131n\u0131 v\u0259 bu f\u0259aliyy\u0259tin dig\u0259r \u00f6lk\u0259l\u0259r \u00fc\u00e7\u00fcn d\u0259 faydal\u0131 oldu\u011funu qeyd edibl\u0259r.<\/p><\/div><\/div>\t\t<\/div>\n\t\t\t\t<\/div>\n\t\t\t\t\t\t<\/div>\n\t\t\t\t\t<\/div>\n\t\t<\/div>\n\t\t\t\t\t\t\t\t<\/div>\n\t\t\t\t\t<\/div>\n\t\t<\/section>\n\t\t\t\t\t\t<\/div>\n\t\t\t\t\t\t<\/div>\n\t\t\t\t\t<\/div>","protected":false},"excerpt":{"rendered":"<p>UNESCO \u00fczr\u0259 Milli komissiyalar\u0131n ba\u015f katibl\u0259ri \u00fc\u00e7\u00fcn t\u0259lim proqram\u0131 t\u0259\u015fkil olunub This is the heading Aprelin 10-da ADA Universitetind\u0259 Afrikan\u0131n 10 \u00f6lk\u0259sinin UNESCO \u00fczr\u0259 Milli komissiyalar\u0131n\u0131n ba\u015f katibl\u0259rinin i\u015ftirak\u0131 il\u0259 t\u0259lim proqram\u0131 ke\u00e7irilib. Proqram\u0131n \u0259sas m\u0259qs\u0259di Az\u0259rbaycan\u0131n Afrika \u00f6lk\u0259l\u0259ri il\u0259 UNESCO \u00e7\u0259r\u00e7iv\u0259sind\u0259 m\u00f6vcud \u0259m\u0259kda\u015fl\u0131q m\u00fcnasib\u0259tl\u0259rinin daha da inki\u015faf etdirilm\u0259si, s\u00f6z\u00fcged\u0259n regionda \u00f6lk\u0259miz bar\u0259d\u0259 m\u0259lumatl\u0131l\u0131\u011f\u0131n art\u0131r\u0131lmas\u0131, [&hellip;]<\/p>","protected":false},"author":2,"featured_media":19822,"comment_status":"closed","ping_status":"closed","sticky":false,"template":"","format":"standard","meta":[],"categories":[137],"tags":[],"_links":{"self":[{"href":"https:\/\/legacy.dia.edu.az\/ru\/wp-json\/wp\/v2\/posts\/19823"}],"collection":[{"href":"https:\/\/legacy.dia.edu.az\/ru\/wp-json\/wp\/v2\/posts"}],"about":[{"href":"https:\/\/legacy.dia.edu.az\/ru\/wp-json\/wp\/v2\/types\/post"}],"author":[{"embeddable":true,"href":"https:\/\/legacy.dia.edu.az\/ru\/wp-json\/wp\/v2\/users\/2"}],"replies":[{"embeddable":true,"href":"https:\/\/legacy.dia.edu.az\/ru\/wp-json\/wp\/v2\/comments?post=19823"}],"version-history":[{"count":5,"href":"https:\/\/legacy.dia.edu.az\/ru\/wp-json\/wp\/v2\/posts\/19823\/revisions"}],"predecessor-version":[{"id":19829,"href":"https:\/\/legacy.dia.edu.az\/ru\/wp-json\/wp\/v2\/posts\/19823\/revisions\/19829"}],"wp:featuredmedia":[{"embeddable":true,"href":"https:\/\/legacy.dia.edu.az\/ru\/wp-json\/wp\/v2\/media\/19822"}],"wp:attachment":[{"href":"https:\/\/legacy.dia.edu.az\/ru\/wp-json\/wp\/v2\/media?parent=19823"}],"wp:term":[{"taxonomy":"category","embeddable":true,"href":"https:\/\/legacy.dia.edu.az\/ru\/wp-json\/wp\/v2\/categories?post=19823"},{"taxonomy":"post_tag","embeddable":true,"href":"https:\/\/legacy.dia.edu.az\/ru\/wp-json\/wp\/v2\/tags?post=19823"}],"curies":[{"name":"wp","href":"https:\/\/api.w.org\/{rel}","templated":true}]}}