{"id":19713,"date":"2023-03-29T12:50:47","date_gmt":"2023-03-29T08:50:47","guid":{"rendered":"https:\/\/dia.edu.az\/?p=19713"},"modified":"2023-03-29T12:56:17","modified_gmt":"2023-03-29T08:56:17","slug":"erm%c9%99niliyin-suqutundan-b%c9%99hs-ed%c9%99n-yeni-kitab","status":"publish","type":"post","link":"https:\/\/legacy.dia.edu.az\/ru\/arxivl\u0259r\/19713","title":{"rendered":"Erm\u0259niliyin s\u00fcqutundan b\u0259hs ed\u0259n yeni kitab"},"content":{"rendered":"<div data-elementor-type=\"wp-post\" data-elementor-id=\"19713\" class=\"elementor elementor-19713\" data-elementor-settings=\"[]\">\n\t\t\t\t\t\t<div class=\"elementor-inner\">\n\t\t\t\t\t\t\t<div class=\"elementor-section-wrap\">\n\t\t\t\t\t\t\t<section class=\"elementor-section elementor-top-section elementor-element elementor-element-288826e elementor-section-boxed elementor-section-height-default elementor-section-height-default\" data-id=\"288826e\" data-element_type=\"section\">\n\t\t\t\t\t\t<div class=\"elementor-container elementor-column-gap-default\">\n\t\t\t\t\t\t\t<div class=\"elementor-row\">\n\t\t\t\t\t<div class=\"elementor-column elementor-col-100 elementor-top-column elementor-element elementor-element-4c52e89\" data-id=\"4c52e89\" data-element_type=\"column\">\n\t\t\t<div class=\"elementor-column-wrap elementor-element-populated\">\n\t\t\t\t\t\t\t<div class=\"elementor-widget-wrap\">\n\t\t\t\t\t\t<div class=\"elementor-element elementor-element-48cebc3 elementor-widget elementor-widget-text-editor\" data-id=\"48cebc3\" data-element_type=\"widget\" data-widget_type=\"text-editor.default\">\n\t\t\t\t<div class=\"elementor-widget-container\">\n\t\t\t\t\t\t\t\t<div class=\"elementor-text-editor elementor-clearfix\">\n\t\t\t\t\tErm\u0259niliyin s\u00fcqutundan b\u0259hs ed\u0259n yeni kitab\t\t\t\t\t<\/div>\n\t\t\t\t\t\t<\/div>\n\t\t\t\t<\/div>\n\t\t\t\t\t\t<\/div>\n\t\t\t\t\t<\/div>\n\t\t<\/div>\n\t\t\t\t\t\t\t\t<\/div>\n\t\t\t\t\t<\/div>\n\t\t<\/section>\n\t\t\t\t<section class=\"elementor-section elementor-top-section elementor-element elementor-element-4977185 elementor-section-boxed elementor-section-height-default elementor-section-height-default\" data-id=\"4977185\" data-element_type=\"section\">\n\t\t\t\t\t\t<div class=\"elementor-container elementor-column-gap-default\">\n\t\t\t\t\t\t\t<div class=\"elementor-row\">\n\t\t\t\t\t<div class=\"elementor-column elementor-col-100 elementor-top-column elementor-element elementor-element-fca68c3\" data-id=\"fca68c3\" data-element_type=\"column\">\n\t\t\t<div class=\"elementor-column-wrap elementor-element-populated\">\n\t\t\t\t\t\t\t<div class=\"elementor-widget-wrap\">\n\t\t\t\t\t\t<div class=\"elementor-element elementor-element-f568be9 elementor-widget elementor-widget-text-editor\" data-id=\"f568be9\" data-element_type=\"widget\" data-widget_type=\"text-editor.default\">\n\t\t\t\t<div class=\"elementor-widget-container\">\n\t\t\t\t\t\t\t\t<div class=\"elementor-text-editor elementor-clearfix\">\n\t\t\t\t\t<p>Az\u0259rbaycan Respublikas\u0131n\u0131n Prezidenti yan\u0131nda D\u00f6vl\u0259t \u0130dar\u0259\u00e7ilik Akademiyas\u0131n\u0131n (D\u0130A) Beyn\u0259lxalq m\u00fcnasib\u0259tl\u0259r v\u0259 xarici siyas\u0259t kafedras\u0131n\u0131n m\u00fcdiri h\u00fcquq elml\u0259ri doktoru, professor Namiq \u018fliyevin \u201cDay.az: i\u015f\u011fal\u00e7\u0131 iztirablar\u0131\u201d kitab\u0131 rus dilind\u0259 n\u0259\u015fr olunub.\n\nKitabda m\u00fc\u0259llifin elmi ara\u015fd\u0131rmalara \u0259saslanan m\u0259qal\u0259l\u0259ri, \u015f\u0259rhl\u0259ri v\u0259 m\u00fcsahib\u0259l\u0259ri verilib. Bunlar\u0131n aras\u0131nda erm\u0259nil\u0259rin C\u0259nubi Qafqaza nec\u0259 g\u0259lm\u0259l\u0259rin\u0259, regionda t\u00f6r\u0259tdikl\u0259ri v\u0259h\u015filikl\u0259r\u0259, o c\u00fcml\u0259d\u0259n A\u011fdaban faci\u0259sin\u0259, erm\u0259nil\u0259r\u0259 xas olan qon\u015fular aras\u0131nda \u201cd\u00fc\u015fm\u0259n\u201d axtar\u0131\u015f\u0131 v\u0259rdi\u015fl\u0259rin\u0259, onlar\u0131n g\u00f6t\u00fcrd\u00fcy\u00fc beyn\u0259lxalq \u00f6hd\u0259likl\u0259rd\u0259n yay\u0131nma xisl\u0259tin\u0259, erm\u0259niliyi b\u00fct\u00fcn d\u00fcnyada if\u015fa ed\u0259n Az\u0259rbaycan diplomatiyas\u0131n\u0131n u\u011furlar\u0131na dair materiallar geni\u015f yer al\u0131b.<\/p>\t\t\t\t\t<\/div>\n\t\t\t\t\t\t<\/div>\n\t\t\t\t<\/div>\n\t\t\t\t\t\t<\/div>\n\t\t\t\t\t<\/div>\n\t\t<\/div>\n\t\t\t\t\t\t\t\t<\/div>\n\t\t\t\t\t<\/div>\n\t\t<\/section>\n\t\t\t\t\t\t<\/div>\n\t\t\t\t\t\t<\/div>\n\t\t\t\t\t<\/div>","protected":false},"excerpt":{"rendered":"<p>Erm\u0259niliyin s\u00fcqutundan b\u0259hs ed\u0259n yeni kitab Az\u0259rbaycan Respublikas\u0131n\u0131n Prezidenti yan\u0131nda D\u00f6vl\u0259t \u0130dar\u0259\u00e7ilik Akademiyas\u0131n\u0131n (D\u0130A) Beyn\u0259lxalq m\u00fcnasib\u0259tl\u0259r v\u0259 xarici siyas\u0259t kafedras\u0131n\u0131n m\u00fcdiri h\u00fcquq elml\u0259ri doktoru, professor Namiq \u018fliyevin \u201cDay.az: i\u015f\u011fal\u00e7\u0131 iztirablar\u0131\u201d kitab\u0131 rus dilind\u0259 n\u0259\u015fr olunub. Kitabda m\u00fc\u0259llifin elmi ara\u015fd\u0131rmalara \u0259saslanan m\u0259qal\u0259l\u0259ri, \u015f\u0259rhl\u0259ri v\u0259 m\u00fcsahib\u0259l\u0259ri verilib. Bunlar\u0131n aras\u0131nda erm\u0259nil\u0259rin C\u0259nubi Qafqaza nec\u0259 g\u0259lm\u0259l\u0259rin\u0259, regionda t\u00f6r\u0259tdikl\u0259ri v\u0259h\u015filikl\u0259r\u0259, [&hellip;]<\/p>","protected":false},"author":2,"featured_media":19712,"comment_status":"closed","ping_status":"closed","sticky":false,"template":"","format":"standard","meta":[],"categories":[137],"tags":[],"_links":{"self":[{"href":"https:\/\/legacy.dia.edu.az\/ru\/wp-json\/wp\/v2\/posts\/19713"}],"collection":[{"href":"https:\/\/legacy.dia.edu.az\/ru\/wp-json\/wp\/v2\/posts"}],"about":[{"href":"https:\/\/legacy.dia.edu.az\/ru\/wp-json\/wp\/v2\/types\/post"}],"author":[{"embeddable":true,"href":"https:\/\/legacy.dia.edu.az\/ru\/wp-json\/wp\/v2\/users\/2"}],"replies":[{"embeddable":true,"href":"https:\/\/legacy.dia.edu.az\/ru\/wp-json\/wp\/v2\/comments?post=19713"}],"version-history":[{"count":9,"href":"https:\/\/legacy.dia.edu.az\/ru\/wp-json\/wp\/v2\/posts\/19713\/revisions"}],"predecessor-version":[{"id":19722,"href":"https:\/\/legacy.dia.edu.az\/ru\/wp-json\/wp\/v2\/posts\/19713\/revisions\/19722"}],"wp:featuredmedia":[{"embeddable":true,"href":"https:\/\/legacy.dia.edu.az\/ru\/wp-json\/wp\/v2\/media\/19712"}],"wp:attachment":[{"href":"https:\/\/legacy.dia.edu.az\/ru\/wp-json\/wp\/v2\/media?parent=19713"}],"wp:term":[{"taxonomy":"category","embeddable":true,"href":"https:\/\/legacy.dia.edu.az\/ru\/wp-json\/wp\/v2\/categories?post=19713"},{"taxonomy":"post_tag","embeddable":true,"href":"https:\/\/legacy.dia.edu.az\/ru\/wp-json\/wp\/v2\/tags?post=19713"}],"curies":[{"name":"wp","href":"https:\/\/api.w.org\/{rel}","templated":true}]}}