{"id":19406,"date":"2023-02-24T12:52:34","date_gmt":"2023-02-24T08:52:34","guid":{"rendered":"https:\/\/dia.edu.az\/?p=19406"},"modified":"2023-02-24T12:55:19","modified_gmt":"2023-02-24T08:55:19","slug":"dia-da-dovl%c9%99t-miqrasiya-xidm%c9%99tinin-%c9%99m%c9%99kdaslari-ucun-ixtisasartirma-t%c9%99limi","status":"publish","type":"post","link":"https:\/\/legacy.dia.edu.az\/ru\/arxivl\u0259r\/19406","title":{"rendered":"D\u0130A-da D\u00f6vl\u0259t Miqrasiya Xidm\u0259tinin \u0259m\u0259kda\u015flar\u0131 \u00fc\u00e7\u00fcn ixtisasart\u0131rma t\u0259limi"},"content":{"rendered":"<div data-elementor-type=\"wp-post\" data-elementor-id=\"19406\" class=\"elementor elementor-19406\" data-elementor-settings=\"[]\">\n\t\t\t\t\t\t<div class=\"elementor-inner\">\n\t\t\t\t\t\t\t<div class=\"elementor-section-wrap\">\n\t\t\t\t\t\t\t<section class=\"elementor-section elementor-top-section elementor-element elementor-element-04acb51 elementor-section-boxed elementor-section-height-default elementor-section-height-default\" data-id=\"04acb51\" data-element_type=\"section\">\n\t\t\t\t\t\t<div class=\"elementor-container elementor-column-gap-default\">\n\t\t\t\t\t\t\t<div class=\"elementor-row\">\n\t\t\t\t\t<div class=\"elementor-column elementor-col-100 elementor-top-column elementor-element elementor-element-baa58e3\" data-id=\"baa58e3\" data-element_type=\"column\">\n\t\t\t<div class=\"elementor-column-wrap elementor-element-populated\">\n\t\t\t\t\t\t\t<div class=\"elementor-widget-wrap\">\n\t\t\t\t\t\t<div class=\"elementor-element elementor-element-5d70933 elementor-widget elementor-widget-text-editor\" data-id=\"5d70933\" data-element_type=\"widget\" data-widget_type=\"text-editor.default\">\n\t\t\t\t<div class=\"elementor-widget-container\">\n\t\t\t\t\t\t\t\t<div class=\"elementor-text-editor elementor-clearfix\">\n\t\t\t\t\tD\u0130A-da D\u00f6vl\u0259t Miqrasiya Xidm\u0259tinin \u0259m\u0259kda\u015flar\u0131 \u00fc\u00e7\u00fcn ixtisasart\u0131rma t\u0259limi\t\t\t\t\t<\/div>\n\t\t\t\t\t\t<\/div>\n\t\t\t\t<\/div>\n\t\t\t\t\t\t<\/div>\n\t\t\t\t\t<\/div>\n\t\t<\/div>\n\t\t\t\t\t\t\t\t<\/div>\n\t\t\t\t\t<\/div>\n\t\t<\/section>\n\t\t\t\t<section class=\"elementor-section elementor-top-section elementor-element elementor-element-6afe9ce elementor-section-boxed elementor-section-height-default elementor-section-height-default\" data-id=\"6afe9ce\" data-element_type=\"section\">\n\t\t\t\t\t\t<div class=\"elementor-container elementor-column-gap-default\">\n\t\t\t\t\t\t\t<div class=\"elementor-row\">\n\t\t\t\t\t<div class=\"elementor-column elementor-col-100 elementor-top-column elementor-element elementor-element-dd57b1a\" data-id=\"dd57b1a\" data-element_type=\"column\">\n\t\t\t<div class=\"elementor-column-wrap elementor-element-populated\">\n\t\t\t\t\t\t\t<div class=\"elementor-widget-wrap\">\n\t\t\t\t\t\t<div class=\"elementor-element elementor-element-390b870 elementor-widget elementor-widget-text-editor\" data-id=\"390b870\" data-element_type=\"widget\" data-widget_type=\"text-editor.default\">\n\t\t\t\t<div class=\"elementor-widget-container\">\n\t\t\t\t\t\t\t\t<div class=\"elementor-text-editor elementor-clearfix\">\n\t\t\t\t\t<p>Az\u0259rbaycan Respublikas\u0131n\u0131n Prezidenti yan\u0131nda D\u00f6vl\u0259t \u0130dar\u0259\u00e7ilik Akademiyas\u0131nda (D\u0130A) D\u00f6vl\u0259t Miqrasiya Xidm\u0259tinin \u0259m\u0259kda\u015flar\u0131 \u00fc\u00e7\u00fcn ixtisasart\u0131rma t\u0259limi ke\u00e7irilib.\n\u201cHeyd\u0259r \u018fliyev \u0130li\u201d il\u0259 \u0259laq\u0259dar D\u0130A-n\u0131n T\u0259dbirl\u0259r plan\u0131na \u0259sas\u0259n t\u0259\u015fkil olunan t\u0259limin m\u0259qs\u0259di \u00f6lk\u0259mizd\u0259 idar\u0259\u00e7ilik sah\u0259sind\u0259 pe\u015f\u0259kar kadrlar\u0131n yeti\u015fdirilm\u0259si, bu sah\u0259d\u0259 d\u00fcnya t\u0259cr\u00fcb\u0259sinin \u00f6yr\u0259nilm\u0259si v\u0259 t\u0259tbiqi, beyn\u0259lxalq insan h\u00fcquqlar\u0131 konsepsiyas\u0131 v\u0259 dig\u0259r m\u0259s\u0259l\u0259l\u0259rl\u0259 ba\u011fl\u0131 bilikl\u0259rin sisteml\u0259\u015fdirilm\u0259si, g\u0259ncl\u0259r aras\u0131nda miqrasiya sah\u0259sin\u0259 mara\u011f\u0131n art\u0131r\u0131lmas\u0131, kadr potensial\u0131n\u0131n g\u00fccl\u0259ndirilm\u0259si, miqrasiya prosesl\u0259rinin idar\u0259olunmas\u0131 v\u0259 bu istiqam\u0259td\u0259 apar\u0131lan d\u00f6vl\u0259t siyas\u0259tinin h\u00fcquq m\u00fchafiz\u0259 v\u0259 dig\u0259r d\u00f6vl\u0259t qurumlar\u0131nda \u00e7al\u0131\u015fan r\u0259hb\u0259r \u0259m\u0259kda\u015flara \u00e7atd\u0131r\u0131lmas\u0131, izah\u0131 v\u0259 \u015f\u0259rh edilm\u0259si idi.\n\nT\u0259dbird\u0259 D\u00f6vl\u0259t \u0130dar\u0259\u00e7ilik Akademiyas\u0131n\u0131n rektoru akademik Urxan \u018fl\u0259kb\u0259rov \u201cD\u00f6vl\u0259t idar\u0259\u00e7iliyind\u0259 Heyd\u0259r \u018fliyev fenomeni v\u0259 m\u00fcasir Az\u0259rbaycan\u0131n davaml\u0131 inkl\u00fcziv inki\u015faf\u0131\u201d m\u00f6vzusunda m\u0259ruz\u0259 il\u0259 \u00e7\u0131x\u0131\u015f edib. Az\u0259rbaycan Prezidenti \u0130lham \u018fliyevin r\u0259hb\u0259rliyi il\u0259 \u00f6lk\u0259mizd\u0259 qazan\u0131lan u\u011furlardan dan\u0131\u015fan rektor y\u00fcks\u0259k s\u0259viyy\u0259li m\u00fct\u0259x\u0259ssis haz\u0131rl\u0131\u011f\u0131, ayr\u0131-ayr\u0131 m\u0259rk\u0259zi v\u0259 yerli icra hakimiyy\u0259ti orqanlar\u0131 \u0259m\u0259kda\u015flar\u0131n\u0131n ixtisaslar\u0131n\u0131n art\u0131r\u0131lmas\u0131, pe\u015f\u0259 bacar\u0131qlar\u0131n\u0131n t\u0259kmill\u0259\u015fdirilm\u0259si \u00fc\u00e7\u00fcn at\u0131lan add\u0131mlara toxunub. O, D\u00f6vl\u0259t Miqrasiya Xidm\u0259ti il\u0259 s\u0131x \u0259m\u0259kda\u015fl\u0131\u011f\u0131n daha bir n\u00fcmun\u0259si kimi t\u0259\u015fkil edilmi\u015f ixtisasart\u0131rma kursunun m\u00fc\u0259yy\u0259nl\u0259\u015fdirilmi\u015f strategiyaya uy\u011fun olaraq s\u0259m\u0259r\u0259li n\u0259tic\u0259l\u0259r ver\u0259c\u0259yin\u0259 \u0259minliyini vur\u011fulay\u0131b.\n\nAkademik U.\u018fl\u0259kb\u0259rov Ulu \u00d6nd\u0259r Heyd\u0259r \u018fliyevin Az\u0259rbaycan d\u00f6vl\u0259ti v\u0259 xalq\u0131 qar\u015f\u0131s\u0131nda m\u00fcst\u0259sna xidm\u0259tl\u0259rind\u0259n, onun z\u0259ngin siyasi irsinin, d\u00f6vl\u0259t idar\u0259\u00e7ilik t\u0259cr\u00fcb\u0259sinin \u0259h\u0259miyy\u0259tind\u0259n b\u0259hs edib. Rektor dahi r\u0259hb\u0259r Heyd\u0259r \u018fliyev siyas\u0259tinin Prezident \u0130lham \u018fliyev t\u0259r\u0259find\u0259n q\u0259tiyy\u0259tl\u0259 davam etdirildiyini deyib. Davaml\u0131 inki\u015faf, inkl\u00fcziv c\u0259miyy\u0259tin formala\u015fmas\u0131 \u00fc\u00e7\u00fcn d\u00f6vl\u0259t idar\u0259\u00e7iliyinin yeni texnologiyalar\u0131 sah\u0259sind\u0259 \u00f6lk\u0259nin \u0259ld\u0259 etdiyi u\u011furlar qeyd olunub. Qazan\u0131lan u\u011furlar\u0131n 44 g\u00fcnl\u00fck V\u0259t\u0259n m\u00fcharib\u0259sind\u0259ki parlaq Q\u0259l\u0259b\u0259d\u0259 b\u00f6y\u00fck rolu oldu\u011fu bildirilib.\n\nRektor Az\u0259rbaycan Respublikas\u0131n\u0131n Birinci vitse-prezidenti, Heyd\u0259r \u018fliyev Fondunun prezidenti Mehriban \u018fliyevan\u0131n r\u0259hb\u0259rliyi il\u0259 h\u0259yata ke\u00e7iril\u0259n f\u0259aliyy\u0259tin \u0259h\u0259miyy\u0259tini vur\u011fulay\u0131b.<\/p>\t\t\t\t\t<\/div>\n\t\t\t\t\t\t<\/div>\n\t\t\t\t<\/div>\n\t\t\t\t\t\t<\/div>\n\t\t\t\t\t<\/div>\n\t\t<\/div>\n\t\t\t\t\t\t\t\t<\/div>\n\t\t\t\t\t<\/div>\n\t\t<\/section>\n\t\t\t\t\t\t<\/div>\n\t\t\t\t\t\t<\/div>\n\t\t\t\t\t<\/div>","protected":false},"excerpt":{"rendered":"<p>D\u0130A-da D\u00f6vl\u0259t Miqrasiya Xidm\u0259tinin \u0259m\u0259kda\u015flar\u0131 \u00fc\u00e7\u00fcn ixtisasart\u0131rma t\u0259limi Az\u0259rbaycan Respublikas\u0131n\u0131n Prezidenti yan\u0131nda D\u00f6vl\u0259t \u0130dar\u0259\u00e7ilik Akademiyas\u0131nda (D\u0130A) D\u00f6vl\u0259t Miqrasiya Xidm\u0259tinin \u0259m\u0259kda\u015flar\u0131 \u00fc\u00e7\u00fcn ixtisasart\u0131rma t\u0259limi ke\u00e7irilib. \u201cHeyd\u0259r \u018fliyev \u0130li\u201d il\u0259 \u0259laq\u0259dar D\u0130A-n\u0131n T\u0259dbirl\u0259r plan\u0131na \u0259sas\u0259n t\u0259\u015fkil olunan t\u0259limin m\u0259qs\u0259di \u00f6lk\u0259mizd\u0259 idar\u0259\u00e7ilik sah\u0259sind\u0259 pe\u015f\u0259kar kadrlar\u0131n yeti\u015fdirilm\u0259si, bu sah\u0259d\u0259 d\u00fcnya t\u0259cr\u00fcb\u0259sinin \u00f6yr\u0259nilm\u0259si v\u0259 t\u0259tbiqi, beyn\u0259lxalq insan h\u00fcquqlar\u0131 konsepsiyas\u0131 v\u0259 [&hellip;]<\/p>","protected":false},"author":2,"featured_media":19408,"comment_status":"closed","ping_status":"closed","sticky":false,"template":"","format":"standard","meta":[],"categories":[137],"tags":[],"_links":{"self":[{"href":"https:\/\/legacy.dia.edu.az\/ru\/wp-json\/wp\/v2\/posts\/19406"}],"collection":[{"href":"https:\/\/legacy.dia.edu.az\/ru\/wp-json\/wp\/v2\/posts"}],"about":[{"href":"https:\/\/legacy.dia.edu.az\/ru\/wp-json\/wp\/v2\/types\/post"}],"author":[{"embeddable":true,"href":"https:\/\/legacy.dia.edu.az\/ru\/wp-json\/wp\/v2\/users\/2"}],"replies":[{"embeddable":true,"href":"https:\/\/legacy.dia.edu.az\/ru\/wp-json\/wp\/v2\/comments?post=19406"}],"version-history":[{"count":5,"href":"https:\/\/legacy.dia.edu.az\/ru\/wp-json\/wp\/v2\/posts\/19406\/revisions"}],"predecessor-version":[{"id":19413,"href":"https:\/\/legacy.dia.edu.az\/ru\/wp-json\/wp\/v2\/posts\/19406\/revisions\/19413"}],"wp:featuredmedia":[{"embeddable":true,"href":"https:\/\/legacy.dia.edu.az\/ru\/wp-json\/wp\/v2\/media\/19408"}],"wp:attachment":[{"href":"https:\/\/legacy.dia.edu.az\/ru\/wp-json\/wp\/v2\/media?parent=19406"}],"wp:term":[{"taxonomy":"category","embeddable":true,"href":"https:\/\/legacy.dia.edu.az\/ru\/wp-json\/wp\/v2\/categories?post=19406"},{"taxonomy":"post_tag","embeddable":true,"href":"https:\/\/legacy.dia.edu.az\/ru\/wp-json\/wp\/v2\/tags?post=19406"}],"curies":[{"name":"wp","href":"https:\/\/api.w.org\/{rel}","templated":true}]}}