{"id":19385,"date":"2023-02-20T12:49:41","date_gmt":"2023-02-20T08:49:41","guid":{"rendered":"https:\/\/dia.edu.az\/?p=19385"},"modified":"2023-02-20T12:54:19","modified_gmt":"2023-02-20T08:54:19","slug":"dovl%c9%99t-idar%c9%99cilik-akademiyasi-v%c9%99-asan-xidm%c9%99t-arasinda-yeni-layih%c9%99nin-ilk-t%c9%99limi","status":"publish","type":"post","link":"https:\/\/legacy.dia.edu.az\/ru\/arxivl\u0259r\/19385","title":{"rendered":"D\u00f6vl\u0259t \u0130dar\u0259\u00e7ilik Akademiyas\u0131 v\u0259 \u201cASAN xidm\u0259t\u201d aras\u0131nda yeni layih\u0259nin ilk t\u0259limi"},"content":{"rendered":"<div data-elementor-type=\"wp-post\" data-elementor-id=\"19385\" class=\"elementor elementor-19385\" data-elementor-settings=\"[]\">\n\t\t\t\t\t\t<div class=\"elementor-inner\">\n\t\t\t\t\t\t\t<div class=\"elementor-section-wrap\">\n\t\t\t\t\t\t\t<section class=\"elementor-section elementor-top-section elementor-element elementor-element-73d8405 elementor-section-boxed elementor-section-height-default elementor-section-height-default\" data-id=\"73d8405\" data-element_type=\"section\">\n\t\t\t\t\t\t<div class=\"elementor-container elementor-column-gap-default\">\n\t\t\t\t\t\t\t<div class=\"elementor-row\">\n\t\t\t\t\t<div class=\"elementor-column elementor-col-100 elementor-top-column elementor-element elementor-element-7b1a038\" data-id=\"7b1a038\" data-element_type=\"column\">\n\t\t\t<div class=\"elementor-column-wrap elementor-element-populated\">\n\t\t\t\t\t\t\t<div class=\"elementor-widget-wrap\">\n\t\t\t\t\t\t<div class=\"elementor-element elementor-element-f63d7c8 elementor-widget elementor-widget-text-editor\" data-id=\"f63d7c8\" data-element_type=\"widget\" data-widget_type=\"text-editor.default\">\n\t\t\t\t<div class=\"elementor-widget-container\">\n\t\t\t\t\t\t\t\t<div class=\"elementor-text-editor elementor-clearfix\">\n\t\t\t\t\tD\u00f6vl\u0259t \u0130dar\u0259\u00e7ilik Akademiyas\u0131 v\u0259 \u201cASAN xidm\u0259t\u201d aras\u0131nda yeni layih\u0259nin ilk t\u0259limi\t\t\t\t\t<\/div>\n\t\t\t\t\t\t<\/div>\n\t\t\t\t<\/div>\n\t\t\t\t\t\t<\/div>\n\t\t\t\t\t<\/div>\n\t\t<\/div>\n\t\t\t\t\t\t\t\t<\/div>\n\t\t\t\t\t<\/div>\n\t\t<\/section>\n\t\t\t\t<section class=\"elementor-section elementor-top-section elementor-element elementor-element-571779c elementor-section-boxed elementor-section-height-default elementor-section-height-default\" data-id=\"571779c\" data-element_type=\"section\">\n\t\t\t\t\t\t<div class=\"elementor-container elementor-column-gap-default\">\n\t\t\t\t\t\t\t<div class=\"elementor-row\">\n\t\t\t\t\t<div class=\"elementor-column elementor-col-100 elementor-top-column elementor-element elementor-element-9da15dc\" data-id=\"9da15dc\" data-element_type=\"column\">\n\t\t\t<div class=\"elementor-column-wrap elementor-element-populated\">\n\t\t\t\t\t\t\t<div class=\"elementor-widget-wrap\">\n\t\t\t\t\t\t<div class=\"elementor-element elementor-element-1bb38ed elementor-position-top elementor-vertical-align-top elementor-widget elementor-widget-image-box\" data-id=\"1bb38ed\" data-element_type=\"widget\" data-widget_type=\"image-box.default\">\n\t\t\t\t<div class=\"elementor-widget-container\">\n\t\t\t<div class=\"elementor-image-box-wrapper\"><figure class=\"elementor-image-box-img\"><a href=\"https:\/\/dia.edu.az\/wp-content\/uploads\/2023\/02\/20.02.jpg\"><img width=\"1000\" height=\"535\" src=\"https:\/\/legacy.dia.edu.az\/wp-content\/uploads\/2023\/02\/20.02.jpg\" class=\"attachment-full size-full\" alt=\"\" srcset=\"https:\/\/legacy.dia.edu.az\/wp-content\/uploads\/2023\/02\/20.02.jpg 1000w, https:\/\/legacy.dia.edu.az\/wp-content\/uploads\/2023\/02\/20.02-200x107.jpg 200w, https:\/\/legacy.dia.edu.az\/wp-content\/uploads\/2023\/02\/20.02-450x241.jpg 450w, https:\/\/legacy.dia.edu.az\/wp-content\/uploads\/2023\/02\/20.02-18x10.jpg 18w, https:\/\/legacy.dia.edu.az\/wp-content\/uploads\/2023\/02\/20.02-200x107@2x.jpg 400w, https:\/\/legacy.dia.edu.az\/wp-content\/uploads\/2023\/02\/20.02-450x241@2x.jpg 900w\" sizes=\"(max-width: 1000px) 100vw, 1000px\" \/><\/a><\/figure><div class=\"elementor-image-box-content\"><h3 class=\"elementor-image-box-title\"><a href=\"https:\/\/dia.edu.az\/wp-content\/uploads\/2023\/02\/20.02.jpg\">This is the heading<\/a><\/h3><p class=\"elementor-image-box-description\"><p style=\"text-align: justify;\">Az\u0259rbaycan Respublikas\u0131n\u0131n Prezidenti yan\u0131nda D&ouml;vl\u0259t \u0130dar\u0259&ccedil;ilik Akademiyas\u0131 (D\u0130A) Az\u0259rbaycan Respublikas\u0131n\u0131n Prezidenti yan\u0131nda V\u0259t\u0259nda\u015flara Xidm\u0259t v\u0259 Sosial \u0130nnovasiyalar &uuml;zr\u0259 D&ouml;vl\u0259t Agentliyi (&ldquo;ASAN xidm\u0259t&rdquo;) aras\u0131nda yeni layih\u0259nin ilk t\u0259limi ke&ccedil;irilib.<\/p>\n<p style=\"text-align: justify;\">D&ouml;vl\u0259t \u0130dar\u0259&ccedil;ilik Akademiyas\u0131 &ldquo;ASAN xidm\u0259t&rdquo; il\u0259 \u0259m\u0259kda\u015fl\u0131q memorandumu &ccedil;\u0259r&ccedil;iv\u0259sind\u0259 f\u0259aliyy\u0259tini davam etdirir. Az\u0259rbaycan Prezidenti \u0130lham \u018fliyev t\u0259r\u0259find\u0259n 2023-c&uuml; ilin &ldquo;Heyd\u0259r \u018fliyev \u0130li&rdquo; elan etm\u0259si il\u0259 \u0259laq\u0259dar D\u0130A-da n\u0259z\u0259rd\u0259 tutulan t\u0259dbirl\u0259r plan\u0131nda d&ouml;vl\u0259t qulluq&ccedil;ular\u0131 &uuml;&ccedil;&uuml;n t\u0259liml\u0259rin ke&ccedil;irilm\u0259si planla\u015fd\u0131r\u0131l\u0131r. Bu m\u0259qs\u0259dl\u0259 &ldquo;ASAN xidm\u0259t&rdquo; m\u0259rk\u0259zl\u0259rinin \u0259m\u0259kda\u015flar\u0131 &uuml;&ccedil;&uuml;n D&ouml;vl\u0259t \u0130dar\u0259&ccedil;ilik Akademiyas\u0131n\u0131n rektoru akademik Urxan \u018fl\u0259kb\u0259rov t\u0259r\u0259find\u0259n &ldquo;D&ouml;vl\u0259t idar\u0259&ccedil;iliyind\u0259 Heyd\u0259r \u018fliyev fenomeni v\u0259 m&uuml;asir Az\u0259rbaycan\u0131n davaml\u0131 inkluziv inki\u015faf\u0131&rdquo; adl\u0131 ilk t\u0259lim ke&ccedil;irilib.<\/p>\n<p style=\"text-align: justify;\">Rektor U.\u018fl\u0259kb\u0259rov &ccedil;\u0131x\u0131\u015f\u0131nda Ulu &Ouml;nd\u0259r Heyd\u0259r \u018fliyevin Az\u0259rbaycan d&ouml;vl\u0259ti v\u0259 xalq\u0131 qar\u015f\u0131s\u0131nda m&uuml;st\u0259sna xidm\u0259tl\u0259rind\u0259n, onun z\u0259ngin siyasi irsinin, d&ouml;vl\u0259t idar\u0259&ccedil;ilik t\u0259cr&uuml;b\u0259sinin \u0259h\u0259miyy\u0259tind\u0259n dan\u0131\u015f\u0131b. O qeyd edib ki, Az\u0259rbaycan Respublikas\u0131 son ill\u0259rd\u0259 iqtisadi, sosial v\u0259 humanitar inki\u015faf, el\u0259c\u0259 d\u0259 &ouml;lk\u0259nin t\u0259hl&uuml;k\u0259sizliyinin t\u0259min edilm\u0259si sah\u0259l\u0259rind\u0259 \u0259n y&uuml;ks\u0259k nailiyy\u0259tl\u0259r qazan\u0131b. Bu nailiyy\u0259tl\u0259r Az\u0259rbaycanda t\u0259tbiq edil\u0259n innovativ d&ouml;vl\u0259t idar\u0259&ccedil;ilik texnologiyalar\u0131n\u0131n, u\u011furla h\u0259yata ke&ccedil;iril\u0259n insan inki\u015faf\u0131 siyas\u0259tinin, ard\u0131c\u0131l v\u0259 m\u0259qs\u0259dy&ouml;nl&uuml; islahatlar\u0131n, d&ouml;vl\u0259t qullu\u011fu sistemi &uuml;&ccedil;&uuml;n y&uuml;ks\u0259k s\u0259viyy\u0259li kadr potensial\u0131n\u0131n formala\u015fd\u0131r\u0131lmas\u0131 v\u0259 s\u0259f\u0259rb\u0259r olunmas\u0131n\u0131n m\u0259ntiqi n\u0259tic\u0259sidir. B&uuml;t&uuml;n bu prosesl\u0259rin \u0259sas\u0131 Ulu &Ouml;nd\u0259r Heyd\u0259r \u018fliyev t\u0259r\u0259find\u0259n qoyulub, Prezident \u0130lham \u018fliyev t\u0259r\u0259find\u0259n yarad\u0131c\u0131l\u0131qla inki\u015faf etdiril\u0259r\u0259k yeni s\u0259viyy\u0259y\u0259 y&uuml;ks\u0259ldilib.<\/p>\n<p style=\"text-align: justify;\">Akademik Urxan \u018fl\u0259kb\u0259rov davaml\u0131 inki\u015faf, inkl&uuml;ziv c\u0259miyy\u0259tin formala\u015fmas\u0131 &uuml;&ccedil;&uuml;n d&ouml;vl\u0259t idar\u0259&ccedil;iliyinin yeni texnologiyalar\u0131 sah\u0259sind\u0259 &ouml;lk\u0259nin \u0259ld\u0259 etdiyi u\u011furlar\u0131 qeyd edib. Diqq\u0259t\u0259 &ccedil;atd\u0131r\u0131l\u0131b ki, Az\u0259rbaycan Respublikas\u0131 qlobal miqyasda prioritet kimi q\u0259bul edil\u0259n inkl&uuml;ziv inki\u015faf\u0131n s\u0259m\u0259r\u0259li planla\u015fd\u0131r\u0131lmas\u0131 v\u0259 idar\u0259 edilm\u0259si &uuml;zr\u0259 d&uuml;nya lideridir. \u0130nkl&uuml;ziv inki\u015faf sah\u0259sind\u0259 Az\u0259rbaycan\u0131n y&uuml;ks\u0259k g&ouml;st\u0259ricil\u0259r \u0259ld\u0259 etm\u0259sind\u0259 v\u0259 sosial siyas\u0259tin realla\u015fd\u0131r\u0131lmas\u0131 bax\u0131m\u0131ndan d&uuml;nya liderin\u0259 &ccedil;evrilm\u0259sinin t\u0259m\u0259lind\u0259 Prezident \u0130lham \u018fliyevin innovativ d&ouml;vl\u0259t idar\u0259&ccedil;iliyi strategiyas\u0131 dayan\u0131r. Qazan\u0131lan u\u011furlar\u0131n 44 g&uuml;nl&uuml;k V\u0259t\u0259n m&uuml;harib\u0259sind\u0259ki parlaq Q\u0259l\u0259b\u0259d\u0259 b&ouml;y&uuml;k rolu olub.<\/p>\n<p style=\"text-align: justify;\">Bildirilib ki, Az\u0259rbaycan\u0131n haz\u0131rk\u0131 davaml\u0131 inki\u015faf\u0131 d&ouml;vl\u0259t idar\u0259&ccedil;iliyi sah\u0259sind\u0259 realla\u015fd\u0131r\u0131lan ard\u0131c\u0131l u\u011furlu islahatlar\u0131n n\u0259tic\u0259sidir. Rektor Az\u0259rbaycan Respublikas\u0131n\u0131n Birinci vitse-prezidenti, Heyd\u0259r \u018fliyev Fondunun prezidenti Mehriban \u018fliyevan\u0131n r\u0259hb\u0259rliyi il\u0259 h\u0259yata ke&ccedil;iril\u0259n f\u0259aliyy\u0259tin \u0259h\u0259miyy\u0259tini d\u0259 vur\u011fulay\u0131b.<\/p><\/p><\/div><\/div>\t\t<\/div>\n\t\t\t\t<\/div>\n\t\t\t\t\t\t<\/div>\n\t\t\t\t\t<\/div>\n\t\t<\/div>\n\t\t\t\t\t\t\t\t<\/div>\n\t\t\t\t\t<\/div>\n\t\t<\/section>\n\t\t\t\t\t\t<\/div>\n\t\t\t\t\t\t<\/div>\n\t\t\t\t\t<\/div>","protected":false},"excerpt":{"rendered":"<p>D\u00f6vl\u0259t \u0130dar\u0259\u00e7ilik Akademiyas\u0131 v\u0259 \u201cASAN xidm\u0259t\u201d aras\u0131nda yeni layih\u0259nin ilk t\u0259limi This is the heading Az\u0259rbaycan Respublikas\u0131n\u0131n Prezidenti yan\u0131nda D\u00f6vl\u0259t \u0130dar\u0259\u00e7ilik Akademiyas\u0131 (D\u0130A) Az\u0259rbaycan Respublikas\u0131n\u0131n Prezidenti yan\u0131nda V\u0259t\u0259nda\u015flara Xidm\u0259t v\u0259 Sosial \u0130nnovasiyalar \u00fczr\u0259 D\u00f6vl\u0259t Agentliyi (\u201cASAN xidm\u0259t\u201d) aras\u0131nda yeni layih\u0259nin ilk t\u0259limi ke\u00e7irilib. D\u00f6vl\u0259t \u0130dar\u0259\u00e7ilik Akademiyas\u0131 \u201cASAN xidm\u0259t\u201d il\u0259 \u0259m\u0259kda\u015fl\u0131q memorandumu \u00e7\u0259r\u00e7iv\u0259sind\u0259 f\u0259aliyy\u0259tini davam etdirir. [&hellip;]<\/p>","protected":false},"author":2,"featured_media":19384,"comment_status":"closed","ping_status":"closed","sticky":false,"template":"","format":"standard","meta":[],"categories":[137],"tags":[],"_links":{"self":[{"href":"https:\/\/legacy.dia.edu.az\/ru\/wp-json\/wp\/v2\/posts\/19385"}],"collection":[{"href":"https:\/\/legacy.dia.edu.az\/ru\/wp-json\/wp\/v2\/posts"}],"about":[{"href":"https:\/\/legacy.dia.edu.az\/ru\/wp-json\/wp\/v2\/types\/post"}],"author":[{"embeddable":true,"href":"https:\/\/legacy.dia.edu.az\/ru\/wp-json\/wp\/v2\/users\/2"}],"replies":[{"embeddable":true,"href":"https:\/\/legacy.dia.edu.az\/ru\/wp-json\/wp\/v2\/comments?post=19385"}],"version-history":[{"count":5,"href":"https:\/\/legacy.dia.edu.az\/ru\/wp-json\/wp\/v2\/posts\/19385\/revisions"}],"predecessor-version":[{"id":19391,"href":"https:\/\/legacy.dia.edu.az\/ru\/wp-json\/wp\/v2\/posts\/19385\/revisions\/19391"}],"wp:featuredmedia":[{"embeddable":true,"href":"https:\/\/legacy.dia.edu.az\/ru\/wp-json\/wp\/v2\/media\/19384"}],"wp:attachment":[{"href":"https:\/\/legacy.dia.edu.az\/ru\/wp-json\/wp\/v2\/media?parent=19385"}],"wp:term":[{"taxonomy":"category","embeddable":true,"href":"https:\/\/legacy.dia.edu.az\/ru\/wp-json\/wp\/v2\/categories?post=19385"},{"taxonomy":"post_tag","embeddable":true,"href":"https:\/\/legacy.dia.edu.az\/ru\/wp-json\/wp\/v2\/tags?post=19385"}],"curies":[{"name":"wp","href":"https:\/\/api.w.org\/{rel}","templated":true}]}}