{"id":19318,"date":"2023-01-19T00:48:58","date_gmt":"2023-01-18T20:48:58","guid":{"rendered":"https:\/\/dia.edu.az\/?p=19318"},"modified":"2023-01-19T01:00:19","modified_gmt":"2023-01-18T21:00:19","slug":"dia-da-virtual-educator-programinin-istirakcilarina-sertifikatlar-verilib","status":"publish","type":"post","link":"https:\/\/legacy.dia.edu.az\/ru\/arxivl\u0259r\/19318","title":{"rendered":"D\u0130A-da \u201cVirtual Educator Program\u201d\u0131n\u0131n i\u015ftirak\u00e7\u0131lar\u0131na sertifikatlar verilib"},"content":{"rendered":"<div data-elementor-type=\"wp-post\" data-elementor-id=\"19318\" class=\"elementor elementor-19318\" data-elementor-settings=\"[]\">\n\t\t\t\t\t\t<div class=\"elementor-inner\">\n\t\t\t\t\t\t\t<div class=\"elementor-section-wrap\">\n\t\t\t\t\t\t\t<section class=\"elementor-section elementor-top-section elementor-element elementor-element-7f16c31 elementor-section-boxed elementor-section-height-default elementor-section-height-default\" data-id=\"7f16c31\" data-element_type=\"section\">\n\t\t\t\t\t\t<div class=\"elementor-container elementor-column-gap-default\">\n\t\t\t\t\t\t\t<div class=\"elementor-row\">\n\t\t\t\t\t<div class=\"elementor-column elementor-col-100 elementor-top-column elementor-element elementor-element-6edd8f4\" data-id=\"6edd8f4\" data-element_type=\"column\">\n\t\t\t<div class=\"elementor-column-wrap elementor-element-populated\">\n\t\t\t\t\t\t\t<div class=\"elementor-widget-wrap\">\n\t\t\t\t\t\t<div class=\"elementor-element elementor-element-5dcb42a elementor-widget elementor-widget-text-editor\" data-id=\"5dcb42a\" data-element_type=\"widget\" data-widget_type=\"text-editor.default\">\n\t\t\t\t<div class=\"elementor-widget-container\">\n\t\t\t\t\t\t\t\t<div class=\"elementor-text-editor elementor-clearfix\">\n\t\t\t\t\tD\u0130A-da \u201cVirtual Educator Program\u201d\u0131n\u0131n i\u015ftirak\u00e7\u0131lar\u0131na sertifikatlar verilib\t\t\t\t\t<\/div>\n\t\t\t\t\t\t<\/div>\n\t\t\t\t<\/div>\n\t\t\t\t\t\t<\/div>\n\t\t\t\t\t<\/div>\n\t\t<\/div>\n\t\t\t\t\t\t\t\t<\/div>\n\t\t\t\t\t<\/div>\n\t\t<\/section>\n\t\t\t\t<section class=\"elementor-section elementor-top-section elementor-element elementor-element-3f75b5c elementor-section-boxed elementor-section-height-default elementor-section-height-default\" data-id=\"3f75b5c\" data-element_type=\"section\">\n\t\t\t\t\t\t<div class=\"elementor-container elementor-column-gap-default\">\n\t\t\t\t\t\t\t<div class=\"elementor-row\">\n\t\t\t\t\t<div class=\"elementor-column elementor-col-100 elementor-top-column elementor-element elementor-element-4b7caa6\" data-id=\"4b7caa6\" data-element_type=\"column\">\n\t\t\t<div class=\"elementor-column-wrap elementor-element-populated\">\n\t\t\t\t\t\t\t<div class=\"elementor-widget-wrap\">\n\t\t\t\t\t\t<div class=\"elementor-element elementor-element-857e188 elementor-position-top elementor-vertical-align-top elementor-widget elementor-widget-image-box\" data-id=\"857e188\" data-element_type=\"widget\" data-widget_type=\"image-box.default\">\n\t\t\t\t<div class=\"elementor-widget-container\">\n\t\t\t<div class=\"elementor-image-box-wrapper\"><figure class=\"elementor-image-box-img\"><a href=\"https:\/\/dia.edu.az\/wp-content\/uploads\/2023\/01\/1000x669.jpg\"><img width=\"1000\" height=\"662\" src=\"https:\/\/legacy.dia.edu.az\/wp-content\/uploads\/2023\/01\/1000x669.jpg\" class=\"attachment-full size-full\" alt=\"\" srcset=\"https:\/\/legacy.dia.edu.az\/wp-content\/uploads\/2023\/01\/1000x669.jpg 1000w, https:\/\/legacy.dia.edu.az\/wp-content\/uploads\/2023\/01\/1000x669-200x132.jpg 200w, https:\/\/legacy.dia.edu.az\/wp-content\/uploads\/2023\/01\/1000x669-450x298.jpg 450w, https:\/\/legacy.dia.edu.az\/wp-content\/uploads\/2023\/01\/1000x669-18x12.jpg 18w, https:\/\/legacy.dia.edu.az\/wp-content\/uploads\/2023\/01\/1000x669-150x100.jpg 150w, https:\/\/legacy.dia.edu.az\/wp-content\/uploads\/2023\/01\/1000x669-200x132@2x.jpg 400w, https:\/\/legacy.dia.edu.az\/wp-content\/uploads\/2023\/01\/1000x669-450x298@2x.jpg 900w\" sizes=\"(max-width: 1000px) 100vw, 1000px\" \/><\/a><\/figure><div class=\"elementor-image-box-content\"><h3 class=\"elementor-image-box-title\"><a href=\"https:\/\/dia.edu.az\/wp-content\/uploads\/2023\/01\/1000x669.jpg\">This is the heading<\/a><\/h3><p class=\"elementor-image-box-description\"><p>Az\u0259rbaycan Respublikas\u0131n\u0131n Prezidenti yan\u0131nda D\u00f6vl\u0259t \u0130dar\u0259\u00e7ilik Akademiyas\u0131nda (D\u0130A) \u201cVirtual Educator Program\u201d\u0131n\u0131n i\u015ftirak\u00e7\u0131lar\u0131na sertifikatlar t\u0259qdim olunub.\n D\u00f6vl\u0259t \u0130dar\u0259\u00e7ilik Akademiyas\u0131n\u0131n AB\u015e-\u0131n Az\u0259rbaycandak\u0131 s\u0259firliyinin d\u0259st\u0259yi il\u0259 h\u0259yata ke\u00e7irdiyi proqram 2022-ci il 27 sentyabr - 30 dekabr tarixl\u0259rini \u0259hat\u0259 edib. H\u0259min m\u00fcdd\u0259td\u0259 t\u0259liml\u0259r\u0259 xarici dild\u0259 (ingilis dili) t\u0259dris aparan 17 m\u00fc\u0259llim c\u0259lb edilib. N\u0259z\u0259rd\u0259 tutulan proqram \u00fczr\u0259 m\u00fc\u0259lliml\u0259rin bir qrupu ingilis dilinin t\u0259drisi \u00fczr\u0259 ixtisaslar\u0131n\u0131n art\u0131r\u0131lmas\u0131, ikinci qrupu is\u0259 akademik m\u0259qs\u0259dl\u0259r \u00fc\u00e7\u00fcn ingilis dili t\u0259drisinin inki\u015faf etdirilm\u0259si istiqam\u0259ti \u00fczr\u0259 \u00e7al\u0131\u015f\u0131b.\n\nT\u0259qdimat m\u0259rasimind\u0259 D\u0130A-n\u0131n rektoru akademik Urxan \u018fl\u0259kb\u0259rov \u00e7\u0131x\u0131\u015f ed\u0259r\u0259k \u00dcmummilli Lider Heyd\u0259r \u018fliyevin m\u00fc\u0259yy\u0259nl\u0259\u015fdirdiyi v\u0259 Prezident \u0130lham \u018fliyevin u\u011furla davam etdirdiyi inki\u015faf strategiyas\u0131 say\u0259sind\u0259 Az\u0259rbaycan\u0131n qazand\u0131\u011f\u0131 nailiyy\u0259tl\u0259ri diqq\u0259t\u0259 \u00e7atd\u0131r\u0131b. O, Prezident \u0130lham \u018fliyev t\u0259r\u0259find\u0259n t\u0259tbiq edilmi\u015f yeni d\u00f6vl\u0259t idar\u0259\u00e7iliyi texnologiyalar\u0131 say\u0259sind\u0259 Az\u0259rbaycan\u0131 regional v\u0259 qlobal lider\u0259 \u00e7evrilm\u0259sin\u0259 g\u0259tirib \u00e7\u0131xard\u0131\u011f\u0131n\u0131 vur\u011fulay\u0131b. Eyni zamanda, Az\u0259rbaycanda t\u0259tbiq edil\u0259n innovativ idar\u0259\u00e7ilik texnologiyalar\u0131 kompleksinin y\u00fcks\u0259k s\u0259m\u0259r\u0259liliyinin BMT T\u0259hl\u00fck\u0259sizlik \u015euras\u0131n\u0131n 4 q\u0259tnam\u0259sinin u\u011furla yerin\u0259 yetirilm\u0259sind\u0259 v\u0259 torpaqlar\u0131m\u0131z\u0131n i\u015f\u011faldan azad edilm\u0259sind\u0259 t\u0259sdiqini tapd\u0131\u011f\u0131n\u0131 bildirib. B\u00f6y\u00fck Z\u0259f\u0259rin c\u0259mi 44 g\u00fcn\u0259 qazan\u0131lmas\u0131n\u0131 v\u0259 Az\u0259rbaycan\u0131n \u0259razi b\u00fct\u00f6vl\u00fcy\u00fcn\u00fcn tam b\u0259rpas\u0131n\u0131 d\u00f6vl\u0259timizin ba\u015f\u00e7\u0131s\u0131n\u0131n innovativ inki\u015faf strategiyas\u0131n\u0131n t\u0259nt\u0259n\u0259li yekunu kimi d\u0259y\u0259rl\u0259ndirib. Rektor diqq\u0259t\u0259 \u00e7atd\u0131r\u0131b ki, inkl\u00fcziv inki\u015faf sah\u0259sind\u0259 Az\u0259rbaycan Respublikas\u0131n\u0131n y\u00fcks\u0259k g\u00f6st\u0259ricil\u0259r \u0259ld\u0259 etm\u0259si v\u0259 sosial siyas\u0259tin realla\u015fd\u0131r\u0131lmas\u0131 bax\u0131m\u0131ndan d\u00fcnya liderin\u0259 \u00e7evrilm\u0259sind\u0259 Birinci vitse-prezident, Heyd\u0259r \u018fliyev Fondunun prezidenti Mehriban xan\u0131m \u018fliyevan\u0131n m\u00fcst\u0259sna xidm\u0259tl\u0259ri var. Bildirilib ki, \u00f6lk\u0259nin haz\u0131rk\u0131 davaml\u0131 inki\u015faf\u0131 d\u00f6vl\u0259t idar\u0259\u00e7iliyi v\u0259 d\u00f6vl\u0259t qullu\u011fu sah\u0259sind\u0259 realla\u015fd\u0131r\u0131lan ard\u0131c\u0131l islahatlar v\u0259 d\u0259yi\u015fiklikl\u0259rin n\u0259tic\u0259sidir.\n\nProqram\u0131n \u0259h\u0259miyy\u0259tini qeyd ed\u0259n akademik U.\u018fl\u0259kb\u0259rov xarici dil f\u0259nninin effektiv t\u0259drisi v\u0259 g\u0259l\u0259c\u0259kd\u0259 bu istiqam\u0259td\u0259 layih\u0259l\u0259rin geni\u015fl\u0259nm\u0259sinin s\u0259m\u0259r\u0259li olaca\u011f\u0131n\u0131 qeyd edib.\n\nT\u0259dbird\u0259 D\u00f6vl\u0259t \u0130dar\u0259\u00e7ilik Akademiyas\u0131n\u0131n Xarici dill\u0259r kafedras\u0131n\u0131n m\u00fcdiri dosent \u00dclk\u0259r \u015e\u0259fiyeva \u00e7\u0131x\u0131\u015f ed\u0259r\u0259k AB\u015e s\u0259firliyinin d\u0259st\u0259kl\u0259diyi proqram\u0131n xarici dil \u00fczr\u0259 pe\u015f\u0259kar bacar\u0131qlar\u0131n t\u0259kmill\u0259\u015fdirilm\u0259si il\u0259 yana\u015f\u0131, h\u0259m d\u0259 \u015f\u0259xsi \u0259laq\u0259l\u0259rin inki\u015faf\u0131na k\u00f6m\u0259k etdiyini, t\u0259hsil v\u0259 m\u0259d\u0259niyy\u0259t diplomatiyas\u0131 sah\u0259sind\u0259 u\u011furlu \u0259m\u0259kda\u015fl\u0131\u011f\u0131n \u0259sas\u0131n\u0131n qoyuldu\u011funu, n\u0259tic\u0259l\u0259rin m\u00fc\u0259llim v\u0259 t\u0259l\u0259b\u0259l\u0259r \u00fc\u00e7\u00fcn s\u0259m\u0259r\u0259li olaca\u011f\u0131na inam\u0131n\u0131 ifad\u0259 edib.\n\nSonra AB\u015e-\u0131n Az\u0259rbaycandak\u0131 s\u0259firliyinin n\u00fcmay\u0259nd\u0259l\u0259ri m\u0259d\u0259niyy\u0259t v\u0259 t\u0259hsil i\u015fl\u0259ri \u00fczr\u0259 m\u00fc\u015favir Salman Haji, ingilis dili proqram\u0131 koordinatoru Sabina Abdullayeva v\u0259 dig\u0259r \u015f\u0259xsl\u0259r i\u015ftirak edibl\u0259r.\n\n\u0130ngilis dilinin t\u0259drisi bar\u0259d\u0259 fikir m\u00fcbadil\u0259si apar\u0131l\u0131b.\n\nProqram\u0131 u\u011furla bitir\u0259n m\u00fc\u0259lliml\u0259r\u0259 sertifikatlar t\u0259qdim edilib.<p><\/p><\/div><\/div>\t\t<\/div>\n\t\t\t\t<\/div>\n\t\t\t\t\t\t<\/div>\n\t\t\t\t\t<\/div>\n\t\t<\/div>\n\t\t\t\t\t\t\t\t<\/div>\n\t\t\t\t\t<\/div>\n\t\t<\/section>\n\t\t\t\t\t\t<\/div>\n\t\t\t\t\t\t<\/div>\n\t\t\t\t\t<\/div>","protected":false},"excerpt":{"rendered":"<p>D\u0130A-da \u201cVirtual Educator Program\u201d\u0131n\u0131n i\u015ftirak\u00e7\u0131lar\u0131na sertifikatlar verilib This is the heading Az\u0259rbaycan Respublikas\u0131n\u0131n Prezidenti yan\u0131nda D\u00f6vl\u0259t \u0130dar\u0259\u00e7ilik Akademiyas\u0131nda (D\u0130A) \u201cVirtual Educator Program\u201d\u0131n\u0131n i\u015ftirak\u00e7\u0131lar\u0131na sertifikatlar t\u0259qdim olunub. D\u00f6vl\u0259t \u0130dar\u0259\u00e7ilik Akademiyas\u0131n\u0131n AB\u015e-\u0131n Az\u0259rbaycandak\u0131 s\u0259firliyinin d\u0259st\u0259yi il\u0259 h\u0259yata ke\u00e7irdiyi proqram 2022-ci il 27 sentyabr &#8211; 30 dekabr tarixl\u0259rini \u0259hat\u0259 edib. H\u0259min m\u00fcdd\u0259td\u0259 t\u0259liml\u0259r\u0259 xarici dild\u0259 (ingilis dili) t\u0259dris [&hellip;]<\/p>","protected":false},"author":2,"featured_media":19319,"comment_status":"closed","ping_status":"closed","sticky":false,"template":"","format":"standard","meta":[],"categories":[137],"tags":[],"_links":{"self":[{"href":"https:\/\/legacy.dia.edu.az\/ru\/wp-json\/wp\/v2\/posts\/19318"}],"collection":[{"href":"https:\/\/legacy.dia.edu.az\/ru\/wp-json\/wp\/v2\/posts"}],"about":[{"href":"https:\/\/legacy.dia.edu.az\/ru\/wp-json\/wp\/v2\/types\/post"}],"author":[{"embeddable":true,"href":"https:\/\/legacy.dia.edu.az\/ru\/wp-json\/wp\/v2\/users\/2"}],"replies":[{"embeddable":true,"href":"https:\/\/legacy.dia.edu.az\/ru\/wp-json\/wp\/v2\/comments?post=19318"}],"version-history":[{"count":11,"href":"https:\/\/legacy.dia.edu.az\/ru\/wp-json\/wp\/v2\/posts\/19318\/revisions"}],"predecessor-version":[{"id":19333,"href":"https:\/\/legacy.dia.edu.az\/ru\/wp-json\/wp\/v2\/posts\/19318\/revisions\/19333"}],"wp:featuredmedia":[{"embeddable":true,"href":"https:\/\/legacy.dia.edu.az\/ru\/wp-json\/wp\/v2\/media\/19319"}],"wp:attachment":[{"href":"https:\/\/legacy.dia.edu.az\/ru\/wp-json\/wp\/v2\/media?parent=19318"}],"wp:term":[{"taxonomy":"category","embeddable":true,"href":"https:\/\/legacy.dia.edu.az\/ru\/wp-json\/wp\/v2\/categories?post=19318"},{"taxonomy":"post_tag","embeddable":true,"href":"https:\/\/legacy.dia.edu.az\/ru\/wp-json\/wp\/v2\/tags?post=19318"}],"curies":[{"name":"wp","href":"https:\/\/api.w.org\/{rel}","templated":true}]}}