{"id":19171,"date":"2022-12-20T22:53:29","date_gmt":"2022-12-20T18:53:29","guid":{"rendered":"https:\/\/dia.edu.az\/?p=19171"},"modified":"2022-12-20T23:04:26","modified_gmt":"2022-12-20T19:04:26","slug":"dovl%c9%99t-qullugu-uzr%c9%99-astana-regional-xabin-r%c9%99hb%c9%99r-komit%c9%99sinin-s%c9%99dri-alixan-baimenov-az%c9%99rbaycan-respublikasinin-prezidenti-yaninda-dovl%c9%99t-idar%c9%99cilik-akademiy","status":"publish","type":"post","link":"https:\/\/legacy.dia.edu.az\/ru\/arxivl\u0259r\/19171","title":{"rendered":"D\u00f6vl\u0259t Qullu\u011fu \u00fczr\u0259 Astana Regional Xab\u0131n R\u0259hb\u0259r Komit\u0259sinin s\u0259dri Alixan Baimenov Az\u0259rbaycan Respublikas\u0131n\u0131n Prezidenti yan\u0131nda D\u00f6vl\u0259t \u0130dar\u0259\u00e7ilik Akademiyas\u0131nda olub"},"content":{"rendered":"<div data-elementor-type=\"wp-post\" data-elementor-id=\"19171\" class=\"elementor elementor-19171\" data-elementor-settings=\"[]\">\n\t\t\t\t\t\t<div class=\"elementor-inner\">\n\t\t\t\t\t\t\t<div class=\"elementor-section-wrap\">\n\t\t\t\t\t\t\t<section class=\"elementor-section elementor-top-section elementor-element elementor-element-9631768 elementor-section-boxed elementor-section-height-default elementor-section-height-default\" data-id=\"9631768\" data-element_type=\"section\">\n\t\t\t\t\t\t<div class=\"elementor-container elementor-column-gap-default\">\n\t\t\t\t\t\t\t<div class=\"elementor-row\">\n\t\t\t\t\t<div class=\"elementor-column elementor-col-100 elementor-top-column elementor-element elementor-element-b8debcc\" data-id=\"b8debcc\" data-element_type=\"column\">\n\t\t\t<div class=\"elementor-column-wrap elementor-element-populated\">\n\t\t\t\t\t\t\t<div class=\"elementor-widget-wrap\">\n\t\t\t\t\t\t<div class=\"elementor-element elementor-element-ea84195 elementor-widget elementor-widget-text-editor\" data-id=\"ea84195\" data-element_type=\"widget\" data-widget_type=\"text-editor.default\">\n\t\t\t\t<div class=\"elementor-widget-container\">\n\t\t\t\t\t\t\t\t<div class=\"elementor-text-editor elementor-clearfix\">\n\t\t\t\t\tD\u00f6vl\u0259t Qullu\u011fu \u00fczr\u0259 Astana Regional Xab\u0131n R\u0259hb\u0259r Komit\u0259sinin s\u0259dri Alixan Baimenov Az\u0259rbaycan Respublikas\u0131n\u0131n Prezidenti yan\u0131nda D\u00f6vl\u0259t \u0130dar\u0259\u00e7ilik Akademiyas\u0131nda olub\t\t\t\t\t<\/div>\n\t\t\t\t\t\t<\/div>\n\t\t\t\t<\/div>\n\t\t\t\t\t\t<\/div>\n\t\t\t\t\t<\/div>\n\t\t<\/div>\n\t\t\t\t\t\t\t\t<\/div>\n\t\t\t\t\t<\/div>\n\t\t<\/section>\n\t\t\t\t<section class=\"elementor-section elementor-top-section elementor-element elementor-element-7ee6311 elementor-section-boxed elementor-section-height-default elementor-section-height-default\" data-id=\"7ee6311\" data-element_type=\"section\">\n\t\t\t\t\t\t<div class=\"elementor-container elementor-column-gap-default\">\n\t\t\t\t\t\t\t<div class=\"elementor-row\">\n\t\t\t\t\t<div class=\"elementor-column elementor-col-33 elementor-top-column elementor-element elementor-element-7e578d3\" data-id=\"7e578d3\" data-element_type=\"column\">\n\t\t\t<div class=\"elementor-column-wrap elementor-element-populated\">\n\t\t\t\t\t\t\t<div class=\"elementor-widget-wrap\">\n\t\t\t\t\t\t<div class=\"elementor-element elementor-element-7095b5f elementor-widget elementor-widget-image\" data-id=\"7095b5f\" data-element_type=\"widget\" data-widget_type=\"image.default\">\n\t\t\t\t<div class=\"elementor-widget-container\">\n\t\t\t\t\t\t\t\t<div class=\"elementor-image\">\n\t\t\t\t\t\t\t\t\t\t\t\t\t<a href=\"https:\/\/dia.edu.az\/wp-content\/uploads\/2022\/12\/DSC_7965.jpg\">\n\t\t\t\t\t\t\t<img width=\"450\" height=\"298\" src=\"https:\/\/legacy.dia.edu.az\/wp-content\/uploads\/2022\/12\/DSC_7965-450x298.jpg\" class=\"attachment-large size-large\" alt=\"\" srcset=\"https:\/\/legacy.dia.edu.az\/wp-content\/uploads\/2022\/12\/DSC_7965-450x298.jpg 450w, https:\/\/legacy.dia.edu.az\/wp-content\/uploads\/2022\/12\/DSC_7965-200x132.jpg 200w, https:\/\/legacy.dia.edu.az\/wp-content\/uploads\/2022\/12\/DSC_7965-1536x1017.jpg 1536w, https:\/\/legacy.dia.edu.az\/wp-content\/uploads\/2022\/12\/DSC_7965-2048x1356.jpg 2048w, https:\/\/legacy.dia.edu.az\/wp-content\/uploads\/2022\/12\/DSC_7965-18x12.jpg 18w, https:\/\/legacy.dia.edu.az\/wp-content\/uploads\/2022\/12\/DSC_7965-150x100.jpg 150w, https:\/\/legacy.dia.edu.az\/wp-content\/uploads\/2022\/12\/DSC_7965-450x298@2x.jpg 900w, https:\/\/legacy.dia.edu.az\/wp-content\/uploads\/2022\/12\/DSC_7965-200x132@2x.jpg 400w\" sizes=\"(max-width: 450px) 100vw, 450px\" \/>\t\t\t\t\t\t\t\t<\/a>\n\t\t\t\t\t\t\t\t\t\t\t\t\t\t<\/div>\n\t\t\t\t\t\t<\/div>\n\t\t\t\t<\/div>\n\t\t\t\t\t\t<\/div>\n\t\t\t\t\t<\/div>\n\t\t<\/div>\n\t\t\t\t<div class=\"elementor-column elementor-col-33 elementor-top-column elementor-element elementor-element-c50d504\" data-id=\"c50d504\" data-element_type=\"column\">\n\t\t\t<div class=\"elementor-column-wrap elementor-element-populated\">\n\t\t\t\t\t\t\t<div class=\"elementor-widget-wrap\">\n\t\t\t\t\t\t<div class=\"elementor-element elementor-element-3c7808c elementor-widget elementor-widget-image\" data-id=\"3c7808c\" data-element_type=\"widget\" data-widget_type=\"image.default\">\n\t\t\t\t<div class=\"elementor-widget-container\">\n\t\t\t\t\t\t\t\t<div class=\"elementor-image\">\n\t\t\t\t\t\t\t\t\t\t\t\t\t<a href=\"https:\/\/dia.edu.az\/wp-content\/uploads\/2022\/12\/DSC_7975.jpg\">\n\t\t\t\t\t\t\t<img width=\"450\" height=\"298\" src=\"https:\/\/legacy.dia.edu.az\/wp-content\/uploads\/2022\/12\/DSC_7975-450x298.jpg\" class=\"attachment-large size-large\" alt=\"\" srcset=\"https:\/\/legacy.dia.edu.az\/wp-content\/uploads\/2022\/12\/DSC_7975-450x298.jpg 450w, https:\/\/legacy.dia.edu.az\/wp-content\/uploads\/2022\/12\/DSC_7975-200x132.jpg 200w, https:\/\/legacy.dia.edu.az\/wp-content\/uploads\/2022\/12\/DSC_7975-1536x1017.jpg 1536w, https:\/\/legacy.dia.edu.az\/wp-content\/uploads\/2022\/12\/DSC_7975-2048x1356.jpg 2048w, https:\/\/legacy.dia.edu.az\/wp-content\/uploads\/2022\/12\/DSC_7975-18x12.jpg 18w, https:\/\/legacy.dia.edu.az\/wp-content\/uploads\/2022\/12\/DSC_7975-150x100.jpg 150w, https:\/\/legacy.dia.edu.az\/wp-content\/uploads\/2022\/12\/DSC_7975-450x298@2x.jpg 900w, https:\/\/legacy.dia.edu.az\/wp-content\/uploads\/2022\/12\/DSC_7975-200x132@2x.jpg 400w\" sizes=\"(max-width: 450px) 100vw, 450px\" \/>\t\t\t\t\t\t\t\t<\/a>\n\t\t\t\t\t\t\t\t\t\t\t\t\t\t<\/div>\n\t\t\t\t\t\t<\/div>\n\t\t\t\t<\/div>\n\t\t\t\t\t\t<\/div>\n\t\t\t\t\t<\/div>\n\t\t<\/div>\n\t\t\t\t<div class=\"elementor-column elementor-col-33 elementor-top-column elementor-element elementor-element-2954712\" data-id=\"2954712\" data-element_type=\"column\">\n\t\t\t<div class=\"elementor-column-wrap elementor-element-populated\">\n\t\t\t\t\t\t\t<div class=\"elementor-widget-wrap\">\n\t\t\t\t\t\t<div class=\"elementor-element elementor-element-7c4433f elementor-widget elementor-widget-image\" data-id=\"7c4433f\" data-element_type=\"widget\" data-widget_type=\"image.default\">\n\t\t\t\t<div class=\"elementor-widget-container\">\n\t\t\t\t\t\t\t\t<div class=\"elementor-image\">\n\t\t\t\t\t\t\t\t\t\t\t\t\t<a href=\"https:\/\/dia.edu.az\/wp-content\/uploads\/2022\/12\/DSC_7968.jpg\">\n\t\t\t\t\t\t\t<img width=\"450\" height=\"298\" src=\"https:\/\/legacy.dia.edu.az\/wp-content\/uploads\/2022\/12\/DSC_7968-450x298.jpg\" class=\"attachment-large size-large\" alt=\"\" srcset=\"https:\/\/legacy.dia.edu.az\/wp-content\/uploads\/2022\/12\/DSC_7968-450x298.jpg 450w, https:\/\/legacy.dia.edu.az\/wp-content\/uploads\/2022\/12\/DSC_7968-200x132.jpg 200w, https:\/\/legacy.dia.edu.az\/wp-content\/uploads\/2022\/12\/DSC_7968-1536x1017.jpg 1536w, https:\/\/legacy.dia.edu.az\/wp-content\/uploads\/2022\/12\/DSC_7968-2048x1356.jpg 2048w, https:\/\/legacy.dia.edu.az\/wp-content\/uploads\/2022\/12\/DSC_7968-18x12.jpg 18w, https:\/\/legacy.dia.edu.az\/wp-content\/uploads\/2022\/12\/DSC_7968-150x100.jpg 150w, https:\/\/legacy.dia.edu.az\/wp-content\/uploads\/2022\/12\/DSC_7968-450x298@2x.jpg 900w, https:\/\/legacy.dia.edu.az\/wp-content\/uploads\/2022\/12\/DSC_7968-200x132@2x.jpg 400w\" sizes=\"(max-width: 450px) 100vw, 450px\" \/>\t\t\t\t\t\t\t\t<\/a>\n\t\t\t\t\t\t\t\t\t\t\t\t\t\t<\/div>\n\t\t\t\t\t\t<\/div>\n\t\t\t\t<\/div>\n\t\t\t\t\t\t<\/div>\n\t\t\t\t\t<\/div>\n\t\t<\/div>\n\t\t\t\t\t\t\t\t<\/div>\n\t\t\t\t\t<\/div>\n\t\t<\/section>\n\t\t\t\t<section class=\"elementor-section elementor-top-section elementor-element elementor-element-4ef11b4 elementor-section-boxed elementor-section-height-default elementor-section-height-default\" data-id=\"4ef11b4\" data-element_type=\"section\">\n\t\t\t\t\t\t<div class=\"elementor-container elementor-column-gap-default\">\n\t\t\t\t\t\t\t<div class=\"elementor-row\">\n\t\t\t\t\t<div class=\"elementor-column elementor-col-100 elementor-top-column elementor-element elementor-element-ad46ca1\" data-id=\"ad46ca1\" data-element_type=\"column\">\n\t\t\t<div class=\"elementor-column-wrap elementor-element-populated\">\n\t\t\t\t\t\t\t<div class=\"elementor-widget-wrap\">\n\t\t\t\t\t\t<div class=\"elementor-element elementor-element-f10e4d7 elementor-widget elementor-widget-text-editor\" data-id=\"f10e4d7\" data-element_type=\"widget\" data-widget_type=\"text-editor.default\">\n\t\t\t\t<div class=\"elementor-widget-container\">\n\t\t\t\t\t\t\t\t<div class=\"elementor-text-editor elementor-clearfix\">\n\t\t\t\t\t<p>19 dekabr 2022-ci il tarixl\u0259rind\u0259 D\u00f6vl\u0259t Qullu\u011fu \u00fczr\u0259 Astana Regional Xab\u0131n R\u0259hb\u0259r Komit\u0259sinin s\u0259dri Alixan Baimenov Az\u0259rbaycan Respublikas\u0131n\u0131n Prezidenti yan\u0131nda D\u00f6vl\u0259t \u0130dar\u0259\u00e7ilik Akademiyas\u0131nda qonaq olub. \nAz\u0259rbaycan Respublikas\u0131n\u0131n Prezidenti yan\u0131nda D\u00f6vl\u0259t \u0130dar\u0259\u00e7ilik Akademiyas\u0131n\u0131n rektoru, akademik Urxan \u018fl\u0259kb\u0259rov \u00e7\u0131x\u0131\u015f ed\u0259r\u0259k davaml\u0131 inki\u015faf, inkl\u00fcziv c\u0259miyy\u0259tin formala\u015fmas\u0131 \u00fc\u00e7\u00fcn d\u00f6vl\u0259t idar\u0259\u00e7iliyinin yeni texnologiyalar\u0131 sah\u0259sind\u0259 \u00f6lk\u0259nin \u0259ld\u0259 etdiyi u\u011furlar\u0131 qeyd edib. Rektor diqq\u0259t\u0259 \u00e7atd\u0131r\u0131l\u0131b ki, Az\u0259rbaycan Respublikas\u0131 qlobal miqyasda prioritet kimi q\u0259bul edil\u0259n inkl\u00fcziv inki\u015faf\u0131n s\u0259m\u0259r\u0259li planla\u015fd\u0131r\u0131lmas\u0131 v\u0259 idar\u0259 edilm\u0259si \u00fczr\u0259 d\u00fcnya lideridir. \u0130nkl\u00fcziv inki\u015faf sah\u0259sind\u0259 Az\u0259rbaycan Respublikas\u0131n\u0131n y\u00fcks\u0259k g\u00f6st\u0259ricil\u0259r \u0259ld\u0259 etm\u0259si v\u0259 sosial siyas\u0259tin realla\u015fd\u0131r\u0131lmas\u0131 bax\u0131m\u0131ndan d\u00fcnya liderin\u0259 \u00e7evrilm\u0259sinin t\u0259m\u0259lind\u0259 Prezident \u0130lham \u018fliyevin innovativ d\u00f6vl\u0259t idar\u0259\u00e7iliyi strategiyas\u0131n\u0131n oldu\u011fu x\u00fcsusi vur\u011fulan\u0131b. Qazan\u0131lan u\u011furlar\u0131n 44 g\u00fcnl\u00fck V\u0259t\u0259n m\u00fcharib\u0259sind\u0259ki parlaq Q\u0259l\u0259b\u0259d\u0259 b\u00f6y\u00fck rolunun oldu\u011funa diqq\u0259t \u00e7\u0259kilib. Bildirilib ki, Az\u0259rbaycan\u0131n haz\u0131rk\u0131 davaml\u0131 inki\u015faf\u0131 d\u00f6vl\u0259t idar\u0259\u00e7iliyi sah\u0259sind\u0259 realla\u015fd\u0131r\u0131lan ard\u0131c\u0131l u\u011furlu islahatlar\u0131n n\u0259tic\u0259sidir. \nDaha sonra \u00e7\u0131x\u0131\u015f ed\u0259n D\u00f6vl\u0259t Qullu\u011fu \u00fczr\u0259 Astana Regional Xab\u0131n R\u0259hb\u0259r Komit\u0259sinin s\u0259dri Alixan Baimenov Az\u0259rbaycan Respublikas\u0131n\u0131n Prezidenti yan\u0131nda D\u00f6vl\u0259t \u0130dar\u0259\u00e7ilik Akademiyas\u0131nda \u00e7al\u0131\u015fan v\u0259 t\u0259hsil alanlarla g\u00f6r\u00fc\u015f\u00fcnd\u0259n m\u0259mnunluq duydu\u011funu bildirib. Bel\u0259 bir g\u00f6r\u00fc\u015f\u00fcn t\u0259\u015fkili \u00fc\u00e7\u00fcn Akademiyan\u0131n r\u0259hb\u0259rliyin\u0259 minn\u0259tdarl\u0131q edib. Qeyd edib ki, apar\u0131lan m\u00fczakir\u0259l\u0259rin Xaba \u00fczv d\u00f6vl\u0259tl\u0259r aras\u0131nda m\u00f6vcud \u0259m\u0259kda\u015fl\u0131\u011fa, g\u0259l\u0259c\u0259k islahatlara m\u00fcsb\u0259t t\u00f6hf\u0259 ver\u0259c\u0259yin\u0259 inand\u0131\u011f\u0131n\u0131 bildirib. \u0130nsan potensial\u0131n\u0131n d\u00f6vl\u0259t idar\u0259\u00e7iliyind\u0259 s\u0259m\u0259r\u0259li istifad\u0259 olunmas\u0131 v\u0259 \u0259h\u0259miyy\u0259ti, onlar\u0131n potensial\u0131ndan s\u0259m\u0259r\u0259li istifad\u0259 v\u0259 keyfiyy\u0259tli ictimai xidm\u0259tl\u0259rin g\u00f6st\u0259rilm\u0259sind\u0259 insan resurslar\u0131n\u0131n rolunu qeyd edib. Eyni zamanda interaktiv vasit\u0259 il\u0259 ke\u00e7mi\u015f v\u0259 g\u0259l\u0259c\u0259k inki\u015faf m\u0259rh\u0259l\u0259l\u0259rinin m\u00fcayis\u0259li t\u0259hlilini verib.  D\u00f6vl\u0259t Qullu\u011fu \u00fczr\u0259 Astana Regional Xab\u0131n R\u0259hb\u0259r Komit\u0259sinin s\u0259dri Alixan Baimenovun m\u0259ruz\u0259si \u00e7ox maraqla qar\u015f\u0131lan\u0131b v\u0259 i\u015ftirak\u00e7\u0131lar\u0131n suallar\u0131 cavabland\u0131r\u0131l\u0131b.\nQeyd ed\u0259k ki, D\u00f6vl\u0259t Qullu\u011fu \u00fczr\u0259 Astana Regional Xab is\u0259 25 i\u015ftirak\u00e7\u0131 \u00f6lk\u0259 v\u0259 5 beyn\u0259lxalq t\u0259\u015fkilat t\u0259r\u0259find\u0259n yarad\u0131lan effektiv t\u0259r\u0259fda\u015fl\u0131q v\u0259 \u015f\u0259b\u0259k\u0259 platformas\u0131d\u0131r. \n<\/p>\t\t\t\t\t<\/div>\n\t\t\t\t\t\t<\/div>\n\t\t\t\t<\/div>\n\t\t\t\t\t\t<\/div>\n\t\t\t\t\t<\/div>\n\t\t<\/div>\n\t\t\t\t\t\t\t\t<\/div>\n\t\t\t\t\t<\/div>\n\t\t<\/section>\n\t\t\t\t\t\t<\/div>\n\t\t\t\t\t\t<\/div>\n\t\t\t\t\t<\/div>","protected":false},"excerpt":{"rendered":"<p>D\u00f6vl\u0259t Qullu\u011fu \u00fczr\u0259 Astana Regional Xab\u0131n R\u0259hb\u0259r Komit\u0259sinin s\u0259dri Alixan Baimenov Az\u0259rbaycan Respublikas\u0131n\u0131n Prezidenti yan\u0131nda D\u00f6vl\u0259t \u0130dar\u0259\u00e7ilik Akademiyas\u0131nda olub 19 dekabr 2022-ci il tarixl\u0259rind\u0259 D\u00f6vl\u0259t Qullu\u011fu \u00fczr\u0259 Astana Regional Xab\u0131n R\u0259hb\u0259r Komit\u0259sinin s\u0259dri Alixan Baimenov Az\u0259rbaycan Respublikas\u0131n\u0131n Prezidenti yan\u0131nda D\u00f6vl\u0259t \u0130dar\u0259\u00e7ilik Akademiyas\u0131nda qonaq olub. Az\u0259rbaycan Respublikas\u0131n\u0131n Prezidenti yan\u0131nda D\u00f6vl\u0259t \u0130dar\u0259\u00e7ilik Akademiyas\u0131n\u0131n rektoru, akademik Urxan \u018fl\u0259kb\u0259rov [&hellip;]<\/p>","protected":false},"author":2,"featured_media":19172,"comment_status":"closed","ping_status":"closed","sticky":false,"template":"","format":"standard","meta":[],"categories":[137],"tags":[],"_links":{"self":[{"href":"https:\/\/legacy.dia.edu.az\/ru\/wp-json\/wp\/v2\/posts\/19171"}],"collection":[{"href":"https:\/\/legacy.dia.edu.az\/ru\/wp-json\/wp\/v2\/posts"}],"about":[{"href":"https:\/\/legacy.dia.edu.az\/ru\/wp-json\/wp\/v2\/types\/post"}],"author":[{"embeddable":true,"href":"https:\/\/legacy.dia.edu.az\/ru\/wp-json\/wp\/v2\/users\/2"}],"replies":[{"embeddable":true,"href":"https:\/\/legacy.dia.edu.az\/ru\/wp-json\/wp\/v2\/comments?post=19171"}],"version-history":[{"count":8,"href":"https:\/\/legacy.dia.edu.az\/ru\/wp-json\/wp\/v2\/posts\/19171\/revisions"}],"predecessor-version":[{"id":19183,"href":"https:\/\/legacy.dia.edu.az\/ru\/wp-json\/wp\/v2\/posts\/19171\/revisions\/19183"}],"wp:featuredmedia":[{"embeddable":true,"href":"https:\/\/legacy.dia.edu.az\/ru\/wp-json\/wp\/v2\/media\/19172"}],"wp:attachment":[{"href":"https:\/\/legacy.dia.edu.az\/ru\/wp-json\/wp\/v2\/media?parent=19171"}],"wp:term":[{"taxonomy":"category","embeddable":true,"href":"https:\/\/legacy.dia.edu.az\/ru\/wp-json\/wp\/v2\/categories?post=19171"},{"taxonomy":"post_tag","embeddable":true,"href":"https:\/\/legacy.dia.edu.az\/ru\/wp-json\/wp\/v2\/tags?post=19171"}],"curies":[{"name":"wp","href":"https:\/\/api.w.org\/{rel}","templated":true}]}}