{"id":19144,"date":"2022-12-19T11:30:04","date_gmt":"2022-12-19T07:30:04","guid":{"rendered":"https:\/\/dia.edu.az\/?p=19144"},"modified":"2022-12-19T11:34:26","modified_gmt":"2022-12-19T07:34:26","slug":"dovl%c9%99t-idar%c9%99cilik-akademiyasinin-asan-xidm%c9%99tl%c9%99-2022-ci-ucun-n%c9%99z%c9%99rd%c9%99-tutulan-son-t%c9%99lim-kecirilib","status":"publish","type":"post","link":"https:\/\/legacy.dia.edu.az\/ru\/arxivl\u0259r\/19144","title":{"rendered":"D\u00f6vl\u0259t \u0130dar\u0259\u00e7ilik Akademiyas\u0131n\u0131n \u201cASAN xidm\u0259t\u201dl\u0259  2022-ci \u00fc\u00e7\u00fcn n\u0259z\u0259rd\u0259 tutulan son t\u0259lim ke\u00e7irilib"},"content":{"rendered":"<div data-elementor-type=\"wp-post\" data-elementor-id=\"19144\" class=\"elementor elementor-19144\" data-elementor-settings=\"[]\">\n\t\t\t\t\t\t<div class=\"elementor-inner\">\n\t\t\t\t\t\t\t<div class=\"elementor-section-wrap\">\n\t\t\t\t\t\t\t<section class=\"elementor-section elementor-top-section elementor-element elementor-element-2f6bb9e elementor-section-boxed elementor-section-height-default elementor-section-height-default\" data-id=\"2f6bb9e\" data-element_type=\"section\">\n\t\t\t\t\t\t<div class=\"elementor-container elementor-column-gap-default\">\n\t\t\t\t\t\t\t<div class=\"elementor-row\">\n\t\t\t\t\t<div class=\"elementor-column elementor-col-100 elementor-top-column elementor-element elementor-element-dda3e92\" data-id=\"dda3e92\" data-element_type=\"column\">\n\t\t\t<div class=\"elementor-column-wrap elementor-element-populated\">\n\t\t\t\t\t\t\t<div class=\"elementor-widget-wrap\">\n\t\t\t\t\t\t<div class=\"elementor-element elementor-element-46f27cb elementor-widget elementor-widget-text-editor\" data-id=\"46f27cb\" data-element_type=\"widget\" data-widget_type=\"text-editor.default\">\n\t\t\t\t<div class=\"elementor-widget-container\">\n\t\t\t\t\t\t\t\t<div class=\"elementor-text-editor elementor-clearfix\">\n\t\t\t\t\t\nD\u00f6vl\u0259t \u0130dar\u0259\u00e7ilik Akademiyas\u0131n\u0131n \u201cASAN xidm\u0259t\u201dl\u0259 2022-ci \u00fc\u00e7\u00fcn n\u0259z\u0259rd\u0259 tutulan son t\u0259lim ke\u00e7irilib\n\t\t\t\t\t<\/div>\n\t\t\t\t\t\t<\/div>\n\t\t\t\t<\/div>\n\t\t\t\t\t\t<\/div>\n\t\t\t\t\t<\/div>\n\t\t<\/div>\n\t\t\t\t\t\t\t\t<\/div>\n\t\t\t\t\t<\/div>\n\t\t<\/section>\n\t\t\t\t<section class=\"elementor-section elementor-top-section elementor-element elementor-element-8108647 elementor-section-boxed elementor-section-height-default elementor-section-height-default\" data-id=\"8108647\" data-element_type=\"section\">\n\t\t\t\t\t\t<div class=\"elementor-container elementor-column-gap-default\">\n\t\t\t\t\t\t\t<div class=\"elementor-row\">\n\t\t\t\t\t<div class=\"elementor-column elementor-col-100 elementor-top-column elementor-element elementor-element-e277675\" data-id=\"e277675\" data-element_type=\"column\">\n\t\t\t<div class=\"elementor-column-wrap elementor-element-populated\">\n\t\t\t\t\t\t\t<div class=\"elementor-widget-wrap\">\n\t\t\t\t\t\t<div class=\"elementor-element elementor-element-6aa66e5 elementor-widget elementor-widget-image\" data-id=\"6aa66e5\" data-element_type=\"widget\" data-widget_type=\"image.default\">\n\t\t\t\t<div class=\"elementor-widget-container\">\n\t\t\t\t\t\t\t\t<div class=\"elementor-image\">\n\t\t\t\t\t\t\t\t\t\t\t\t\t<a href=\"https:\/\/dia.edu.az\/wp-content\/uploads\/2022\/12\/30.png\">\n\t\t\t\t\t\t\t<img width=\"200\" height=\"113\" src=\"https:\/\/legacy.dia.edu.az\/wp-content\/uploads\/2022\/12\/30-200x113.png\" class=\"attachment-medium size-medium\" alt=\"\" srcset=\"https:\/\/legacy.dia.edu.az\/wp-content\/uploads\/2022\/12\/30-200x113.png 200w, https:\/\/legacy.dia.edu.az\/wp-content\/uploads\/2022\/12\/30-450x253.png 450w, https:\/\/legacy.dia.edu.az\/wp-content\/uploads\/2022\/12\/30-1536x864.png 1536w, https:\/\/legacy.dia.edu.az\/wp-content\/uploads\/2022\/12\/30-18x10.png 18w, https:\/\/legacy.dia.edu.az\/wp-content\/uploads\/2022\/12\/30.png 1600w, https:\/\/legacy.dia.edu.az\/wp-content\/uploads\/2022\/12\/30-200x113@2x.png 400w, https:\/\/legacy.dia.edu.az\/wp-content\/uploads\/2022\/12\/30-450x253@2x.png 900w\" sizes=\"(max-width: 200px) 100vw, 200px\" \/>\t\t\t\t\t\t\t\t<\/a>\n\t\t\t\t\t\t\t\t\t\t\t\t\t\t<\/div>\n\t\t\t\t\t\t<\/div>\n\t\t\t\t<\/div>\n\t\t\t\t\t\t<\/div>\n\t\t\t\t\t<\/div>\n\t\t<\/div>\n\t\t\t\t\t\t\t\t<\/div>\n\t\t\t\t\t<\/div>\n\t\t<\/section>\n\t\t\t\t<section class=\"elementor-section elementor-top-section elementor-element elementor-element-fa6b61a elementor-section-boxed elementor-section-height-default elementor-section-height-default\" data-id=\"fa6b61a\" data-element_type=\"section\">\n\t\t\t\t\t\t<div class=\"elementor-container elementor-column-gap-default\">\n\t\t\t\t\t\t\t<div class=\"elementor-row\">\n\t\t\t\t\t<div class=\"elementor-column elementor-col-100 elementor-top-column elementor-element elementor-element-816d05c\" data-id=\"816d05c\" data-element_type=\"column\">\n\t\t\t<div class=\"elementor-column-wrap elementor-element-populated\">\n\t\t\t\t\t\t\t<div class=\"elementor-widget-wrap\">\n\t\t\t\t\t\t<div class=\"elementor-element elementor-element-d058921 elementor-widget elementor-widget-text-editor\" data-id=\"d058921\" data-element_type=\"widget\" data-widget_type=\"text-editor.default\">\n\t\t\t\t<div class=\"elementor-widget-container\">\n\t\t\t\t\t\t\t\t<div class=\"elementor-text-editor elementor-clearfix\">\n\t\t\t\t\t<p>Az\u0259rbaycan Respublikas\u0131n\u0131n Prezidenti yan\u0131nda D\u00f6vl\u0259t \u0130dar\u0259\u00e7ilik Akademiyas\u0131n\u0131n (D\u0130A) \u201cASAN xidm\u0259t\u201dl\u0259 h\u0259yata ke\u00e7irdiyi layih\u0259nin n\u00f6vb\u0259ti t\u0259limi t\u0259\u015fkil olunub.\nPrezident \u0130lham \u018fliyevin \u201cAz\u0259rbaycan 2030: sosial-iqtisadi inki\u015fafa dair Milli prioritetl\u0259r\u201dl\u0259 ba\u011fl\u0131 2021-ci il 2 fevral tarixli S\u0259r\u0259ncam\u0131na \u0259sas\u0259n D\u00f6vl\u0259t \u0130dar\u0259\u00e7ilik Akademiyas\u0131 Az\u0259rbaycan Respublikas\u0131n\u0131n Prezidenti yan\u0131nda V\u0259t\u0259nda\u015flara Xidm\u0259t v\u0259 Sosial \u0130nnovasiyalar \u00fczr\u0259 D\u00f6vl\u0259t Agentliyi (\u201cASAN xidm\u0259t\u201d) il\u0259 \u0259m\u0259kda\u015fl\u0131q memorandumu \u00e7\u0259r\u00e7iv\u0259sind\u0259 f\u0259aliyy\u0259tini davam etdirir. Bununla \u0259laq\u0259dar oktyabr\u0131n 26-dan noyabr\u0131n 3-d\u0259k \u201cASAN xidm\u0259t\u201d m\u0259rk\u0259zl\u0259rinin \u0259m\u0259kda\u015flar\u0131 \u00fc\u00e7\u00fcn t\u0259liml\u0259r ke\u00e7irilib. T\u0259liml\u0259rd\u0259 D\u0130A-n\u0131n rektoru akademik Urxan \u018fl\u0259kb\u0259rov \u201cPrezident \u0130lham \u018fliyevin innovativ idar\u0259\u00e7ilik texnologiyalar\u0131 v\u0259 Az\u0259rbaycan Respublikas\u0131n\u0131n siyasi, iqtisadi, h\u0259rbi u\u011furlar\u0131\u201d m\u00f6vzusunda t\u0259qdimatla \u00e7\u0131x\u0131\u015f edib.\nRektor U.\u018fl\u0259kb\u0259rov t\u0259qdimatda \u00fcmummilli lider Heyd\u0259r \u018fliyev t\u0259r\u0259find\u0259n m\u00fc\u0259yy\u0259nl\u0259\u015fdirilmi\u015f v\u0259 Prezident \u0130lham \u018fliyevin u\u011furla davam etdirdiyi inki\u015faf strategiyas\u0131ndan, Az\u0259rbaycanda t\u0259tbiq edil\u0259n innovativ idar\u0259\u00e7ilik texnologiyalar\u0131 kompleksind\u0259n b\u0259hs edib. O vur\u011fulay\u0131b ki, bu yeni d\u00f6vl\u0259t idar\u0259\u00e7iliyi texnologiyalar\u0131n\u0131n Az\u0259rbaycanda davaml\u0131 inkl\u00fcziv inki\u015faf\u0131n \u0259ld\u0259 olunmas\u0131nda v\u0259 bu m\u0259qs\u0259dl\u0259 resurslardan s\u0259m\u0259r\u0259li istifad\u0259 edilm\u0259sind\u0259 \u00f6n\u0259mi dan\u0131lmaz faktd\u0131r. Bu siyas\u0259tin n\u0259tic\u0259sidir ki, BMT T\u0259hl\u00fck\u0259sizlik \u015euras\u0131n\u0131n 4 q\u0259tnam\u0259si u\u011furla yerin\u0259 yetirildi v\u0259 Erm\u0259nistan t\u0259r\u0259find\u0259n 30 il\u0259 yax\u0131n i\u015f\u011fal alt\u0131nda saxlan\u0131lm\u0131\u015f \u0259razil\u0259rimiz azad edildi. Akademik bu Z\u0259f\u0259rin c\u0259mi 44 g\u00fcn\u0259 qazan\u0131lmas\u0131n\u0131 v\u0259 Az\u0259rbaycan\u0131n \u0259razi b\u00fct\u00f6vl\u00fcy\u00fcn\u00fcn tam b\u0259rpas\u0131n\u0131 d\u00f6vl\u0259t ba\u015f\u00e7\u0131s\u0131n\u0131n innovativ inki\u015faf strategiyas\u0131n\u0131n t\u0259nt\u0259n\u0259li n\u0259tic\u0259si kimi d\u0259y\u0259rl\u0259ndirib.\nU..\u018fl\u0259kb\u0259rov vur\u011fulay\u0131b ki, inkl\u00fcziv inki\u015faf sah\u0259sind\u0259 Az\u0259rbaycan Respublikas\u0131n\u0131n y\u00fcks\u0259k g\u00f6st\u0259ricil\u0259r \u0259ld\u0259 etm\u0259si v\u0259 sosial siyas\u0259tin realla\u015fd\u0131r\u0131lmas\u0131 bax\u0131m\u0131ndan d\u00fcnya liderin\u0259 \u00e7evrilm\u0259sind\u0259 \u00f6lk\u0259nin Birinci vitse-prezidenti, Heyd\u0259r \u018fliyev Fondunun prezidenti Mehriban xan\u0131m \u018fliyevan\u0131n m\u00fcst\u0259sna xidm\u0259tl\u0259ri var.\nRektor t\u0259liml\u0259r zaman\u0131 m\u00fcst\u0259qil v\u0259 suveren Az\u0259rbaycan d\u00f6vl\u0259tinin keyfiyy\u0259tc\u0259 yeni olan v\u0259 2021\u20122030-cu ill\u0259ri \u0259hat\u0259 ed\u0259n strateji m\u0259rh\u0259l\u0259y\u0259 daxil oldu\u011funu qeyd ed\u0259r\u0259k, inkl\u00fcziv c\u0259miyy\u0259tin qurulmas\u0131 prosesinin \u00f6lk\u0259nin 2030-cu il \u00fc\u00e7\u00fcn planla\u015fd\u0131r\u0131lm\u0131\u015f \u0259sas prioritetl\u0259ri s\u0131ras\u0131nda oldu\u011funu da bildirib. O, beyn\u0259lxalq t\u0259\u015fkilatlar\u0131n hesabatlar\u0131na \u0259saslanaraq \u00f6lk\u0259nin \u0259razi b\u00fct\u00f6vl\u00fcy\u00fcn\u00fcn b\u0259rpas\u0131 il\u0259 s\u0259ciyy\u0259l\u0259n\u0259n bu yeni strateji d\u00f6vrd\u0259 Az\u0259rbaycan Respublikas\u0131n\u0131n b\u00fct\u00fcn d\u00fcnya \u00fc\u00e7\u00fcn prioritet kimi q\u0259bul edil\u0259n inkl\u00fcziv inki\u015faf\u0131n planla\u015fd\u0131r\u0131lmas\u0131 v\u0259 idar\u0259edilm\u0259si sah\u0259sind\u0259ki u\u011furlar\u0131n\u0131 dinl\u0259yicil\u0259rin diqq\u0259tin\u0259 \u00e7atd\u0131r\u0131b. U.\u018fl\u0259kb\u0259rov m\u0259ruz\u0259sini i\u015f\u011faldan azad olunmu\u015f \u0259razil\u0259rd\u0259 apar\u0131lan quruculuq i\u015fl\u0259ri, m\u00fcst\u0259qillik d\u00f6vr\u00fcnd\u0259 qazan\u0131lan siyasi, iqtisadi, h\u0259rbi u\u011furlar, inkl\u00fcziv inki\u015faf\u0131n idar\u0259 edilm\u0259si sah\u0259sind\u0259 \u00f6lk\u0259nin \u0259ld\u0259 etdiyi nailiyy\u0259tl\u0259r bar\u0259d\u0259 geni\u015f elmi statistik t\u0259hlil\u0259 \u0259saslanan m\u0259lumatlarla yekunla\u015fd\u0131r\u0131b.\nSonda dinl\u0259yicil\u0259rin suallar\u0131 cavabland\u0131r\u0131l\u0131b. Bununla da Az\u0259rbaycan Respublikas\u0131n\u0131n Prezidenti yan\u0131nda D\u00f6vl\u0259t \u0130dar\u0259\u00e7ilik Akademiyas\u0131n\u0131n \u201cASAN\u201d Xidm\u0259t il\u0259 2022-ci il \u00fc\u00e7\u00fcn n\u0259z\u0259rd\u0259 tutulan \u018fm\u0259kda\u015fl\u0131q Memorandumu \u00e7\u0259r\u00e7iv\u0259sind\u0259 olan t\u0259liml\u0259r u\u011furla ba\u015fa \u00e7atib. \n<\/p>\t\t\t\t\t<\/div>\n\t\t\t\t\t\t<\/div>\n\t\t\t\t<\/div>\n\t\t\t\t\t\t<\/div>\n\t\t\t\t\t<\/div>\n\t\t<\/div>\n\t\t\t\t\t\t\t\t<\/div>\n\t\t\t\t\t<\/div>\n\t\t<\/section>\n\t\t\t\t\t\t<\/div>\n\t\t\t\t\t\t<\/div>\n\t\t\t\t\t<\/div>","protected":false},"excerpt":{"rendered":"<p>D\u00f6vl\u0259t \u0130dar\u0259\u00e7ilik Akademiyas\u0131n\u0131n \u201cASAN xidm\u0259t\u201dl\u0259 2022-ci \u00fc\u00e7\u00fcn n\u0259z\u0259rd\u0259 tutulan son t\u0259lim ke\u00e7irilib Az\u0259rbaycan Respublikas\u0131n\u0131n Prezidenti yan\u0131nda D\u00f6vl\u0259t \u0130dar\u0259\u00e7ilik Akademiyas\u0131n\u0131n (D\u0130A) \u201cASAN xidm\u0259t\u201dl\u0259 h\u0259yata ke\u00e7irdiyi layih\u0259nin n\u00f6vb\u0259ti t\u0259limi t\u0259\u015fkil olunub. Prezident \u0130lham \u018fliyevin \u201cAz\u0259rbaycan 2030: sosial-iqtisadi inki\u015fafa dair Milli prioritetl\u0259r\u201dl\u0259 ba\u011fl\u0131 2021-ci il 2 fevral tarixli S\u0259r\u0259ncam\u0131na \u0259sas\u0259n D\u00f6vl\u0259t \u0130dar\u0259\u00e7ilik Akademiyas\u0131 Az\u0259rbaycan Respublikas\u0131n\u0131n Prezidenti yan\u0131nda V\u0259t\u0259nda\u015flara [&hellip;]<\/p>","protected":false},"author":2,"featured_media":19138,"comment_status":"closed","ping_status":"closed","sticky":false,"template":"","format":"standard","meta":[],"categories":[137],"tags":[],"_links":{"self":[{"href":"https:\/\/legacy.dia.edu.az\/ru\/wp-json\/wp\/v2\/posts\/19144"}],"collection":[{"href":"https:\/\/legacy.dia.edu.az\/ru\/wp-json\/wp\/v2\/posts"}],"about":[{"href":"https:\/\/legacy.dia.edu.az\/ru\/wp-json\/wp\/v2\/types\/post"}],"author":[{"embeddable":true,"href":"https:\/\/legacy.dia.edu.az\/ru\/wp-json\/wp\/v2\/users\/2"}],"replies":[{"embeddable":true,"href":"https:\/\/legacy.dia.edu.az\/ru\/wp-json\/wp\/v2\/comments?post=19144"}],"version-history":[{"count":5,"href":"https:\/\/legacy.dia.edu.az\/ru\/wp-json\/wp\/v2\/posts\/19144\/revisions"}],"predecessor-version":[{"id":19149,"href":"https:\/\/legacy.dia.edu.az\/ru\/wp-json\/wp\/v2\/posts\/19144\/revisions\/19149"}],"wp:featuredmedia":[{"embeddable":true,"href":"https:\/\/legacy.dia.edu.az\/ru\/wp-json\/wp\/v2\/media\/19138"}],"wp:attachment":[{"href":"https:\/\/legacy.dia.edu.az\/ru\/wp-json\/wp\/v2\/media?parent=19144"}],"wp:term":[{"taxonomy":"category","embeddable":true,"href":"https:\/\/legacy.dia.edu.az\/ru\/wp-json\/wp\/v2\/categories?post=19144"},{"taxonomy":"post_tag","embeddable":true,"href":"https:\/\/legacy.dia.edu.az\/ru\/wp-json\/wp\/v2\/tags?post=19144"}],"curies":[{"name":"wp","href":"https:\/\/api.w.org\/{rel}","templated":true}]}}