{"id":19053,"date":"2022-12-01T10:31:24","date_gmt":"2022-12-01T06:31:24","guid":{"rendered":"https:\/\/dia.edu.az\/?p=19053"},"modified":"2022-12-01T10:34:35","modified_gmt":"2022-12-01T06:34:35","slug":"dodl%c9%99t-idar%c9%99cilik-akademiyasinda-t%c9%99lim-insan-resurslarinin-idar%c9%99-edilm%c9%99si","status":"publish","type":"post","link":"https:\/\/legacy.dia.edu.az\/ru\/arxivl\u0259r\/19053","title":{"rendered":"D\u00f6dl\u0259t \u0130dar\u0259\u00e7ilik Akademiyas\u0131nda t\u0259lim: insan resurslar\u0131n\u0131n idar\u0259 edilm\u0259si"},"content":{"rendered":"<div data-elementor-type=\"wp-post\" data-elementor-id=\"19053\" class=\"elementor elementor-19053\" data-elementor-settings=\"[]\">\n\t\t\t\t\t\t<div class=\"elementor-inner\">\n\t\t\t\t\t\t\t<div class=\"elementor-section-wrap\">\n\t\t\t\t\t\t\t<section class=\"elementor-section elementor-top-section elementor-element elementor-element-6d9274d elementor-section-boxed elementor-section-height-default elementor-section-height-default\" data-id=\"6d9274d\" data-element_type=\"section\">\n\t\t\t\t\t\t<div class=\"elementor-container elementor-column-gap-default\">\n\t\t\t\t\t\t\t<div class=\"elementor-row\">\n\t\t\t\t\t<div class=\"elementor-column elementor-col-100 elementor-top-column elementor-element elementor-element-3d67005\" data-id=\"3d67005\" data-element_type=\"column\">\n\t\t\t<div class=\"elementor-column-wrap elementor-element-populated\">\n\t\t\t\t\t\t\t<div class=\"elementor-widget-wrap\">\n\t\t\t\t\t\t<div class=\"elementor-element elementor-element-f50e8ad elementor-widget elementor-widget-text-editor\" data-id=\"f50e8ad\" data-element_type=\"widget\" data-widget_type=\"text-editor.default\">\n\t\t\t\t<div class=\"elementor-widget-container\">\n\t\t\t\t\t\t\t\t<div class=\"elementor-text-editor elementor-clearfix\">\n\t\t\t\t\tD\u0130A-da t\u0259lim: insan resurslar\u0131n\u0131n idar\u0259 edilm\u0259si\t\t\t\t\t<\/div>\n\t\t\t\t\t\t<\/div>\n\t\t\t\t<\/div>\n\t\t\t\t\t\t<\/div>\n\t\t\t\t\t<\/div>\n\t\t<\/div>\n\t\t\t\t\t\t\t\t<\/div>\n\t\t\t\t\t<\/div>\n\t\t<\/section>\n\t\t\t\t<section class=\"elementor-section elementor-top-section elementor-element elementor-element-82b6bb8 elementor-section-boxed elementor-section-height-default elementor-section-height-default\" data-id=\"82b6bb8\" data-element_type=\"section\">\n\t\t\t\t\t\t<div class=\"elementor-container elementor-column-gap-default\">\n\t\t\t\t\t\t\t<div class=\"elementor-row\">\n\t\t\t\t\t<div class=\"elementor-column elementor-col-100 elementor-top-column elementor-element elementor-element-cbeadc3\" data-id=\"cbeadc3\" data-element_type=\"column\">\n\t\t\t<div class=\"elementor-column-wrap elementor-element-populated\">\n\t\t\t\t\t\t\t<div class=\"elementor-widget-wrap\">\n\t\t\t\t\t\t<div class=\"elementor-element elementor-element-aff6e05 elementor-widget elementor-widget-text-editor\" data-id=\"aff6e05\" data-element_type=\"widget\" data-widget_type=\"text-editor.default\">\n\t\t\t\t<div class=\"elementor-widget-container\">\n\t\t\t\t\t\t\t\t<div class=\"elementor-text-editor elementor-clearfix\">\n\t\t\t\t\t<p>Az\u0259rbaycan Respublikas\u0131n\u0131n Prezidenti yan\u0131nda D\u00f6vl\u0259t \u0130dar\u0259\u00e7ilik Akademiyas\u0131nda (D\u0130A) D\u00f6vl\u0259t Miqrasiya Xidm\u0259tinin \u0259m\u0259kda\u015flar\u0131 \u00fc\u00e7\u00fcn \u201c\u0130nsan resurslar\u0131n\u0131n idar\u0259 edilm\u0259si\u201d m\u00f6vzusunda onlayn formada n\u00f6vb\u0259ti t\u0259lim ke\u00e7irilib.\n\nT\u0259lim zaman\u0131 D\u00f6vl\u0259t \u0130dar\u0259\u00e7ilik Akademiyas\u0131n\u0131n D\u00f6vl\u0259t qullu\u011fu v\u0259 kadr siyas\u0259ti kafedras\u0131n\u0131n m\u00fc\u0259llimi Anar H\u0259s\u0259nov insan resurslar\u0131n\u0131n strateji planla\u015fd\u0131r\u0131lmas\u0131 v\u0259 idar\u0259 edilm\u0259sinin m\u0259qs\u0259dl\u0259rind\u0259n, metodlar\u0131ndan, prosesin m\u00fcxt\u0259lif m\u0259rh\u0259l\u0259l\u0259rind\u0259 qar\u015f\u0131ya \u00e7\u0131xan probleml\u0259rd\u0259n v\u0259 h\u0259ll yollar\u0131ndan dan\u0131\u015f\u0131b.\n\nO, m\u00fcasir praktikada insan resurslar\u0131n\u0131n idar\u0259 edilm\u0259si sah\u0259sind\u0259 istifad\u0259 olunan \u0259sas anlay\u0131\u015flar\u0131 dinl\u0259yicil\u0259r\u0259 xat\u0131rlad\u0131b v\u0259 bildirib ki, kadrlar\u0131n idar\u0259 edilm\u0259si i\u015f\u0259 q\u0259bulun r\u0259smil\u0259\u015fdirilm\u0259si, i\u015fd\u0259n azad etm\u0259, \u0259mrl\u0259rin verilm\u0259si, \u0259m\u0259khaqq\u0131n\u0131n t\u0259yin edilm\u0259si kimi f\u0259aliyy\u0259tl\u0259ri, h\u0259m\u00e7inin insan resurslar\u0131n\u0131n idar\u0259 edilm\u0259si i\u015f analizi, insan resurslar\u0131n\u0131n planla\u015fd\u0131r\u0131lmas\u0131, i\u015f\u0259 uy\u011fun kadrlar\u0131n tap\u0131lmas\u0131 v\u0259 se\u00e7ilm\u0259si, adaptasiya, t\u0259lim v\u0259 inki\u015faf, karyeran\u0131n idar\u0259 edilm\u0259si, f\u0259aliyy\u0259tin qiym\u0259tl\u0259ndirilm\u0259si, motivasiya v\u0259 s. kimi funksiyalar\u0131 \u0259hat\u0259 edir. Bu g\u00fcn t\u0259cr\u00fcb\u0259 onu g\u00f6st\u0259rir ki, bir t\u0259\u015fkilat\u0131n dig\u0259r qaynaqlar\u0131 n\u0259 q\u0259d\u0259r g\u00fccl\u00fc olursa olsun, insan resurslar\u0131 kifay\u0259t q\u0259d\u0259r s\u0259m\u0259r\u0259li deyils\u0259, m\u00fcv\u0259ff\u0259q olmaq \u015fans\u0131 da azd\u0131r. A.H\u0259s\u0259nov t\u0259\u015fkilatlar\u0131n kadr siyas\u0259tinin qurulu\u015funda s\u0259m\u0259r\u0259liliyin art\u0131r\u0131lmas\u0131 \u00fc\u00e7\u00fcn dig\u0259r sosial, iqtisadi, elmi-texniki, informasiya v\u0259 t\u0259\u015fkilati-istehsalat siyas\u0259tl\u0259ri il\u0259 uy\u011funla\u015fd\u0131r\u0131lmas\u0131n\u0131n vacibliyini diqq\u0259t\u0259 \u00e7atd\u0131r\u0131b.\n\nT\u0259lim zaman\u0131 insan resurslar\u0131n\u0131n idar\u0259 edilm\u0259sinin \u0259sas istiqam\u0259tl\u0259ri, funksiyalar\u0131, \u0259sas funksiyalardan olan motivasiyan\u0131n \u00f6n\u0259mi, motivasiyan\u0131n prinsipl\u0259ri v\u0259 s. bar\u0259d\u0259 geni\u015f m\u0259lumat verilib.\n\nSonra t\u0259limd\u0259 insan resurslar\u0131n\u0131n idar\u0259 edilm\u0259si sah\u0259sind\u0259 kadrlar\u0131n f\u0259aliyy\u0259tinin qiym\u0259tl\u0259ndirilm\u0259si m\u00f6vzusu \u00fczr\u0259 m\u00fczakir\u0259l\u0259r apar\u0131l\u0131b.<\/p>\t\t\t\t\t<\/div>\n\t\t\t\t\t\t<\/div>\n\t\t\t\t<\/div>\n\t\t\t\t\t\t<\/div>\n\t\t\t\t\t<\/div>\n\t\t<\/div>\n\t\t\t\t\t\t\t\t<\/div>\n\t\t\t\t\t<\/div>\n\t\t<\/section>\n\t\t\t\t\t\t<\/div>\n\t\t\t\t\t\t<\/div>\n\t\t\t\t\t<\/div>","protected":false},"excerpt":{"rendered":"<p>D\u0130A-da t\u0259lim: insan resurslar\u0131n\u0131n idar\u0259 edilm\u0259si Az\u0259rbaycan Respublikas\u0131n\u0131n Prezidenti yan\u0131nda D\u00f6vl\u0259t \u0130dar\u0259\u00e7ilik Akademiyas\u0131nda (D\u0130A) D\u00f6vl\u0259t Miqrasiya Xidm\u0259tinin \u0259m\u0259kda\u015flar\u0131 \u00fc\u00e7\u00fcn \u201c\u0130nsan resurslar\u0131n\u0131n idar\u0259 edilm\u0259si\u201d m\u00f6vzusunda onlayn formada n\u00f6vb\u0259ti t\u0259lim ke\u00e7irilib. T\u0259lim zaman\u0131 D\u00f6vl\u0259t \u0130dar\u0259\u00e7ilik Akademiyas\u0131n\u0131n D\u00f6vl\u0259t qullu\u011fu v\u0259 kadr siyas\u0259ti kafedras\u0131n\u0131n m\u00fc\u0259llimi Anar H\u0259s\u0259nov insan resurslar\u0131n\u0131n strateji planla\u015fd\u0131r\u0131lmas\u0131 v\u0259 idar\u0259 edilm\u0259sinin m\u0259qs\u0259dl\u0259rind\u0259n, metodlar\u0131ndan, prosesin m\u00fcxt\u0259lif m\u0259rh\u0259l\u0259l\u0259rind\u0259 [&hellip;]<\/p>","protected":false},"author":2,"featured_media":19054,"comment_status":"closed","ping_status":"closed","sticky":false,"template":"","format":"standard","meta":[],"categories":[137],"tags":[],"_links":{"self":[{"href":"https:\/\/legacy.dia.edu.az\/ru\/wp-json\/wp\/v2\/posts\/19053"}],"collection":[{"href":"https:\/\/legacy.dia.edu.az\/ru\/wp-json\/wp\/v2\/posts"}],"about":[{"href":"https:\/\/legacy.dia.edu.az\/ru\/wp-json\/wp\/v2\/types\/post"}],"author":[{"embeddable":true,"href":"https:\/\/legacy.dia.edu.az\/ru\/wp-json\/wp\/v2\/users\/2"}],"replies":[{"embeddable":true,"href":"https:\/\/legacy.dia.edu.az\/ru\/wp-json\/wp\/v2\/comments?post=19053"}],"version-history":[{"count":7,"href":"https:\/\/legacy.dia.edu.az\/ru\/wp-json\/wp\/v2\/posts\/19053\/revisions"}],"predecessor-version":[{"id":19061,"href":"https:\/\/legacy.dia.edu.az\/ru\/wp-json\/wp\/v2\/posts\/19053\/revisions\/19061"}],"wp:featuredmedia":[{"embeddable":true,"href":"https:\/\/legacy.dia.edu.az\/ru\/wp-json\/wp\/v2\/media\/19054"}],"wp:attachment":[{"href":"https:\/\/legacy.dia.edu.az\/ru\/wp-json\/wp\/v2\/media?parent=19053"}],"wp:term":[{"taxonomy":"category","embeddable":true,"href":"https:\/\/legacy.dia.edu.az\/ru\/wp-json\/wp\/v2\/categories?post=19053"},{"taxonomy":"post_tag","embeddable":true,"href":"https:\/\/legacy.dia.edu.az\/ru\/wp-json\/wp\/v2\/tags?post=19053"}],"curies":[{"name":"wp","href":"https:\/\/api.w.org\/{rel}","templated":true}]}}