{"id":18853,"date":"2022-11-12T18:58:49","date_gmt":"2022-11-12T14:58:49","guid":{"rendered":"https:\/\/dia.edu.az\/?p=18853"},"modified":"2022-11-18T13:37:10","modified_gmt":"2022-11-18T09:37:10","slug":"dovl%c9%99t-idar%c9%99cilik-akademiyasinda-beyn%c9%99lxalq-biosfer-qoruqlari-gunun%c9%99-h%c9%99sr-edilmis-t%c9%99dbir-kecirilib","status":"publish","type":"post","link":"https:\/\/legacy.dia.edu.az\/ru\/arxivl\u0259r\/18853","title":{"rendered":"D\u00f6vl\u0259t \u0130dar\u0259\u00e7ilik Akademiyas\u0131nda Beyn\u0259lxalq Biosfer qoruqlar\u0131 g\u00fcn\u00fcn\u0259 h\u0259sr edilmi\u015f t\u0259dbir ke\u00e7irilib"},"content":{"rendered":"<div data-elementor-type=\"wp-post\" data-elementor-id=\"18853\" class=\"elementor elementor-18853\" data-elementor-settings=\"[]\">\n\t\t\t\t\t\t<div class=\"elementor-inner\">\n\t\t\t\t\t\t\t<div class=\"elementor-section-wrap\">\n\t\t\t\t\t\t\t<section class=\"elementor-section elementor-top-section elementor-element elementor-element-5e2c639 elementor-section-boxed elementor-section-height-default elementor-section-height-default\" data-id=\"5e2c639\" data-element_type=\"section\">\n\t\t\t\t\t\t<div class=\"elementor-container elementor-column-gap-default\">\n\t\t\t\t\t\t\t<div class=\"elementor-row\">\n\t\t\t\t\t<div class=\"elementor-column elementor-col-100 elementor-top-column elementor-element elementor-element-e4760bd\" data-id=\"e4760bd\" data-element_type=\"column\">\n\t\t\t<div class=\"elementor-column-wrap elementor-element-populated\">\n\t\t\t\t\t\t\t<div class=\"elementor-widget-wrap\">\n\t\t\t\t\t\t<div class=\"elementor-element elementor-element-153f45c elementor-widget elementor-widget-text-editor\" data-id=\"153f45c\" data-element_type=\"widget\" data-widget_type=\"text-editor.default\">\n\t\t\t\t<div class=\"elementor-widget-container\">\n\t\t\t\t\t\t\t\t<div class=\"elementor-text-editor elementor-clearfix\">\n\t\t\t\t\tD\u00d6VL\u018fT \u0130DAR\u018f\u00c7\u0130L\u0130K AKADEM\u0130YASINDA BEYN\u018fLXALQ B\u0130OSFER QORUQLARI G\u00dcN\u00dcN\u018f H\u018fSR ED\u0130LM\u0130\u015e T\u018fDB\u0130R KE\u00c7\u0130R\u0130L\u0130B\t\t\t\t\t<\/div>\n\t\t\t\t\t\t<\/div>\n\t\t\t\t<\/div>\n\t\t\t\t\t\t<\/div>\n\t\t\t\t\t<\/div>\n\t\t<\/div>\n\t\t\t\t\t\t\t\t<\/div>\n\t\t\t\t\t<\/div>\n\t\t<\/section>\n\t\t\t\t<section class=\"elementor-section elementor-top-section elementor-element elementor-element-5d7ef7d elementor-section-boxed elementor-section-height-default elementor-section-height-default\" data-id=\"5d7ef7d\" data-element_type=\"section\">\n\t\t\t\t\t\t<div class=\"elementor-container elementor-column-gap-default\">\n\t\t\t\t\t\t\t<div class=\"elementor-row\">\n\t\t\t\t\t<div class=\"elementor-column elementor-col-100 elementor-top-column elementor-element elementor-element-6904b15\" data-id=\"6904b15\" data-element_type=\"column\">\n\t\t\t<div class=\"elementor-column-wrap elementor-element-populated\">\n\t\t\t\t\t\t\t<div class=\"elementor-widget-wrap\">\n\t\t\t\t\t\t<div class=\"elementor-element elementor-element-650bb1b elementor-widget elementor-widget-text-editor\" data-id=\"650bb1b\" data-element_type=\"widget\" data-widget_type=\"text-editor.default\">\n\t\t\t\t<div class=\"elementor-widget-container\">\n\t\t\t\t\t\t\t\t<div class=\"elementor-text-editor elementor-clearfix\">\n\t\t\t\t\t<p>Az\u0259rbaycan Respublikas\u0131n\u0131n Prezidenti yan\u0131nda D\u00f6vl\u0259t \u0130dar\u0259\u00e7ilik Akademiyas\u0131nda \u201cBeyn\u0259lxalq biosfer qoruqlari g\u00fcn\u00fc\u201dn\u0259 h\u0259sr edilmi\u015f t\u0259dbir ke\u00e7irilib.\nT\u0259dbird\u0259 D\u00f6vl\u0259t \u0130dar\u0259\u00e7ilik Akademiyas\u0131n\u0131n rektoru, akademik Urxan \u018fl\u0259kb\u0259rov \u00e7\u0131x\u0131\u015f edib. Akademik U.\u018fl\u0259kb\u0259rov t\u0259qdimatda \u00dcmummilli Lider t\u0259r\u0259find\u0259n m\u00fc\u0259yy\u0259nl\u0259\u015fdirilmi\u015f v\u0259 Prezident \u0130lham \u018fliyevin u\u011furla davam etdirdiyi inki\u015faf strategiyas\u0131 say\u0259sind\u0259 Az\u0259rbaycan\u0131n qazand\u0131\u011f\u0131 nailiyy\u0259tl\u0259r\u0259 diqq\u0259t \u00e7\u0259kib. O, Prezident \u0130lham \u018fliyev t\u0259r\u0259find\u0259n i\u015fl\u0259n\u0259r\u0259k t\u0259tbiq edilmi\u015f yeni d\u00f6vl\u0259t idar\u0259\u00e7iliyi texnologiyalar\u0131n\u0131n Az\u0259rbaycan\u0131n davaml\u0131 inkl\u00fcziv inki\u015faf namin\u0259 resurslardan s\u0259m\u0259r\u0259li istifad\u0259 sah\u0259sind\u0259 regional v\u0259 qlobal lider\u0259 \u00e7evrilm\u0259sin\u0259 g\u0259tirib \u00e7\u0131xard\u0131\u011f\u0131n\u0131 x\u00fcsusi vur\u011fulay\u0131b. Eyni zamanda, Az\u0259rbaycanda t\u0259tbiq edil\u0259n innovativ idar\u0259\u00e7ilik texnologiyalar\u0131 kompleksinin y\u00fcks\u0259k s\u0259m\u0259r\u0259liliyinin BMT T\u0259hl\u00fck\u0259sizlik \u015euras\u0131n\u0131n 4 q\u0259tnam\u0259sinin u\u011furla yerin\u0259 yetirilm\u0259sind\u0259 v\u0259 Erm\u0259nistan t\u0259r\u0259find\u0259n 30 il\u0259 yax\u0131n i\u015f\u011fal alt\u0131nda saxlan\u0131lan \u0259razil\u0259rin azad edilm\u0259sind\u0259 t\u0259sdiqini tapd\u0131\u011f\u0131n\u0131 bildirib. Rektor Az\u0259rbaycan Respublikas\u0131n\u0131n b\u00fct\u00fcn d\u00fcnya \u00fc\u00e7\u00fcn prioritet kimi q\u0259bul edil\u0259n davaml\u0131 inkl\u00fcziv inki\u015faf siyas\u0259tini s\u0259m\u0259r\u0259li \u015f\u0259kild\u0259 realla\u015fd\u0131ran d\u00fcnya lideri oldu\u011funu bildirib. Diqq\u0259t\u0259 \u00e7atd\u0131r\u0131b ki, m\u0259hdud maliyy\u0259 imkanlar\u0131 \u015f\u0259raitind\u0259 Az\u0259rbaycan\u0131n inkl\u00fcziv inki\u015faf\u0131 indeksinin daha inki\u015faf etmi\u015f \u00f6lk\u0259l\u0259rd\u0259kind\u0259n y\u00fcks\u0259k olmas\u0131 \u00f6lk\u0259nin iqtisadi potensial\u0131n\u0131n h\u0259rt\u0259r\u0259fli inki\u015faf\u0131 v\u0259 \u0259halinin rifah hal\u0131n\u0131n y\u00fcks\u0259ldilm\u0259si \u00fc\u00e7\u00fcn daha s\u0259m\u0259r\u0259li istifad\u0259sinin beyn\u0259lxalq t\u0259sdiqidir. \nDaha sonra akademik U.\u018fl\u0259kb\u0259rov \u201cBeyn\u0259lxalq biosfer qoruqlari g\u00fcn\u00fc\u201dn\u0259 h\u0259sr edilmi\u015f t\u0259dbirin \u0259h\u0259miyy\u0259tini qeyd etmi\u015f, t\u0259bii m\u00fchitl\u0259 m\u00fcnasib\u0259tl\u0259rin keyfiyy\u0259tini yax\u015f\u0131la\u015fd\u0131rmaq \u00fc\u00e7\u00fcn ilk n\u00f6vb\u0259d\u0259 biosferin v\u0259ziyy\u0259tin\u0259 n\u0259 d\u0259r\u0259c\u0259d\u0259 t\u0259sir etdiyimizi v\u0259 biosferin \u00f6z\u00fcm\u00fcz\u0259 olan t\u0259sirini daha d\u0259rind\u0259n d\u0259rk etm\u0259li oldu\u011fumuzu bildirmi\u015fdir. \u00dcmumd\u00fcnya Biosfer Qoruqlar\u0131 \u015e\u0259b\u0259k\u0259sinin &#8211; d\u00fcnyan\u0131n 134 \u00f6lk\u0259sind\u0259 yerl\u0259\u015f\u0259n 738 t\u0259bi\u0259t \u0259razisini \u0259hat\u0259 edir. \nDaha sonra Az\u0259rbaycan Respublikas\u0131 Ekologiya v\u0259 T\u0259bii S\u0259rv\u0259tl\u0259r nazirinin m\u00fcavini\tV\u00fcqar K\u0259rimov \u201cBeyn\u0259lxalq Biosfer Qoruqlar\u0131 G\u00fcn\u00fcn\u00fcn yaranmas\u0131n\u0131n \u0259h\u0259miyy\u0259ti\u201d, D\u0130A-n\u0131n \u201cDavaml\u0131 inki\u015faf\u0131n planla\u015fd\u0131r\u0131lmas\u0131 v\u0259 idar\u0259 edilm\u0259si\u201d kafedras\u0131n\u0131n ba\u015f m\u00fc\u0259llim V\u00fcqar Babayev \u201cBiosfer Qoruqlar\u0131n\u0131n \u00dcm\u00fcmd\u00fcnya \u015e\u0259b\u0259k\u0259si\u201d adl\u0131 m\u0259ruz\u0259 il\u0259 \u00e7\u0131x\u0131\u015f etmi\u015fl\u0259r. \nOnlayn formatda ke\u00e7\u0259n g\u00f6r\u00fc\u015fd\u0259 beyn\u0259lxalq biosfer qoruqlari g\u00fcn\u00fc m\u00fcnasib\u0259til\u0259 YUNESKO-NUN ba\u015f direktoru xanim Odri Azulenin m\u00fcraci\u0259ti s\u0259sl\u0259nmi\u015fdir.\n<\/p>\t\t\t\t\t<\/div>\n\t\t\t\t\t\t<\/div>\n\t\t\t\t<\/div>\n\t\t\t\t\t\t<\/div>\n\t\t\t\t\t<\/div>\n\t\t<\/div>\n\t\t\t\t\t\t\t\t<\/div>\n\t\t\t\t\t<\/div>\n\t\t<\/section>\n\t\t\t\t\t\t<\/div>\n\t\t\t\t\t\t<\/div>\n\t\t\t\t\t<\/div>","protected":false},"excerpt":{"rendered":"<p>D\u00d6VL\u018fT \u0130DAR\u018f\u00c7\u0130L\u0130K AKADEM\u0130YASINDA BEYN\u018fLXALQ B\u0130OSFER QORUQLARI G\u00dcN\u00dcN\u018f H\u018fSR ED\u0130LM\u0130\u015e T\u018fDB\u0130R KE\u00c7\u0130R\u0130L\u0130B Az\u0259rbaycan Respublikas\u0131n\u0131n Prezidenti yan\u0131nda D\u00f6vl\u0259t \u0130dar\u0259\u00e7ilik Akademiyas\u0131nda \u201cBeyn\u0259lxalq biosfer qoruqlari g\u00fcn\u00fc\u201dn\u0259 h\u0259sr edilmi\u015f t\u0259dbir ke\u00e7irilib. T\u0259dbird\u0259 D\u00f6vl\u0259t \u0130dar\u0259\u00e7ilik Akademiyas\u0131n\u0131n rektoru, akademik Urxan \u018fl\u0259kb\u0259rov \u00e7\u0131x\u0131\u015f edib. Akademik U.\u018fl\u0259kb\u0259rov t\u0259qdimatda \u00dcmummilli Lider t\u0259r\u0259find\u0259n m\u00fc\u0259yy\u0259nl\u0259\u015fdirilmi\u015f v\u0259 Prezident \u0130lham \u018fliyevin u\u011furla davam etdirdiyi inki\u015faf strategiyas\u0131 say\u0259sind\u0259 Az\u0259rbaycan\u0131n qazand\u0131\u011f\u0131 [&hellip;]<\/p>","protected":false},"author":2,"featured_media":18854,"comment_status":"closed","ping_status":"closed","sticky":false,"template":"","format":"standard","meta":[],"categories":[137],"tags":[],"_links":{"self":[{"href":"https:\/\/legacy.dia.edu.az\/ru\/wp-json\/wp\/v2\/posts\/18853"}],"collection":[{"href":"https:\/\/legacy.dia.edu.az\/ru\/wp-json\/wp\/v2\/posts"}],"about":[{"href":"https:\/\/legacy.dia.edu.az\/ru\/wp-json\/wp\/v2\/types\/post"}],"author":[{"embeddable":true,"href":"https:\/\/legacy.dia.edu.az\/ru\/wp-json\/wp\/v2\/users\/2"}],"replies":[{"embeddable":true,"href":"https:\/\/legacy.dia.edu.az\/ru\/wp-json\/wp\/v2\/comments?post=18853"}],"version-history":[{"count":5,"href":"https:\/\/legacy.dia.edu.az\/ru\/wp-json\/wp\/v2\/posts\/18853\/revisions"}],"predecessor-version":[{"id":18896,"href":"https:\/\/legacy.dia.edu.az\/ru\/wp-json\/wp\/v2\/posts\/18853\/revisions\/18896"}],"wp:featuredmedia":[{"embeddable":true,"href":"https:\/\/legacy.dia.edu.az\/ru\/wp-json\/wp\/v2\/media\/18854"}],"wp:attachment":[{"href":"https:\/\/legacy.dia.edu.az\/ru\/wp-json\/wp\/v2\/media?parent=18853"}],"wp:term":[{"taxonomy":"category","embeddable":true,"href":"https:\/\/legacy.dia.edu.az\/ru\/wp-json\/wp\/v2\/categories?post=18853"},{"taxonomy":"post_tag","embeddable":true,"href":"https:\/\/legacy.dia.edu.az\/ru\/wp-json\/wp\/v2\/tags?post=18853"}],"curies":[{"name":"wp","href":"https:\/\/api.w.org\/{rel}","templated":true}]}}