{"id":18807,"date":"2022-11-05T17:02:54","date_gmt":"2022-11-05T13:02:54","guid":{"rendered":"https:\/\/dia.edu.az\/?p=18807"},"modified":"2022-11-05T17:11:16","modified_gmt":"2022-11-05T13:11:16","slug":"dovl%c9%99t-idar%c9%99cilik-akademiyasinda-8-noyabr-z%c9%99f%c9%99r-gunu-il%c9%99-%c9%99laq%c9%99dar-elmi-praktik-konfrans-kecirilib","status":"publish","type":"post","link":"https:\/\/legacy.dia.edu.az\/ru\/arxivl\u0259r\/18807","title":{"rendered":"D\u00f6vl\u0259t \u0130dar\u0259\u00e7ilik Akademiyas\u0131nda 8 Noyabr &#8211; Z\u0259f\u0259r G\u00fcn\u00fc il\u0259 \u0259laq\u0259dar elmi-praktik konfrans ke\u00e7irilib"},"content":{"rendered":"<div data-elementor-type=\"wp-post\" data-elementor-id=\"18807\" class=\"elementor elementor-18807\" data-elementor-settings=\"[]\">\n\t\t\t\t\t\t<div class=\"elementor-inner\">\n\t\t\t\t\t\t\t<div class=\"elementor-section-wrap\">\n\t\t\t\t\t\t\t<section class=\"elementor-section elementor-top-section elementor-element elementor-element-11f9961 elementor-section-boxed elementor-section-height-default elementor-section-height-default\" data-id=\"11f9961\" data-element_type=\"section\">\n\t\t\t\t\t\t<div class=\"elementor-container elementor-column-gap-default\">\n\t\t\t\t\t\t\t<div class=\"elementor-row\">\n\t\t\t\t\t<div class=\"elementor-column elementor-col-100 elementor-top-column elementor-element elementor-element-5b6e8b9\" data-id=\"5b6e8b9\" data-element_type=\"column\">\n\t\t\t<div class=\"elementor-column-wrap elementor-element-populated\">\n\t\t\t\t\t\t\t<div class=\"elementor-widget-wrap\">\n\t\t\t\t\t\t<div class=\"elementor-element elementor-element-cd11542 elementor-widget elementor-widget-text-editor\" data-id=\"cd11542\" data-element_type=\"widget\" data-widget_type=\"text-editor.default\">\n\t\t\t\t<div class=\"elementor-widget-container\">\n\t\t\t\t\t\t\t\t<div class=\"elementor-text-editor elementor-clearfix\">\n\t\t\t\t\tD\u00f6vl\u0259t \u0130dar\u0259\u00e7ilik Akademiyas\u0131nda 8 Noyabr &#8211; Z\u0259f\u0259r G\u00fcn\u00fc\nil\u0259 \u0259laq\u0259dar elmi-praktik konfrans ke\u00e7irilib\n\t\t\t\t\t<\/div>\n\t\t\t\t\t\t<\/div>\n\t\t\t\t<\/div>\n\t\t\t\t\t\t<\/div>\n\t\t\t\t\t<\/div>\n\t\t<\/div>\n\t\t\t\t\t\t\t\t<\/div>\n\t\t\t\t\t<\/div>\n\t\t<\/section>\n\t\t\t\t<section class=\"elementor-section elementor-top-section elementor-element elementor-element-62f0cb4 elementor-section-boxed elementor-section-height-default elementor-section-height-default\" data-id=\"62f0cb4\" data-element_type=\"section\">\n\t\t\t\t\t\t<div class=\"elementor-container elementor-column-gap-default\">\n\t\t\t\t\t\t\t<div class=\"elementor-row\">\n\t\t\t\t\t<div class=\"elementor-column elementor-col-100 elementor-top-column elementor-element elementor-element-d196db1\" data-id=\"d196db1\" data-element_type=\"column\">\n\t\t\t<div class=\"elementor-column-wrap elementor-element-populated\">\n\t\t\t\t\t\t\t<div class=\"elementor-widget-wrap\">\n\t\t\t\t\t\t<div class=\"elementor-element elementor-element-24b955f pp-image-slider-slideshow elementor-grid-3 elementor-grid-tablet-6 elementor-grid-mobile-4 pp-image-slider-align-left pp-image-slider-stack-tablet pp-ins-normal pp-ins-hover-normal elementor-widget elementor-widget-pp-image-slider\" data-id=\"24b955f\" data-element_type=\"widget\" data-settings=\"{&quot;skin&quot;:&quot;slideshow&quot;,&quot;pause_on_hover&quot;:&quot;yes&quot;,&quot;infinite_loop&quot;:&quot;yes&quot;}\" data-widget_type=\"pp-image-slider.default\">\n\t\t\t\t<div class=\"elementor-widget-container\">\n\t\t\t\t\t\t\t<div class=\"pp-image-slider-container\">\n\t\t\t<div class=\"pp-image-slider-wrap swiper-container-wrap\">\n\t\t\t\t<div class=\"pp-image-slider-box\">\n\t\t\t\t\t<div class=\"pp-image-slider pp-swiper-slider swiper-container\" id=\"pp-image-slider-24b955f\" data-slider-settings=\"{&quot;direction&quot;:&quot;horizontal&quot;,&quot;speed&quot;:600,&quot;effect&quot;:&quot;slide&quot;,&quot;slidesPerView&quot;:1,&quot;slidesPerGroup&quot;:1,&quot;spaceBetween&quot;:10,&quot;autoHeight&quot;:true,&quot;loop&quot;:true,&quot;autoplay&quot;:{&quot;delay&quot;:3000},&quot;navigation&quot;:{&quot;nextEl&quot;:&quot;.pp-swiper-button-next-24b955f&quot;,&quot;prevEl&quot;:&quot;.pp-swiper-button-prev-24b955f&quot;},&quot;breakpoints&quot;:{&quot;1025&quot;:{&quot;slidesPerView&quot;:1,&quot;slidesPerGroup&quot;:1,&quot;spaceBetween&quot;:10},&quot;768&quot;:{&quot;slidesPerView&quot;:1,&quot;slidesPerGroup&quot;:1,&quot;spaceBetween&quot;:10},&quot;320&quot;:{&quot;slidesPerView&quot;:1,&quot;slidesPerGroup&quot;:1,&quot;spaceBetween&quot;:10}}}\">\n\t\t\t\t\t\t<div class=\"swiper-wrapper\">\n\t\t\t\t\t\t\t\t\t\t<div class=\"pp-image-slider-slide swiper-slide\">\n\t\t\t\t<div class=\"pp-image-slider-image-wrap\"><img class=\"pp-image-slider-image\" src=\"https:\/\/legacy.dia.edu.az\/wp-content\/uploads\/2022\/11\/DSC_7074-scaled.jpg\" alt=\"DSC_7074\" \/><\/div>\t\t\t<\/div>\n\t\t\t\t\t\t<div class=\"pp-image-slider-slide swiper-slide\">\n\t\t\t\t<div class=\"pp-image-slider-image-wrap\"><img class=\"pp-image-slider-image\" src=\"https:\/\/legacy.dia.edu.az\/wp-content\/uploads\/2022\/11\/DSC_7066.jpg\" alt=\"DSC_7066\" \/><\/div>\t\t\t<\/div>\n\t\t\t\t\t\t<div class=\"pp-image-slider-slide swiper-slide\">\n\t\t\t\t<div class=\"pp-image-slider-image-wrap\"><img class=\"pp-image-slider-image\" src=\"https:\/\/legacy.dia.edu.az\/wp-content\/uploads\/2022\/11\/DSC_7065.jpg\" alt=\"DSC_7065\" \/><\/div>\t\t\t<\/div>\n\t\t\t\t\t\t<div class=\"pp-image-slider-slide swiper-slide\">\n\t\t\t\t<div class=\"pp-image-slider-image-wrap\"><img class=\"pp-image-slider-image\" src=\"https:\/\/legacy.dia.edu.az\/wp-content\/uploads\/2022\/11\/DSC_7059.jpg\" alt=\"DSC_7059\" \/><\/div>\t\t\t<\/div>\n\t\t\t\t\t\t<div class=\"pp-image-slider-slide swiper-slide\">\n\t\t\t\t<div class=\"pp-image-slider-image-wrap\"><img class=\"pp-image-slider-image\" src=\"https:\/\/legacy.dia.edu.az\/wp-content\/uploads\/2022\/11\/DSC_7055-scaled.jpg\" alt=\"DSC_7055\" \/><\/div>\t\t\t<\/div>\n\t\t\t\t\t\t\t\t\t<\/div>\n\t\t\t\t\t<\/div>\n\t\t\t\t\t\t\t\t\n\t\t\t\t\t\t\t<!-- Add Arrows -->\n\t\t\t\t<div class=\"pp-swiper-button pp-swiper-button-prev pp-slider-arrow pp-arrow-prev pp-swiper-button-prev-24b955f\">\n\t\t\t\t\t<i aria-hidden=\"true\" class=\"fas fa-angle-left\"><\/i>\n\t\t\t\t<\/div>\n\t\t\t\t<div class=\"pp-swiper-button pp-swiper-button-next pp-slider-arrow pp-arrow-next pp-swiper-button-next-24b955f\">\n\t\t\t\t\t<i aria-hidden=\"true\" class=\"fas fa-angle-right\"><\/i>\n\t\t\t\t<\/div>\n\t\t\t\t\t\t\t\t\t\t<\/div>\n\t\t\t<\/div>\n\t\t\t\t\t<div class=\"pp-image-slider-thumb-pagination pp-elementor-grid pp-normal\">\n\t\t\t\t\t\t\t\t<div class=\"pp-image-slider-thumb-item-wrap pp-grid-item-wrap\">\n\t\t\t\t\t<div class=\"pp-image-slider-thumb-item\">\n\t\t\t\t\t\t<div class=\"pp-grid-item pp-image-slider-thumb-item pp-ins-filter-hover\">\n\t\t\t\t\t\t\t\t\t\t\t\t\t<div class=\"pp-image-slider-thumb-image pp-ins-filter-target\">\n\t\t\t\t\t\t\t\t<img src=\"https:\/\/legacy.dia.edu.az\/wp-content\/uploads\/2022\/11\/DSC_7074-150x150.jpg\" alt=\"DSC_7074\" \/>\n\t\t\t\t\t\t\t<\/div>\n\t\t\t\t\t\t\t\t\t\t\t\t<div class=\"pp-image-slider-thumb-overlay pp-media-overlay\"><\/div>\t\t\t\t\t\t\t\t\t\t\t\t<\/div>\n\t\t\t\t\t<\/div>\n\t\t\t\t\t<\/div>\n\t\t\t\t\t\t\t\t\t\t<div class=\"pp-image-slider-thumb-item-wrap pp-grid-item-wrap\">\n\t\t\t\t\t<div class=\"pp-image-slider-thumb-item\">\n\t\t\t\t\t\t<div class=\"pp-grid-item pp-image-slider-thumb-item pp-ins-filter-hover\">\n\t\t\t\t\t\t\t\t\t\t\t\t\t<div class=\"pp-image-slider-thumb-image pp-ins-filter-target\">\n\t\t\t\t\t\t\t\t<img src=\"https:\/\/legacy.dia.edu.az\/wp-content\/uploads\/2022\/11\/DSC_7066-150x150.jpg\" alt=\"DSC_7066\" \/>\n\t\t\t\t\t\t\t<\/div>\n\t\t\t\t\t\t\t\t\t\t\t\t<div class=\"pp-image-slider-thumb-overlay pp-media-overlay\"><\/div>\t\t\t\t\t\t\t\t\t\t\t\t<\/div>\n\t\t\t\t\t<\/div>\n\t\t\t\t\t<\/div>\n\t\t\t\t\t\t\t\t\t\t<div class=\"pp-image-slider-thumb-item-wrap pp-grid-item-wrap\">\n\t\t\t\t\t<div class=\"pp-image-slider-thumb-item\">\n\t\t\t\t\t\t<div class=\"pp-grid-item pp-image-slider-thumb-item pp-ins-filter-hover\">\n\t\t\t\t\t\t\t\t\t\t\t\t\t<div class=\"pp-image-slider-thumb-image pp-ins-filter-target\">\n\t\t\t\t\t\t\t\t<img src=\"https:\/\/legacy.dia.edu.az\/wp-content\/uploads\/2022\/11\/DSC_7065-150x150.jpg\" alt=\"DSC_7065\" \/>\n\t\t\t\t\t\t\t<\/div>\n\t\t\t\t\t\t\t\t\t\t\t\t<div class=\"pp-image-slider-thumb-overlay pp-media-overlay\"><\/div>\t\t\t\t\t\t\t\t\t\t\t\t<\/div>\n\t\t\t\t\t<\/div>\n\t\t\t\t\t<\/div>\n\t\t\t\t\t\t\t\t\t\t<div class=\"pp-image-slider-thumb-item-wrap pp-grid-item-wrap\">\n\t\t\t\t\t<div class=\"pp-image-slider-thumb-item\">\n\t\t\t\t\t\t<div class=\"pp-grid-item pp-image-slider-thumb-item pp-ins-filter-hover\">\n\t\t\t\t\t\t\t\t\t\t\t\t\t<div class=\"pp-image-slider-thumb-image pp-ins-filter-target\">\n\t\t\t\t\t\t\t\t<img src=\"https:\/\/legacy.dia.edu.az\/wp-content\/uploads\/2022\/11\/DSC_7059-150x150.jpg\" alt=\"DSC_7059\" \/>\n\t\t\t\t\t\t\t<\/div>\n\t\t\t\t\t\t\t\t\t\t\t\t<div class=\"pp-image-slider-thumb-overlay pp-media-overlay\"><\/div>\t\t\t\t\t\t\t\t\t\t\t\t<\/div>\n\t\t\t\t\t<\/div>\n\t\t\t\t\t<\/div>\n\t\t\t\t\t\t\t\t\t\t<div class=\"pp-image-slider-thumb-item-wrap pp-grid-item-wrap\">\n\t\t\t\t\t<div class=\"pp-image-slider-thumb-item\">\n\t\t\t\t\t\t<div class=\"pp-grid-item pp-image-slider-thumb-item pp-ins-filter-hover\">\n\t\t\t\t\t\t\t\t\t\t\t\t\t<div class=\"pp-image-slider-thumb-image pp-ins-filter-target\">\n\t\t\t\t\t\t\t\t<img src=\"https:\/\/legacy.dia.edu.az\/wp-content\/uploads\/2022\/11\/DSC_7055-150x150.jpg\" alt=\"DSC_7055\" \/>\n\t\t\t\t\t\t\t<\/div>\n\t\t\t\t\t\t\t\t\t\t\t\t<div class=\"pp-image-slider-thumb-overlay pp-media-overlay\"><\/div>\t\t\t\t\t\t\t\t\t\t\t\t<\/div>\n\t\t\t\t\t<\/div>\n\t\t\t\t\t<\/div>\n\t\t\t\t\t\t\t<\/div>\n\t\t\t\t<\/div>\n\t\t\t\t\t<\/div>\n\t\t\t\t<\/div>\n\t\t\t\t\t\t<\/div>\n\t\t\t\t\t<\/div>\n\t\t<\/div>\n\t\t\t\t\t\t\t\t<\/div>\n\t\t\t\t\t<\/div>\n\t\t<\/section>\n\t\t\t\t<section class=\"elementor-section elementor-top-section elementor-element elementor-element-4149513 elementor-section-boxed elementor-section-height-default elementor-section-height-default\" data-id=\"4149513\" data-element_type=\"section\">\n\t\t\t\t\t\t<div class=\"elementor-container elementor-column-gap-default\">\n\t\t\t\t\t\t\t<div class=\"elementor-row\">\n\t\t\t\t\t<div class=\"elementor-column elementor-col-100 elementor-top-column elementor-element elementor-element-d598b35\" data-id=\"d598b35\" data-element_type=\"column\">\n\t\t\t<div class=\"elementor-column-wrap elementor-element-populated\">\n\t\t\t\t\t\t\t<div class=\"elementor-widget-wrap\">\n\t\t\t\t\t\t<div class=\"elementor-element elementor-element-edea7a0 elementor-widget elementor-widget-text-editor\" data-id=\"edea7a0\" data-element_type=\"widget\" data-widget_type=\"text-editor.default\">\n\t\t\t\t<div class=\"elementor-widget-container\">\n\t\t\t\t\t\t\t\t<div class=\"elementor-text-editor elementor-clearfix\">\n\t\t\t\t\t<p>Az\u0259rbaycan Respublikas\u0131n\u0131n Prezidenti yan\u0131nda D\u00f6vl\u0259t \u0130dar\u0259\u00e7ilik Akademiyas\u0131nda (D\u0130A) 8 Noyabr &#8211; Z\u0259f\u0259r G\u00fcn\u00fc il\u0259 \u0259laq\u0259dar \u201c\u0130kinci Qaraba\u011f m\u00fcharib\u0259si: h\u0259rbi\u2013diplomatik u\u011furlar\u201d adl\u0131 elmi konfrans ke\u00e7irilib.\n\u018fvv\u0259lc\u0259 \u015f\u0259hidl\u0259rin \u0259ziz xatir\u0259si an\u0131l\u0131b.\nElmi-praktik konfransda Az\u0259rbaycan Respublikas\u0131n\u0131n Prezidenti yan\u0131nda D\u00f6vl\u0259t \u0130dar\u0259\u00e7ilik Akademiyas\u0131n\u0131n rektoru akademik Urxan \u018fl\u0259kb\u0259rov \u201cPrezident \u0130lham \u018fliyevin innovativ idar\u0259\u00e7ilik texnologiyalar\u0131 v\u0259 Az\u0259rbaycan Respublikas\u0131n\u0131n siyasi, iqtisadi, h\u0259rbi u\u011furlar\u0131\u201d adl\u0131 m\u0259ruz\u0259 il\u0259 \u00e7\u0131x\u0131\u015f edib.\nRektor, \u00f6t\u0259n 30 il \u0259rzind\u0259 Az\u0259rbaycanda \u0259ld\u0259 edil\u0259n nailiyy\u0259tl\u0259rd\u0259n dan\u0131\u015f\u0131b, \u00f6lk\u0259nin u\u011furlu inki\u015faf\u0131 say\u0259sind\u0259 d\u00f6vl\u0259t\u00e7ilik \u0259n\u0259n\u0259l\u0259rimizin m\u00f6hk\u0259ml\u0259ndiyini, iqtisadi, siyasi, h\u0259rbi g\u00fcc\u00fcm\u00fcz\u00fcn artd\u0131\u011f\u0131n\u0131 bildirib. Qeyd olunub ki, m\u00fcst\u0259qil Az\u0259rbaycan Respublikas\u0131 bu g\u00fcn h\u0259r bir soyda\u015f\u0131m\u0131z \u00fc\u00e7\u00fcn \u0259sl q\u00fcrur m\u0259nb\u0259yin\u0259 \u00e7evrilib. U.\u018fl\u0259kb\u0259rov diqq\u0259t\u0259 \u00e7atd\u0131r\u0131b ki, m\u00fcst\u0259qilliyin ilk ill\u0259rind\u0259 Az\u0259rbaycan d\u0259rin siyasi, iqtisadi v\u0259 sosial b\u00f6hranla yana\u015f\u0131, Erm\u0259nistan\u0131n h\u0259rbi t\u0259cav\u00fcz\u00fc, xalq\u0131m\u0131za qar\u015f\u0131 h\u0259yata ke\u00e7iril\u0259n etnik t\u0259mizl\u0259m\u0259 siyas\u0259ti il\u0259 \u00fczl\u0259\u015fib. Xalq\u0131m\u0131z\u0131n t\u0259kidli t\u0259l\u0259bi il\u0259 ulu \u00f6nd\u0259r Heyd\u0259r \u018fliyevin hakimiyy\u0259t\u0259 qay\u0131d\u0131\u015f\u0131 n\u0259tic\u0259sind\u0259 \u00f6lk\u0259miz par\u00e7alanma t\u0259hl\u00fck\u0259sind\u0259n xilas oldu.\nAkademik 44 g\u00fcnl\u00fck V\u0259t\u0259n m\u00fcharib\u0259sind\u0259n, Az\u0259rbaycan Prezidenti, M\u00fcz\u0259ff\u0259r Ali Ba\u015f Komandan \u0130lham \u018fliyevin r\u0259hb\u0259rliyi il\u0259 q\u00fcdr\u0259tli Ordumuzun d\u00fc\u015fm\u0259n \u00fcz\u0259rind\u0259 qazand\u0131\u011f\u0131 parlaq Q\u0259l\u0259b\u0259d\u0259n s\u00f6z a\u00e7\u0131b. O, V\u0259t\u0259n m\u00fcharib\u0259sind\u0259 \u0259sg\u0259r v\u0259 zabitl\u0259rimizin q\u0259hr\u0259manl\u0131\u011f\u0131n\u0131 qeyd edib. Rektor bildirib ki, Q\u0259l\u0259b\u0259mizin ba\u015fl\u0131ca amili Prezident, Ali Ba\u015f Komandan \u0130lham \u018fliyevin uzun m\u00fcdd\u0259t \u0259rzind\u0259 h\u0259yata ke\u00e7irdiyi g\u00fccl\u00fc d\u00f6vl\u0259t idar\u0259etm\u0259si strategiyas\u0131 olub.\nKonfransda Milli M\u0259clisin deputat\u0131, D\u0130A-n\u0131n \u201cD\u00f6vl\u0259t qullu\u011fu v\u0259 kadr siyas\u0259ti\u201d kafedras\u0131n\u0131n dosent Ayd\u0131n Mirz\u0259zad\u0259 \u201cTarixi Q\u0259l\u0259b\u0259nin siyasi \u2013 ideoloji \u0259saslar\u0131\u201d, \u0130qtisadi \u0130slahatlar\u0131n T\u0259hlili v\u0259 Kommunikasiya M\u0259rk\u0259zinin icra\u00e7\u0131 direktoru professor V\u00fcsal Qas\u0131ml\u0131 \u201cQaraba\u011f v\u0259 \u015e\u0259rqi Z\u0259ng\u0259zur iqtisadi rayonlar\u0131nda post\u2013model quruculuq modeli\u201d, D\u00f6vl\u0259t \u0130dar\u0259\u00e7ilik Akademiyas\u0131n\u0131n Beyn\u0259lxalq M\u00fcnasib\u0259tl\u0259r kafedras\u0131n\u0131n professoru \u201cQaraba\u011f Ara\u015fd\u0131rmalar M\u0259rk\u0259zi\u201dnin r\u0259hb\u0259ri professor El\u00e7in \u018fhm\u0259dov \u201c44 g\u00fcnl\u00fck m\u00fcharib\u0259 zaman\u0131 tarixi atributlar\u0131m\u0131z\u0131n b\u0259rpa olunmas\u0131n\u0131n milli\u2013m\u0259n\u0259vi v\u0259 siyasi\u2013tarixi t\u0259r\u0259fl\u0259ri\u201d v\u0259 ba\u015fqalar\u0131 V\u0259t\u0259n m\u00fcharib\u0259sind\u0259 qazand\u0131\u011f\u0131m\u0131z tarixi Q\u0259l\u0259b\u0259nin \u0259h\u0259miyy\u0259tini vur\u011fulay\u0131blar. Eyni zamanda, noyabr\u0131n 8-d\u0259 Prezident, Ali Ba\u015f Komandan \u0130lham \u018fliyevin r\u0259hb\u0259rliyi il\u0259 Az\u0259rbaycan Ordusu t\u0259r\u0259find\u0259n \u015eu\u015fan\u0131n i\u015f\u011fal\u00e7\u0131lardan azad edilm\u0259si, el\u0259c\u0259 d\u0259 son iki ild\u0259 Qaraba\u011f\u0131n, o c\u00fcml\u0259d\u0259n \u015eu\u015fa \u015f\u0259h\u0259rinin \u0259sl tarixi simas\u0131, \u0259n\u0259n\u0259l\u0259ri v\u0259 q\u0259dim m\u0259d\u0259ni abid\u0259l\u0259rinin b\u0259rpas\u0131 istiqam\u0259tind\u0259 apar\u0131lan i\u015fl\u0259rd\u0259n b\u0259hs edilib.\nQeyd olunub ki, Az\u0259rbaycan\u0131n h\u0259rbi-diplomatik u\u011furlar\u0131, x\u00fcsusil\u0259 q\u0259dim \u015eu\u015fa \u015f\u0259h\u0259rinin r\u0259\u015fad\u0259tli Ordumuz t\u0259r\u0259find\u0259n i\u015f\u011faldan azad edilm\u0259si m\u00fcharib\u0259nin sonrak\u0131 gedi\u015fin\u0259 v\u0259 taleyin\u0259 h\u0259lledici t\u0259sir g\u00f6st\u0259r\u0259r\u0259k Z\u0259f\u0259r G\u00fcn\u00fc kimi tariximiz\u0259 yaz\u0131ld\u0131, Ali Ba\u015f Komandan \u0130lham \u018fliyevin q\u0259tiyy\u0259tli v\u0259 prinsipial m\u00f6vqeyi h\u0259rb meydan\u0131nda oldu\u011fu kimi, diplomatiya meydan\u0131nda da u\u011furlar\u0131m\u0131z\u0131 \u015f\u0259rtl\u0259ndirdi.\nD\u0130A-da \u015eu\u015fa d\u00f6vl\u0259t r\u0259sm qalereyas\u0131n\u0131n \u201c\u015e\u00fc\u015fan\u0131n m\u0259d\u0259ni irsi\u201d adl\u0131 r\u0259sm \u0259s\u0259rl\u0259rinin s\u0259rgisi n\u00fcmayi\u015f etdirilib.\n<\/p>\t\t\t\t\t<\/div>\n\t\t\t\t\t\t<\/div>\n\t\t\t\t<\/div>\n\t\t\t\t\t\t<\/div>\n\t\t\t\t\t<\/div>\n\t\t<\/div>\n\t\t\t\t\t\t\t\t<\/div>\n\t\t\t\t\t<\/div>\n\t\t<\/section>\n\t\t\t\t\t\t<\/div>\n\t\t\t\t\t\t<\/div>\n\t\t\t\t\t<\/div>","protected":false},"excerpt":{"rendered":"<p>D\u00f6vl\u0259t \u0130dar\u0259\u00e7ilik Akademiyas\u0131nda 8 Noyabr &#8211; Z\u0259f\u0259r G\u00fcn\u00fc il\u0259 \u0259laq\u0259dar elmi-praktik konfrans ke\u00e7irilib Az\u0259rbaycan Respublikas\u0131n\u0131n Prezidenti yan\u0131nda D\u00f6vl\u0259t \u0130dar\u0259\u00e7ilik Akademiyas\u0131nda (D\u0130A) 8 Noyabr &#8211; Z\u0259f\u0259r G\u00fcn\u00fc il\u0259 \u0259laq\u0259dar \u201c\u0130kinci Qaraba\u011f m\u00fcharib\u0259si: h\u0259rbi\u2013diplomatik u\u011furlar\u201d adl\u0131 elmi konfrans ke\u00e7irilib. \u018fvv\u0259lc\u0259 \u015f\u0259hidl\u0259rin \u0259ziz xatir\u0259si an\u0131l\u0131b. Elmi-praktik konfransda Az\u0259rbaycan Respublikas\u0131n\u0131n Prezidenti yan\u0131nda D\u00f6vl\u0259t \u0130dar\u0259\u00e7ilik Akademiyas\u0131n\u0131n rektoru akademik Urxan \u018fl\u0259kb\u0259rov [&hellip;]<\/p>","protected":false},"author":2,"featured_media":18808,"comment_status":"closed","ping_status":"closed","sticky":false,"template":"","format":"standard","meta":[],"categories":[137],"tags":[],"_links":{"self":[{"href":"https:\/\/legacy.dia.edu.az\/ru\/wp-json\/wp\/v2\/posts\/18807"}],"collection":[{"href":"https:\/\/legacy.dia.edu.az\/ru\/wp-json\/wp\/v2\/posts"}],"about":[{"href":"https:\/\/legacy.dia.edu.az\/ru\/wp-json\/wp\/v2\/types\/post"}],"author":[{"embeddable":true,"href":"https:\/\/legacy.dia.edu.az\/ru\/wp-json\/wp\/v2\/users\/2"}],"replies":[{"embeddable":true,"href":"https:\/\/legacy.dia.edu.az\/ru\/wp-json\/wp\/v2\/comments?post=18807"}],"version-history":[{"count":8,"href":"https:\/\/legacy.dia.edu.az\/ru\/wp-json\/wp\/v2\/posts\/18807\/revisions"}],"predecessor-version":[{"id":18822,"href":"https:\/\/legacy.dia.edu.az\/ru\/wp-json\/wp\/v2\/posts\/18807\/revisions\/18822"}],"wp:featuredmedia":[{"embeddable":true,"href":"https:\/\/legacy.dia.edu.az\/ru\/wp-json\/wp\/v2\/media\/18808"}],"wp:attachment":[{"href":"https:\/\/legacy.dia.edu.az\/ru\/wp-json\/wp\/v2\/media?parent=18807"}],"wp:term":[{"taxonomy":"category","embeddable":true,"href":"https:\/\/legacy.dia.edu.az\/ru\/wp-json\/wp\/v2\/categories?post=18807"},{"taxonomy":"post_tag","embeddable":true,"href":"https:\/\/legacy.dia.edu.az\/ru\/wp-json\/wp\/v2\/tags?post=18807"}],"curies":[{"name":"wp","href":"https:\/\/api.w.org\/{rel}","templated":true}]}}