{"id":18767,"date":"2022-10-26T15:25:25","date_gmt":"2022-10-26T11:25:25","guid":{"rendered":"https:\/\/dia.edu.az\/?p=18767"},"modified":"2022-10-27T14:51:08","modified_gmt":"2022-10-27T10:51:08","slug":"istedadli-t%c9%99l%c9%99b%c9%99l%c9%99rin-t%c9%99hsil-haqqinin-od%c9%99nilm%c9%99si-musabiq%c9%99si-il%c9%99-%c9%99laq%c9%99dar-olaraq-dovl%c9%99t-idar%c9%99cilik-akademiyasinin-t%c9%99l%c9%99b","status":"publish","type":"post","link":"https:\/\/legacy.dia.edu.az\/ru\/arxivl\u0259r\/18767","title":{"rendered":"&#8220;\u0130stedadl\u0131 T\u0259l\u0259b\u0259l\u0259rin T\u0259hsil Haqq\u0131n\u0131n \u00f6d\u0259nilm\u0259si&#8221; m\u00fcsabiq\u0259si il\u0259 \u0259laq\u0259dar olaraq D\u00f6vl\u0259t \u0130dar\u0259\u00e7ilik Akademiyas\u0131n\u0131n t\u0259l\u0259b\u0259l\u0259ri il\u0259 g\u00f6r\u00fc\u015f ke\u00e7irilib"},"content":{"rendered":"<div data-elementor-type=\"wp-post\" data-elementor-id=\"18767\" class=\"elementor elementor-18767\" data-elementor-settings=\"[]\">\n\t\t\t\t\t\t<div class=\"elementor-inner\">\n\t\t\t\t\t\t\t<div class=\"elementor-section-wrap\">\n\t\t\t\t\t\t\t<section class=\"elementor-section elementor-top-section elementor-element elementor-element-3a4b6c6 elementor-section-boxed elementor-section-height-default elementor-section-height-default\" data-id=\"3a4b6c6\" data-element_type=\"section\">\n\t\t\t\t\t\t<div class=\"elementor-container elementor-column-gap-default\">\n\t\t\t\t\t\t\t<div class=\"elementor-row\">\n\t\t\t\t\t<div class=\"elementor-column elementor-col-100 elementor-top-column elementor-element elementor-element-7240c8c\" data-id=\"7240c8c\" data-element_type=\"column\">\n\t\t\t<div class=\"elementor-column-wrap elementor-element-populated\">\n\t\t\t\t\t\t\t<div class=\"elementor-widget-wrap\">\n\t\t\t\t\t\t<div class=\"elementor-element elementor-element-c487913 elementor-widget elementor-widget-text-editor\" data-id=\"c487913\" data-element_type=\"widget\" data-widget_type=\"text-editor.default\">\n\t\t\t\t<div class=\"elementor-widget-container\">\n\t\t\t\t\t\t\t\t<div class=\"elementor-text-editor elementor-clearfix\">\n\t\t\t\t\t&#8220;\u0130stedadl\u0131 T\u0259l\u0259b\u0259l\u0259rin T\u0259hsil Haqq\u0131n\u0131n \u00f6d\u0259nilm\u0259si&#8221; m\u00fcsabiq\u0259si il\u0259 \u0259laq\u0259dar olaraq D\u0130A-n\u0131n t\u0259l\u0259b\u0259l\u0259ri il\u0259 g\u00f6r\u00fc\u015f ke\u00e7irilib\t\t\t\t\t<\/div>\n\t\t\t\t\t\t<\/div>\n\t\t\t\t<\/div>\n\t\t\t\t\t\t<\/div>\n\t\t\t\t\t<\/div>\n\t\t<\/div>\n\t\t\t\t\t\t\t\t<\/div>\n\t\t\t\t\t<\/div>\n\t\t<\/section>\n\t\t\t\t<section class=\"elementor-section elementor-top-section elementor-element elementor-element-f4a9af6 elementor-section-boxed elementor-section-height-default elementor-section-height-default\" data-id=\"f4a9af6\" data-element_type=\"section\">\n\t\t\t\t\t\t<div class=\"elementor-container elementor-column-gap-default\">\n\t\t\t\t\t\t\t<div class=\"elementor-row\">\n\t\t\t\t\t<div class=\"elementor-column elementor-col-100 elementor-top-column elementor-element elementor-element-d3c5783\" data-id=\"d3c5783\" data-element_type=\"column\">\n\t\t\t<div class=\"elementor-column-wrap elementor-element-populated\">\n\t\t\t\t\t\t\t<div class=\"elementor-widget-wrap\">\n\t\t\t\t\t\t<div class=\"elementor-element elementor-element-5bdca76 elementor-widget elementor-widget-text-editor\" data-id=\"5bdca76\" data-element_type=\"widget\" data-widget_type=\"text-editor.default\">\n\t\t\t\t<div class=\"elementor-widget-container\">\n\t\t\t\t\t\t\t\t<div class=\"elementor-text-editor elementor-clearfix\">\n\t\t\t\t\t<p>25 oktyabr tarixind\u0259 Az\u0259rbaycan Respublikas\u0131n\u0131n G\u0259ncl\u0259r Fondu t\u0259r\u0259find\u0259n elan edil\u0259n &#8220;\u0130stedadl\u0131 T\u0259l\u0259b\u0259l\u0259rin T\u0259hsil Haqq\u0131n\u0131n \u00f6d\u0259nilm\u0259si&#8221; m\u00fcsabiq\u0259si il\u0259 \u0259laq\u0259dar olaraq D\u00f6vl\u0259t \u0130dar\u0259\u00e7ilik Akademiyas\u0131n\u0131n t\u0259l\u0259b\u0259l\u0259ri il\u0259 g\u00f6r\u00fc\u015f ba\u015f tutmu\u015fdur. G\u00f6r\u00fc\u015f\u00fcn giri\u015f hiss\u0259sind\u0259 t\u0259hsil m\u00fc\u0259ssis\u0259sinin m\u00fc\u015faviri Zaur M\u0259mm\u0259dov G\u0259ncl\u0259r Fondu v\u0259 D\u00f6vl\u0259t \u0130dar\u0259\u00e7ilik Akademiyas\u0131 aras\u0131nda \u00f6t\u0259n il imzalanm\u0131\u015f memoranduma diqq\u0259t \u00e7\u0259k\u0259r\u0259k Az\u0259rbaycanda g\u0259ncl\u0259r\u0259 d\u00f6vl\u0259t qay\u011f\u0131s\u0131ndan b\u0259hs etmi\u015f, bu kimi layih\u0259l\u0259rin sosial istiqam\u0259td\u0259 m\u00fch\u00fcm xarakter da\u015f\u0131d\u0131\u011f\u0131n\u0131 qeyd etmi\u015fdir.\n\nDaha sonra G\u0259ncl\u0259r Fondunun n\u00fcmay\u0259nd\u0259si Rahim R\u0259himov geni\u015f \u015f\u0259kild\u0259 \u00e7\u0131x\u0131\u015f ed\u0259r\u0259k T\u0259hsil haqq\u0131n\u0131n \u00f6d\u0259nilm\u0259si m\u00fcqabiq\u0259si il\u0259 ba\u011fl\u0131 prezentasiya n\u00fcmayi\u015f etdirmi\u015fdir. Rahim R\u0259himov \u00e7\u0131x\u0131\u015f\u0131 zaman\u0131 g\u0259ncl\u0259r\u0259 bu vacib m\u00fcsabiq\u0259nin m\u0259qs\u0259dl\u0259ri, \u015f\u0259rtl\u0259ri v\u0259 istiqam\u0259tl\u0259ri haqq\u0131nda m\u0259lumat vermi\u015fdir. T\u0259l\u0259b\u0259l\u0259rin aktiv suallar\u0131 il\u0259 davam ed\u0259n g\u00f6r\u00fc\u015fd\u0259 g\u0259ncl\u0259rin  G\u0259ncl\u0259r Fondunun bu v\u0259 dig\u0259r layih\u0259l\u0259ri il\u0259 ba\u011fl\u0131 onlar\u0131  suallar\u0131 cavabland\u0131r\u0131lm\u0131\u015fd\u0131r.\n\nMusabiq\u0259d\u0259 i\u015ftirak etm\u0259k ist\u0259y\u0259n g\u0259nc t\u0259l\u0259b\u0259l\u0259r 1 noyabr 2022-ci il, saat 18:00- d\u0259k m\u00fcraci\u0259t ed\u0259 bil\u0259rl\u0259r.<\/p>\t\t\t\t\t<\/div>\n\t\t\t\t\t\t<\/div>\n\t\t\t\t<\/div>\n\t\t\t\t\t\t<\/div>\n\t\t\t\t\t<\/div>\n\t\t<\/div>\n\t\t\t\t\t\t\t\t<\/div>\n\t\t\t\t\t<\/div>\n\t\t<\/section>\n\t\t\t\t\t\t<\/div>\n\t\t\t\t\t\t<\/div>\n\t\t\t\t\t<\/div>","protected":false},"excerpt":{"rendered":"<p>&#8220;\u0130stedadl\u0131 T\u0259l\u0259b\u0259l\u0259rin T\u0259hsil Haqq\u0131n\u0131n \u00f6d\u0259nilm\u0259si&#8221; m\u00fcsabiq\u0259si il\u0259 \u0259laq\u0259dar olaraq D\u0130A-n\u0131n t\u0259l\u0259b\u0259l\u0259ri il\u0259 g\u00f6r\u00fc\u015f ke\u00e7irilib 25 oktyabr tarixind\u0259 Az\u0259rbaycan Respublikas\u0131n\u0131n G\u0259ncl\u0259r Fondu t\u0259r\u0259find\u0259n elan edil\u0259n &#8220;\u0130stedadl\u0131 T\u0259l\u0259b\u0259l\u0259rin T\u0259hsil Haqq\u0131n\u0131n \u00f6d\u0259nilm\u0259si&#8221; m\u00fcsabiq\u0259si il\u0259 \u0259laq\u0259dar olaraq D\u00f6vl\u0259t \u0130dar\u0259\u00e7ilik Akademiyas\u0131n\u0131n t\u0259l\u0259b\u0259l\u0259ri il\u0259 g\u00f6r\u00fc\u015f ba\u015f tutmu\u015fdur. G\u00f6r\u00fc\u015f\u00fcn giri\u015f hiss\u0259sind\u0259 t\u0259hsil m\u00fc\u0259ssis\u0259sinin m\u00fc\u015faviri Zaur M\u0259mm\u0259dov G\u0259ncl\u0259r Fondu v\u0259 D\u00f6vl\u0259t \u0130dar\u0259\u00e7ilik Akademiyas\u0131 [&hellip;]<\/p>","protected":false},"author":2,"featured_media":18768,"comment_status":"closed","ping_status":"closed","sticky":false,"template":"","format":"standard","meta":[],"categories":[137],"tags":[],"_links":{"self":[{"href":"https:\/\/legacy.dia.edu.az\/ru\/wp-json\/wp\/v2\/posts\/18767"}],"collection":[{"href":"https:\/\/legacy.dia.edu.az\/ru\/wp-json\/wp\/v2\/posts"}],"about":[{"href":"https:\/\/legacy.dia.edu.az\/ru\/wp-json\/wp\/v2\/types\/post"}],"author":[{"embeddable":true,"href":"https:\/\/legacy.dia.edu.az\/ru\/wp-json\/wp\/v2\/users\/2"}],"replies":[{"embeddable":true,"href":"https:\/\/legacy.dia.edu.az\/ru\/wp-json\/wp\/v2\/comments?post=18767"}],"version-history":[{"count":8,"href":"https:\/\/legacy.dia.edu.az\/ru\/wp-json\/wp\/v2\/posts\/18767\/revisions"}],"predecessor-version":[{"id":18778,"href":"https:\/\/legacy.dia.edu.az\/ru\/wp-json\/wp\/v2\/posts\/18767\/revisions\/18778"}],"wp:featuredmedia":[{"embeddable":true,"href":"https:\/\/legacy.dia.edu.az\/ru\/wp-json\/wp\/v2\/media\/18768"}],"wp:attachment":[{"href":"https:\/\/legacy.dia.edu.az\/ru\/wp-json\/wp\/v2\/media?parent=18767"}],"wp:term":[{"taxonomy":"category","embeddable":true,"href":"https:\/\/legacy.dia.edu.az\/ru\/wp-json\/wp\/v2\/categories?post=18767"},{"taxonomy":"post_tag","embeddable":true,"href":"https:\/\/legacy.dia.edu.az\/ru\/wp-json\/wp\/v2\/tags?post=18767"}],"curies":[{"name":"wp","href":"https:\/\/api.w.org\/{rel}","templated":true}]}}