{"id":18623,"date":"2022-10-18T11:40:04","date_gmt":"2022-10-18T07:40:04","guid":{"rendered":"https:\/\/dia.edu.az\/?p=18623"},"modified":"2022-10-18T12:07:32","modified_gmt":"2022-10-18T08:07:32","slug":"dia-emekdasi-almaniya-beyn%c9%99lxalq-%c9%99m%c9%99kdasliq-c%c9%99miyy%c9%99tinin-berlind%c9%99-kecirdiyi-s%c9%99rq-t%c9%99r%c9%99fdasligi-olk%c9%99l%c9%99rind%c9%99-yaxsi-idar%c9%99cilik-uzr","status":"publish","type":"post","link":"https:\/\/legacy.dia.edu.az\/ru\/arxivl\u0259r\/18623","title":{"rendered":"D\u0130A \u0259m\u0259kda\u015f\u0131 Almaniya Beyn\u0259lxalq \u018fm\u0259kda\u015fl\u0131q C\u0259miyy\u0259tinin Berlind\u0259 ke\u00e7irdiyi \u201c\u015e\u0259rq T\u0259r\u0259fda\u015fl\u0131\u011f\u0131 \u00f6lk\u0259l\u0259rind\u0259 yax\u015f\u0131 idar\u0259\u00e7ilik \u00fczr\u0259 pay\u0131z m\u0259kt\u0259bi\u201dnd\u0259 i\u015ftirak edib"},"content":{"rendered":"<div data-elementor-type=\"wp-post\" data-elementor-id=\"18623\" class=\"elementor elementor-18623\" data-elementor-settings=\"[]\">\n\t\t\t\t\t\t<div class=\"elementor-inner\">\n\t\t\t\t\t\t\t<div class=\"elementor-section-wrap\">\n\t\t\t\t\t\t\t<section class=\"elementor-section elementor-top-section elementor-element elementor-element-3492382 elementor-section-boxed elementor-section-height-default elementor-section-height-default\" data-id=\"3492382\" data-element_type=\"section\">\n\t\t\t\t\t\t<div class=\"elementor-container elementor-column-gap-default\">\n\t\t\t\t\t\t\t<div class=\"elementor-row\">\n\t\t\t\t\t<div class=\"elementor-column elementor-col-100 elementor-top-column elementor-element elementor-element-393669e\" data-id=\"393669e\" data-element_type=\"column\">\n\t\t\t<div class=\"elementor-column-wrap elementor-element-populated\">\n\t\t\t\t\t\t\t<div class=\"elementor-widget-wrap\">\n\t\t\t\t\t\t<div class=\"elementor-element elementor-element-9e22192 elementor-widget elementor-widget-text-editor\" data-id=\"9e22192\" data-element_type=\"widget\" data-widget_type=\"text-editor.default\">\n\t\t\t\t<div class=\"elementor-widget-container\">\n\t\t\t\t\t\t\t\t<div class=\"elementor-text-editor elementor-clearfix\">\n\t\t\t\t\tD\u0130A \u0259m\u0259kda\u015f\u0131 Almaniya Beyn\u0259lxalq \u018fm\u0259kda\u015fl\u0131q C\u0259miyy\u0259tinin Berlind\u0259 ke\u00e7irdiyi \u201c\u015e\u0259rq T\u0259r\u0259fda\u015fl\u0131\u011f\u0131 \u00f6lk\u0259l\u0259rind\u0259 yax\u015f\u0131 idar\u0259\u00e7ilik \u00fczr\u0259 pay\u0131z m\u0259kt\u0259bi\u201dnd\u0259 i\u015ftirak edib\t\t\t\t\t<\/div>\n\t\t\t\t\t\t<\/div>\n\t\t\t\t<\/div>\n\t\t\t\t\t\t<\/div>\n\t\t\t\t\t<\/div>\n\t\t<\/div>\n\t\t\t\t\t\t\t\t<\/div>\n\t\t\t\t\t<\/div>\n\t\t<\/section>\n\t\t\t\t<section class=\"elementor-section elementor-top-section elementor-element elementor-element-3b9d0ff elementor-section-boxed elementor-section-height-default elementor-section-height-default\" data-id=\"3b9d0ff\" data-element_type=\"section\">\n\t\t\t\t\t\t<div class=\"elementor-container elementor-column-gap-default\">\n\t\t\t\t\t\t\t<div class=\"elementor-row\">\n\t\t\t\t\t<div class=\"elementor-column elementor-col-100 elementor-top-column elementor-element elementor-element-66524c6\" data-id=\"66524c6\" data-element_type=\"column\">\n\t\t\t<div class=\"elementor-column-wrap elementor-element-populated\">\n\t\t\t\t\t\t\t<div class=\"elementor-widget-wrap\">\n\t\t\t\t\t\t<div class=\"elementor-element elementor-element-c446b86 elementor-widget elementor-widget-text-editor\" data-id=\"c446b86\" data-element_type=\"widget\" data-widget_type=\"text-editor.default\">\n\t\t\t\t<div class=\"elementor-widget-container\">\n\t\t\t\t\t\t\t\t<div class=\"elementor-text-editor elementor-clearfix\">\n\t\t\t\t\t<p>26-30 sentyabr 2022-ci il tarixl\u0259rind\u0259 Almaniya Federativ Respublikas\u0131n\u0131n paytaxt\u0131 Berlin \u015f\u0259h\u0259rind\u0259 Almaniya Beyn\u0259lxalq \u018fm\u0259kda\u015fl\u0131q C\u0259miyy\u0259tinin (G\u0130Z) \u201cPe\u015f\u0259kar d\u00f6vl\u0259t qullu\u011fu v\u0259 pe\u015f\u0259 t\u0259hsili v\u0259 t\u0259limi\u201d layih\u0259sinin ikinci m\u0259rh\u0259l\u0259si \u00e7\u0259r\u00e7iv\u0259sind\u0259 \u015e\u0259rq T\u0259r\u0259fda\u015fl\u0131\u011f\u0131 (\u015eT) \u00f6lk\u0259l\u0259rinin n\u00fcmay\u0259nd\u0259l\u0259ri \u00fc\u00e7\u00fcn \u201c\u015eT \u00f6lk\u0259l\u0259rind\u0259 yax\u015f\u0131 idar\u0259\u00e7ilik \u00fczr\u0259 pay\u0131z m\u0259kt\u0259bi\u201d t\u0259\u015fkil olunub.<\/p>\n<p>G\u0130Z, Hertie M\u0259kt\u0259bi v\u0259 Alterbridge Beyn\u0259lxalq \u0130dar\u0259etm\u0259 v\u0259 Kommunikasiya Universitetinin birg\u0259 t\u0259\u015fkilat\u00e7\u0131l\u0131\u011f\u0131 il\u0259 ke\u00e7iril\u0259n t\u0259limd\u0259 D\u0130A-n\u0131n Elektron idar\u0259etm\u0259 \u015f\u00f6b\u0259sinin m\u00fcdiri  S\u0259rxanb\u0259y Xudiyev i\u015ftirak edib.<\/p>\n<p>Pay\u0131z m\u0259kt\u0259bi \u201cBeyn\u0259lxalq m\u00fcnaqi\u015f\u0259l\u0259rin idar\u0259 edilm\u0259si\u201d, \u201cSiyas\u0259t\u00e7il\u0259r \u00fc\u00e7\u00fcn effektiv yaz\u0131\u201d, \u201cD\u00f6vl\u0259t sektorunda innovasiya v\u0259 transformasiya\u201d, \u201cD\u00f6vl\u0259t sektorunda siyasi \u00fcnsiyy\u0259t v\u0259 s\u00fcni intellekt\u201d, \u201cS\u00fcni intellekt v\u0259 insanlar\u0131n idar\u0259 edilm\u0259si\u201d v\u0259 dig\u0259r m\u00f6vzular\u0131 \u0259hat\u0259 edib. T\u0259liml\u0259r Almaniyan\u0131n d\u00f6vl\u0259t qullu\u011fu sah\u0259sinin m\u00fct\u0259x\u0259ssisl\u0259ri t\u0259r\u0259find\u0259n apar\u0131l\u0131b.<\/p>\n<p>Pay\u0131z m\u0259kt\u0259bi \u00e7\u0259r\u00e7iv\u0259sind\u0259 28 sentyabr tarixind\u0259 \u0130qtisadiyyat v\u0259 \u0130qlim F\u0259aliyy\u0259ti \u00fczr\u0259 Federal Nazirliy\u0259 s\u0259f\u0259r t\u0259\u015fkil olunub.<\/p>\n<p>\u201cPe\u015f\u0259kar d\u00f6vl\u0259t qullu\u011fu v\u0259 pe\u015f\u0259 t\u0259hsili v\u0259 t\u0259limi\u201d regional layih\u0259sinin m\u0259n\u015f\u0259sini d\u00f6vl\u0259t sektorunda m\u00fcnt\u0259z\u0259m qar\u015f\u0131l\u0131ql\u0131 t\u0259cr\u00fcb\u0259 m\u00fcbadil\u0259si yolu il\u0259 m\u00fcasir t\u0259lim yana\u015fmalar\u0131n\u0131 inki\u015faf etdirm\u0259k v\u0259 praktiki d\u0259st\u0259k verm\u0259kdir.<\/p>\n<p>2022-ci ilin yanvar ay\u0131ndan ba\u015flayan layih\u0259nin 2024-c\u00fc ilin oktyabr ay\u0131nad\u0259k davam etm\u0259si planla\u015fd\u0131r\u0131l\u0131r. 2 illik regional layih\u0259 \u00e7\u0259r\u00e7iv\u0259sind\u0259 m\u00fcxt\u0259lif t\u0259liml\u0259r n\u0259z\u0259rd\u0259 tutulub v\u0259 layih\u0259 6 t\u0259lim modulu il\u0259 be\u015f g\u00fcn davam ed\u0259n t\u0259limi \u0259hat\u0259 edir.<\/p>\t\t\t\t\t<\/div>\n\t\t\t\t\t\t<\/div>\n\t\t\t\t<\/div>\n\t\t\t\t\t\t<\/div>\n\t\t\t\t\t<\/div>\n\t\t<\/div>\n\t\t\t\t\t\t\t\t<\/div>\n\t\t\t\t\t<\/div>\n\t\t<\/section>\n\t\t\t\t\t\t<\/div>\n\t\t\t\t\t\t<\/div>\n\t\t\t\t\t<\/div>","protected":false},"excerpt":{"rendered":"<p>D\u0130A \u0259m\u0259kda\u015f\u0131 Almaniya Beyn\u0259lxalq \u018fm\u0259kda\u015fl\u0131q C\u0259miyy\u0259tinin Berlind\u0259 ke\u00e7irdiyi \u201c\u015e\u0259rq T\u0259r\u0259fda\u015fl\u0131\u011f\u0131 \u00f6lk\u0259l\u0259rind\u0259 yax\u015f\u0131 idar\u0259\u00e7ilik \u00fczr\u0259 pay\u0131z m\u0259kt\u0259bi\u201dnd\u0259 i\u015ftirak edib 26-30 sentyabr 2022-ci il tarixl\u0259rind\u0259 Almaniya Federativ Respublikas\u0131n\u0131n paytaxt\u0131 Berlin \u015f\u0259h\u0259rind\u0259 Almaniya Beyn\u0259lxalq \u018fm\u0259kda\u015fl\u0131q C\u0259miyy\u0259tinin (G\u0130Z) \u201cPe\u015f\u0259kar d\u00f6vl\u0259t qullu\u011fu v\u0259 pe\u015f\u0259 t\u0259hsili v\u0259 t\u0259limi\u201d layih\u0259sinin ikinci m\u0259rh\u0259l\u0259si \u00e7\u0259r\u00e7iv\u0259sind\u0259 \u015e\u0259rq T\u0259r\u0259fda\u015fl\u0131\u011f\u0131 (\u015eT) \u00f6lk\u0259l\u0259rinin n\u00fcmay\u0259nd\u0259l\u0259ri \u00fc\u00e7\u00fcn \u201c\u015eT \u00f6lk\u0259l\u0259rind\u0259 yax\u015f\u0131 [&hellip;]<\/p>","protected":false},"author":2,"featured_media":18624,"comment_status":"closed","ping_status":"closed","sticky":false,"template":"","format":"standard","meta":[],"categories":[137],"tags":[],"_links":{"self":[{"href":"https:\/\/legacy.dia.edu.az\/ru\/wp-json\/wp\/v2\/posts\/18623"}],"collection":[{"href":"https:\/\/legacy.dia.edu.az\/ru\/wp-json\/wp\/v2\/posts"}],"about":[{"href":"https:\/\/legacy.dia.edu.az\/ru\/wp-json\/wp\/v2\/types\/post"}],"author":[{"embeddable":true,"href":"https:\/\/legacy.dia.edu.az\/ru\/wp-json\/wp\/v2\/users\/2"}],"replies":[{"embeddable":true,"href":"https:\/\/legacy.dia.edu.az\/ru\/wp-json\/wp\/v2\/comments?post=18623"}],"version-history":[{"count":9,"href":"https:\/\/legacy.dia.edu.az\/ru\/wp-json\/wp\/v2\/posts\/18623\/revisions"}],"predecessor-version":[{"id":18634,"href":"https:\/\/legacy.dia.edu.az\/ru\/wp-json\/wp\/v2\/posts\/18623\/revisions\/18634"}],"wp:featuredmedia":[{"embeddable":true,"href":"https:\/\/legacy.dia.edu.az\/ru\/wp-json\/wp\/v2\/media\/18624"}],"wp:attachment":[{"href":"https:\/\/legacy.dia.edu.az\/ru\/wp-json\/wp\/v2\/media?parent=18623"}],"wp:term":[{"taxonomy":"category","embeddable":true,"href":"https:\/\/legacy.dia.edu.az\/ru\/wp-json\/wp\/v2\/categories?post=18623"},{"taxonomy":"post_tag","embeddable":true,"href":"https:\/\/legacy.dia.edu.az\/ru\/wp-json\/wp\/v2\/tags?post=18623"}],"curies":[{"name":"wp","href":"https:\/\/api.w.org\/{rel}","templated":true}]}}