{"id":18402,"date":"2022-09-23T15:10:01","date_gmt":"2022-09-23T11:10:01","guid":{"rendered":"https:\/\/dia.edu.az\/?p=18402"},"modified":"2022-09-23T15:14:45","modified_gmt":"2022-09-23T11:14:45","slug":"tarix-kafedrasinin-professoru-fuad-m%c9%99mm%c9%99dovun-az%c9%99rbaycanda-kulturologiya-adli-m%c9%99qal%c9%99si-d%c9%99rc-edilmisdir","status":"publish","type":"post","link":"https:\/\/legacy.dia.edu.az\/ru\/arxivl\u0259r\/18402","title":{"rendered":"\u201cTarix\u201d kafedras\u0131n\u0131n professoru Fuad M\u0259mm\u0259dovun \u201cAz\u0259rbaycanda Kulturologiya\u201d adl\u0131 m\u0259qal\u0259si d\u0259rc edilmi\u015fdir"},"content":{"rendered":"<div data-elementor-type=\"wp-post\" data-elementor-id=\"18402\" class=\"elementor elementor-18402\" data-elementor-settings=\"[]\">\n\t\t\t\t\t\t<div class=\"elementor-inner\">\n\t\t\t\t\t\t\t<div class=\"elementor-section-wrap\">\n\t\t\t\t\t\t\t<section class=\"elementor-section elementor-top-section elementor-element elementor-element-d36ee84 elementor-section-boxed elementor-section-height-default elementor-section-height-default\" data-id=\"d36ee84\" data-element_type=\"section\">\n\t\t\t\t\t\t<div class=\"elementor-container elementor-column-gap-default\">\n\t\t\t\t\t\t\t<div class=\"elementor-row\">\n\t\t\t\t\t<div class=\"elementor-column elementor-col-100 elementor-top-column elementor-element elementor-element-14fa815\" data-id=\"14fa815\" data-element_type=\"column\">\n\t\t\t<div class=\"elementor-column-wrap elementor-element-populated\">\n\t\t\t\t\t\t\t<div class=\"elementor-widget-wrap\">\n\t\t\t\t\t\t<div class=\"elementor-element elementor-element-c151d57 elementor-widget elementor-widget-text-editor\" data-id=\"c151d57\" data-element_type=\"widget\" data-widget_type=\"text-editor.default\">\n\t\t\t\t<div class=\"elementor-widget-container\">\n\t\t\t\t\t\t\t\t<div class=\"elementor-text-editor elementor-clearfix\">\n\t\t\t\t\t<p style=\"text-align: justify;\">Fransan\u0131n T\u0259hsil Nazirliyi t\u0259r\u0259find\u0259n d\u0259sk\u0259tl\u0259n\u0259n \u201cCANAL\u201d adl\u0131 saytda Az\u0259rbaycan Respublikas\u0131n\u0131n Prezidenti yan\u0131nda D\u00f6vl\u0259t \u0130dar\u0259\u00e7ilik Akademiyas\u0131n\u0131n \u201cTarix\u201d kafedras\u0131n\u0131n professoru, tarix elml\u0259ri doktoru, \u201cSimurq\u201d Az\u0259rbaycan M\u0259d\u0259niyy\u0259t Assosiyasiyas\u0131n\u0131n prezidenti Fuad M\u0259mm\u0259dovun f\u0259aliyy\u0259ti bar\u0259d\u0259 m\u0259lumat v\u0259 \u201cAz\u0259rbaycanda Kulturologiya\u201d adl\u0131 m\u0259qal\u0259si d\u0259rc edilmi\u015fdir.<\/p>\n<p style=\"text-align: justify;\">Ke\u00e7id \u00fc\u00e7\u00fcn link: <a href=\"https:\/\/www.canal-u.tv\/chaines\/fmsh\/mamedov-fuad\/culturologie-en-%20azerbaidjan-kulturologiya-azrbaycanda\">https:\/\/www.canal-u.tv\/chaines\/fmsh\/mamedov-fuad\/culturologie-en-azerbaidjan-kulturologiya-azrbaycanda<\/a><\/p>\n<p style=\"text-align: justify;\">&nbsp;<\/p>\t\t\t\t\t<\/div>\n\t\t\t\t\t\t<\/div>\n\t\t\t\t<\/div>\n\t\t\t\t\t\t<\/div>\n\t\t\t\t\t<\/div>\n\t\t<\/div>\n\t\t\t\t\t\t\t\t<\/div>\n\t\t\t\t\t<\/div>\n\t\t<\/section>\n\t\t\t\t\t\t<\/div>\n\t\t\t\t\t\t<\/div>\n\t\t\t\t\t<\/div>","protected":false},"excerpt":{"rendered":"<p>Fransan\u0131n T\u0259hsil Nazirliyi t\u0259r\u0259find\u0259n d\u0259sk\u0259tl\u0259n\u0259n \u201cCANAL\u201d adl\u0131 saytda Az\u0259rbaycan Respublikas\u0131n\u0131n Prezidenti yan\u0131nda D\u00f6vl\u0259t \u0130dar\u0259\u00e7ilik Akademiyas\u0131n\u0131n \u201cTarix\u201d kafedras\u0131n\u0131n professoru, tarix elml\u0259ri doktoru, \u201cSimurq\u201d Az\u0259rbaycan M\u0259d\u0259niyy\u0259t Assosiyasiyas\u0131n\u0131n prezidenti Fuad M\u0259mm\u0259dovun f\u0259aliyy\u0259ti bar\u0259d\u0259 m\u0259lumat v\u0259 \u201cAz\u0259rbaycanda Kulturologiya\u201d adl\u0131 m\u0259qal\u0259si d\u0259rc edilmi\u015fdir. Ke\u00e7id \u00fc\u00e7\u00fcn link: https:\/\/www.canal-u.tv\/chaines\/fmsh\/mamedov-fuad\/culturologie-en-azerbaidjan-kulturologiya-azrbaycanda &nbsp;<\/p>","protected":false},"author":2,"featured_media":18403,"comment_status":"closed","ping_status":"closed","sticky":false,"template":"","format":"standard","meta":[],"categories":[137],"tags":[],"_links":{"self":[{"href":"https:\/\/legacy.dia.edu.az\/ru\/wp-json\/wp\/v2\/posts\/18402"}],"collection":[{"href":"https:\/\/legacy.dia.edu.az\/ru\/wp-json\/wp\/v2\/posts"}],"about":[{"href":"https:\/\/legacy.dia.edu.az\/ru\/wp-json\/wp\/v2\/types\/post"}],"author":[{"embeddable":true,"href":"https:\/\/legacy.dia.edu.az\/ru\/wp-json\/wp\/v2\/users\/2"}],"replies":[{"embeddable":true,"href":"https:\/\/legacy.dia.edu.az\/ru\/wp-json\/wp\/v2\/comments?post=18402"}],"version-history":[{"count":4,"href":"https:\/\/legacy.dia.edu.az\/ru\/wp-json\/wp\/v2\/posts\/18402\/revisions"}],"predecessor-version":[{"id":18408,"href":"https:\/\/legacy.dia.edu.az\/ru\/wp-json\/wp\/v2\/posts\/18402\/revisions\/18408"}],"wp:featuredmedia":[{"embeddable":true,"href":"https:\/\/legacy.dia.edu.az\/ru\/wp-json\/wp\/v2\/media\/18403"}],"wp:attachment":[{"href":"https:\/\/legacy.dia.edu.az\/ru\/wp-json\/wp\/v2\/media?parent=18402"}],"wp:term":[{"taxonomy":"category","embeddable":true,"href":"https:\/\/legacy.dia.edu.az\/ru\/wp-json\/wp\/v2\/categories?post=18402"},{"taxonomy":"post_tag","embeddable":true,"href":"https:\/\/legacy.dia.edu.az\/ru\/wp-json\/wp\/v2\/tags?post=18402"}],"curies":[{"name":"wp","href":"https:\/\/api.w.org\/{rel}","templated":true}]}}