{"id":18350,"date":"2022-09-22T13:42:21","date_gmt":"2022-09-22T09:42:21","guid":{"rendered":"https:\/\/dia.edu.az\/?p=18350"},"modified":"2022-09-23T14:15:32","modified_gmt":"2022-09-23T10:15:32","slug":"tarix-kafedrasinin-professorunun-musahib%c9%99si-d%c9%99rc-edilib","status":"publish","type":"post","link":"https:\/\/legacy.dia.edu.az\/ru\/arxivl\u0259r\/18350","title":{"rendered":"&#8220;Tarix&#8221; kafedras\u0131n\u0131n professorunun m\u00fcsahib\u0259si d\u0259rc edilib"},"content":{"rendered":"<div data-elementor-type=\"wp-post\" data-elementor-id=\"18350\" class=\"elementor elementor-18350\" data-elementor-settings=\"[]\">\n\t\t\t\t\t\t<div class=\"elementor-inner\">\n\t\t\t\t\t\t\t<div class=\"elementor-section-wrap\">\n\t\t\t\t\t\t\t<section class=\"elementor-section elementor-top-section elementor-element elementor-element-96a6fc9 elementor-section-boxed elementor-section-height-default elementor-section-height-default\" data-id=\"96a6fc9\" data-element_type=\"section\">\n\t\t\t\t\t\t<div class=\"elementor-container elementor-column-gap-default\">\n\t\t\t\t\t\t\t<div class=\"elementor-row\">\n\t\t\t\t\t<div class=\"elementor-column elementor-col-100 elementor-top-column elementor-element elementor-element-dd2c8af\" data-id=\"dd2c8af\" data-element_type=\"column\">\n\t\t\t<div class=\"elementor-column-wrap elementor-element-populated\">\n\t\t\t\t\t\t\t<div class=\"elementor-widget-wrap\">\n\t\t\t\t\t\t<div class=\"elementor-element elementor-element-2cf7831 elementor-widget elementor-widget-text-editor\" data-id=\"2cf7831\" data-element_type=\"widget\" data-widget_type=\"text-editor.default\">\n\t\t\t\t<div class=\"elementor-widget-container\">\n\t\t\t\t\t\t\t\t<div class=\"elementor-text-editor elementor-clearfix\">\n\t\t\t\t\t<p>Az\u0259rbaycan Respublikas\u0131n\u0131n Prezidenti yan\u0131nda D\u00f6vl\u0259t \u0130dar\u0259\u00e7ilik Akademiyas\u0131n\u0131n \u201cTarix\u201d kafedras\u0131n\u0131n professoru, tarix elml\u0259ri doktoru, \u201cSimurq\u201d Az\u0259rbaycan M\u0259d\u0259niyy\u0259t Assosiyasiyas\u0131n\u0131n prezidenti Fuad M\u0259mm\u0259dovun \u00ab\u0411\u0430\u043a\u0438\u043d\u0441\u043a\u0438\u0439 \u0440\u0430\u0431\u043e\u0447\u0438\u0439\u00bb q\u0259zetind\u0259 m\u00fcsahib\u0259si d\u0259rc edilib.&nbsp; &nbsp; &nbsp; &nbsp; &nbsp;&nbsp;<\/p><p>&nbsp; &nbsp;Ke\u00e7id \u00fc\u00e7\u00fcn link: <a href=\"https:\/\/br.az\/politics\/20220915093530723.html\">\u201c\u0411\u0430\u043a\u0438\u043d\u0441\u043a\u0438\u0439 \u0440\u0430\u0431\u043e\u0447\u0438\u0439\u201d<\/a><br><\/p>\t\t\t\t\t<\/div>\n\t\t\t\t\t\t<\/div>\n\t\t\t\t<\/div>\n\t\t\t\t\t\t<\/div>\n\t\t\t\t\t<\/div>\n\t\t<\/div>\n\t\t\t\t\t\t\t\t<\/div>\n\t\t\t\t\t<\/div>\n\t\t<\/section>\n\t\t\t\t\t\t<\/div>\n\t\t\t\t\t\t<\/div>\n\t\t\t\t\t<\/div>","protected":false},"excerpt":{"rendered":"<p>Az\u0259rbaycan Respublikas\u0131n\u0131n Prezidenti yan\u0131nda D\u00f6vl\u0259t \u0130dar\u0259\u00e7ilik Akademiyas\u0131n\u0131n \u201cTarix\u201d kafedras\u0131n\u0131n professoru, tarix elml\u0259ri doktoru, \u201cSimurq\u201d Az\u0259rbaycan M\u0259d\u0259niyy\u0259t Assosiyasiyas\u0131n\u0131n prezidenti Fuad M\u0259mm\u0259dovun \u00ab\u0411\u0430\u043a\u0438\u043d\u0441\u043a\u0438\u0439 \u0440\u0430\u0431\u043e\u0447\u0438\u0439\u00bb q\u0259zetind\u0259 m\u00fcsahib\u0259si d\u0259rc edilib.&nbsp; &nbsp; &nbsp; &nbsp; &nbsp;&nbsp; &nbsp; &nbsp;Ke\u00e7id \u00fc\u00e7\u00fcn link: \u201c\u0411\u0430\u043a\u0438\u043d\u0441\u043a\u0438\u0439 \u0440\u0430\u0431\u043e\u0447\u0438\u0439\u201d<\/p>","protected":false},"author":2,"featured_media":18362,"comment_status":"closed","ping_status":"closed","sticky":false,"template":"","format":"standard","meta":[],"categories":[137],"tags":[],"_links":{"self":[{"href":"https:\/\/legacy.dia.edu.az\/ru\/wp-json\/wp\/v2\/posts\/18350"}],"collection":[{"href":"https:\/\/legacy.dia.edu.az\/ru\/wp-json\/wp\/v2\/posts"}],"about":[{"href":"https:\/\/legacy.dia.edu.az\/ru\/wp-json\/wp\/v2\/types\/post"}],"author":[{"embeddable":true,"href":"https:\/\/legacy.dia.edu.az\/ru\/wp-json\/wp\/v2\/users\/2"}],"replies":[{"embeddable":true,"href":"https:\/\/legacy.dia.edu.az\/ru\/wp-json\/wp\/v2\/comments?post=18350"}],"version-history":[{"count":25,"href":"https:\/\/legacy.dia.edu.az\/ru\/wp-json\/wp\/v2\/posts\/18350\/revisions"}],"predecessor-version":[{"id":18401,"href":"https:\/\/legacy.dia.edu.az\/ru\/wp-json\/wp\/v2\/posts\/18350\/revisions\/18401"}],"wp:featuredmedia":[{"embeddable":true,"href":"https:\/\/legacy.dia.edu.az\/ru\/wp-json\/wp\/v2\/media\/18362"}],"wp:attachment":[{"href":"https:\/\/legacy.dia.edu.az\/ru\/wp-json\/wp\/v2\/media?parent=18350"}],"wp:term":[{"taxonomy":"category","embeddable":true,"href":"https:\/\/legacy.dia.edu.az\/ru\/wp-json\/wp\/v2\/categories?post=18350"},{"taxonomy":"post_tag","embeddable":true,"href":"https:\/\/legacy.dia.edu.az\/ru\/wp-json\/wp\/v2\/tags?post=18350"}],"curies":[{"name":"wp","href":"https:\/\/api.w.org\/{rel}","templated":true}]}}