{"id":18331,"date":"2022-09-21T23:19:49","date_gmt":"2022-09-21T19:19:49","guid":{"rendered":"https:\/\/dia.edu.az\/?p=18331"},"modified":"2022-10-17T13:42:25","modified_gmt":"2022-10-17T09:42:25","slug":"heyd%c9%99r-%c9%99liyev-dovl%c9%99t-idar%c9%99ciliyi-m%c9%99kt%c9%99bind%c9%99-ilk-muhazir%c9%99-dinl%c9%99nilib","status":"publish","type":"post","link":"https:\/\/legacy.dia.edu.az\/ru\/arxivl\u0259r\/18331","title":{"rendered":"Heyd\u0259r \u018fliyev D\u00f6vl\u0259t \u0130dar\u0259\u00e7iliyi M\u0259kt\u0259bind\u0259 ilk m\u00fchazir\u0259 dinl\u0259nilib"},"content":{"rendered":"<div class=\"wpb_images_carousel wpb_content_element vc_clearfix\"><div class=\"wpb_wrapper\"><div id=\"vc_images-carousel-1-1777479176\" data-ride=\"vc_carousel\" data-wrap=\"false\" style=\"width: 150px;\" data-interval=\"0\" data-auto-height=\"yes\" data-mode=\"horizontal\" data-partial=\"false\" data-per-view=\"1\" data-hide-on-end=\"true\" class=\"vc_slide vc_images_carousel\"><ol class=\"vc_carousel-indicators\"><li data-target=\"#vc_images-carousel-1-1777479176\" data-slide-to=\"0\"><\/li><li data-target=\"#vc_images-carousel-1-1777479176\" data-slide-to=\"1\"><\/li><li data-target=\"#vc_images-carousel-1-1777479176\" data-slide-to=\"2\"><\/li><li data-target=\"#vc_images-carousel-1-1777479176\" data-slide-to=\"3\"><\/li><\/ol><div class=\"vc_carousel-inner\"><div class=\"vc_carousel-slideline\"><div class=\"vc_carousel-slideline-inner\"><div class=\"vc_item\"><div class=\"vc_inner\"><a class=\"\" href=\"https:\/\/legacy.dia.edu.az\/wp-content\/uploads\/2022\/09\/DSC_6003MM-450x306.jpg\" data-lightbox=\"lightbox[rel-18331-3061023108]\"><img width=\"150\" height=\"150\" src=\"https:\/\/legacy.dia.edu.az\/wp-content\/uploads\/2022\/09\/DSC_6003MM-150x150.jpg\" class=\"attachment-thumbnail\" alt=\"\" title=\"DSC_6003MM\" srcset=\"https:\/\/legacy.dia.edu.az\/wp-content\/uploads\/2022\/09\/DSC_6003MM-150x150.jpg 150w, https:\/\/legacy.dia.edu.az\/wp-content\/uploads\/2022\/09\/DSC_6003MM-92x92.jpg 92w, https:\/\/legacy.dia.edu.az\/wp-content\/uploads\/2022\/09\/DSC_6003MM-150x150@2x.jpg 300w\" sizes=\"(max-width: 150px) 100vw, 150px\" \/><\/a><\/div><\/div><div class=\"vc_item\"><div class=\"vc_inner\"><a class=\"\" href=\"https:\/\/legacy.dia.edu.az\/wp-content\/uploads\/2022\/09\/DSC_6011-450x298.jpg\" data-lightbox=\"lightbox[rel-18331-3061023108]\"><img width=\"150\" height=\"150\" src=\"https:\/\/legacy.dia.edu.az\/wp-content\/uploads\/2022\/09\/DSC_6011-150x150.jpg\" class=\"attachment-thumbnail\" alt=\"\" title=\"DSC_6011\" srcset=\"https:\/\/legacy.dia.edu.az\/wp-content\/uploads\/2022\/09\/DSC_6011-150x150.jpg 150w, https:\/\/legacy.dia.edu.az\/wp-content\/uploads\/2022\/09\/DSC_6011-92x92.jpg 92w, https:\/\/legacy.dia.edu.az\/wp-content\/uploads\/2022\/09\/DSC_6011-150x150@2x.jpg 300w\" sizes=\"(max-width: 150px) 100vw, 150px\" \/><\/a><\/div><\/div><div class=\"vc_item\"><div class=\"vc_inner\"><a class=\"\" href=\"https:\/\/legacy.dia.edu.az\/wp-content\/uploads\/2022\/09\/DSC_6013-450x298.jpg\" data-lightbox=\"lightbox[rel-18331-3061023108]\"><img width=\"150\" height=\"150\" src=\"https:\/\/legacy.dia.edu.az\/wp-content\/uploads\/2022\/09\/DSC_6013-150x150.jpg\" class=\"attachment-thumbnail\" alt=\"\" title=\"DSC_6013\" srcset=\"https:\/\/legacy.dia.edu.az\/wp-content\/uploads\/2022\/09\/DSC_6013-150x150.jpg 150w, https:\/\/legacy.dia.edu.az\/wp-content\/uploads\/2022\/09\/DSC_6013-92x92.jpg 92w, https:\/\/legacy.dia.edu.az\/wp-content\/uploads\/2022\/09\/DSC_6013-150x150@2x.jpg 300w\" sizes=\"(max-width: 150px) 100vw, 150px\" \/><\/a><\/div><\/div><div class=\"vc_item\"><div class=\"vc_inner\"><a class=\"\" href=\"https:\/\/legacy.dia.edu.az\/wp-content\/uploads\/2022\/09\/DSC_5997MM-450x298.jpg\" data-lightbox=\"lightbox[rel-18331-3061023108]\"><img width=\"150\" height=\"150\" src=\"https:\/\/legacy.dia.edu.az\/wp-content\/uploads\/2022\/09\/DSC_5997MM-150x150.jpg\" class=\"attachment-thumbnail\" alt=\"\" title=\"DSC_5997MM\" srcset=\"https:\/\/legacy.dia.edu.az\/wp-content\/uploads\/2022\/09\/DSC_5997MM-150x150.jpg 150w, https:\/\/legacy.dia.edu.az\/wp-content\/uploads\/2022\/09\/DSC_5997MM-92x92.jpg 92w, https:\/\/legacy.dia.edu.az\/wp-content\/uploads\/2022\/09\/DSC_5997MM-150x150@2x.jpg 300w\" sizes=\"(max-width: 150px) 100vw, 150px\" \/><\/a><\/div><\/div><\/div><\/div><\/div><a class=\"vc_left vc_carousel-control\" href=\"#vc_images-carousel-1-1777479176\" data-slide=\"prev\"><span class=\"icon-prev\"><\/span><\/a><a class=\"vc_right vc_carousel-control\" href=\"#vc_images-carousel-1-1777479176\" data-slide=\"next\"><span class=\"icon-next\"><\/span><\/a><\/div><\/div><\/div>\n<div class=\"vc_row wpb_row vc_row-fluid\"><\/div><div class=\"wpb_column vc_column_container vc_col-sm-12\"><div class=\"vc_column-inner\"><div class=\"wpb_wrapper\"><\/div><\/div><\/div> Heyd\u0259r \u018fliyev M\u0259rk\u0259zinin d\u0259st\u0259yi il\u0259 Az\u0259rbaycan Respublikas\u0131n\u0131n Prezidenti yan\u0131nda D\u00f6vl\u0259t \u0130dar\u0259\u00e7ilik Akademiyas\u0131nda (D\u0130A) yarad\u0131lan Heyd\u0259r \u018fliyev D\u00f6vl\u0259t \u0130dar\u0259\u00e7iliyi M\u0259kt\u0259binin ilk m\u00fchazir\u0259si dinl\u0259nilib.<\/p>\n<p>D\u00f6vl\u0259t \u0130dar\u0259\u00e7ilik Akademiyas\u0131n\u0131n rektoru akademik Urxan \u018fl\u0259kb\u0259rov t\u0259r\u0259find\u0259n \u201cPrezident \u0130lham \u018fliyevin innovativ idar\u0259\u00e7ilik texnologiyalar\u0131 v\u0259 Az\u0259rbaycan Respublikas\u0131n\u0131n siyasi, iqtisadi v\u0259 h\u0259rbi u\u011furlar\u0131\u201d adl\u0131 ilk m\u00fchazir\u0259 D\u0130A-ya 2022-2023-c\u00fc t\u0259dris ilind\u0259 q\u0259bul olunan bakalavr v\u0259 magistrantlara oxunub.<\/p>\n<p>Rektor \u00f6nc\u0259 D\u00f6vl\u0259t \u0130dar\u0259\u00e7ilik Akademiyas\u0131nda f\u0259aliyy\u0259t g\u00f6st\u0259r\u0259n Heyd\u0259r \u018fliyev D\u00f6vl\u0259t \u0130dar\u0259\u00e7iliyi M\u0259kt\u0259bi haqq\u0131nda m\u0259lumat verib. O qeyd edib ki, m\u0259kt\u0259b m\u00fcasir m\u00fcst\u0259qil d\u00f6vl\u0259timizin memar\u0131 v\u0259 qurucusu, \u00fcmummilli lider Heyd\u0259r \u018fliyevin siyasi irsinin, az\u0259rbaycan\u00e7\u0131l\u0131q m\u0259fkur\u0259si v\u0259 d\u00f6vl\u0259t\u00e7ilik f\u0259ls\u0259f\u0259sinin t\u0259bli\u011fi m\u0259qs\u0259dil\u0259 yarad\u0131l\u0131b. U.\u018fl\u0259kb\u0259rov g\u00f6rk\u0259mli siyasi v\u0259 d\u00f6vl\u0259t xadimi Heyd\u0259r \u018fliyevin misilsiz tarixi xidm\u0259tl\u0259rind\u0259n b\u0259hs edib, Ulu \u00d6nd\u0259rin siyasi x\u0259ttinin Prezident \u0130lham \u018fliyev t\u0259r\u0259find\u0259n u\u011furla davam etdirildiyini diqq\u0259t\u0259 \u00e7atd\u0131r\u0131b. Bildirilib ki, m\u00fcst\u0259qilliyinin b\u0259rpas\u0131ndan ke\u00e7\u0259n 30 il \u0259rzind\u0259 Az\u0259rbaycan Respublikas\u0131 u\u011furla inki\u015faf edib v\u0259 tarixi bax\u0131mdan \u00e7ox q\u0131sa zaman k\u0259siyind\u0259 \u00f6lk\u0259 b\u00fct\u00fcn sah\u0259l\u0259rind\u0259 b\u00f6y\u00fck u\u011furlar qazan\u0131b. Rektor dahi \u015f\u0259xsiyy\u0259t Heyd\u0259r \u018fliyevin z\u0259ngin siyasi irsinin \u00f6yr\u0259nilm\u0259sind\u0259, m\u00fcasir m\u00fcst\u0259qil Az\u0259rbaycan\u0131n d\u00fcnyaya tan\u0131d\u0131lmas\u0131nda Heyd\u0259r \u018fliyev Fondunun v\u0259 Fondun prezidenti Mehriban \u018fliyevan\u0131n rolundan b\u0259hs edib.<\/p>\n<p>Akademik U.\u018fl\u0259kb\u0259rov Az\u0259rbaycan\u0131n s\u00fcr\u0259tl\u0259 inki\u015faf etdiyini bildirib. Rektor qeyd olunan u\u011furlar\u0131n t\u0259m\u0259lind\u0259 \u0259sas\u0131 ulu \u00f6nd\u0259r Heyd\u0259r \u018fliyev t\u0259r\u0259find\u0259n qoyulmu\u015f v\u0259 Prezident \u0130lham \u018fliyevin yarad\u0131c\u0131l\u0131qla inki\u015faf etdirdiyi innovativ d\u00f6vl\u0259t idar\u0259\u00e7iliyi strategiyas\u0131n\u0131n oldu\u011funu x\u00fcsusi vur\u011fulay\u0131b. Rektor qazan\u0131lan u\u011furlar\u0131n V\u0259t\u0259n m\u00fcharib\u0259sind\u0259ki parlaq Q\u0259l\u0259b\u0259d\u0259 b\u00f6y\u00fck rolunun oldu\u011funu vur\u011fulay\u0131b. Akademik bildirib ki, Az\u0259rbaycan\u0131n haz\u0131rk\u0131 davaml\u0131 inki\u015faf\u0131 d\u00f6vl\u0259t idar\u0259\u00e7iliyi sah\u0259sind\u0259 realla\u015fd\u0131r\u0131lan ard\u0131c\u0131l u\u011furlu islahatlar\u0131n n\u0259tic\u0259sidir. Rektor Az\u0259rbaycan Respublikas\u0131n\u0131n b\u00fct\u00fcn d\u00fcnya \u00fc\u00e7\u00fcn prioritet kimi q\u0259bul edil\u0259n inkl\u00fcziv inki\u015faf siyas\u0259tini s\u0259m\u0259r\u0259li \u015f\u0259kild\u0259 realla\u015fd\u0131ran d\u00fcnya lideri oldu\u011funu qeyd edib.<\/p>\n<p>Rektor U.\u018fl\u0259kb\u0259rov qeyd edib ki, 44 g\u00fcnl\u00fck V\u0259t\u0259n m\u00fcharib\u0259si Az\u0259rbaycan d\u00f6vl\u0259t\u00e7iliyi tarixind\u0259 x\u00fcsusi m\u0259rh\u0259l\u0259 kimi qalacaq. \u201cQaraba\u011f Az\u0259rbaycand\u0131r!\u201d \u015f\u00fcar\u0131 il\u0259 s\u0259f\u0259rb\u0259r olan h\u0259min g\u00fcnl\u0259r xalq-d\u00f6vl\u0259t, xalq-hakimiyy\u0259t birliyinin n\u00fcmayi\u015fi idi. Bu, hakimiyy\u0259t v\u0259 xalq aras\u0131nda qar\u015f\u0131l\u0131ql\u0131 inam v\u0259 etimad\u0131n n\u0259 q\u0259d\u0259r vacib oldu\u011funu parlaq sur\u0259td\u0259 n\u00fcmayi\u015f etdirdi. Az\u0259rbaycan\u0131 bu m\u00f6ht\u0259\u015f\u0259m Q\u0259l\u0259b\u0259y\u0259 aparan Ali Ba\u015f Komandan\u0131n m\u00fcdrik q\u0259rarlar\u0131, m\u00fcz\u0259ff\u0259r Ordumuzun g\u00fcc\u00fc v\u0259 xalq\u0131m\u0131z\u0131n sars\u0131lmaz h\u0259mr\u0259yliyi oldu. Qazand\u0131\u011f\u0131m\u0131z bu Q\u0259l\u0259b\u0259 g\u0259ncliyimiz\u0259 \u00f6rn\u0259k oldu. Onlar g\u00f6rd\u00fcl\u0259r ki, \u00f6z lideri \u0259traf\u0131nda bir yumruq kimi birl\u0259\u015f\u0259n xalq yenilm\u0259zdir v\u0259 qalibdir.<\/p>\n<p>M\u00fcst\u0259qillik ill\u0259rind\u0259 Az\u0259rbaycan\u0131n bir \u00e7ox istiqam\u0259tl\u0259rd\u0259 regional v\u0259 qlobal lider\u0259 \u00e7evrildiyini qeyd ed\u0259n rektor \u00f6lk\u0259mizin inki\u015faf g\u00f6st\u0259ricil\u0259rinin bir \u00e7ox beyn\u0259lxalq t\u0259\u015fkilatlar\u0131n r\u0259smi s\u0259n\u0259dl\u0259rind\u0259, m\u00fcst\u0259qil ekspertl\u0259r t\u0259r\u0259find\u0259n haz\u0131rlanm\u0131\u015f hesabatlarda t\u0259sdiqini tapd\u0131\u011f\u0131n\u0131 bildirib.<\/p>\n<p>Sonra t\u0259l\u0259b\u0259l\u0259rin suallar\u0131 cavabland\u0131r\u0131l\u0131b.<\/p>","protected":false},"excerpt":{"rendered":"<p>Heyd\u0259r \u018fliyev M\u0259rk\u0259zinin d\u0259st\u0259yi il\u0259 Az\u0259rbaycan Respublikas\u0131n\u0131n Prezidenti yan\u0131nda D\u00f6vl\u0259t \u0130dar\u0259\u00e7ilik Akademiyas\u0131nda (D\u0130A) yarad\u0131lan Heyd\u0259r \u018fliyev D\u00f6vl\u0259t \u0130dar\u0259\u00e7iliyi M\u0259kt\u0259binin ilk m\u00fchazir\u0259si dinl\u0259nilib. D\u00f6vl\u0259t \u0130dar\u0259\u00e7ilik Akademiyas\u0131n\u0131n rektoru akademik Urxan \u018fl\u0259kb\u0259rov t\u0259r\u0259find\u0259n \u201cPrezident \u0130lham \u018fliyevin innovativ idar\u0259\u00e7ilik texnologiyalar\u0131 v\u0259 Az\u0259rbaycan Respublikas\u0131n\u0131n siyasi, iqtisadi v\u0259 h\u0259rbi u\u011furlar\u0131\u201d adl\u0131 ilk m\u00fchazir\u0259 D\u0130A-ya 2022-2023-c\u00fc t\u0259dris ilind\u0259 q\u0259bul olunan bakalavr v\u0259 [&hellip;]<\/p>","protected":false},"author":2,"featured_media":18334,"comment_status":"closed","ping_status":"closed","sticky":false,"template":"","format":"standard","meta":[],"categories":[137],"tags":[],"_links":{"self":[{"href":"https:\/\/legacy.dia.edu.az\/ru\/wp-json\/wp\/v2\/posts\/18331"}],"collection":[{"href":"https:\/\/legacy.dia.edu.az\/ru\/wp-json\/wp\/v2\/posts"}],"about":[{"href":"https:\/\/legacy.dia.edu.az\/ru\/wp-json\/wp\/v2\/types\/post"}],"author":[{"embeddable":true,"href":"https:\/\/legacy.dia.edu.az\/ru\/wp-json\/wp\/v2\/users\/2"}],"replies":[{"embeddable":true,"href":"https:\/\/legacy.dia.edu.az\/ru\/wp-json\/wp\/v2\/comments?post=18331"}],"version-history":[{"count":11,"href":"https:\/\/legacy.dia.edu.az\/ru\/wp-json\/wp\/v2\/posts\/18331\/revisions"}],"predecessor-version":[{"id":18605,"href":"https:\/\/legacy.dia.edu.az\/ru\/wp-json\/wp\/v2\/posts\/18331\/revisions\/18605"}],"wp:featuredmedia":[{"embeddable":true,"href":"https:\/\/legacy.dia.edu.az\/ru\/wp-json\/wp\/v2\/media\/18334"}],"wp:attachment":[{"href":"https:\/\/legacy.dia.edu.az\/ru\/wp-json\/wp\/v2\/media?parent=18331"}],"wp:term":[{"taxonomy":"category","embeddable":true,"href":"https:\/\/legacy.dia.edu.az\/ru\/wp-json\/wp\/v2\/categories?post=18331"},{"taxonomy":"post_tag","embeddable":true,"href":"https:\/\/legacy.dia.edu.az\/ru\/wp-json\/wp\/v2\/tags?post=18331"}],"curies":[{"name":"wp","href":"https:\/\/api.w.org\/{rel}","templated":true}]}}