{"id":18063,"date":"2022-08-24T21:53:55","date_gmt":"2022-08-24T17:53:55","guid":{"rendered":"https:\/\/dia.edu.az\/?p=18063"},"modified":"2022-09-12T09:48:13","modified_gmt":"2022-09-12T05:48:13","slug":"qazaxistan-v%c9%99-az%c9%99rbaycan-dovl%c9%99t-idar%c9%99cilik-akademiyalari-arasinda-memorandum-imzalanib","status":"publish","type":"post","link":"https:\/\/legacy.dia.edu.az\/ru\/arxivl\u0259r\/18063","title":{"rendered":"Qazax\u0131stan v\u0259 Az\u0259rbaycan D\u00f6vl\u0259t \u0130dar\u0259\u00e7ilik Akademiyalar\u0131 aras\u0131nda memorandum imzalan\u0131b"},"content":{"rendered":"<h1 style=\"text-align: center;\"><strong><span style=\"color: #0000ff;\">Qazax\u0131stan v\u0259 Az\u0259rbaycan D\u00f6vl\u0259t \u0130dar\u0259\u00e7ilik Akademiyalar\u0131 aras\u0131nda memorandum imzalan\u0131b<\/span><\/strong><\/h1>\n<table style=\"border-collapse: collapse; width: 100%;\" border=\"1\">\n<tbody>\n<tr>\n<td style=\"width: 25%;\"><img src=\"https:\/\/dia.edu.az\/wp-content\/uploads\/2022\/08\/aa.jpg\" alt=\"\" width=\"226\" height=\"147\"><\/td>\n<td style=\"width: 25%;\"><img src=\"https:\/\/dia.edu.az\/wp-content\/uploads\/2022\/08\/bb.jpg\" alt=\"\" width=\"223\" height=\"134\"><\/td>\n<td style=\"width: 25%;\"><img src=\"https:\/\/dia.edu.az\/wp-content\/uploads\/2022\/08\/cc.jpg\" alt=\"\" width=\"244\" height=\"156\"><\/td>\n<\/tr>\n<\/tbody>\n<\/table>\n<p style=\"text-align: justify;\"><a href=\"https:\/\/www.youtube.com\/watch?v=MBiNaxuzOk4\"><span style=\"color: #993366;\"><strong>VIDEO<\/strong><\/span><\/a><\/p>\n<p style=\"text-align: justify;\">\u00d6lk\u0259mizd\u0259 r\u0259smi s\u0259f\u0259rd\u0259 olan Qazax\u0131stan Respublikas\u0131n\u0131n Prezidenti Kas\u0131m-Jomart Tokayevi m\u00fc\u015fayi\u0259t ed\u0259n n\u00fcmay\u0259nd\u0259 hey\u0259tinin \u00fczv\u00fc, D\u00f6vl\u0259t \u0130dar\u0259\u00e7ilik Akademiyas\u0131n\u0131n rektoru Yerlan Abil avqustun 24-d\u0259 Az\u0259rbaycan Respublikas\u0131n\u0131n Prezidenti yan\u0131nda D\u00f6vl\u0259t \u0130dar\u0259\u00e7ilik Akademiyas\u0131nda olub.<\/p>\n<p style=\"text-align: justify;\">G\u00f6r\u00fc\u015f\u00fcn m\u0259qs\u0259di d\u00f6vl\u0259t idar\u0259\u00e7iliyi sah\u0259sind\u0259 t\u0259hsil, d\u00f6vl\u0259t qulluq\u00e7ular\u0131n\u0131n ixtisas\u0131n\u0131n art\u0131r\u0131lmas\u0131 \u00fczr\u0259 f\u0259aliyy\u0259tin, milli kadr ehtiyat\u0131n\u0131n formala\u015fd\u0131r\u0131lmas\u0131, habel\u0259 d\u00f6vl\u0259t idar\u0259\u00e7iliyi sah\u0259sind\u0259 t\u0259hsilin m\u00fcxt\u0259lif pill\u0259l\u0259rinin davaml\u0131l\u0131\u011f\u0131n\u0131n t\u0259min edilm\u0259si istiqam\u0259tind\u0259 Az\u0259rbaycan Respublikas\u0131n\u0131n qabaqc\u0131l t\u0259cr\u00fcb\u0259sinin \u00f6yr\u0259nilm\u0259si v\u0259 bu sah\u0259d\u0259 fikir m\u00fcbadil\u0259si aparmaq olub. G\u00f6r\u00fc\u015f \u00e7\u0259r\u00e7iv\u0259sind\u0259, eyni zamanda, elm sah\u0259sind\u0259 akademiyalararas\u0131 \u0259m\u0259kda\u015fl\u0131q v\u0259 bunun \u0259sas\u0131nda yeni orijinal d\u0259rslik v\u0259 d\u0259rs v\u0259saitl\u0259rinin haz\u0131rlanmas\u0131, m\u00fc\u0259llim-t\u0259l\u0259b\u0259 m\u00fcbadil\u0259si, yeni istiqam\u0259tl\u0259r \u00fczr\u0259 layih\u0259l\u0259rin t\u0259min edilm\u0259si, d\u00f6vl\u0259t qulluq\u00e7ular\u0131n\u0131n t\u0259lim v\u0259 inki\u015faf\u0131 \u00fc\u00e7\u00fcn vasit\u0259l\u0259rin m\u00fcbadil\u0259sin\u0259 y\u00f6n\u0259l\u0259n f\u0259aliyy\u0259tin g\u0259l\u0259c\u0259kd\u0259 geni\u015fl\u0259ndirilm\u0259sini \u0259hat\u0259 ed\u0259c\u0259k memorandum imzalan\u0131b.<\/p>\n<p style=\"text-align: justify;\">G\u00f6r\u00fc\u015fd\u0259 D\u00f6vl\u0259t \u0130dar\u0259\u00e7ilik Akademiyas\u0131n\u0131n rektoru akademik Urxan \u018fl\u0259kb\u0259rov t\u0259qdimatla \u00e7\u0131x\u0131\u015f ed\u0259r\u0259k Az\u0259rbaycan\u0131n s\u00fcr\u0259tli v\u0259 innovativ inki\u015faf etdiyini bildirib. Rektor qeyd olunan u\u011furlar\u0131n t\u0259m\u0259lind\u0259 \u0259sas\u0131 ulu \u00f6nd\u0259r Heyd\u0259r \u018fliyev t\u0259r\u0259find\u0259n qoyulmu\u015f v\u0259 Prezident \u0130lham \u018fliyevin yarad\u0131c\u0131l\u0131qla inki\u015faf etdirdiyi innovativ d\u00f6vl\u0259t idar\u0259\u00e7iliyi strategiyas\u0131n\u0131n v\u0259 t\u0259tbiq edil\u0259n yeni idar\u0259etm\u0259 texnologiyalar\u0131n\u0131n oldu\u011funu x\u00fcsusi vur\u011fulay\u0131b. U.\u018fl\u0259kb\u0259rov qazan\u0131lan u\u011furlar\u0131n 44 g\u00fcnl\u00fck V\u0259t\u0259n m\u00fcharib\u0259sind\u0259ki parlaq Q\u0259l\u0259b\u0259 v\u0259 BMT T\u0259hl\u00fck\u0259sizlik \u015euras\u0131n\u0131n 4 q\u0259tnam\u0259sinin yerin\u0259 yetirilm\u0259sind\u0259 b\u00f6y\u00fck roluna da diqq\u0259t \u00e7\u0259kib. Akademik bildirib ki, Az\u0259rbaycan\u0131n haz\u0131rk\u0131 davaml\u0131 inki\u015faf\u0131 d\u00f6vl\u0259t idar\u0259\u00e7iliyi v\u0259 d\u00f6vl\u0259t qullu\u011fu sah\u0259sind\u0259 realla\u015fd\u0131r\u0131lan ard\u0131c\u0131l u\u011furlu islahatlar\u0131n n\u0259tic\u0259sidir.<\/p>\n<p style=\"text-align: justify;\">Rektor beyn\u0259lxalq t\u0259\u015fkilatlar\u0131n hesabatlar\u0131na \u0259saslanaraq Az\u0259rbaycan Respublikas\u0131n\u0131n b\u00fct\u00fcn d\u00fcnya \u00fc\u00e7\u00fcn prioritet kimi q\u0259bul edil\u0259n inkl\u00fcziv inki\u015faf\u0131n planla\u015fd\u0131r\u0131lmas\u0131 v\u0259 idar\u0259edilm\u0259si sah\u0259sind\u0259 d\u00fcnya lideri oldu\u011funu qeyd edib.<\/p>\n<p style=\"text-align: justify;\">U.\u018fl\u0259kb\u0259rov inkl\u00fcziv inki\u015faf sah\u0259sind\u0259 Az\u0259rbaycan Respublikas\u0131n\u0131n y\u00fcks\u0259k g\u00f6st\u0259ricil\u0259r \u0259ld\u0259 etm\u0259si v\u0259 sosial siyas\u0259tin realla\u015fd\u0131r\u0131lmas\u0131 bax\u0131m\u0131ndan d\u00fcnya liderin\u0259 \u00e7evrilm\u0259sind\u0259 Az\u0259rbaycan Respublikas\u0131n\u0131n Birinci vitse-prezidenti, Heyd\u0259r \u018fliyev Fondunun prezidenti Mehriban \u018fliyevan\u0131n m\u00fcst\u0259sna xidm\u0259tl\u0259rini vur\u011fulay\u0131b. Eyni zamanda, qeyd edib ki, \u00f6lk\u0259nin haz\u0131rk\u0131 \u00f6nl\u0259yici davaml\u0131 inki\u015faf\u0131 d\u00f6vl\u0259t idar\u0259\u00e7iliyi sah\u0259sind\u0259 realla\u015fd\u0131r\u0131lan ard\u0131c\u0131l islahat v\u0259 d\u0259yi\u015fiklikl\u0259rin m\u0259ntiqi yekunudur.<\/p>\n<p style=\"text-align: justify;\">G\u00f6r\u00fc\u015fd\u0259 Qazax\u0131stan Respublikas\u0131n\u0131n Prezidenti yan\u0131nda D\u00f6vl\u0259t \u0130dar\u0259\u00e7ilik Akademiyas\u0131n\u0131n rektoru Yerlan Abil \u00e7\u0131x\u0131\u015f ed\u0259r\u0259k h\u0259r iki t\u0259hsil v\u0259 t\u0259dqiqat m\u0259rk\u0259zl\u0259rinin \u0259m\u0259kda\u015fl\u0131\u011f\u0131n\u0131n g\u0259l\u0259c\u0259kd\u0259 s\u0259m\u0259r\u0259li olaca\u011f\u0131na \u0259minliyini vur\u011fulay\u0131b. Eyni zamanda, birg\u0259 f\u0259aliyy\u0259t\u0259 dair imzalanan memorandumun g\u0259l\u0259c\u0259kd\u0259 praktik icras\u0131n\u0131n t\u0259min edilm\u0259si il\u0259 ba\u011fl\u0131 fikirl\u0259rini bildirib.<\/p>\n<p style=\"text-align: justify;\">G\u00f6r\u00fc\u015f qar\u015f\u0131l\u0131ql\u0131 fikir m\u00fcbadil\u0259si il\u0259 davam edib v\u0259 sonda Az\u0259rbaycan Respublikas\u0131n\u0131n Prezidenti yan\u0131nda D\u00f6vl\u0259t \u0130dar\u0259\u00e7ilik Akademiyas\u0131 v\u0259 Qazax\u0131stan Respublikas\u0131n\u0131n Prezidenti yan\u0131nda D\u00f6vl\u0259t \u0130dar\u0259\u00e7ilik Akademiyas\u0131 aras\u0131nda memorandum imzalan\u0131b.<\/p>","protected":false},"excerpt":{"rendered":"<p>Qazax\u0131stan v\u0259 Az\u0259rbaycan D\u00f6vl\u0259t \u0130dar\u0259\u00e7ilik Akademiyalar\u0131 aras\u0131nda memorandum imzalan\u0131b VIDEO \u00d6lk\u0259mizd\u0259 r\u0259smi s\u0259f\u0259rd\u0259 olan Qazax\u0131stan Respublikas\u0131n\u0131n Prezidenti Kas\u0131m-Jomart Tokayevi m\u00fc\u015fayi\u0259t ed\u0259n n\u00fcmay\u0259nd\u0259 hey\u0259tinin \u00fczv\u00fc, D\u00f6vl\u0259t \u0130dar\u0259\u00e7ilik Akademiyas\u0131n\u0131n rektoru Yerlan Abil avqustun 24-d\u0259 Az\u0259rbaycan Respublikas\u0131n\u0131n Prezidenti yan\u0131nda D\u00f6vl\u0259t \u0130dar\u0259\u00e7ilik Akademiyas\u0131nda olub. G\u00f6r\u00fc\u015f\u00fcn m\u0259qs\u0259di d\u00f6vl\u0259t idar\u0259\u00e7iliyi sah\u0259sind\u0259 t\u0259hsil, d\u00f6vl\u0259t qulluq\u00e7ular\u0131n\u0131n ixtisas\u0131n\u0131n art\u0131r\u0131lmas\u0131 \u00fczr\u0259 f\u0259aliyy\u0259tin, milli kadr ehtiyat\u0131n\u0131n [&hellip;]<\/p>","protected":false},"author":2,"featured_media":18064,"comment_status":"closed","ping_status":"closed","sticky":false,"template":"","format":"standard","meta":[],"categories":[137],"tags":[],"_links":{"self":[{"href":"https:\/\/legacy.dia.edu.az\/ru\/wp-json\/wp\/v2\/posts\/18063"}],"collection":[{"href":"https:\/\/legacy.dia.edu.az\/ru\/wp-json\/wp\/v2\/posts"}],"about":[{"href":"https:\/\/legacy.dia.edu.az\/ru\/wp-json\/wp\/v2\/types\/post"}],"author":[{"embeddable":true,"href":"https:\/\/legacy.dia.edu.az\/ru\/wp-json\/wp\/v2\/users\/2"}],"replies":[{"embeddable":true,"href":"https:\/\/legacy.dia.edu.az\/ru\/wp-json\/wp\/v2\/comments?post=18063"}],"version-history":[{"count":31,"href":"https:\/\/legacy.dia.edu.az\/ru\/wp-json\/wp\/v2\/posts\/18063\/revisions"}],"predecessor-version":[{"id":18272,"href":"https:\/\/legacy.dia.edu.az\/ru\/wp-json\/wp\/v2\/posts\/18063\/revisions\/18272"}],"wp:featuredmedia":[{"embeddable":true,"href":"https:\/\/legacy.dia.edu.az\/ru\/wp-json\/wp\/v2\/media\/18064"}],"wp:attachment":[{"href":"https:\/\/legacy.dia.edu.az\/ru\/wp-json\/wp\/v2\/media?parent=18063"}],"wp:term":[{"taxonomy":"category","embeddable":true,"href":"https:\/\/legacy.dia.edu.az\/ru\/wp-json\/wp\/v2\/categories?post=18063"},{"taxonomy":"post_tag","embeddable":true,"href":"https:\/\/legacy.dia.edu.az\/ru\/wp-json\/wp\/v2\/tags?post=18063"}],"curies":[{"name":"wp","href":"https:\/\/api.w.org\/{rel}","templated":true}]}}