{"id":18009,"date":"2022-07-18T17:14:19","date_gmt":"2022-07-18T13:14:19","guid":{"rendered":"https:\/\/dia.edu.az\/?p=18009"},"modified":"2022-07-18T17:17:48","modified_gmt":"2022-07-18T13:17:48","slug":"az%c9%99rbaycan-respublikasinin-prezidenti-yaninda-dovl%c9%99t-idar%c9%99cilik-akademiyasinin-asan-xidm%c9%99tl%c9%99-h%c9%99yata-kecirdiyi-layih%c9%99nin-novb%c9%99ti-t%c9%99limi-ba","status":"publish","type":"post","link":"https:\/\/legacy.dia.edu.az\/ru\/arxivl\u0259r\/18009","title":{"rendered":"Az\u0259rbaycan Respublikas\u0131n\u0131n Prezidenti yan\u0131nda D\u00f6vl\u0259t \u0130dar\u0259\u00e7ilik Akademiyas\u0131n\u0131n \u201cASAN\u201d Xidm\u0259tl\u0259 h\u0259yata ke\u00e7irdiyi layih\u0259nin n\u00f6vb\u0259ti t\u0259limi ba\u015f tutdu"},"content":{"rendered":"<div data-elementor-type=\"wp-post\" data-elementor-id=\"18009\" class=\"elementor elementor-18009\" data-elementor-settings=\"[]\">\n\t\t\t\t\t\t<div class=\"elementor-inner\">\n\t\t\t\t\t\t\t<div class=\"elementor-section-wrap\">\n\t\t\t\t\t\t\t<section class=\"elementor-section elementor-top-section elementor-element elementor-element-a00a574 elementor-section-boxed elementor-section-height-default elementor-section-height-default\" data-id=\"a00a574\" data-element_type=\"section\">\n\t\t\t\t\t\t<div class=\"elementor-container elementor-column-gap-default\">\n\t\t\t\t\t\t\t<div class=\"elementor-row\">\n\t\t\t\t\t<div class=\"elementor-column elementor-col-100 elementor-top-column elementor-element elementor-element-7fddaeb\" data-id=\"7fddaeb\" data-element_type=\"column\">\n\t\t\t<div class=\"elementor-column-wrap elementor-element-populated\">\n\t\t\t\t\t\t\t<div class=\"elementor-widget-wrap\">\n\t\t\t\t\t\t<div class=\"elementor-element elementor-element-9d8b718 elementor-widget elementor-widget-text-editor\" data-id=\"9d8b718\" data-element_type=\"widget\" data-widget_type=\"text-editor.default\">\n\t\t\t\t<div class=\"elementor-widget-container\">\n\t\t\t\t\t\t\t\t<div class=\"elementor-text-editor elementor-clearfix\">\n\t\t\t\t\tAz\u0259rbaycan Respublikas\u0131n\u0131n Prezidenti yan\u0131nda D\u00f6vl\u0259t \u0130dar\u0259\u00e7ilik Akademiyas\u0131n\u0131n \u201cASAN\u201dXidm\u0259tl\u0259 h\u0259yata ke\u00e7irdiyi layih\u0259nin n\u00f6vb\u0259ti t\u0259limi ba\u015f tutdu\t\t\t\t\t<\/div>\n\t\t\t\t\t\t<\/div>\n\t\t\t\t<\/div>\n\t\t\t\t\t\t<\/div>\n\t\t\t\t\t<\/div>\n\t\t<\/div>\n\t\t\t\t\t\t\t\t<\/div>\n\t\t\t\t\t<\/div>\n\t\t<\/section>\n\t\t\t\t<section class=\"elementor-section elementor-top-section elementor-element elementor-element-ce70986 elementor-section-boxed elementor-section-height-default elementor-section-height-default\" data-id=\"ce70986\" data-element_type=\"section\">\n\t\t\t\t\t\t<div class=\"elementor-container elementor-column-gap-default\">\n\t\t\t\t\t\t\t<div class=\"elementor-row\">\n\t\t\t\t\t<div class=\"elementor-column elementor-col-100 elementor-top-column elementor-element elementor-element-1342bd6\" data-id=\"1342bd6\" data-element_type=\"column\">\n\t\t\t<div class=\"elementor-column-wrap elementor-element-populated\">\n\t\t\t\t\t\t\t<div class=\"elementor-widget-wrap\">\n\t\t\t\t\t\t<div class=\"elementor-element elementor-element-e793bf3 elementor-widget elementor-widget-text-editor\" data-id=\"e793bf3\" data-element_type=\"widget\" data-widget_type=\"text-editor.default\">\n\t\t\t\t<div class=\"elementor-widget-container\">\n\t\t\t\t\t\t\t\t<div class=\"elementor-text-editor elementor-clearfix\">\n\t\t\t\t\t<p style=\"text-align: justify;\">Az\u0259rbaycan Respublikas\u0131n\u0131n Prezidenti c\u0259nab \u0130lham \u018fliyevin 02 fevral 2021-ci il tarixli &ldquo;Az\u0259rbaycan 2030: sosial-iqtisadi inki\u015fafa dair Milli prioritetl\u0259r&rdquo;l\u0259 ba\u011fl\u0131 S\u0259r\u0259ncam\u0131na \u0259sas\u0259n Az\u0259rbaycan Respublikas\u0131n\u0131n Prezidenti yan\u0131nda D&ouml;vl\u0259t \u0130dar\u0259&ccedil;ilik Akademiyas\u0131 Az\u0259rbaycan Respublikas\u0131n\u0131n Prezidenti yan\u0131nda V\u0259t\u0259nda\u015flara Xidm\u0259t&nbsp; v\u0259 Sosial \u0130nnovasiyalar &uuml;zr\u0259 D&ouml;vl\u0259t Agentliyi (&ldquo;ASAN&rdquo; Xidm\u0259t) il\u0259 \u018fm\u0259kda\u015fl\u0131q Memorandumu &ccedil;\u0259r&ccedil;iv\u0259sind\u0259 f\u0259aliyy\u0259tini davam etdirir. Bununla \u0259laq\u0259dar 14 iyul&nbsp; 2022-ci il tarixind\u0259 &nbsp;&ldquo;ASAN&rdquo; Xidm\u0259t m\u0259rk\u0259zl\u0259rinin \u0259m\u0259kda\u015flar\u0131 &uuml;&ccedil;&uuml;n daim yenil\u0259n\u0259n&nbsp; &laquo;Prezident \u0130lham \u018fliyevin innovativ idar\u0259&ccedil;ilik texnologiyalar\u0131 v\u0259 Az\u0259rbaycan Respublikas\u0131n\u0131n siyasi, iqtisadi, h\u0259rbi u\u011furlar\u0131&raquo; adl\u0131 t\u0259lim&nbsp; ke&ccedil;irildi. T\u0259limd\u0259 D&ouml;vl\u0259t \u0130dar\u0259&ccedil;ilik Akademiyas\u0131n\u0131n rektoru akademik Urxan \u018fl\u0259kb\u0259rov daim yenil\u0259n\u0259n &ldquo;Prezident \u0130lham \u018fliyevin innovativ idar\u0259&ccedil;ilik texnologiyalar\u0131 v\u0259 Az\u0259rbaycan Respublikas\u0131n\u0131n siyasi, iqtisadi, h\u0259rbi u\u011furlar\u0131&rdquo; adl\u0131 m\u0259ruz\u0259 il\u0259 &ccedil;\u0131x\u0131\u015f edib. Akademik Urxan \u018fl\u0259kb\u0259rov m&uuml;st\u0259qil d&ouml;vl\u0259timizin qurucusu &uuml;mummilli lider Heyd\u0259r \u018fliyevin tarixi xidm\u0259tl\u0259rini xat\u0131rlad\u0131b. Rektor qeyd edib ki, bu g&uuml;n dahi r\u0259hb\u0259r Heyd\u0259r \u018fliyev t\u0259r\u0259find\u0259n \u0259sas\u0131 qoyulan v\u0259 Prezident \u0130lham \u018fliyevin u\u011furla inki\u015faf etdirdiyi innovativ idar\u0259etm\u0259 texnologiyalar\u0131n\u0131n n\u0259z\u0259ri \u0259saslar\u0131n\u0131n i\u015fl\u0259nilm\u0259si, onlar\u0131n t\u0259cr&uuml;b\u0259d\u0259 t\u0259tbiqi n\u0259tic\u0259sind\u0259 bir &ccedil;ox u\u011furlara imza at\u0131l\u0131b. U.\u018fl\u0259kb\u0259rov m&uuml;st\u0259qil &ouml;lk\u0259mizin u\u011furlu inki\u015faf\u0131nda Az\u0259rbaycan Respublikas\u0131n\u0131n Birinci vitse-prezidenti Mehriban xan\u0131m \u018fliyevan\u0131n x&uuml;susi rolu oldu\u011funu diqq\u0259t\u0259 &ccedil;atd\u0131r\u0131b.<\/p>\n<p style=\"text-align: justify;\">Akademik 44 g&uuml;nl&uuml;k V\u0259t\u0259n m&uuml;harib\u0259sind\u0259n, M&uuml;z\u0259ff\u0259r Ali Ba\u015f Komandan \u0130lham \u018fliyevin r\u0259hb\u0259rliyi il\u0259 q&uuml;dr\u0259tli Az\u0259rbaycan Ordusunun d&uuml;\u015fm\u0259n &uuml;z\u0259rind\u0259 qazand\u0131\u011f\u0131 parlaq Q\u0259l\u0259b\u0259d\u0259n s&ouml;z a&ccedil;\u0131b. \u0130kinci Qaraba\u011f m&uuml;harib\u0259sind\u0259 Az\u0259rbaycan Ordusunun, v\u0259t\u0259np\u0259rv\u0259r g\u0259ncl\u0259rinin q\u0259hr\u0259manl\u0131\u011f\u0131n\u0131, m&uuml;barizliyini x&uuml;susi vur\u011fulay\u0131b. Daha sonra rektor Urxan \u018fl\u0259kb\u0259rov i\u015f\u011faldan azad olunmu\u015f \u0259razil\u0259rd\u0259 apar\u0131lan quruculuq i\u015fl\u0259rind\u0259n, &ouml;lk\u0259mizin m&uuml;st\u0259qillik \u0259ld\u0259 etdikd\u0259n bu g&uuml;n\u0259d\u0259k qazan\u0131lan siyasi, iqtisadi, h\u0259rbi u\u011furlar\u0131ndan, prioritetl\u0259rind\u0259n, inkl&uuml;ziv inki\u015faf\u0131n idar\u0259 edilm\u0259si sah\u0259sind\u0259ki &ouml;lk\u0259nin \u0259ld\u0259 etdiyi nailiyy\u0259tl\u0259r bar\u0259d\u0259 geni\u015f m\u0259lumat verib.<\/p>\n<p style=\"text-align: justify;\">T\u0259lim diskussiya format\u0131nda davam edib v\u0259 u\u011furla ba\u015fa &ccedil;at\u0131b.<\/p>\n<p style=\"text-align: justify;\">T\u0259liml\u0259r 2022-ci ilin dekabr ay\u0131nad\u0259k ayda iki d\u0259f\u0259 olmaqla&nbsp; davam ed\u0259c\u0259kdir.<\/p>\t\t\t\t\t<\/div>\n\t\t\t\t\t\t<\/div>\n\t\t\t\t<\/div>\n\t\t\t\t\t\t<\/div>\n\t\t\t\t\t<\/div>\n\t\t<\/div>\n\t\t\t\t\t\t\t\t<\/div>\n\t\t\t\t\t<\/div>\n\t\t<\/section>\n\t\t\t\t\t\t<\/div>\n\t\t\t\t\t\t<\/div>\n\t\t\t\t\t<\/div>","protected":false},"excerpt":{"rendered":"<p>Az\u0259rbaycan Respublikas\u0131n\u0131n Prezidenti yan\u0131nda D\u00f6vl\u0259t \u0130dar\u0259\u00e7ilik Akademiyas\u0131n\u0131n \u201cASAN\u201dXidm\u0259tl\u0259 h\u0259yata ke\u00e7irdiyi layih\u0259nin n\u00f6vb\u0259ti t\u0259limi ba\u015f tutdu Az\u0259rbaycan Respublikas\u0131n\u0131n Prezidenti c\u0259nab \u0130lham \u018fliyevin 02 fevral 2021-ci il tarixli \u201cAz\u0259rbaycan 2030: sosial-iqtisadi inki\u015fafa dair Milli prioritetl\u0259r\u201dl\u0259 ba\u011fl\u0131 S\u0259r\u0259ncam\u0131na \u0259sas\u0259n Az\u0259rbaycan Respublikas\u0131n\u0131n Prezidenti yan\u0131nda D\u00f6vl\u0259t \u0130dar\u0259\u00e7ilik Akademiyas\u0131 Az\u0259rbaycan Respublikas\u0131n\u0131n Prezidenti yan\u0131nda V\u0259t\u0259nda\u015flara Xidm\u0259t&nbsp; v\u0259 Sosial \u0130nnovasiyalar \u00fczr\u0259 D\u00f6vl\u0259t Agentliyi [&hellip;]<\/p>","protected":false},"author":2,"featured_media":18010,"comment_status":"closed","ping_status":"closed","sticky":false,"template":"","format":"standard","meta":[],"categories":[137],"tags":[],"_links":{"self":[{"href":"https:\/\/legacy.dia.edu.az\/ru\/wp-json\/wp\/v2\/posts\/18009"}],"collection":[{"href":"https:\/\/legacy.dia.edu.az\/ru\/wp-json\/wp\/v2\/posts"}],"about":[{"href":"https:\/\/legacy.dia.edu.az\/ru\/wp-json\/wp\/v2\/types\/post"}],"author":[{"embeddable":true,"href":"https:\/\/legacy.dia.edu.az\/ru\/wp-json\/wp\/v2\/users\/2"}],"replies":[{"embeddable":true,"href":"https:\/\/legacy.dia.edu.az\/ru\/wp-json\/wp\/v2\/comments?post=18009"}],"version-history":[{"count":5,"href":"https:\/\/legacy.dia.edu.az\/ru\/wp-json\/wp\/v2\/posts\/18009\/revisions"}],"predecessor-version":[{"id":18015,"href":"https:\/\/legacy.dia.edu.az\/ru\/wp-json\/wp\/v2\/posts\/18009\/revisions\/18015"}],"wp:featuredmedia":[{"embeddable":true,"href":"https:\/\/legacy.dia.edu.az\/ru\/wp-json\/wp\/v2\/media\/18010"}],"wp:attachment":[{"href":"https:\/\/legacy.dia.edu.az\/ru\/wp-json\/wp\/v2\/media?parent=18009"}],"wp:term":[{"taxonomy":"category","embeddable":true,"href":"https:\/\/legacy.dia.edu.az\/ru\/wp-json\/wp\/v2\/categories?post=18009"},{"taxonomy":"post_tag","embeddable":true,"href":"https:\/\/legacy.dia.edu.az\/ru\/wp-json\/wp\/v2\/tags?post=18009"}],"curies":[{"name":"wp","href":"https:\/\/api.w.org\/{rel}","templated":true}]}}