{"id":17787,"date":"2022-05-08T13:55:00","date_gmt":"2022-05-08T09:55:00","guid":{"rendered":"https:\/\/dia.edu.az\/?p=17787"},"modified":"2022-06-30T13:59:45","modified_gmt":"2022-06-30T09:59:45","slug":"dovl%c9%99t-idar%c9%99cilik-akademiyasinda-heyd%c9%99r-%c9%99liyev-ideyalari-v%c9%99-muasir-az%c9%99rbaycan-adli-elmi-praktik-konfrans-kecirilib","status":"publish","type":"post","link":"https:\/\/legacy.dia.edu.az\/ru\/arxivl\u0259r\/17787","title":{"rendered":"D\u00f6vl\u0259t \u0130dar\u0259\u00e7ilik Akademiyas\u0131nda \u201cHeyd\u0259r \u018fliyev ideyalar\u0131 v\u0259 m\u00fcasir Az\u0259rbaycan\u201d adl\u0131 elmi-praktik konfrans ke\u00e7irilib"},"content":{"rendered":"<div data-elementor-type=\"wp-post\" data-elementor-id=\"17787\" class=\"elementor elementor-17787\" data-elementor-settings=\"[]\">\n\t\t\t\t\t\t<div class=\"elementor-inner\">\n\t\t\t\t\t\t\t<div class=\"elementor-section-wrap\">\n\t\t\t\t\t\t\t<section class=\"elementor-section elementor-top-section elementor-element elementor-element-439d6ba elementor-section-boxed elementor-section-height-default elementor-section-height-default\" data-id=\"439d6ba\" data-element_type=\"section\">\n\t\t\t\t\t\t<div class=\"elementor-container elementor-column-gap-default\">\n\t\t\t\t\t\t\t<div class=\"elementor-row\">\n\t\t\t\t\t<div class=\"elementor-column elementor-col-100 elementor-top-column elementor-element elementor-element-fff2bb7\" data-id=\"fff2bb7\" data-element_type=\"column\">\n\t\t\t<div class=\"elementor-column-wrap elementor-element-populated\">\n\t\t\t\t\t\t\t<div class=\"elementor-widget-wrap\">\n\t\t\t\t\t\t<div class=\"elementor-element elementor-element-b3623bb elementor-widget elementor-widget-text-editor\" data-id=\"b3623bb\" data-element_type=\"widget\" data-widget_type=\"text-editor.default\">\n\t\t\t\t<div class=\"elementor-widget-container\">\n\t\t\t\t\t\t\t\t<div class=\"elementor-text-editor elementor-clearfix\">\n\t\t\t\t\tD\u00f6vl\u0259t \u0130dar\u0259\u00e7ilik Akademiyas\u0131nda \u201cHeyd\u0259r \u018fliyev ideyalar\u0131 v\u0259 m\u00fcasir Az\u0259rbaycan\u201d adl\u0131 elmi-praktik konfrans ke\u00e7irilib\t\t\t\t\t<\/div>\n\t\t\t\t\t\t<\/div>\n\t\t\t\t<\/div>\n\t\t\t\t\t\t<\/div>\n\t\t\t\t\t<\/div>\n\t\t<\/div>\n\t\t\t\t\t\t\t\t<\/div>\n\t\t\t\t\t<\/div>\n\t\t<\/section>\n\t\t\t\t<section class=\"elementor-section elementor-top-section elementor-element elementor-element-99509ac elementor-section-boxed elementor-section-height-default elementor-section-height-default\" data-id=\"99509ac\" data-element_type=\"section\">\n\t\t\t\t\t\t<div class=\"elementor-container elementor-column-gap-default\">\n\t\t\t\t\t\t\t<div class=\"elementor-row\">\n\t\t\t\t\t<div class=\"elementor-column elementor-col-50 elementor-top-column elementor-element elementor-element-2b7251e\" data-id=\"2b7251e\" data-element_type=\"column\">\n\t\t\t<div class=\"elementor-column-wrap elementor-element-populated\">\n\t\t\t\t\t\t\t<div class=\"elementor-widget-wrap\">\n\t\t\t\t\t\t<div class=\"elementor-element elementor-element-a7ac45e elementor-widget elementor-widget-image\" data-id=\"a7ac45e\" data-element_type=\"widget\" data-widget_type=\"image.default\">\n\t\t\t\t<div class=\"elementor-widget-container\">\n\t\t\t\t\t\t\t\t<div class=\"elementor-image\">\n\t\t\t\t\t\t\t\t\t\t\t\t\t<a href=\"https:\/\/dia.edu.az\/wp-content\/uploads\/2022\/06\/8m.jpg\">\n\t\t\t\t\t\t\t<img width=\"450\" height=\"297\" src=\"https:\/\/legacy.dia.edu.az\/wp-content\/uploads\/2022\/06\/8m-450x297.jpg\" class=\"attachment-large size-large\" alt=\"\" srcset=\"https:\/\/legacy.dia.edu.az\/wp-content\/uploads\/2022\/06\/8m-450x297.jpg 450w, https:\/\/legacy.dia.edu.az\/wp-content\/uploads\/2022\/06\/8m-200x132.jpg 200w, https:\/\/legacy.dia.edu.az\/wp-content\/uploads\/2022\/06\/8m-18x12.jpg 18w, https:\/\/legacy.dia.edu.az\/wp-content\/uploads\/2022\/06\/8m-150x100.jpg 150w, https:\/\/legacy.dia.edu.az\/wp-content\/uploads\/2022\/06\/8m.jpg 1000w, https:\/\/legacy.dia.edu.az\/wp-content\/uploads\/2022\/06\/8m-450x297@2x.jpg 900w, https:\/\/legacy.dia.edu.az\/wp-content\/uploads\/2022\/06\/8m-200x132@2x.jpg 400w\" sizes=\"(max-width: 450px) 100vw, 450px\" \/>\t\t\t\t\t\t\t\t<\/a>\n\t\t\t\t\t\t\t\t\t\t\t\t\t\t<\/div>\n\t\t\t\t\t\t<\/div>\n\t\t\t\t<\/div>\n\t\t\t\t\t\t<\/div>\n\t\t\t\t\t<\/div>\n\t\t<\/div>\n\t\t\t\t<div class=\"elementor-column elementor-col-50 elementor-top-column elementor-element elementor-element-4874b64\" data-id=\"4874b64\" data-element_type=\"column\">\n\t\t\t<div class=\"elementor-column-wrap elementor-element-populated\">\n\t\t\t\t\t\t\t<div class=\"elementor-widget-wrap\">\n\t\t\t\t\t\t<div class=\"elementor-element elementor-element-eaa66ca elementor-widget elementor-widget-image\" data-id=\"eaa66ca\" data-element_type=\"widget\" data-widget_type=\"image.default\">\n\t\t\t\t<div class=\"elementor-widget-container\">\n\t\t\t\t\t\t\t\t<div class=\"elementor-image\">\n\t\t\t\t\t\t\t\t\t\t\t\t\t<a href=\"https:\/\/dia.edu.az\/wp-content\/uploads\/2022\/06\/8may.jpg\">\n\t\t\t\t\t\t\t<img width=\"450\" height=\"306\" src=\"https:\/\/legacy.dia.edu.az\/wp-content\/uploads\/2022\/06\/8may-450x306.jpg\" class=\"attachment-large size-large\" alt=\"\" srcset=\"https:\/\/legacy.dia.edu.az\/wp-content\/uploads\/2022\/06\/8may-450x306.jpg 450w, https:\/\/legacy.dia.edu.az\/wp-content\/uploads\/2022\/06\/8may-200x136.jpg 200w, https:\/\/legacy.dia.edu.az\/wp-content\/uploads\/2022\/06\/8may-18x12.jpg 18w, https:\/\/legacy.dia.edu.az\/wp-content\/uploads\/2022\/06\/8may.jpg 985w, https:\/\/legacy.dia.edu.az\/wp-content\/uploads\/2022\/06\/8may-450x306@2x.jpg 900w, https:\/\/legacy.dia.edu.az\/wp-content\/uploads\/2022\/06\/8may-200x136@2x.jpg 400w\" sizes=\"(max-width: 450px) 100vw, 450px\" \/>\t\t\t\t\t\t\t\t<\/a>\n\t\t\t\t\t\t\t\t\t\t\t\t\t\t<\/div>\n\t\t\t\t\t\t<\/div>\n\t\t\t\t<\/div>\n\t\t\t\t\t\t<\/div>\n\t\t\t\t\t<\/div>\n\t\t<\/div>\n\t\t\t\t\t\t\t\t<\/div>\n\t\t\t\t\t<\/div>\n\t\t<\/section>\n\t\t\t\t<section class=\"elementor-section elementor-top-section elementor-element elementor-element-bd3839b elementor-section-boxed elementor-section-height-default elementor-section-height-default\" data-id=\"bd3839b\" data-element_type=\"section\">\n\t\t\t\t\t\t<div class=\"elementor-container elementor-column-gap-default\">\n\t\t\t\t\t\t\t<div class=\"elementor-row\">\n\t\t\t\t\t<div class=\"elementor-column elementor-col-100 elementor-top-column elementor-element elementor-element-39e79fa\" data-id=\"39e79fa\" data-element_type=\"column\">\n\t\t\t<div class=\"elementor-column-wrap elementor-element-populated\">\n\t\t\t\t\t\t\t<div class=\"elementor-widget-wrap\">\n\t\t\t\t\t\t<div class=\"elementor-element elementor-element-350fdf7 elementor-widget elementor-widget-text-editor\" data-id=\"350fdf7\" data-element_type=\"widget\" data-widget_type=\"text-editor.default\">\n\t\t\t\t<div class=\"elementor-widget-container\">\n\t\t\t\t\t\t\t\t<div class=\"elementor-text-editor elementor-clearfix\">\n\t\t\t\t\t<p style=\"text-align: justify;\">Az\u0259rbaycan Respublikas\u0131n\u0131n Prezidenti yan\u0131nda D&ouml;vl\u0259t \u0130dar\u0259&ccedil;ilik Akademiyas\u0131n\u0131n n\u0259zdind\u0259 f\u0259aliyy\u0259t g&ouml;st\u0259r\u0259n Heyd\u0259r \u018fliyev D&ouml;vl\u0259t \u0130dar\u0259&ccedil;ilik M\u0259kt\u0259bind\u0259 ulu &ouml;nd\u0259r Heyd\u0259r \u018fliyevin anadan olmas\u0131n\u0131n 99-cu ild&ouml;n&uuml;m&uuml;n\u0259 h\u0259sr olunmu\u015f &ldquo;Heyd\u0259r \u018fliyev ideyalar\u0131 v\u0259 m&uuml;asir Az\u0259rbaycan&rdquo; adl\u0131 elmi-praktik konfrans ke&ccedil;irilib.<\/p>\n<p style=\"text-align: justify;\">Az\u0259rbaycan Respublikas\u0131n\u0131n Prezidenti yan\u0131nda D&ouml;vl\u0259t \u0130dar\u0259&ccedil;ilik Akademiyas\u0131 v\u0259 Heyd\u0259r \u018fliyev M\u0259rk\u0259zinin birg\u0259 t\u0259\u015fkilat&ccedil;\u0131l\u0131\u011f\u0131 il\u0259 ke&ccedil;iril\u0259n konfrans\u0131 a&ccedil;an D&ouml;vl\u0259t \u0130dar\u0259&ccedil;ilik Akademiyas\u0131n\u0131n rektoru, akademik Urxan \u018fl\u0259kb\u0259rov &Uuml;mummilli Lider t\u0259r\u0259find\u0259n m&uuml;\u0259yy\u0259nl\u0259\u015fdirilmi\u015f v\u0259 Prezident \u0130lham \u018fliyevin u\u011furla davam etdirdiyi inki\u015faf strategiyas\u0131 say\u0259sind\u0259 Az\u0259rbaycan\u0131n qazand\u0131\u011f\u0131 nailiyy\u0259tl\u0259r\u0259 diqq\u0259t &ccedil;\u0259kib. Rektor Prezident \u0130lham \u018fliyev t\u0259r\u0259find\u0259n i\u015fl\u0259n\u0259r\u0259k t\u0259tbiq edilmi\u015f yeni d&ouml;vl\u0259t idar\u0259&ccedil;iliyi texnologiyalar\u0131n\u0131n Az\u0259rbaycan\u0131n davaml\u0131 inkl&uuml;ziv inki\u015faf namin\u0259 resurslardan s\u0259m\u0259r\u0259li istifad\u0259 sah\u0259sind\u0259 regional v\u0259 qlobal lider\u0259 &ccedil;evrilm\u0259sin\u0259 g\u0259tirib &ccedil;\u0131xard\u0131\u011f\u0131n\u0131 x&uuml;susi vur\u011fulay\u0131b. Eyni zamanda, Az\u0259rbaycanda t\u0259tbiq edil\u0259n innovativ idar\u0259&ccedil;ilik texnologiyalar\u0131 kompleksinin y&uuml;ks\u0259k s\u0259m\u0259r\u0259liliyinin BMT T\u0259hl&uuml;k\u0259sizlik \u015euras\u0131n\u0131n 4 q\u0259tnam\u0259sinin u\u011furla yerin\u0259 yetirilm\u0259sind\u0259 v\u0259 Erm\u0259nistan t\u0259r\u0259find\u0259n 30 il i\u015f\u011fal alt\u0131nda saxlan\u0131lan \u0259razil\u0259rin azad edilm\u0259sind\u0259 t\u0259sdiqini tapd\u0131\u011f\u0131n\u0131 bildirib. Bu Z\u0259f\u0259rin c\u0259mi 44 g&uuml;n\u0259 qazan\u0131lmas\u0131n\u0131 v\u0259 Az\u0259rbaycan\u0131n \u0259razi b&uuml;t&ouml;vl&uuml;y&uuml;n&uuml;n tam b\u0259rpas\u0131n\u0131 d&ouml;vl\u0259timizin ba\u015f&ccedil;\u0131s\u0131n\u0131n innovativ inki\u015faf strategiyas\u0131n\u0131n t\u0259nt\u0259n\u0259li yekunu kimi d\u0259y\u0259rl\u0259ndirib.<\/p>\n<p style=\"text-align: justify;\">Sonra Milli M\u0259clisin deputat\u0131, Az\u0259rbaycan Respublikas\u0131n\u0131n Prezidenti yan\u0131nda D&ouml;vl\u0259t \u0130dar\u0259&ccedil;ilik Akademiyas\u0131 dosenti Ayd\u0131n Mirz\u0259zad\u0259 &ldquo;Heyd\u0259r \u018fliyev irsinin siyasi aspektl\u0259ri&rdquo; bar\u0259d\u0259 m\u0259ruz\u0259 il\u0259 &ccedil;\u0131x\u0131\u015f edib. Bildirib ki, Ulu &Ouml;nd\u0259rin Az\u0259rbaycan c\u0259miyy\u0259tin\u0259 t\u0259siri &ccedil;ox b&ouml;y&uuml;k olub. Ayd\u0131n Mirz\u0259zad\u0259 haz\u0131rda &ouml;lk\u0259mizd\u0259 ba\u015f ver\u0259n inki\u015faf tendensiyalar\u0131ndan da dan\u0131\u015f\u0131b. Vur\u011fulay\u0131b ki, &uuml;mummilli lider Heyd\u0259r \u018fliyevin Az\u0259rbaycanda b&uuml;t&uuml;n sah\u0259l\u0259rin inki\u015faf\u0131nda \u0259m\u0259yi vard\u0131r. Milli M\u0259clisin deputat\u0131 qeyd edib ki, Ulu &Ouml;nd\u0259r hakimiyy\u0259t\u0259 qay\u0131d\u0131\u015f\u0131n\u0131n ilk ill\u0259rind\u0259 &ouml;lk\u0259d\u0259 ba\u015f vermi\u015f v\u0259t\u0259nda\u015f m&uuml;harib\u0259sinin qar\u015f\u0131s\u0131n\u0131 al\u0131b. O, &uuml;mummilli lider Heyd\u0259r \u018fliyevin d&ouml;vr&uuml;n&uuml;n probleml\u0259rini h\u0259ll ed\u0259n \u015f\u0259xsiyy\u0259t oldu\u011funu vur\u011fulay\u0131b.<\/p>\n<p style=\"text-align: justify;\">Daha sonra Heyd\u0259r \u018fliyev M\u0259rk\u0259zinin Elmi ara\u015fd\u0131rmalar v\u0259 t\u0259bli\u011fat \u015f&ouml;b\u0259sinin ba\u015f m&uuml;t\u0259x\u0259ssisi Zafiq X\u0259lilov &ldquo;Heyd\u0259r \u018fliyev irsinin t\u0259bli\u011find\u0259 Heyd\u0259r \u018fliyev M\u0259rk\u0259zinin rolu&rdquo; m&ouml;vzusunda m\u0259ruz\u0259 il\u0259 &ccedil;\u0131x\u0131\u015f edib. Heyd\u0259r \u018fliyev m\u0259kt\u0259bl\u0259ri haqq\u0131nda da dan\u0131\u015fan Z.X\u0259lilov bildirib ki, bu m\u0259kt\u0259bl\u0259r Heyd\u0259r \u018fliyev irsinin &ouml;yr\u0259nilm\u0259sind\u0259 b&ouml;y&uuml;k \u0259h\u0259miyy\u0259t\u0259 malikdir.<\/p>\n<p style=\"text-align: justify;\">Az\u0259rbaycan Respublikas\u0131n\u0131n Prezidenti yan\u0131nda D&ouml;vl\u0259t \u0130dar\u0259&ccedil;ilik Akademiyas\u0131n\u0131n Tarix kafedras\u0131n\u0131n professoru Musa Quliyev &ldquo;Heyd\u0259r \u018fliyev &ndash; &Uuml;mummilli Lider, zaman v\u0259 m&uuml;asir d&ouml;vr&rdquo; m&ouml;vzusunda m\u0259ruz\u0259sind\u0259 be\u015f min illik d&ouml;vl\u0259t&ccedil;ilik tariximizd\u0259n b\u0259hs edib. XX \u0259srd\u0259ki d&ouml;vl\u0259t&ccedil;ilik \u0259n\u0259n\u0259l\u0259rimizd\u0259 Ulu &Ouml;nd\u0259rin siyasi f\u0259aliyy\u0259tinin \u0259h\u0259miyy\u0259tind\u0259n dan\u0131\u015f\u0131b, onun Az\u0259rbaycan tarixind\u0259ki silinm\u0259z iz qoydu\u011funu vur\u011fulay\u0131b. Eyni zamanda, deyib ki, ulu &ouml;nd\u0259r Heyd\u0259r \u018fliyev XX \u0259srin \u0259n tan\u0131nm\u0131\u015f siyasi xadiml\u0259rind\u0259n biri olub.<\/p>\n<p style=\"text-align: justify;\">&ldquo;&Uuml;mummilli lider Heyd\u0259r \u018fliyevin d&ouml;vl\u0259t idar\u0259&ccedil;ilik irsi v\u0259 g\u0259ncl\u0259r&rdquo; m&ouml;vzusunda m\u0259ruz\u0259 il\u0259 &ccedil;\u0131x\u0131\u015f ed\u0259n Milli M\u0259clisin deputat\u0131, iqtisad elml\u0259r &uuml;zr\u0259 f\u0259ls\u0259f\u0259 doktoru Emin Hac\u0131yev ulu &ouml;nd\u0259r Heyd\u0259r \u018fliyevin maddi-m\u0259n\u0259vi d\u0259y\u0259rl\u0259rinin g\u0259l\u0259c\u0259k n\u0259sill\u0259r\u0259 &ccedil;atd\u0131r\u0131lmas\u0131n\u0131n prioritet m\u0259s\u0259l\u0259l\u0259rd\u0259n oldu\u011funu diqq\u0259t\u0259 &ccedil;atd\u0131r\u0131b. &Uuml;mummilli Liderin 1993-c&uuml; ild\u0259 hakimiyy\u0259t\u0259 g\u0259lm\u0259sind\u0259n sonra &ouml;lk\u0259mizd\u0259 geni\u015fmiqyasl\u0131 islahatlar\u0131n h\u0259yata ke&ccedil;irildiyini, neft v\u0259 qaz sah\u0259sind\u0259 m&uuml;h&uuml;m \u0259h\u0259miyy\u0259tli m&uuml;qavil\u0259l\u0259rin ba\u011fland\u0131\u011f\u0131n\u0131 bildirib. Az\u0259rbaycan neftinin v\u0259 t\u0259bii qaz\u0131n\u0131n d&uuml;nya bazarlar\u0131na &ccedil;\u0131xar\u0131lmas\u0131n\u0131n Ulu &Ouml;nd\u0259rin ad\u0131 il\u0259 birba\u015fa ba\u011fl\u0131 oldu\u011funu vur\u011fulay\u0131b. Qeyd edib ki, Ulu &Ouml;nd\u0259rin y&uuml;r&uuml;td&uuml;y&uuml; m\u0259qs\u0259dy&ouml;nl&uuml; siyas\u0259tin respublikan\u0131n regionlar\u0131n\u0131n sosial-iqtisadi inki\u015faf\u0131na da m&uuml;h&uuml;m t\u0259siri olub.<\/p>\n<p style=\"text-align: justify;\">Eyni zamanda, diqq\u0259t\u0259 &ccedil;atd\u0131r\u0131l\u0131b ki, 2020-ci ild\u0259 44 g&uuml;nl&uuml;k V\u0259t\u0259n m&uuml;harib\u0259sind\u0259 Az\u0259rbaycan\u0131n qazand\u0131\u011f\u0131 \u015fanl\u0131 Z\u0259f\u0259rd\u0259 ulu &ouml;nd\u0259r Heyd\u0259r \u018fliyevin siyasi kursunu layiqinc\u0259 davam etdir\u0259n Prezident \u0130lham \u018fliyev \u0259sl m&uuml;driklik, q\u0259tiyy\u0259t v\u0259 s\u0259rk\u0259rd\u0259lik bacar\u0131\u011f\u0131 n&uuml;mayi\u015f etdirib.<\/p>\n<p style=\"text-align: justify;\">Qeyd ed\u0259k ki, konfransda D&ouml;vl\u0259t \u0130dar\u0259&ccedil;ilik Akademiyas\u0131n\u0131n professor-m&uuml;\u0259llim v\u0259 t\u0259l\u0259b\u0259 hey\u0259ti, Milli M\u0259clisin &uuml;zvl\u0259ri, d&ouml;vl\u0259t qurumlar\u0131n\u0131n t\u0259msil&ccedil;il\u0259ri, ictimai v\u0259 siyasi xadiml\u0259r i\u015ftirak edibl\u0259r.<\/p>\t\t\t\t\t<\/div>\n\t\t\t\t\t\t<\/div>\n\t\t\t\t<\/div>\n\t\t\t\t\t\t<\/div>\n\t\t\t\t\t<\/div>\n\t\t<\/div>\n\t\t\t\t\t\t\t\t<\/div>\n\t\t\t\t\t<\/div>\n\t\t<\/section>\n\t\t\t\t\t\t<\/div>\n\t\t\t\t\t\t<\/div>\n\t\t\t\t\t<\/div>","protected":false},"excerpt":{"rendered":"<p>D\u00f6vl\u0259t \u0130dar\u0259\u00e7ilik Akademiyas\u0131nda \u201cHeyd\u0259r \u018fliyev ideyalar\u0131 v\u0259 m\u00fcasir Az\u0259rbaycan\u201d adl\u0131 elmi-praktik konfrans ke\u00e7irilib Az\u0259rbaycan Respublikas\u0131n\u0131n Prezidenti yan\u0131nda D\u00f6vl\u0259t \u0130dar\u0259\u00e7ilik Akademiyas\u0131n\u0131n n\u0259zdind\u0259 f\u0259aliyy\u0259t g\u00f6st\u0259r\u0259n Heyd\u0259r \u018fliyev D\u00f6vl\u0259t \u0130dar\u0259\u00e7ilik M\u0259kt\u0259bind\u0259 ulu \u00f6nd\u0259r Heyd\u0259r \u018fliyevin anadan olmas\u0131n\u0131n 99-cu ild\u00f6n\u00fcm\u00fcn\u0259 h\u0259sr olunmu\u015f \u201cHeyd\u0259r \u018fliyev ideyalar\u0131 v\u0259 m\u00fcasir Az\u0259rbaycan\u201d adl\u0131 elmi-praktik konfrans ke\u00e7irilib. Az\u0259rbaycan Respublikas\u0131n\u0131n Prezidenti yan\u0131nda D\u00f6vl\u0259t \u0130dar\u0259\u00e7ilik Akademiyas\u0131 [&hellip;]<\/p>","protected":false},"author":2,"featured_media":17788,"comment_status":"closed","ping_status":"closed","sticky":false,"template":"","format":"standard","meta":[],"categories":[137],"tags":[],"_links":{"self":[{"href":"https:\/\/legacy.dia.edu.az\/ru\/wp-json\/wp\/v2\/posts\/17787"}],"collection":[{"href":"https:\/\/legacy.dia.edu.az\/ru\/wp-json\/wp\/v2\/posts"}],"about":[{"href":"https:\/\/legacy.dia.edu.az\/ru\/wp-json\/wp\/v2\/types\/post"}],"author":[{"embeddable":true,"href":"https:\/\/legacy.dia.edu.az\/ru\/wp-json\/wp\/v2\/users\/2"}],"replies":[{"embeddable":true,"href":"https:\/\/legacy.dia.edu.az\/ru\/wp-json\/wp\/v2\/comments?post=17787"}],"version-history":[{"count":14,"href":"https:\/\/legacy.dia.edu.az\/ru\/wp-json\/wp\/v2\/posts\/17787\/revisions"}],"predecessor-version":[{"id":17804,"href":"https:\/\/legacy.dia.edu.az\/ru\/wp-json\/wp\/v2\/posts\/17787\/revisions\/17804"}],"wp:featuredmedia":[{"embeddable":true,"href":"https:\/\/legacy.dia.edu.az\/ru\/wp-json\/wp\/v2\/media\/17788"}],"wp:attachment":[{"href":"https:\/\/legacy.dia.edu.az\/ru\/wp-json\/wp\/v2\/media?parent=17787"}],"wp:term":[{"taxonomy":"category","embeddable":true,"href":"https:\/\/legacy.dia.edu.az\/ru\/wp-json\/wp\/v2\/categories?post=17787"},{"taxonomy":"post_tag","embeddable":true,"href":"https:\/\/legacy.dia.edu.az\/ru\/wp-json\/wp\/v2\/tags?post=17787"}],"curies":[{"name":"wp","href":"https:\/\/api.w.org\/{rel}","templated":true}]}}