{"id":17580,"date":"2022-04-20T21:52:34","date_gmt":"2022-04-20T17:52:34","guid":{"rendered":"https:\/\/dia.edu.az\/?p=17580"},"modified":"2022-06-23T18:16:07","modified_gmt":"2022-06-23T14:16:07","slug":"az%c9%99rbaycan-qirgizistan-s%c9%99n%c9%99dl%c9%99ri-imzalanib","status":"publish","type":"post","link":"https:\/\/legacy.dia.edu.az\/ru\/arxivl\u0259r\/17580","title":{"rendered":"Az\u0259rbaycan-Q\u0131r\u011f\u0131z\u0131stan s\u0259n\u0259dl\u0259ri imzalan\u0131b"},"content":{"rendered":"<div data-elementor-type=\"wp-post\" data-elementor-id=\"17580\" class=\"elementor elementor-17580\" data-elementor-settings=\"[]\">\n\t\t\t\t\t\t<div class=\"elementor-inner\">\n\t\t\t\t\t\t\t<div class=\"elementor-section-wrap\">\n\t\t\t\t\t\t\t<section class=\"elementor-section elementor-top-section elementor-element elementor-element-7edffe7 elementor-section-boxed elementor-section-height-default elementor-section-height-default\" data-id=\"7edffe7\" data-element_type=\"section\">\n\t\t\t\t\t\t<div class=\"elementor-container elementor-column-gap-default\">\n\t\t\t\t\t\t\t<div class=\"elementor-row\">\n\t\t\t\t\t<div class=\"elementor-column elementor-col-100 elementor-top-column elementor-element elementor-element-9f12e57\" data-id=\"9f12e57\" data-element_type=\"column\">\n\t\t\t<div class=\"elementor-column-wrap elementor-element-populated\">\n\t\t\t\t\t\t\t<div class=\"elementor-widget-wrap\">\n\t\t\t\t\t\t<div class=\"elementor-element elementor-element-11f405a elementor-widget elementor-widget-text-editor\" data-id=\"11f405a\" data-element_type=\"widget\" data-widget_type=\"text-editor.default\">\n\t\t\t\t<div class=\"elementor-widget-container\">\n\t\t\t\t\t\t\t\t<div class=\"elementor-text-editor elementor-clearfix\">\n\t\t\t\t\tAz\u0259rbaycan-Q\u0131r\u011f\u0131z\u0131stan s\u0259n\u0259dl\u0259ri imzalan\u0131b\t\t\t\t\t<\/div>\n\t\t\t\t\t\t<\/div>\n\t\t\t\t<\/div>\n\t\t\t\t\t\t<\/div>\n\t\t\t\t\t<\/div>\n\t\t<\/div>\n\t\t\t\t\t\t\t\t<\/div>\n\t\t\t\t\t<\/div>\n\t\t<\/section>\n\t\t\t\t<section class=\"elementor-section elementor-top-section elementor-element elementor-element-2e141229 elementor-section-boxed elementor-section-height-default elementor-section-height-default\" data-id=\"2e141229\" data-element_type=\"section\">\n\t\t\t\t\t\t<div class=\"elementor-container elementor-column-gap-default\">\n\t\t\t\t\t\t\t<div class=\"elementor-row\">\n\t\t\t\t\t<div class=\"elementor-column elementor-col-100 elementor-top-column elementor-element elementor-element-5c31b724\" data-id=\"5c31b724\" data-element_type=\"column\">\n\t\t\t<div class=\"elementor-column-wrap elementor-element-populated\">\n\t\t\t\t\t\t\t<div class=\"elementor-widget-wrap\">\n\t\t\t\t\t\t<div class=\"elementor-element elementor-element-3b34103 elementor-widget elementor-widget-text-editor\" data-id=\"3b34103\" data-element_type=\"widget\" data-widget_type=\"text-editor.default\">\n\t\t\t\t<div class=\"elementor-widget-container\">\n\t\t\t\t\t\t\t\t<div class=\"elementor-text-editor elementor-clearfix\">\n\t\t\t\t\t<h1 class=\"news_heading\" style=\"text-align: center;\"><\/h1>\n<p style=\"text-align: justify;\">Aprelin 20-d\u0259 Bak\u0131da geni\u015f t\u0259rkibd\u0259 g\u00f6r\u00fc\u015f ba\u015fa \u00e7atd\u0131qdan sonra Az\u0259rbaycan Respublikas\u0131n\u0131n Prezidenti \u0130lham \u018fliyevin v\u0259 Q\u0131r\u011f\u0131z Respublikas\u0131n\u0131n Prezidenti Sad\u0131r Japarovun i\u015ftirak\u0131 il\u0259 Az\u0259rbaycan-Q\u0131r\u011f\u0131z\u0131stan s\u0259n\u0259dl\u0259rinin imzalanmas\u0131 m\u0259rasimi olub.<\/p>\n<p style=\"text-align: justify;\">\u201cAz\u0259rbaycan Respublikas\u0131 v\u0259 Q\u0131r\u011f\u0131z Respublikas\u0131 aras\u0131nda Strateji T\u0259r\u0259fda\u015fl\u0131q haqq\u0131nda B\u0259y\u0259nnam\u0259\u201dni Az\u0259rbaycan Respublikas\u0131n\u0131n Prezidenti \u0130lham \u018fliyev v\u0259 Q\u0131r\u011f\u0131z Respublikas\u0131n\u0131n Prezidenti Sad\u0131r Japarov imzalad\u0131lar.<\/p>\n<p style=\"text-align: justify;\">\u201cAz\u0259rbaycan Respublikas\u0131 v\u0259 Q\u0131r\u011f\u0131z Respublikas\u0131n\u0131n D\u00f6vl\u0259tl\u0259raras\u0131 \u015euras\u0131n\u0131n yarad\u0131lmas\u0131 haqq\u0131nda Memorandum\u201du Az\u0259rbaycan Respublikas\u0131n\u0131n Prezidenti \u0130lham \u018fliyev v\u0259 Q\u0131r\u011f\u0131z Respublikas\u0131n\u0131n Prezidenti Sad\u0131r Japarov imzalad\u0131lar.<\/p>\n<p style=\"text-align: justify;\">\u201cAz\u0259rbaycan Respublikas\u0131 Prezidenti yan\u0131nda D\u00f6vl\u0259t \u0130dar\u0259\u00e7ilik Akademiyas\u0131 il\u0259 Q\u0131r\u011f\u0131z Respublikas\u0131 Prezidenti yan\u0131nda \u0130dar\u0259\u00e7ilik Akademiyas\u0131 aras\u0131nda \u0259m\u0259kda\u015fl\u0131q haqq\u0131nda Memorandum\u201du Az\u0259rbaycan Respublikas\u0131n\u0131n Prezidenti yan\u0131nda D\u00f6vl\u0259t \u0130dar\u0259\u00e7ilik Akademiyas\u0131n\u0131n rektoru Urxan \u018fl\u0259kb\u0259rov v\u0259 Q\u0131r\u011f\u0131z Respublikas\u0131 Prezidenti yan\u0131nda D\u00f6vl\u0259t \u0130dar\u0259\u00e7ilik Akademiyas\u0131n\u0131n rektoru Almazbek Akmataliyev imzalad\u0131lar.<\/p>\n<p style=\"text-align: justify;\">\u201cAz\u0259rbaycan Televiziya v\u0259 Radio Verili\u015fl\u0259ri\u201d Qapal\u0131 S\u0259hmdar C\u0259miyy\u0259ti il\u0259 Q\u0131r\u011f\u0131z Respublikas\u0131 \u0130ctimai Teleradio Yay\u0131mlar\u0131 Korporasiyas\u0131 aras\u0131nda \u0259m\u0259kda\u015fl\u0131q haqq\u0131nda Sazi\u015f\u201di Az\u0259rbaycan\u0131n Q\u0131r\u011f\u0131z\u0131standak\u0131 f\u00f6vq\u0259lad\u0259 v\u0259 s\u0259lahiyy\u0259tli s\u0259firi L\u0259tif Q\u0259ndilov v\u0259 Q\u0131r\u011f\u0131z Respublikas\u0131n\u0131n Az\u0259rbaycandak\u0131 f\u00f6vq\u0259lad\u0259 v\u0259 s\u0259lahiyy\u0259tli s\u0259firi Kayrat Osmonaliyev imzalad\u0131lar.<\/p>\n<p style=\"text-align: justify;\">\u201cAz\u0259rbaycan Respublikas\u0131n\u0131n K\u0259nd T\u0259s\u0259rr\u00fcfat\u0131 Nazirliyi il\u0259 Q\u0131r\u011f\u0131z Respublikas\u0131n\u0131n K\u0259nd T\u0259s\u0259rr\u00fcfat\u0131 Nazirliyi aras\u0131nda k\u0259nd t\u0259s\u0259rr\u00fcfat\u0131 sah\u0259sind\u0259 \u0259m\u0259kda\u015fl\u0131q haqq\u0131nda Sazi\u015f\u201di Az\u0259rbaycan Respublikas\u0131n\u0131n k\u0259nd t\u0259s\u0259rr\u00fcfat\u0131 naziri \u0130nam K\u0259rimov v\u0259 Q\u0131r\u011f\u0131z Respublikas\u0131n\u0131n k\u0259nd t\u0259s\u0259rr\u00fcfat\u0131 naziri Askarbek Canibekov imzalad\u0131lar.<\/p>\n<p style=\"text-align: justify;\">\u201cAz\u0259rbaycan Respublikas\u0131 \u0130qtisadiyyat Nazirliyi yan\u0131nda Antiinhisar v\u0259 \u0130stehlak Bazar\u0131na N\u0259zar\u0259t D\u00f6vl\u0259t Xidm\u0259ti il\u0259 Q\u0131r\u011f\u0131z Respublikas\u0131 \u0130qtisadiyyat v\u0259 Kommersiya Nazirliyi yan\u0131nda Antiinhisar T\u0259nziml\u0259nm\u0259si Xidm\u0259ti aras\u0131nda \u0259m\u0259kda\u015fl\u0131q haqq\u0131nda Memorandum\u201du Az\u0259rbaycan Respublikas\u0131n\u0131n iqtisadiyyat naziri Mikay\u0131l Cabbarov v\u0259 Q\u0131r\u011f\u0131z Respublikas\u0131n\u0131n iqtisadiyyat v\u0259 kommersiya naziri Daniyar Amangeldiyev imzalad\u0131lar.<\/p>\n<p style=\"text-align: justify;\">\u201cAz\u0259rbaycan Respublikas\u0131n\u0131n R\u0259q\u0259msal \u0130nki\u015faf v\u0259 N\u0259qliyyat Nazirliyi il\u0259 Q\u0131r\u011f\u0131z Respublikas\u0131n\u0131n R\u0259q\u0259msal \u0130nki\u015faf Nazirliyi aras\u0131nda rabit\u0259 v\u0259 informasiya-kommunikasiya texnologiyalar\u0131 sah\u0259sind\u0259 \u0259m\u0259kda\u015fl\u0131\u011f\u0131n inki\u015faf\u0131 haqq\u0131nda Memorandum\u201du Az\u0259rbaycan Respublikas\u0131n\u0131n r\u0259q\u0259msal inki\u015faf v\u0259 n\u0259qliyyat naziri R\u0259\u015fad N\u0259biyev v\u0259 Q\u0131r\u011f\u0131z Respublikas\u0131n\u0131n r\u0259q\u0259msal inki\u015faf naziri Talantbek \u0130manov imzalad\u0131lar.<\/p>\n<p style=\"text-align: justify;\">\u201cAz\u0259rbaycan Respublikas\u0131 H\u00f6kum\u0259ti il\u0259 Q\u0131r\u011f\u0131z Respublikas\u0131 Nazirl\u0259r Kabineti aras\u0131nda hava \u0259laq\u0259si haqq\u0131nda Sazi\u015f\u201di Az\u0259rbaycan Respublikas\u0131n\u0131n r\u0259q\u0259msal inki\u015faf v\u0259 n\u0259qliyyat naziri R\u0259\u015fad N\u0259biyev v\u0259 Q\u0131r\u011f\u0131z Respublikas\u0131n\u0131n n\u0259qliyyat v\u0259 kommunikasiya naziri Erkinbek Osoyev imzalad\u0131lar.<\/p>\n<p style=\"text-align: justify;\">\u201cAz\u0259rbaycan Respublikas\u0131 \u018fqli M\u00fclkiyy\u0259t Agentliyi il\u0259 Q\u0131r\u011f\u0131z Respublikas\u0131n\u0131n Nazirl\u0259r Kabineti yan\u0131nda \u018fqli M\u00fclkiyy\u0259t v\u0259 \u0130nnovasiya D\u00f6vl\u0259t Agentliyi aras\u0131nda \u0259qli m\u00fclkiyy\u0259tin qorunmas\u0131 sah\u0259sind\u0259 anla\u015fma v\u0259 \u0259m\u0259kda\u015fl\u0131q haqq\u0131nda Memorandum\u201du Az\u0259rbaycan Respublikas\u0131n\u0131n xarici i\u015fl\u0259r naziri Ceyhun Bayramov v\u0259 Q\u0131r\u011f\u0131z Respublikas\u0131n\u0131n xarici i\u015fl\u0259r naziri Ruslan Kazakbayev imzalad\u0131lar.<\/p>\n<p style=\"text-align: justify;\">\u201cAz\u0259rbaycan Respublikas\u0131n\u0131n Maliyy\u0259 Nazirliyi il\u0259 Q\u0131r\u011f\u0131z Respublikas\u0131n\u0131n Maliyy\u0259 Nazirliyi aras\u0131nda \u0259m\u0259kda\u015fl\u0131q haqq\u0131nda Anla\u015fma Memorandumu\u201dnu Az\u0259rbaycan Respublikas\u0131n\u0131n xarici i\u015fl\u0259r naziri Ceyhun Bayramov v\u0259 Q\u0131r\u011f\u0131z Respublikas\u0131n\u0131n xarici i\u015fl\u0259r naziri Ruslan Kazakbayev imzalad\u0131lar.<\/p>\t\t\t\t\t<\/div>\n\t\t\t\t\t\t<\/div>\n\t\t\t\t<\/div>\n\t\t\t\t\t\t<\/div>\n\t\t\t\t\t<\/div>\n\t\t<\/div>\n\t\t\t\t\t\t\t\t<\/div>\n\t\t\t\t\t<\/div>\n\t\t<\/section>\n\t\t\t\t\t\t<\/div>\n\t\t\t\t\t\t<\/div>\n\t\t\t\t\t<\/div>","protected":false},"excerpt":{"rendered":"<p>Az\u0259rbaycan-Q\u0131r\u011f\u0131z\u0131stan s\u0259n\u0259dl\u0259ri imzalan\u0131b Aprelin 20-d\u0259 Bak\u0131da geni\u015f t\u0259rkibd\u0259 g\u00f6r\u00fc\u015f ba\u015fa \u00e7atd\u0131qdan sonra Az\u0259rbaycan Respublikas\u0131n\u0131n Prezidenti \u0130lham \u018fliyevin v\u0259 Q\u0131r\u011f\u0131z Respublikas\u0131n\u0131n Prezidenti Sad\u0131r Japarovun i\u015ftirak\u0131 il\u0259 Az\u0259rbaycan-Q\u0131r\u011f\u0131z\u0131stan s\u0259n\u0259dl\u0259rinin imzalanmas\u0131 m\u0259rasimi olub. \u201cAz\u0259rbaycan Respublikas\u0131 v\u0259 Q\u0131r\u011f\u0131z Respublikas\u0131 aras\u0131nda Strateji T\u0259r\u0259fda\u015fl\u0131q haqq\u0131nda B\u0259y\u0259nnam\u0259\u201dni Az\u0259rbaycan Respublikas\u0131n\u0131n Prezidenti \u0130lham \u018fliyev v\u0259 Q\u0131r\u011f\u0131z Respublikas\u0131n\u0131n Prezidenti Sad\u0131r Japarov imzalad\u0131lar. \u201cAz\u0259rbaycan Respublikas\u0131 v\u0259 [&hellip;]<\/p>","protected":false},"author":2,"featured_media":17582,"comment_status":"closed","ping_status":"closed","sticky":false,"template":"","format":"standard","meta":[],"categories":[137],"tags":[],"_links":{"self":[{"href":"https:\/\/legacy.dia.edu.az\/ru\/wp-json\/wp\/v2\/posts\/17580"}],"collection":[{"href":"https:\/\/legacy.dia.edu.az\/ru\/wp-json\/wp\/v2\/posts"}],"about":[{"href":"https:\/\/legacy.dia.edu.az\/ru\/wp-json\/wp\/v2\/types\/post"}],"author":[{"embeddable":true,"href":"https:\/\/legacy.dia.edu.az\/ru\/wp-json\/wp\/v2\/users\/2"}],"replies":[{"embeddable":true,"href":"https:\/\/legacy.dia.edu.az\/ru\/wp-json\/wp\/v2\/comments?post=17580"}],"version-history":[{"count":11,"href":"https:\/\/legacy.dia.edu.az\/ru\/wp-json\/wp\/v2\/posts\/17580\/revisions"}],"predecessor-version":[{"id":17639,"href":"https:\/\/legacy.dia.edu.az\/ru\/wp-json\/wp\/v2\/posts\/17580\/revisions\/17639"}],"wp:featuredmedia":[{"embeddable":true,"href":"https:\/\/legacy.dia.edu.az\/ru\/wp-json\/wp\/v2\/media\/17582"}],"wp:attachment":[{"href":"https:\/\/legacy.dia.edu.az\/ru\/wp-json\/wp\/v2\/media?parent=17580"}],"wp:term":[{"taxonomy":"category","embeddable":true,"href":"https:\/\/legacy.dia.edu.az\/ru\/wp-json\/wp\/v2\/categories?post=17580"},{"taxonomy":"post_tag","embeddable":true,"href":"https:\/\/legacy.dia.edu.az\/ru\/wp-json\/wp\/v2\/tags?post=17580"}],"curies":[{"name":"wp","href":"https:\/\/api.w.org\/{rel}","templated":true}]}}