{"id":17566,"date":"2022-04-09T12:37:00","date_gmt":"2022-04-09T08:37:00","guid":{"rendered":"https:\/\/dia.edu.az\/?p=17566"},"modified":"2022-04-19T09:25:45","modified_gmt":"2022-04-19T05:25:45","slug":"v%c9%99t%c9%99n-m%c9%99nim-h%c9%99r-anim-adli-konsert-proqrami-t%c9%99qdim-olunub-2","status":"publish","type":"post","link":"https:\/\/legacy.dia.edu.az\/ru\/arxivl\u0259r\/17566","title":{"rendered":"\u201cV\u0259t\u0259n m\u0259nim h\u0259r an\u0131m\u201d adl\u0131 konsert proqram\u0131 t\u0259qdim olunub"},"content":{"rendered":"<p style=\"text-align: justify;\">Aprelin 8-d\u0259 Az\u0259rbaycan Respublikas\u0131n\u0131n Prezidenti yan\u0131nda D\u00f6vl\u0259t \u0130dar\u0259\u00e7ilik Akademiyas\u0131nda (D\u0130A) Xocav\u0259nd rayonunun Tu\u011f k\u0259nd U\u015faq Musiqi M\u0259kt\u0259binin \u015fagirdl\u0259rinin i\u015ftirak\u0131 il\u0259 \u201cV\u0259t\u0259n m\u0259nim h\u0259r an\u0131m\u201d adl\u0131 konsert proqram\u0131 t\u0259qdim olunub.<\/p>\n<p style=\"text-align: justify;\">D\u00f6vl\u0259t \u0130dar\u0259\u00e7ilik Akademiyas\u0131, Xocav\u0259nd Rayon \u0130cra Hakimiyy\u0259ti v\u0259 K\u00fcrd\u0259mir Regional M\u0259d\u0259niyy\u0259t \u0130dar\u0259sinin birg\u0259 t\u0259\u015fkilat\u00e7\u0131l\u0131\u011f\u0131 il\u0259 realla\u015fan konsert \u201c\u015eu\u015fa \u0130li\u201dn\u0259 h\u0259sr edilib.<\/p>\n<p style=\"text-align: justify;\">T\u0259dbird\u0259 \u015f\u0259hidl\u0259rin xatir\u0259si bir d\u0259qiq\u0259lik s\u00fckutla yad edilib.<\/p>\n<p style=\"text-align: justify;\">Sonra \u015eu\u015fa v\u0259 Tu\u011f k\u0259nd U\u015faq Musiqi M\u0259kt\u0259bi il\u0259 ba\u011fl\u0131 videog\u00f6r\u00fcnt\u00fcl\u0259r n\u00fcmayi\u015f olunub.<\/p>\n<p style=\"text-align: justify;\">T\u0259dbird\u0259 \u00e7\u0131x\u0131\u015f ed\u0259n D\u0130A-n\u0131n rektoru akademik Urxan \u018fl\u0259kb\u0259rov bildirib ki, d\u00f6vl\u0259timizin ba\u015f\u00e7\u0131s\u0131, M\u00fcz\u0259ff\u0259r Ali Ba\u015f Komandan \u0130lham \u018fliyevin q\u0259tiyy\u0259ti say\u0259sind\u0259 Az\u0259rbaycan Ordusu tarix yazaraq 30 illik i\u015f\u011fala son qoydu, \u0259razi b\u00fct\u00f6vl\u00fcy\u00fcm\u00fcz\u00fc t\u0259min etdi. 44 g\u00fcnl\u00fck V\u0259t\u0259n m\u00fcharib\u0259sind\u0259 Z\u0259f\u0259r qazand\u0131q. D\u00f6vl\u0259t ba\u015f\u00e7\u0131s\u0131n\u0131n 2022-ci ilin \u00f6lk\u0259mizd\u0259 \u201c\u015eu\u015fa \u0130li\u201d elan edilm\u0259si il\u0259 ba\u011fl\u0131 m\u00fcvafiq S\u0259r\u0259ncam\u0131n\u0131n icras\u0131 istiqam\u0259tind\u0259 silsil\u0259 t\u0259dbirl\u0259r davam edir.<\/p>\n<p style=\"text-align: justify;\">Tu\u011f k\u0259nd U\u015faq Musiqi M\u0259kt\u0259binin f\u0259aliyy\u0259tini y\u00fcks\u0259k qiym\u0259tl\u0259ndir\u0259n rektor bildirib ki, bu m\u0259kt\u0259b \u00f6z\u00fcn\u00fcn \u0259n\u0259n\u0259l\u0259ri v\u0259 istedadl\u0131 \u015fagirdl\u0259ril\u0259 h\u0259mi\u015f\u0259 se\u00e7ilib.<\/p>\n<p style=\"text-align: justify;\">Konsertd\u0259 b\u0259st\u0259karlar Fikr\u0259t \u018fmirov, Qara Qarayev, Arif M\u0259likov, Cahangir Cahangirov, H\u0259s\u0259n Rzayev, Ramiz Miri\u015fli, Vaqif Mustafazad\u0259nin \u0259s\u0259rl\u0259ri s\u0259sl\u0259ndirilib.<\/p>\n<p style=\"text-align: justify;\">Musiqisi Ceyhun Qurbanova, s\u00f6zl\u0259ri Baba V\u0259zirogluna m\u0259xsus olan \u201cCan\u0131m\u0131z V\u0259t\u0259n\u201d adl\u0131 klip t\u0259qdim olunub.<\/p>","protected":false},"excerpt":{"rendered":"<p>Aprelin 8-d\u0259 Az\u0259rbaycan Respublikas\u0131n\u0131n Prezidenti yan\u0131nda D\u00f6vl\u0259t \u0130dar\u0259\u00e7ilik Akademiyas\u0131nda (D\u0130A) Xocav\u0259nd rayonunun Tu\u011f k\u0259nd U\u015faq Musiqi M\u0259kt\u0259binin \u015fagirdl\u0259rinin i\u015ftirak\u0131 il\u0259 \u201cV\u0259t\u0259n m\u0259nim h\u0259r an\u0131m\u201d adl\u0131 konsert proqram\u0131 t\u0259qdim olunub. D\u00f6vl\u0259t \u0130dar\u0259\u00e7ilik Akademiyas\u0131, Xocav\u0259nd Rayon \u0130cra Hakimiyy\u0259ti v\u0259 K\u00fcrd\u0259mir Regional M\u0259d\u0259niyy\u0259t \u0130dar\u0259sinin birg\u0259 t\u0259\u015fkilat\u00e7\u0131l\u0131\u011f\u0131 il\u0259 realla\u015fan konsert \u201c\u015eu\u015fa \u0130li\u201dn\u0259 h\u0259sr edilib. T\u0259dbird\u0259 \u015f\u0259hidl\u0259rin xatir\u0259si bir d\u0259qiq\u0259lik [&hellip;]<\/p>","protected":false},"author":2,"featured_media":17553,"comment_status":"closed","ping_status":"closed","sticky":false,"template":"","format":"standard","meta":[],"categories":[137],"tags":[],"_links":{"self":[{"href":"https:\/\/legacy.dia.edu.az\/ru\/wp-json\/wp\/v2\/posts\/17566"}],"collection":[{"href":"https:\/\/legacy.dia.edu.az\/ru\/wp-json\/wp\/v2\/posts"}],"about":[{"href":"https:\/\/legacy.dia.edu.az\/ru\/wp-json\/wp\/v2\/types\/post"}],"author":[{"embeddable":true,"href":"https:\/\/legacy.dia.edu.az\/ru\/wp-json\/wp\/v2\/users\/2"}],"replies":[{"embeddable":true,"href":"https:\/\/legacy.dia.edu.az\/ru\/wp-json\/wp\/v2\/comments?post=17566"}],"version-history":[{"count":1,"href":"https:\/\/legacy.dia.edu.az\/ru\/wp-json\/wp\/v2\/posts\/17566\/revisions"}],"predecessor-version":[{"id":17567,"href":"https:\/\/legacy.dia.edu.az\/ru\/wp-json\/wp\/v2\/posts\/17566\/revisions\/17567"}],"wp:featuredmedia":[{"embeddable":true,"href":"https:\/\/legacy.dia.edu.az\/ru\/wp-json\/wp\/v2\/media\/17553"}],"wp:attachment":[{"href":"https:\/\/legacy.dia.edu.az\/ru\/wp-json\/wp\/v2\/media?parent=17566"}],"wp:term":[{"taxonomy":"category","embeddable":true,"href":"https:\/\/legacy.dia.edu.az\/ru\/wp-json\/wp\/v2\/categories?post=17566"},{"taxonomy":"post_tag","embeddable":true,"href":"https:\/\/legacy.dia.edu.az\/ru\/wp-json\/wp\/v2\/tags?post=17566"}],"curies":[{"name":"wp","href":"https:\/\/api.w.org\/{rel}","templated":true}]}}