{"id":17560,"date":"2022-04-16T12:22:21","date_gmt":"2022-04-16T08:22:21","guid":{"rendered":"https:\/\/dia.edu.az\/?p=17560"},"modified":"2022-04-16T12:34:07","modified_gmt":"2022-04-16T08:34:07","slug":"yap-yasamal-rayon-t%c9%99skilatinda-milli-maraqlar-v%c9%99-xarici-siyas%c9%99t-movzusunda-keciril%c9%99n-t%c9%99dbirin-qonaqi-dovl%c9%99t-idar%c9%99cilik-akademiyasinin-rektoru-akad","status":"publish","type":"post","link":"https:\/\/legacy.dia.edu.az\/ru\/arxivl\u0259r\/17560","title":{"rendered":"YAP Yasamal rayon t\u0259\u015fkilat\u0131nda \u201cMilli maraqlar v\u0259 xarici siyas\u0259t\u201d m\u00f6vzusunda ke\u00e7iril\u0259n t\u0259dbirin qonaqi D\u00f6vl\u0259t \u0130dar\u0259\u00e7ilik Akademiyas\u0131n\u0131n rektoru, akademik Urxan \u018fl\u0259kb\u0259rov olub"},"content":{"rendered":"<p style=\"text-align: justify;\">&nbsp;<\/p>\n<p style=\"text-align: justify;\">YAP Yasamal rayon t\u0259\u015fkilat\u0131n\u0131n s\u0259dri B\u0259xtiyar N\u0259biyev g\u0259ncl\u0259ri salamlay\u0131b v\u0259 qeyd edib ki, V\u0259t\u0259np\u0259rv\u0259rlik t\u0259rbiy\u0259si h\u0259m\u00e7inin g\u0259nc n\u0259slin m\u0259nsub oldu\u011fu milli d\u0259y\u0259rl\u0259r\u0259, tarixi \u0259n\u0259n\u0259l\u0259r\u0259 ba\u011fl\u0131l\u0131\u011f\u0131n\u0131 da \u00f6z\u00fcnd\u0259 ehtiva edir. V\u0259t\u0259nin tarixi ke\u00e7mi\u015fini d\u0259rind\u0259n bilm\u0259k, milli d\u0259y\u0259rl\u0259rin\u0259 sahib olmaq, ad\u0259t-\u0259n\u0259n\u0259l\u0259rini \u00f6yr\u0259nm\u0259k, maddi v\u0259 m\u0259n\u0259vi s\u0259rv\u0259tl\u0259rini qorumaq v\u0259t\u0259np\u0259rv\u0259r insani s\u0259ciyy\u0259l\u0259ndir\u0259n \u0259n m\u00fch\u00fcm keyfiyy\u0259tl\u0259rd\u0259ndir. Bu keyfiyy\u0259tl\u0259ri g\u0259ncl\u0259r\u0259 a\u015f\u0131lamaq \u00fc\u00e7\u00fcn is\u0259 g\u0259nc n\u0259slin tarixi yerl\u0259r\u0259 g\u0259zintisini t\u0259\u015fkil etm\u0259k, tarixi g\u00fcnl\u0259r\u0259 h\u0259sr olunmu\u015f t\u0259dbirl\u0259r ke\u00e7irm\u0259k b\u00f6y\u00fck \u0259h\u0259miyy\u0259t k\u0259sb edir. Bu g\u00fcn \u00f6lk\u0259mizd\u0259 g\u0259nc n\u0259slin v\u0259t\u0259np\u0259rv\u0259rlik ruhunda t\u0259rbiy\u0259 olunmas\u0131 aktual m\u0259s\u0259l\u0259 kimi b\u00f6y\u00fck \u0259h\u0259miyy\u0259t k\u0259sb edir. \u00c7\u00fcnki, v\u0259t\u0259np\u0259rv\u0259rlik hissinin a\u015f\u0131lanmas\u0131 d\u00f6vl\u0259tin, dilin, ad\u0259t-\u0259n\u0259n\u0259l\u0259rin, \u00fcmumilikd\u0259 b\u00fct\u00f6v bir xalq\u0131n g\u0259l\u0259c\u0259yini t\u0259min ed\u0259n amill\u0259rin \u0259n m\u00fch\u00fcm\u00fcd\u00fcr.<br \/>\n\u00c7\u0131x\u0131\u015f\u0131na davam ed\u0259n B\u0259xtiyar N\u0259biyev bildirdi ki, bu g\u00fcn Az\u0259rbaycan Ordusunun i\u015f\u011fal alt\u0131nda olan torpaqlar\u0131m\u0131z\u0131 qan\u0131-can\u0131 bahas\u0131na geri qaytarmas\u0131 d\u00f6vl\u0259t, mill\u0259t olaraq n\u0259y\u0259 qadir oldu\u011fumuzu bir daha s\u00fcb\u00fct edir. Q\u0131sa m\u00fcdd\u0259td\u0259 b\u00fct\u00fcn xalq\u0131n h\u0259r \u015feyi k\u0259nara qoyub bir yumruq hal\u0131nda birl\u0259\u015fm\u0259si v\u0259t\u0259np\u0259rv\u0259rlik ruhunun yet\u0259rinc\u0259 oldu\u011funu g\u00f6st\u0259rdi. \u00c7\u00fcnki v\u0259t\u0259np\u0259rlik emosiya v\u0259 hissl\u0259rl\u0259 ba\u011fl\u0131 oldu\u011fundan bu hissl\u0259rin t\u0259rbiy\u0259si h\u0259r bir d\u00f6vl\u0259t v\u0259 c\u0259miyy\u0259t \u00fc\u00e7\u00fcn vacib m\u0259s\u0259l\u0259dir.<\/p>\n<p style=\"text-align: justify;\">\u00c7\u0131x\u0131\u015f ed\u0259n D\u00f6vl\u0259t \u0130dar\u0259\u00e7ilik Akademiyas\u0131n\u0131n rektoru, akademik Urxan \u018fl\u0259kb\u0259rov s\u00f6yl\u0259yib ki, Ulu \u00d6nd\u0259r v\u0259 onun layiqli davam\u00e7\u0131s\u0131 C\u0259nab Prezidentimiz \u0130lham \u018fliyev g\u0259ncl\u0259rin himay\u0259darlar\u0131 kimi \u00e7\u0131x\u0131\u015f ed\u0259r\u0259k sa\u011flam d\u00fc\u015f\u00fcnc\u0259li yeni n\u0259slin yeti\u015fdirilm\u0259si sah\u0259sind\u0259 misilsiz i\u015fl\u0259r g\u00f6r\u00fcb. Urxan \u018fl\u0259kb\u0259rov \u00e7\u0131x\u0131\u015f\u0131na davam ed\u0259r\u0259k bildirb ki, \u00f6lk\u0259mizin inkl\u00fcziv inki\u015faf ed\u0259n c\u0259miyy\u0259tin qurulmas\u0131 istiqam\u0259tind\u0259 qazand\u0131\u011f\u0131 u\u011furlar\u0131n ba\u015fl\u0131ca faktoru insan potensial\u0131n\u0131n formala\u015fd\u0131r\u0131lmas\u0131 v\u0259 s\u0259f\u0259rb\u0259r edilm\u0259sin\u0259 elmi yana\u015fmadad\u0131r. \u00d6lk\u0259d\u0259 t\u0259tbiq edil\u0259n komplimentar texnologiyalar m\u00fcxt\u0259lif yana\u015fmalar\u0131 \u00f6z\u00fcnd\u0259 ehtiva edir. Proqram v\u0259 layih\u0259l\u0259rin ger\u00e7\u0259kl\u0259\u015fdirilm\u0259sind\u0259 i\u015ftirak ed\u0259n b\u00fct\u00fcn milli v\u0259 beyn\u0259lxalq t\u0259r\u0259fda\u015flar\u0131n maraqlar\u0131n\u0131n n\u0259z\u0259r\u0259 al\u0131nmas\u0131 komplimentarl\u0131q prinsipl\u0259ri \u0259sas\u0131nda inki\u015faf prosesl\u0259rinin idar\u0259 edilm\u0259sinin \u00f6n\u0259mli elementl\u0259rind\u0259ndir. Bu yana\u015fma \u00f6lk\u0259nin xarici siyas\u0259tinin formala\u015fd\u0131r\u0131lmas\u0131 bax\u0131m\u0131ndan da vacibdir. Qeyd etm\u0259k laz\u0131md\u0131r ki, iqtisadi v\u0259 sosial inki\u015faf\u0131n innovativ idar\u0259 edilm\u0259si texnologiyalar\u0131 sisteminin b\u00fct\u00fcn elementl\u0259ri maliyy\u0259 v\u0259 ba\u015fqa maddi resurslar\u0131n, o c\u00fcml\u0259d\u0259n insan resurslar\u0131n\u0131n istifad\u0259si s\u0259m\u0259r\u0259liliyinin y\u00fcks\u0259ldilm\u0259si n\u00f6qteyi-n\u0259z\u0259rind\u0259n olduqca \u00f6n\u0259mlidir. Bu arada inki\u015fafprosesl\u0259rinin planla\u015fd\u0131r\u0131lmas\u0131 v\u0259 idar\u0259 olunmas\u0131 sah\u0259sind\u0259 bacar\u0131q v\u0259 bilikl\u0259rin, insan potensial\u0131n\u0131n formala\u015fd\u0131r\u0131lmas\u0131 v\u0259 s\u0259f\u0259rb\u0259r edilm\u0259si iqtisadi v\u0259 sosial bax\u0131mdan y\u00fcks\u0259k n\u0259tic\u0259l\u0259rin qazan\u0131lmas\u0131nda vacib faktor kimi \u00e7\u0131x\u0131\u015f edir<br \/>\nSon 19 ild\u0259 \u00f6lk\u0259d\u0259 adamba\u015f\u0131na d\u00fc\u015f\u0259n g\u0259lirl\u0259rin artmas\u0131, iqtisadi dir\u00e7\u0259li\u015f\u0259 nail olunmas\u0131 d\u00f6vl\u0259t s\u0259viyy\u0259sind\u0259 elm, t\u0259hsil v\u0259 s\u0259hiyy\u0259nin inki\u015faf\u0131 \u00fc\u00e7\u00fcn geni\u015f \u015f\u0259rait yarad\u0131b. T\u0259hlill\u0259r g\u00f6st\u0259rir ki, Az\u0259rbaycan Respublikas\u0131nda qazan\u0131lan u\u011furlar\u0131n \u0259sas\u0131nda \u00f6lk\u0259 Prezidenti C\u0259nab \u0130lham \u018fliyev v\u0259 Birinci vitse-prezident Mehriban xan\u0131m \u018fliyeva t\u0259r\u0259find\u0259n i\u015fl\u0259nilmi\u015f, n\u0259z\u0259ri \u0259saslar\u0131 v\u0259 t\u0259tbiq \u00fcsullar\u0131 yeni olan idar\u0259etm\u0259 texnologiyalar\u0131 kompleksi dayan\u0131r. M\u0259hz b\u00fct\u00fcn bu faktorlar v\u0259t\u0259nimizin dayan\u0131ql\u0131 inki\u015faf\u0131na r\u0259vac verm\u0259kd\u0259dir. Sonra D\u00f6vl\u0259t \u0130dar\u0259\u00e7ilik Akademiyas\u0131n\u0131n rektoru, akademik Urxan \u018fl\u0259kb\u0259rov g\u0259ncl\u0259r\u0259 bu istiqam\u0259td\u0259 \u00f6z t\u00f6vsiyy\u0259l\u0259rini verib v\u0259 onlara g\u0259l\u0259c\u0259k h\u0259yatda u\u011furlar arzu edib.<\/p>\n<p style=\"text-align: justify;\">Sonda g\u0259ncl\u0259rl\u0259 xatir\u0259 \u015f\u0259kli \u00e7\u0259kilib.<\/p>","protected":false},"excerpt":{"rendered":"<p>&nbsp; YAP Yasamal rayon t\u0259\u015fkilat\u0131n\u0131n s\u0259dri B\u0259xtiyar N\u0259biyev g\u0259ncl\u0259ri salamlay\u0131b v\u0259 qeyd edib ki, V\u0259t\u0259np\u0259rv\u0259rlik t\u0259rbiy\u0259si h\u0259m\u00e7inin g\u0259nc n\u0259slin m\u0259nsub oldu\u011fu milli d\u0259y\u0259rl\u0259r\u0259, tarixi \u0259n\u0259n\u0259l\u0259r\u0259 ba\u011fl\u0131l\u0131\u011f\u0131n\u0131 da \u00f6z\u00fcnd\u0259 ehtiva edir. V\u0259t\u0259nin tarixi ke\u00e7mi\u015fini d\u0259rind\u0259n bilm\u0259k, milli d\u0259y\u0259rl\u0259rin\u0259 sahib olmaq, ad\u0259t-\u0259n\u0259n\u0259l\u0259rini \u00f6yr\u0259nm\u0259k, maddi v\u0259 m\u0259n\u0259vi s\u0259rv\u0259tl\u0259rini qorumaq v\u0259t\u0259np\u0259rv\u0259r insani s\u0259ciyy\u0259l\u0259ndir\u0259n \u0259n m\u00fch\u00fcm keyfiyy\u0259tl\u0259rd\u0259ndir. Bu keyfiyy\u0259tl\u0259ri g\u0259ncl\u0259r\u0259 [&hellip;]<\/p>","protected":false},"author":2,"featured_media":17563,"comment_status":"closed","ping_status":"closed","sticky":false,"template":"","format":"standard","meta":[],"categories":[137],"tags":[],"_links":{"self":[{"href":"https:\/\/legacy.dia.edu.az\/ru\/wp-json\/wp\/v2\/posts\/17560"}],"collection":[{"href":"https:\/\/legacy.dia.edu.az\/ru\/wp-json\/wp\/v2\/posts"}],"about":[{"href":"https:\/\/legacy.dia.edu.az\/ru\/wp-json\/wp\/v2\/types\/post"}],"author":[{"embeddable":true,"href":"https:\/\/legacy.dia.edu.az\/ru\/wp-json\/wp\/v2\/users\/2"}],"replies":[{"embeddable":true,"href":"https:\/\/legacy.dia.edu.az\/ru\/wp-json\/wp\/v2\/comments?post=17560"}],"version-history":[{"count":1,"href":"https:\/\/legacy.dia.edu.az\/ru\/wp-json\/wp\/v2\/posts\/17560\/revisions"}],"predecessor-version":[{"id":17561,"href":"https:\/\/legacy.dia.edu.az\/ru\/wp-json\/wp\/v2\/posts\/17560\/revisions\/17561"}],"wp:featuredmedia":[{"embeddable":true,"href":"https:\/\/legacy.dia.edu.az\/ru\/wp-json\/wp\/v2\/media\/17563"}],"wp:attachment":[{"href":"https:\/\/legacy.dia.edu.az\/ru\/wp-json\/wp\/v2\/media?parent=17560"}],"wp:term":[{"taxonomy":"category","embeddable":true,"href":"https:\/\/legacy.dia.edu.az\/ru\/wp-json\/wp\/v2\/categories?post=17560"},{"taxonomy":"post_tag","embeddable":true,"href":"https:\/\/legacy.dia.edu.az\/ru\/wp-json\/wp\/v2\/tags?post=17560"}],"curies":[{"name":"wp","href":"https:\/\/api.w.org\/{rel}","templated":true}]}}