{"id":17379,"date":"2022-03-31T20:28:43","date_gmt":"2022-03-31T16:28:43","guid":{"rendered":"https:\/\/dia.edu.az\/?p=17379"},"modified":"2022-04-01T11:24:08","modified_gmt":"2022-04-01T07:24:08","slug":"g%c9%99ncl%c9%99rin-istiraki-il%c9%99-az%c9%99rbaycanlilarin-soyqirimi-gunun%c9%99-h%c9%99sr-olunmus-elmi-praktiki-konfrans-kecirilib","status":"publish","type":"post","link":"https:\/\/legacy.dia.edu.az\/ru\/arxivl\u0259r\/17379","title":{"rendered":"G\u0259ncl\u0259rin i\u015ftirak\u0131 il\u0259 Az\u0259rbaycanl\u0131lar\u0131n Soyq\u0131r\u0131m\u0131 G\u00fcn\u00fcn\u0259 h\u0259sr olunmu\u015f elmi-praktiki konfrans ke\u00e7irilib"},"content":{"rendered":"<div data-elementor-type=\"wp-post\" data-elementor-id=\"17379\" class=\"elementor elementor-17379\" data-elementor-settings=\"[]\">\n\t\t\t\t\t\t<div class=\"elementor-inner\">\n\t\t\t\t\t\t\t<div class=\"elementor-section-wrap\">\n\t\t\t\t\t\t\t<section class=\"elementor-section elementor-top-section elementor-element elementor-element-4d57fb2 elementor-section-boxed elementor-section-height-default elementor-section-height-default\" data-id=\"4d57fb2\" data-element_type=\"section\">\n\t\t\t\t\t\t<div class=\"elementor-container elementor-column-gap-default\">\n\t\t\t\t\t\t\t<div class=\"elementor-row\">\n\t\t\t\t\t<div class=\"elementor-column elementor-col-100 elementor-top-column elementor-element elementor-element-5a19483\" data-id=\"5a19483\" data-element_type=\"column\">\n\t\t\t<div class=\"elementor-column-wrap elementor-element-populated\">\n\t\t\t\t\t\t\t<div class=\"elementor-widget-wrap\">\n\t\t\t\t\t\t<div class=\"elementor-element elementor-element-7679ba4 elementor-widget elementor-widget-text-editor\" data-id=\"7679ba4\" data-element_type=\"widget\" data-widget_type=\"text-editor.default\">\n\t\t\t\t<div class=\"elementor-widget-container\">\n\t\t\t\t\t\t\t\t<div class=\"elementor-text-editor elementor-clearfix\">\n\t\t\t\t\tG\u0259ncl\u0259rin i\u015ftirak\u0131 il\u0259 Az\u0259rbaycanl\u0131lar\u0131n Soyq\u0131r\u0131m\u0131 G\u00fcn\u00fcn\u0259 h\u0259sr olunmu\u015f elmi-praktiki konfrans ke\u00e7irilib\t\t\t\t\t<\/div>\n\t\t\t\t\t\t<\/div>\n\t\t\t\t<\/div>\n\t\t\t\t\t\t<\/div>\n\t\t\t\t\t<\/div>\n\t\t<\/div>\n\t\t\t\t\t\t\t\t<\/div>\n\t\t\t\t\t<\/div>\n\t\t<\/section>\n\t\t\t\t<section class=\"elementor-section elementor-top-section elementor-element elementor-element-704fb68 elementor-section-boxed elementor-section-height-default elementor-section-height-default\" data-id=\"704fb68\" data-element_type=\"section\">\n\t\t\t\t\t\t<div class=\"elementor-container elementor-column-gap-default\">\n\t\t\t\t\t\t\t<div class=\"elementor-row\">\n\t\t\t\t\t<div class=\"elementor-column elementor-col-100 elementor-top-column elementor-element elementor-element-0b24710\" data-id=\"0b24710\" data-element_type=\"column\">\n\t\t\t<div class=\"elementor-column-wrap\">\n\t\t\t\t\t\t\t<div class=\"elementor-widget-wrap\">\n\t\t\t\t\t\t\t\t<\/div>\n\t\t\t\t\t<\/div>\n\t\t<\/div>\n\t\t\t\t\t\t\t\t<\/div>\n\t\t\t\t\t<\/div>\n\t\t<\/section>\n\t\t\t\t<section class=\"elementor-section elementor-top-section elementor-element elementor-element-8ce9c37 elementor-section-boxed elementor-section-height-default elementor-section-height-default\" data-id=\"8ce9c37\" data-element_type=\"section\">\n\t\t\t\t\t\t<div class=\"elementor-container elementor-column-gap-default\">\n\t\t\t\t\t\t\t<div class=\"elementor-row\">\n\t\t\t\t\t<div class=\"elementor-column elementor-col-100 elementor-top-column elementor-element elementor-element-024bced\" data-id=\"024bced\" data-element_type=\"column\">\n\t\t\t<div class=\"elementor-column-wrap elementor-element-populated\">\n\t\t\t\t\t\t\t<div class=\"elementor-widget-wrap\">\n\t\t\t\t\t\t<div class=\"elementor-element elementor-element-c614e24 elementor-widget elementor-widget-text-editor\" data-id=\"c614e24\" data-element_type=\"widget\" data-widget_type=\"text-editor.default\">\n\t\t\t\t<div class=\"elementor-widget-container\">\n\t\t\t\t\t\t\t\t<div class=\"elementor-text-editor elementor-clearfix\">\n\t\t\t\t\t<p style=\"text-align: justify;\">Az\u0259rbaycan Respublikas\u0131n\u0131n Prezidenti yan\u0131nda D&ouml;vl\u0259t \u0130dar\u0259&ccedil;ilik Akademiyas\u0131 (D\u0130A) v\u0259 Az\u0259rbaycan Respublikas\u0131 G\u0259ncl\u0259r Fondunun birg\u0259 t\u0259\u015fkilat&ccedil;\u0131l\u0131\u011f\u0131 il\u0259 31 Mart &ndash; Az\u0259rbaycanl\u0131lar\u0131n Soyq\u0131r\u0131m\u0131 G&uuml;n&uuml;n\u0259 h\u0259sr olunmu\u015f elmi-praktiki konfrans ke&ccedil;irilib.<\/p>\n<p style=\"text-align: justify;\">Konfrans D&ouml;vl\u0259t \u0130dar\u0259&ccedil;ilik Akademiyas\u0131 il\u0259 G\u0259ncl\u0259r Fondu aras\u0131nda 2022-ci il mart\u0131n 18-d\u0259 imzalanm\u0131\u015f Anla\u015fma Memorandumuna \u0259lav\u0259 olunan &ldquo;F\u0259aliyy\u0259t Plan\u0131&rdquo; &ccedil;\u0259r&ccedil;iv\u0259sind\u0259 t\u0259\u015fkil edilib.<\/p>\n<p style=\"text-align: justify;\">T\u0259dbird\u0259 &ouml;lk\u0259mizd\u0259 f\u0259aliyy\u0259t g&ouml;st\u0259r\u0259n 20-y\u0259 yax\u0131n g\u0259ncl\u0259r t\u0259\u015fkilatlar\u0131n\u0131n r\u0259hb\u0259rl\u0259ri v\u0259 akademiyan\u0131n f\u0259al t\u0259l\u0259b\u0259l\u0259ri i\u015ftirak edibl\u0259r. Konfransa moderatorluq ed\u0259n D&ouml;vl\u0259t \u0130dar\u0259&ccedil;ilik Akademiyas\u0131n\u0131n sosial m\u0259s\u0259l\u0259l\u0259r, t\u0259\u015fkilati v\u0259 t\u0259lim-t\u0259rbiy\u0259 i\u015fl\u0259ri &uuml;zr\u0259 m&uuml;\u015faviri Zaur M\u0259mm\u0259dov &ccedil;\u0131x\u0131\u015f\u0131 zaman\u0131 erm\u0259nil\u0259rin az\u0259rbaycanl\u0131lara qar\u015f\u0131 m&uuml;t\u0259madi olaraq etnik t\u0259mizl\u0259m\u0259 siyas\u0259ti h\u0259yata ke&ccedil;irdikl\u0259rini vur\u011fulay\u0131b, g\u0259nc n\u0259slin tarixd\u0259 ba\u015f vermi\u015f h\u0259min hadis\u0259l\u0259ri unutmamalar\u0131 &uuml;&ccedil;&uuml;n daim maarifl\u0259nm\u0259l\u0259rinin vacibliyin\u0259 toxunub.<\/p>\n<p style=\"text-align: justify;\">G\u0259ncl\u0259r Fondunun icra&ccedil;\u0131 direktorunun m&uuml;avini Q\u0259dir X\u0259lilov &ccedil;\u0131x\u0131\u015f\u0131nda &uuml;mummilli lider Heyd\u0259r \u018fliyevin 1918-ci il hadis\u0259l\u0259rin\u0259 siyasi-h&uuml;quqi qiym\u0259tin verilm\u0259si istiqam\u0259tind\u0259 atd\u0131\u011f\u0131 add\u0131mlar\u0131n \u0259h\u0259miyy\u0259tini vur\u011fulayaraq Az\u0259rbaycan Respublikas\u0131 Prezidentinin 1998-ci il 26 mart tarixli &ldquo;Az\u0259rbaycanl\u0131lar\u0131n soyq\u0131r\u0131m\u0131 haqq\u0131nda&rdquo; F\u0259rman\u0131n\u0131n bu bax\u0131mdan m&uuml;st\u0259sna rolunu qeyd edib.<\/p>\n<p style=\"text-align: justify;\">Sonra D\u0130A-n\u0131n Tarix kafedras\u0131n\u0131n m&uuml;diri, dosent Firdovsiyy\u0259 \u018fhm\u0259dova t\u0259dbir i\u015ftirak&ccedil;\u0131lar\u0131na az\u0259rbaycanl\u0131lara qar\u015f\u0131 t&ouml;r\u0259dilmi\u015f soyq\u0131r\u0131m\u0131 cinay\u0259tinin tarixi detallar\u0131, hadis\u0259nin beyn\u0259lxalq h&uuml;quq prizmas\u0131ndan qiym\u0259tl\u0259ndirilm\u0259si v\u0259 dig\u0259r aspektl\u0259ri bar\u0259d\u0259 geni\u015f m\u0259lumat verib, az\u0259rbaycanl\u0131lar\u0131n son iki y&uuml;z il \u0259rzind\u0259 erm\u0259ni mill\u0259t&ccedil;il\u0259rinin davaml\u0131 olaraq etnik t\u0259mizl\u0259m\u0259, soyq\u0131r\u0131m\u0131 v\u0259 t\u0259cav&uuml;zkar siyas\u0259tin\u0259 m\u0259ruz qalaraq &ouml;z tarixi torpaqlar\u0131ndan did\u0259rgin sal\u0131nd\u0131\u011f\u0131n\u0131, qa&ccedil;q\u0131n v\u0259 m\u0259cburi k&ouml;&ccedil;k&uuml;n\u0259 &ccedil;evrildiyini bildirib. O, 1918-ci ilin mart-aprel aylar\u0131nda erm\u0259ni-da\u015fnak silahl\u0131 d\u0259st\u0259l\u0259ri t\u0259r\u0259find\u0259n x&uuml;susi q\u0259ddarl\u0131qla t&ouml;r\u0259dilmi\u015f k&uuml;tl\u0259vi q\u0131r\u011f\u0131nlarla son 30 ild\u0259ki hadis\u0259l\u0259r aras\u0131nda paralell\u0259r apararaq tarixd\u0259n d\u0259rs &ccedil;\u0131xarma\u011f\u0131m\u0131z\u0131n z\u0259ruriliyini qeyd edib.<\/p>\n<p style=\"text-align: justify;\">Az\u0259rbaycan Respublikas\u0131 G\u0259ncl\u0259r T\u0259\u015fkilatlar\u0131 Milli \u015euras\u0131n\u0131n s\u0259dri Az\u0259r \u018fliyev &ccedil;\u0131x\u0131\u015f\u0131nda g\u0259ncl\u0259rin informasiya m&uuml;harib\u0259si sah\u0259sind\u0259ki rolunu qeyd ed\u0259r\u0259k m\u0259lumatland\u0131rma i\u015fl\u0259rinin davaml\u0131 qaydada apar\u0131lmas\u0131n\u0131n z\u0259rur\u0259tini vur\u011fulay\u0131b v\u0259 bu x&uuml;susda Az\u0259rbaycan Respublikas\u0131n\u0131n Prezidenti \u0130lham \u018fliyevin g\u0259ncl\u0259r\u0259 t&ouml;vsiy\u0259l\u0259rini diqq\u0259t\u0259 &ccedil;atd\u0131r\u0131b.<\/p>\n<p style=\"text-align: justify;\">Yekunda Az\u0259rbaycan g\u0259ncl\u0259r t\u0259\u015fkilatlar\u0131n\u0131n n&uuml;may\u0259nd\u0259l\u0259ri d&uuml;nya &ouml;lk\u0259l\u0259ri v\u0259 beyn\u0259lxalq t\u0259\u015fkilatlara m&uuml;raci\u0259t ed\u0259r\u0259k b\u0259\u015f\u0259riyy\u0259t \u0259leyhin\u0259 qar\u015f\u0131 t&ouml;r\u0259dilmi\u015f bu c&uuml;r \u0259m\u0259ll\u0259rin t\u0259krarlanmamas\u0131 &uuml;&ccedil;&uuml;n 1918-ci ilin mart-aprel aylar\u0131nda az\u0259rbaycanl\u0131lara qar\u015f\u0131 t&ouml;r\u0259dilmi\u015f soyq\u0131r\u0131m\u0131 cinay\u0259tini ikili standartlara yol verm\u0259d\u0259n tan\u0131ma\u011fa &ccedil;a\u011f\u0131r\u0131\u015f edibl\u0259r.<\/p>\t\t\t\t\t<\/div>\n\t\t\t\t\t\t<\/div>\n\t\t\t\t<\/div>\n\t\t\t\t\t\t<\/div>\n\t\t\t\t\t<\/div>\n\t\t<\/div>\n\t\t\t\t\t\t\t\t<\/div>\n\t\t\t\t\t<\/div>\n\t\t<\/section>\n\t\t\t\t\t\t<\/div>\n\t\t\t\t\t\t<\/div>\n\t\t\t\t\t<\/div>","protected":false},"excerpt":{"rendered":"<p>G\u0259ncl\u0259rin i\u015ftirak\u0131 il\u0259 Az\u0259rbaycanl\u0131lar\u0131n Soyq\u0131r\u0131m\u0131 G\u00fcn\u00fcn\u0259 h\u0259sr olunmu\u015f elmi-praktiki konfrans ke\u00e7irilib Previous Next Az\u0259rbaycan Respublikas\u0131n\u0131n Prezidenti yan\u0131nda D&ouml;vl\u0259t \u0130dar\u0259&ccedil;ilik Akademiyas\u0131 (D\u0130A) v\u0259 Az\u0259rbaycan Respublikas\u0131 G\u0259ncl\u0259r Fondunun birg\u0259 t\u0259\u015fkilat&ccedil;\u0131l\u0131\u011f\u0131 il\u0259 31 Mart &ndash; Az\u0259rbaycanl\u0131lar\u0131n Soyq\u0131r\u0131m\u0131 G&uuml;n&uuml;n\u0259 h\u0259sr olunmu\u015f elmi-praktiki konfrans ke&ccedil;irilib. Konfrans D&ouml;vl\u0259t \u0130dar\u0259&ccedil;ilik Akademiyas\u0131 il\u0259 G\u0259ncl\u0259r Fondu aras\u0131nda 2022-ci il mart\u0131n 18-d\u0259 imzalanm\u0131\u015f Anla\u015fma Memorandumuna [&hellip;]<\/p>","protected":false},"author":2,"featured_media":17385,"comment_status":"closed","ping_status":"closed","sticky":false,"template":"","format":"standard","meta":[],"categories":[137],"tags":[],"_links":{"self":[{"href":"https:\/\/legacy.dia.edu.az\/ru\/wp-json\/wp\/v2\/posts\/17379"}],"collection":[{"href":"https:\/\/legacy.dia.edu.az\/ru\/wp-json\/wp\/v2\/posts"}],"about":[{"href":"https:\/\/legacy.dia.edu.az\/ru\/wp-json\/wp\/v2\/types\/post"}],"author":[{"embeddable":true,"href":"https:\/\/legacy.dia.edu.az\/ru\/wp-json\/wp\/v2\/users\/2"}],"replies":[{"embeddable":true,"href":"https:\/\/legacy.dia.edu.az\/ru\/wp-json\/wp\/v2\/comments?post=17379"}],"version-history":[{"count":14,"href":"https:\/\/legacy.dia.edu.az\/ru\/wp-json\/wp\/v2\/posts\/17379\/revisions"}],"predecessor-version":[{"id":17568,"href":"https:\/\/legacy.dia.edu.az\/ru\/wp-json\/wp\/v2\/posts\/17379\/revisions\/17568"}],"wp:featuredmedia":[{"embeddable":true,"href":"https:\/\/legacy.dia.edu.az\/ru\/wp-json\/wp\/v2\/media\/17385"}],"wp:attachment":[{"href":"https:\/\/legacy.dia.edu.az\/ru\/wp-json\/wp\/v2\/media?parent=17379"}],"wp:term":[{"taxonomy":"category","embeddable":true,"href":"https:\/\/legacy.dia.edu.az\/ru\/wp-json\/wp\/v2\/categories?post=17379"},{"taxonomy":"post_tag","embeddable":true,"href":"https:\/\/legacy.dia.edu.az\/ru\/wp-json\/wp\/v2\/tags?post=17379"}],"curies":[{"name":"wp","href":"https:\/\/api.w.org\/{rel}","templated":true}]}}