{"id":17273,"date":"2022-03-18T12:53:55","date_gmt":"2022-03-18T08:53:55","guid":{"rendered":"https:\/\/dia.edu.az\/?p=17273"},"modified":"2022-03-19T18:38:49","modified_gmt":"2022-03-19T14:38:49","slug":"dovl%c9%99t-idar%c9%99cilik-akademiyasi-il%c9%99-g%c9%99ncl%c9%99r-fondu-arasinda-anlasma-memorandumu-imzalandi","status":"publish","type":"post","link":"https:\/\/legacy.dia.edu.az\/ru\/arxivl\u0259r\/17273","title":{"rendered":"D\u00f6vl\u0259t \u0130dar\u0259\u00e7ilik Akademiyas\u0131 il\u0259 G\u0259ncl\u0259r Fondu aras\u0131nda Anla\u015fma Memorandumu imzaland\u0131"},"content":{"rendered":"<div data-elementor-type=\"wp-post\" data-elementor-id=\"17273\" class=\"elementor elementor-17273\" data-elementor-settings=\"[]\">\n\t\t\t\t\t\t<div class=\"elementor-inner\">\n\t\t\t\t\t\t\t<div class=\"elementor-section-wrap\">\n\t\t\t\t\t\t\t<section class=\"elementor-section elementor-top-section elementor-element elementor-element-f1e6e3e elementor-section-boxed elementor-section-height-default elementor-section-height-default\" data-id=\"f1e6e3e\" data-element_type=\"section\">\n\t\t\t\t\t\t<div class=\"elementor-container elementor-column-gap-default\">\n\t\t\t\t\t\t\t<div class=\"elementor-row\">\n\t\t\t\t\t<div class=\"elementor-column elementor-col-100 elementor-top-column elementor-element elementor-element-8900e5c\" data-id=\"8900e5c\" data-element_type=\"column\">\n\t\t\t<div class=\"elementor-column-wrap elementor-element-populated\">\n\t\t\t\t\t\t\t<div class=\"elementor-widget-wrap\">\n\t\t\t\t\t\t<div class=\"elementor-element elementor-element-5e886a4 elementor-widget elementor-widget-text-editor\" data-id=\"5e886a4\" data-element_type=\"widget\" data-widget_type=\"text-editor.default\">\n\t\t\t\t<div class=\"elementor-widget-container\">\n\t\t\t\t\t\t\t\t<div class=\"elementor-text-editor elementor-clearfix\">\n\t\t\t\t\tD\u00f6vl\u0259t \u0130dar\u0259\u00e7ilik Akademiyas\u0131 il\u0259 G\u0259ncl\u0259r Fondu aras\u0131nda\nAnla\u015fma Memorandumu imzaland\u0131\t\t\t\t\t<\/div>\n\t\t\t\t\t\t<\/div>\n\t\t\t\t<\/div>\n\t\t\t\t\t\t<\/div>\n\t\t\t\t\t<\/div>\n\t\t<\/div>\n\t\t\t\t\t\t\t\t<\/div>\n\t\t\t\t\t<\/div>\n\t\t<\/section>\n\t\t\t\t<section class=\"elementor-section elementor-top-section elementor-element elementor-element-14bd180 elementor-section-boxed elementor-section-height-default elementor-section-height-default\" data-id=\"14bd180\" data-element_type=\"section\">\n\t\t\t\t\t\t<div class=\"elementor-container elementor-column-gap-default\">\n\t\t\t\t\t\t\t<div class=\"elementor-row\">\n\t\t\t\t\t<div class=\"elementor-column elementor-col-100 elementor-top-column elementor-element elementor-element-46737e4\" data-id=\"46737e4\" data-element_type=\"column\">\n\t\t\t<div class=\"elementor-column-wrap\">\n\t\t\t\t\t\t\t<div class=\"elementor-widget-wrap\">\n\t\t\t\t\t\t\t\t<\/div>\n\t\t\t\t\t<\/div>\n\t\t<\/div>\n\t\t\t\t\t\t\t\t<\/div>\n\t\t\t\t\t<\/div>\n\t\t<\/section>\n\t\t\t\t<section class=\"elementor-section elementor-top-section elementor-element elementor-element-f4b5558 elementor-section-boxed elementor-section-height-default elementor-section-height-default\" data-id=\"f4b5558\" data-element_type=\"section\">\n\t\t\t\t\t\t<div class=\"elementor-container elementor-column-gap-default\">\n\t\t\t\t\t\t\t<div class=\"elementor-row\">\n\t\t\t\t\t<div class=\"elementor-column elementor-col-100 elementor-top-column elementor-element elementor-element-2407438\" data-id=\"2407438\" data-element_type=\"column\">\n\t\t\t<div class=\"elementor-column-wrap elementor-element-populated\">\n\t\t\t\t\t\t\t<div class=\"elementor-widget-wrap\">\n\t\t\t\t\t\t<div class=\"elementor-element elementor-element-4a3f86f elementor-widget elementor-widget-text-editor\" data-id=\"4a3f86f\" data-element_type=\"widget\" data-widget_type=\"text-editor.default\">\n\t\t\t\t<div class=\"elementor-widget-container\">\n\t\t\t\t\t\t\t\t<div class=\"elementor-text-editor elementor-clearfix\">\n\t\t\t\t\tAz\u0259rbaycan Respublikas\u0131n\u0131n Prezidenti yan\u0131nda D\u00f6vl\u0259t \u0130dar\u0259\u00e7ilik Akademiyas\u0131 il\u0259 Az\u0259rbaycan Respublikas\u0131n\u0131n G\u0259ncl\u0259r Fondu aras\u0131nda \u201c\u018fm\u0259kda\u015fl\u0131q v\u0259 birg\u0259 f\u0259aliyy\u0259t haqq\u0131nda\u201d Anla\u015fma Memorandumunun imzalanma m\u0259rasimi ba\u015f tutmu\u015fdur.<br \/>D\u00f6vl\u0259t \u0130dar\u0259\u00e7ilik Akademiyas\u0131n\u0131n rektoru akademik Urxan \u018fl\u0259kb\u0259rov v\u0259 G\u0259ncl\u0259r Fondunun icra\u00e7\u0131 direktoru F\u0259rid C\u0259f\u0259rov t\u0259r\u0259find\u0259n imzalanm\u0131\u015f s\u0259n\u0259din \u0259sas m\u0259qs\u0259di m\u00fcxt\u0259lif istiqam\u0259tl\u0259rd\u0259 birg\u0259 n\u0259z\u0259ri v\u0259 praktiki y\u00f6n\u00fcml\u00fc t\u0259dbirl\u0259rin realla\u015fd\u0131r\u0131lmas\u0131 vasit\u0259sil\u0259 Az\u0259rbaycan Respublikas\u0131nda h\u0259yata ke\u00e7iril\u0259n g\u0259ncl\u0259r siyas\u0259ti sah\u0259sind\u0259 g\u00f6r\u00fcl\u0259n i\u015fl\u0259r\u0259 t\u00f6hf\u0259 verm\u0259kd\u0259n ibar\u0259tdir.<br \/>Memorandumda v\u0259 t\u0259r\u0259fl\u0259rin t\u0259sdiql\u0259diyi \u201cF\u0259aliyy\u0259t plan\u0131\u201dnda \u0259ksini tapm\u0131\u015f m\u00fcdd\u0259alara \u0259sas\u0259n g\u0259ncl\u0259r t\u0259\u015fkilatlar\u0131n\u0131n n\u00fcmay\u0259nd\u0259 v\u0259 r\u0259hb\u0259r hey\u0259ti el\u0259c\u0259 d\u0259 magistr t\u0259hsili alan t\u0259l\u0259b\u0259l\u0259r \u00fc\u00e7\u00fcn \u201cI \u0130nki\u015faf M\u0259kt\u0259bi\u201d adl\u0131 ixtisasart\u0131rma kursunun v\u0259 T\u0259lim M\u0259rk\u0259zinin yarad\u0131lmas\u0131 n\u0259z\u0259rd\u0259 tutulmu\u015fdur.<br \/>Bununla yana\u015f\u0131 h\u0259r iki qurumun beyn\u0259lxalq t\u0259r\u0259fda\u015flar\u0131 il\u0259 \u0259m\u0259kda\u015fl\u0131q \u00e7\u0259r\u00e7iv\u0259sind\u0259 g\u0259ncl\u0259r \u00fc\u00e7\u00fcn beyn\u0259lxalq m\u00fcbadil\u0259 proqramlar\u0131nda i\u015ftirak imkanlar\u0131n\u0131n yarad\u0131lmas\u0131, g\u0259ncl\u0259r t\u0259\u015fkilatlar\u0131 n\u00fcmay\u0259nd\u0259l\u0259rinin Akademiyan\u0131n n\u0259zdind\u0259 f\u0259aliyy\u0259t g\u00f6st\u0259r\u0259n elmi t\u0259dqiqat m\u0259rk\u0259zl\u0259rinin f\u0259aliyy\u0259tind\u0259 yax\u0131ndan i\u015ftirak\u0131na dair raz\u0131la\u015fma \u0259ld\u0259 edilmi\u015fdir.<br \/>Anla\u015fma Memorandumundan ir\u0259li g\u0259l\u0259r\u0259k, Fondun r\u0259hb\u0259r n\u00fcmay\u0259nd\u0259l\u0259rinin t\u0259l\u0259b\u0259 hey\u0259ti \u00fc\u00e7\u00fcn m\u00fchazir\u0259l\u0259rinin t\u0259\u015fkili, Fond t\u0259r\u0259find\u0259n h\u0259yata ke\u00e7iril\u0259n t\u0259cr\u00fcb\u0259 proqramlar\u0131nda magistr t\u0259hsili alan t\u0259l\u0259b\u0259l\u0259rin daha geni\u015f i\u015ftirak\u0131n\u0131n t\u0259mini v\u0259 \u00fcmumilikd\u0259 Az\u0259rbaycan g\u0259ncl\u0259rinin pe\u015f\u0259kar inki\u015faf\u0131, g\u0259ncl\u0259r siyas\u0259tin\u0259 dair m\u00f6vcud v\u0259ziyy\u0259t v\u0259 bu sah\u0259d\u0259 g\u00f6r\u00fclm\u0259si m\u0259qs\u0259d\u0259m\u00fcvafiq t\u0259dbirl\u0259r bar\u0259d\u0259 birg\u0259 t\u0259dqiqatlar\u0131n apar\u0131lmas\u0131, \u00f6lk\u0259mizd\u0259 h\u0259yata ke\u00e7iril\u0259n g\u0259ncl\u0259rl\u0259 i\u015f sah\u0259l\u0259rind\u0259 elmi ara\u015fd\u0131rma v\u0259 akademik m\u0259qal\u0259l\u0259rin haz\u0131rlanmas\u0131na metodik d\u0259st\u0259yin g\u00f6st\u0259rilm\u0259si \u0259sas f\u0259aliyy\u0259t istiqam\u0259ti kimi t\u0259qsdiq edilmi\u015fdir.<br \/>Az\u0259rbaycan Respublikas\u0131n\u0131n Prezidenti yan\u0131nda D\u00f6vl\u0259t \u0130dar\u0259\u00e7ilik Akademiyas\u0131 il\u0259 Az\u0259rbaycan Respublikas\u0131n\u0131n G\u0259ncl\u0259r Fondu aras\u0131nda imzalanm\u0131\u015f \u201c\u018fm\u0259kda\u015fl\u0131q v\u0259 birg\u0259 f\u0259aliyy\u0259t haqq\u0131nda\u201d Anla\u015fma Memorandumu d\u00f6vl\u0259t gencler siyas\u0259tind\u0259n ir\u0259li g\u0259l\u0259n \u00e7a\u011f\u0131r\u0131\u015f v\u0259 v\u0259zif\u0259l\u0259rin icras\u0131 m\u0259qs\u0259dil\u0259 h\u0259r iki qurumun \u0259laq\u0259l\u0259rinin g\u00fccl\u0259ndirilm\u0259si bax\u0131mdan vacib rol oynayacaqd\u0131r.<\/li>\n<\/ul>\t\t\t\t\t<\/div>\n\t\t\t\t\t\t<\/div>\n\t\t\t\t<\/div>\n\t\t\t\t\t\t<\/div>\n\t\t\t\t\t<\/div>\n\t\t<\/div>\n\t\t\t\t\t\t\t\t<\/div>\n\t\t\t\t\t<\/div>\n\t\t<\/section>\n\t\t\t\t\t\t<\/div>\n\t\t\t\t\t\t<\/div>\n\t\t\t\t\t<\/div>","protected":false},"excerpt":{"rendered":"<p>D\u00f6vl\u0259t \u0130dar\u0259\u00e7ilik Akademiyas\u0131 il\u0259 G\u0259ncl\u0259r Fondu aras\u0131nda Anla\u015fma Memorandumu imzaland\u0131 Previous Next Az\u0259rbaycan Respublikas\u0131n\u0131n Prezidenti yan\u0131nda D\u00f6vl\u0259t \u0130dar\u0259\u00e7ilik Akademiyas\u0131 il\u0259 Az\u0259rbaycan Respublikas\u0131n\u0131n G\u0259ncl\u0259r Fondu aras\u0131nda \u201c\u018fm\u0259kda\u015fl\u0131q v\u0259 birg\u0259 f\u0259aliyy\u0259t haqq\u0131nda\u201d Anla\u015fma Memorandumunun imzalanma m\u0259rasimi ba\u015f tutmu\u015fdur. D\u00f6vl\u0259t \u0130dar\u0259\u00e7ilik Akademiyas\u0131n\u0131n rektoru akademik Urxan \u018fl\u0259kb\u0259rov v\u0259 G\u0259ncl\u0259r Fondunun icra\u00e7\u0131 direktoru F\u0259rid C\u0259f\u0259rov t\u0259r\u0259find\u0259n imzalanm\u0131\u015f s\u0259n\u0259din \u0259sas m\u0259qs\u0259di [&hellip;]<\/p>","protected":false},"author":2,"featured_media":17278,"comment_status":"closed","ping_status":"closed","sticky":false,"template":"","format":"standard","meta":[],"categories":[137],"tags":[],"_links":{"self":[{"href":"https:\/\/legacy.dia.edu.az\/ru\/wp-json\/wp\/v2\/posts\/17273"}],"collection":[{"href":"https:\/\/legacy.dia.edu.az\/ru\/wp-json\/wp\/v2\/posts"}],"about":[{"href":"https:\/\/legacy.dia.edu.az\/ru\/wp-json\/wp\/v2\/types\/post"}],"author":[{"embeddable":true,"href":"https:\/\/legacy.dia.edu.az\/ru\/wp-json\/wp\/v2\/users\/2"}],"replies":[{"embeddable":true,"href":"https:\/\/legacy.dia.edu.az\/ru\/wp-json\/wp\/v2\/comments?post=17273"}],"version-history":[{"count":12,"href":"https:\/\/legacy.dia.edu.az\/ru\/wp-json\/wp\/v2\/posts\/17273\/revisions"}],"predecessor-version":[{"id":17292,"href":"https:\/\/legacy.dia.edu.az\/ru\/wp-json\/wp\/v2\/posts\/17273\/revisions\/17292"}],"wp:featuredmedia":[{"embeddable":true,"href":"https:\/\/legacy.dia.edu.az\/ru\/wp-json\/wp\/v2\/media\/17278"}],"wp:attachment":[{"href":"https:\/\/legacy.dia.edu.az\/ru\/wp-json\/wp\/v2\/media?parent=17273"}],"wp:term":[{"taxonomy":"category","embeddable":true,"href":"https:\/\/legacy.dia.edu.az\/ru\/wp-json\/wp\/v2\/categories?post=17273"},{"taxonomy":"post_tag","embeddable":true,"href":"https:\/\/legacy.dia.edu.az\/ru\/wp-json\/wp\/v2\/tags?post=17273"}],"curies":[{"name":"wp","href":"https:\/\/api.w.org\/{rel}","templated":true}]}}