{"id":17261,"date":"2022-03-15T19:45:58","date_gmt":"2022-03-15T15:45:58","guid":{"rendered":"https:\/\/dia.edu.az\/?p=17261"},"modified":"2022-03-16T00:47:40","modified_gmt":"2022-03-15T20:47:40","slug":"dovl%c9%99t-idar%c9%99cilik-akademiyasinda-az%c9%99rbaycan-respublikasinin-prezidenti-ilham-%c9%99liyevin-innovativ-idar%c9%99cilik-texnologiyalari-v%c9%99-az%c9%99rbaycan-respublikasinin-siy-3","status":"publish","type":"post","link":"https:\/\/legacy.dia.edu.az\/ru\/arxivl\u0259r\/17261","title":{"rendered":"D\u00f6vl\u0259t \u0130dar\u0259\u00e7ilik Akademiyas\u0131nda \u201cAz\u0259rbaycan Respublikas\u0131n\u0131n Prezidenti \u0130lham \u018fliyevin innovativ idar\u0259\u00e7ilik texnologiyalar\u0131 v\u0259 Az\u0259rbaycan Respublikas\u0131n\u0131n siyasi, iqtisadi, h\u0259rbi u\u011furlar\u0131\u201d m\u00f6vzusunda n\u00f6vb\u0259ti onlayn t\u0259lim ke\u00e7irilib"},"content":{"rendered":"<div data-elementor-type=\"wp-post\" data-elementor-id=\"17261\" class=\"elementor elementor-17261\" data-elementor-settings=\"[]\">\n\t\t\t\t\t\t<div class=\"elementor-inner\">\n\t\t\t\t\t\t\t<div class=\"elementor-section-wrap\">\n\t\t\t\t\t\t\t<section class=\"elementor-section elementor-top-section elementor-element elementor-element-99a7356 elementor-section-boxed elementor-section-height-default elementor-section-height-default\" data-id=\"99a7356\" data-element_type=\"section\">\n\t\t\t\t\t\t<div class=\"elementor-container elementor-column-gap-default\">\n\t\t\t\t\t\t\t<div class=\"elementor-row\">\n\t\t\t\t\t<div class=\"elementor-column elementor-col-100 elementor-top-column elementor-element elementor-element-1e53012\" data-id=\"1e53012\" data-element_type=\"column\">\n\t\t\t<div class=\"elementor-column-wrap elementor-element-populated\">\n\t\t\t\t\t\t\t<div class=\"elementor-widget-wrap\">\n\t\t\t\t\t\t<div class=\"elementor-element elementor-element-59d8cb6 elementor-widget elementor-widget-text-editor\" data-id=\"59d8cb6\" data-element_type=\"widget\" data-widget_type=\"text-editor.default\">\n\t\t\t\t<div class=\"elementor-widget-container\">\n\t\t\t\t\t\t\t\t<div class=\"elementor-text-editor elementor-clearfix\">\n\t\t\t\t\tD\u00f6vl\u0259t \u0130dar\u0259\u00e7ilik Akademiyas\u0131nda \u201cAz\u0259rbaycan Respublikas\u0131n\u0131n Prezidenti \u0130lham \u018fliyevin innovativ idar\u0259\u00e7ilik texnologiyalar\u0131 v\u0259 Az\u0259rbaycan Respublikas\u0131n\u0131n siyasi, iqtisadi, h\u0259rbi u\u011furlar\u0131\u201d m\u00f6vzusunda n\u00f6vb\u0259ti onlayn t\u0259lim ke\u00e7irilib\t\t\t\t\t<\/div>\n\t\t\t\t\t\t<\/div>\n\t\t\t\t<\/div>\n\t\t\t\t\t\t<\/div>\n\t\t\t\t\t<\/div>\n\t\t<\/div>\n\t\t\t\t\t\t\t\t<\/div>\n\t\t\t\t\t<\/div>\n\t\t<\/section>\n\t\t\t\t<section class=\"elementor-section elementor-top-section elementor-element elementor-element-4920e8a elementor-section-boxed elementor-section-height-default elementor-section-height-default\" data-id=\"4920e8a\" data-element_type=\"section\">\n\t\t\t\t\t\t<div class=\"elementor-container elementor-column-gap-default\">\n\t\t\t\t\t\t\t<div class=\"elementor-row\">\n\t\t\t\t\t<div class=\"elementor-column elementor-col-100 elementor-top-column elementor-element elementor-element-94a8ace\" data-id=\"94a8ace\" data-element_type=\"column\">\n\t\t\t<div class=\"elementor-column-wrap elementor-element-populated\">\n\t\t\t\t\t\t\t<div class=\"elementor-widget-wrap\">\n\t\t\t\t\t\t<div class=\"elementor-element elementor-element-85cb857 elementor-widget elementor-widget-text-editor\" data-id=\"85cb857\" data-element_type=\"widget\" data-widget_type=\"text-editor.default\">\n\t\t\t\t<div class=\"elementor-widget-container\">\n\t\t\t\t\t\t\t\t<div class=\"elementor-text-editor elementor-clearfix\">\n\t\t\t\t\t<p style=\"text-align: justify;\">Mart\u0131n 15-d\u0259 Az\u0259rbaycan Respublikas\u0131n\u0131n Prezidenti yan\u0131nda D&ouml;vl\u0259t \u0130dar\u0259&ccedil;ilik Akademiyas\u0131nda (D\u0130A) F&ouml;vq\u0259lad\u0259 Hallar Nazirliyinin komandir-r\u0259is hey\u0259ti &uuml;&ccedil;&uuml;n &ldquo;Az\u0259rbaycan Respublikas\u0131n\u0131n Prezidenti \u0130lham \u018fliyevin innovativ idar\u0259&ccedil;ilik texnologiyalar\u0131 v\u0259 Az\u0259rbaycan Respublikas\u0131n\u0131n siyasi, iqtisadi, h\u0259rbi u\u011furlar\u0131&rdquo; m&ouml;vzusunda n&ouml;vb\u0259ti onlayn t\u0259lim ke&ccedil;irilib. T\u0259dbir Prezident \u0130lham \u018fliyevin &ldquo;Az\u0259rbaycan 2030: sosial-iqtisadi inki\u015fafa dair Milli Prioritetl\u0259r&rdquo;l\u0259 ba\u011fl\u0131 2021-ci il 2 fevral tarixli S\u0259r\u0259ncam\u0131 r\u0259hb\u0259r tutularaq t\u0259\u015fkil olunub.<\/p>\n<p style=\"text-align: justify;\">T\u0259limd\u0259 D&ouml;vl\u0259t \u0130dar\u0259&ccedil;ilik Akademiyas\u0131n\u0131n rektoru akademik Urxan \u018fl\u0259kb\u0259rov Az\u0259rbaycan\u0131n s&uuml;r\u0259tl\u0259 inki\u015faf etdiyini bildirib. Rektor qeyd olunan u\u011furlar\u0131n t\u0259m\u0259lind\u0259 \u0259sas\u0131 ulu &ouml;nd\u0259r Heyd\u0259r \u018fliyev t\u0259r\u0259find\u0259n qoyulan v\u0259 Prezident \u0130lham \u018fliyevin yarad\u0131c\u0131l\u0131qla inki\u015faf etdirdiyi innovativ d&ouml;vl\u0259t idar\u0259&ccedil;iliyi strategiyas\u0131n\u0131n oldu\u011funu x&uuml;susi vur\u011fulay\u0131b. U.\u018fl\u0259kb\u0259rov qazan\u0131lan u\u011furlar\u0131n V\u0259t\u0259n m&uuml;harib\u0259sind\u0259ki parlaq Q\u0259l\u0259b\u0259d\u0259 b&ouml;y&uuml;k rolunun oldu\u011funu da qeyd edib. Akademik bildirib ki, Az\u0259rbaycan\u0131n haz\u0131rk\u0131 davaml\u0131 inki\u015faf\u0131 d&ouml;vl\u0259t idar\u0259&ccedil;iliyi sah\u0259sind\u0259 realla\u015fd\u0131r\u0131lan ard\u0131c\u0131l u\u011furlu islahatlar\u0131n n\u0259tic\u0259sidir.<\/p>\n<p style=\"text-align: justify;\">Rektor vur\u011fulay\u0131b ki, inkl&uuml;ziv inki\u015faf sah\u0259sind\u0259 respublikam\u0131z\u0131n y&uuml;ks\u0259k g&ouml;st\u0259ricil\u0259r \u0259ld\u0259 etm\u0259si v\u0259 sosial siyas\u0259tin realla\u015fd\u0131r\u0131lmas\u0131 bax\u0131m\u0131ndan d&uuml;nya &ouml;lk\u0259l\u0259rin\u0259 n&uuml;mun\u0259 olmas\u0131nda Az\u0259rbaycan Respublikas\u0131n\u0131n Birinci vitse-prezidenti, Heyd\u0259r \u018fliyev Fondunun prezidenti Mehriban \u018fliyevan\u0131n m&uuml;st\u0259sna xidm\u0259tl\u0259ri var.<\/p>\n<p style=\"text-align: justify;\">U.\u018fl\u0259kb\u0259rov i\u015f\u011faldan azad olunan \u0259razil\u0259rd\u0259 apar\u0131lan quruculuq t\u0259dbirl\u0259rinin, d\u0259rin islahatlar hesab\u0131na y&uuml;ks\u0259k iqtisadi art\u0131m m\u0259nb\u0259l\u0259rinin tap\u0131lmas\u0131 vasit\u0259sil\u0259 Az\u0259rbaycan d&ouml;vl\u0259tinin g&uuml;c&uuml;n&uuml;n daha da art\u0131r\u0131lmas\u0131n\u0131n, y&uuml;ks\u0259k rifah c\u0259miyy\u0259tinin qurulmas\u0131n\u0131n, azad edilmi\u015f b&ouml;lg\u0259l\u0259r\u0259 tarixi Qay\u0131d\u0131\u015f\u0131n t\u0259min edilm\u0259sinin \u0259h\u0259miyy\u0259tini vur\u011fulay\u0131b.<\/p>\n<p style=\"text-align: justify;\">Sonra fikir m&uuml;badil\u0259si apar\u0131l\u0131b.<\/p>\n<p style=\"text-align: justify;\">Qeyd ed\u0259k ki, t\u0259liml\u0259r ba\u015fa &ccedil;atd\u0131qdan sonra i\u015ftirak&ccedil;\u0131lara sertifikatlar veril\u0259c\u0259k.<\/p>\t\t\t\t\t<\/div>\n\t\t\t\t\t\t<\/div>\n\t\t\t\t<\/div>\n\t\t\t\t\t\t<\/div>\n\t\t\t\t\t<\/div>\n\t\t<\/div>\n\t\t\t\t\t\t\t\t<\/div>\n\t\t\t\t\t<\/div>\n\t\t<\/section>\n\t\t\t\t\t\t<\/div>\n\t\t\t\t\t\t<\/div>\n\t\t\t\t\t<\/div>","protected":false},"excerpt":{"rendered":"<p>D\u00f6vl\u0259t \u0130dar\u0259\u00e7ilik Akademiyas\u0131nda \u201cAz\u0259rbaycan Respublikas\u0131n\u0131n Prezidenti \u0130lham \u018fliyevin innovativ idar\u0259\u00e7ilik texnologiyalar\u0131 v\u0259 Az\u0259rbaycan Respublikas\u0131n\u0131n siyasi, iqtisadi, h\u0259rbi u\u011furlar\u0131\u201d m\u00f6vzusunda n\u00f6vb\u0259ti onlayn t\u0259lim ke\u00e7irilib Mart\u0131n 15-d\u0259 Az\u0259rbaycan Respublikas\u0131n\u0131n Prezidenti yan\u0131nda D&ouml;vl\u0259t \u0130dar\u0259&ccedil;ilik Akademiyas\u0131nda (D\u0130A) F&ouml;vq\u0259lad\u0259 Hallar Nazirliyinin komandir-r\u0259is hey\u0259ti &uuml;&ccedil;&uuml;n &ldquo;Az\u0259rbaycan Respublikas\u0131n\u0131n Prezidenti \u0130lham \u018fliyevin innovativ idar\u0259&ccedil;ilik texnologiyalar\u0131 v\u0259 Az\u0259rbaycan Respublikas\u0131n\u0131n siyasi, iqtisadi, h\u0259rbi u\u011furlar\u0131&rdquo; m&ouml;vzusunda [&hellip;]<\/p>","protected":false},"author":2,"featured_media":17262,"comment_status":"closed","ping_status":"closed","sticky":false,"template":"","format":"standard","meta":[],"categories":[137],"tags":[],"_links":{"self":[{"href":"https:\/\/legacy.dia.edu.az\/ru\/wp-json\/wp\/v2\/posts\/17261"}],"collection":[{"href":"https:\/\/legacy.dia.edu.az\/ru\/wp-json\/wp\/v2\/posts"}],"about":[{"href":"https:\/\/legacy.dia.edu.az\/ru\/wp-json\/wp\/v2\/types\/post"}],"author":[{"embeddable":true,"href":"https:\/\/legacy.dia.edu.az\/ru\/wp-json\/wp\/v2\/users\/2"}],"replies":[{"embeddable":true,"href":"https:\/\/legacy.dia.edu.az\/ru\/wp-json\/wp\/v2\/comments?post=17261"}],"version-history":[{"count":10,"href":"https:\/\/legacy.dia.edu.az\/ru\/wp-json\/wp\/v2\/posts\/17261\/revisions"}],"predecessor-version":[{"id":17272,"href":"https:\/\/legacy.dia.edu.az\/ru\/wp-json\/wp\/v2\/posts\/17261\/revisions\/17272"}],"wp:featuredmedia":[{"embeddable":true,"href":"https:\/\/legacy.dia.edu.az\/ru\/wp-json\/wp\/v2\/media\/17262"}],"wp:attachment":[{"href":"https:\/\/legacy.dia.edu.az\/ru\/wp-json\/wp\/v2\/media?parent=17261"}],"wp:term":[{"taxonomy":"category","embeddable":true,"href":"https:\/\/legacy.dia.edu.az\/ru\/wp-json\/wp\/v2\/categories?post=17261"},{"taxonomy":"post_tag","embeddable":true,"href":"https:\/\/legacy.dia.edu.az\/ru\/wp-json\/wp\/v2\/tags?post=17261"}],"curies":[{"name":"wp","href":"https:\/\/api.w.org\/{rel}","templated":true}]}}