{"id":17242,"date":"2022-03-10T16:01:18","date_gmt":"2022-03-10T12:01:18","guid":{"rendered":"https:\/\/dia.edu.az\/?p=17242"},"modified":"2022-03-10T16:30:34","modified_gmt":"2022-03-10T12:30:34","slug":"dovl%c9%99t-idar%c9%99cilik-akademiyasinda-az%c9%99rbaycan-respublikasinin-prezidenti-ilham-%c9%99liyevin-innovativ-idar%c9%99cilik-texnologiyalari-v%c9%99-az%c9%99rbaycan-respublikasinin-siy-2","status":"publish","type":"post","link":"https:\/\/legacy.dia.edu.az\/ru\/arxivl\u0259r\/17242","title":{"rendered":"D\u00f6vl\u0259t \u0130dar\u0259\u00e7ilik Akademiyas\u0131nda \u201cAz\u0259rbaycan Respublikas\u0131n\u0131n Prezidenti \u0130lham \u018fliyevin innovativ idar\u0259\u00e7ilik texnologiyalar\u0131 v\u0259 Az\u0259rbaycan Respublikas\u0131n\u0131n siyasi, iqtisadi, h\u0259rbi u\u011furlar\u0131\u201d adl\u0131 t\u0259lim ke\u00e7irilib"},"content":{"rendered":"<div data-elementor-type=\"wp-post\" data-elementor-id=\"17242\" class=\"elementor elementor-17242\" data-elementor-settings=\"[]\">\n\t\t\t\t\t\t<div class=\"elementor-inner\">\n\t\t\t\t\t\t\t<div class=\"elementor-section-wrap\">\n\t\t\t\t\t\t\t<section class=\"elementor-section elementor-top-section elementor-element elementor-element-ca37d54 elementor-section-boxed elementor-section-height-default elementor-section-height-default\" data-id=\"ca37d54\" data-element_type=\"section\">\n\t\t\t\t\t\t<div class=\"elementor-container elementor-column-gap-default\">\n\t\t\t\t\t\t\t<div class=\"elementor-row\">\n\t\t\t\t\t<div class=\"elementor-column elementor-col-100 elementor-top-column elementor-element elementor-element-d99e56f\" data-id=\"d99e56f\" data-element_type=\"column\">\n\t\t\t<div class=\"elementor-column-wrap elementor-element-populated\">\n\t\t\t\t\t\t\t<div class=\"elementor-widget-wrap\">\n\t\t\t\t\t\t<div class=\"elementor-element elementor-element-62c59fa elementor-widget elementor-widget-text-editor\" data-id=\"62c59fa\" data-element_type=\"widget\" data-widget_type=\"text-editor.default\">\n\t\t\t\t<div class=\"elementor-widget-container\">\n\t\t\t\t\t\t\t\t<div class=\"elementor-text-editor elementor-clearfix\">\n\t\t\t\t\t\nD\u00f6vl\u0259t \u0130dar\u0259\u00e7ilik Akademiyas\u0131nda \u201cAz\u0259rbaycan Respublikas\u0131n\u0131n Prezidenti \u0130lham \u018fliyevin innovativ idar\u0259\u00e7ilik texnologiyalar\u0131 v\u0259 Az\u0259rbaycan Respublikas\u0131n\u0131n siyasi, iqtisadi, h\u0259rbi u\u011furlar\u0131\u201d adl\u0131 t\u0259lim ke\u00e7irilib\n\t\t\t\t\t<\/div>\n\t\t\t\t\t\t<\/div>\n\t\t\t\t<\/div>\n\t\t\t\t\t\t<\/div>\n\t\t\t\t\t<\/div>\n\t\t<\/div>\n\t\t\t\t\t\t\t\t<\/div>\n\t\t\t\t\t<\/div>\n\t\t<\/section>\n\t\t\t\t<section class=\"elementor-section elementor-top-section elementor-element elementor-element-7f787ee elementor-section-boxed elementor-section-height-default elementor-section-height-default\" data-id=\"7f787ee\" data-element_type=\"section\">\n\t\t\t\t\t\t<div class=\"elementor-container elementor-column-gap-default\">\n\t\t\t\t\t\t\t<div class=\"elementor-row\">\n\t\t\t\t\t<div class=\"elementor-column elementor-col-100 elementor-top-column elementor-element elementor-element-9b0d5cb\" data-id=\"9b0d5cb\" data-element_type=\"column\">\n\t\t\t<div class=\"elementor-column-wrap\">\n\t\t\t\t\t\t\t<div class=\"elementor-widget-wrap\">\n\t\t\t\t\t\t\t\t<\/div>\n\t\t\t\t\t<\/div>\n\t\t<\/div>\n\t\t\t\t\t\t\t\t<\/div>\n\t\t\t\t\t<\/div>\n\t\t<\/section>\n\t\t\t\t<section class=\"elementor-section elementor-top-section elementor-element elementor-element-1be5887 elementor-section-boxed elementor-section-height-default elementor-section-height-default\" data-id=\"1be5887\" data-element_type=\"section\">\n\t\t\t\t\t\t<div class=\"elementor-container elementor-column-gap-default\">\n\t\t\t\t\t\t\t<div class=\"elementor-row\">\n\t\t\t\t\t<div class=\"elementor-column elementor-col-100 elementor-top-column elementor-element elementor-element-871fb7c\" data-id=\"871fb7c\" data-element_type=\"column\">\n\t\t\t<div class=\"elementor-column-wrap elementor-element-populated\">\n\t\t\t\t\t\t\t<div class=\"elementor-widget-wrap\">\n\t\t\t\t\t\t<div class=\"elementor-element elementor-element-2845efa elementor-widget elementor-widget-text-editor\" data-id=\"2845efa\" data-element_type=\"widget\" data-widget_type=\"text-editor.default\">\n\t\t\t\t<div class=\"elementor-widget-container\">\n\t\t\t\t\t\t\t\t<div class=\"elementor-text-editor elementor-clearfix\">\n\t\t\t\t\t<p style=\"text-align: justify;\">Az\u0259rbaycan Respublikas\u0131n\u0131n Prezidenti yan\u0131nda D&ouml;vl\u0259t \u0130dar\u0259&ccedil;ilik Akademiyas\u0131nda (D\u0130A) 2022-ci ild\u0259 &ldquo;ASAN xidm\u0259t&rdquo; m\u0259rk\u0259zl\u0259rinin \u0259m\u0259kda\u015flar\u0131 &uuml;&ccedil;&uuml;n daim yenil\u0259n\u0259n &ldquo;Az\u0259rbaycan Respublikas\u0131n\u0131n Prezidenti \u0130lham \u018fliyevin innovativ idar\u0259&ccedil;ilik texnologiyalar\u0131 v\u0259 Az\u0259rbaycan Respublikas\u0131n\u0131n siyasi, iqtisadi, h\u0259rbi u\u011furlar\u0131&rdquo; adl\u0131 n&ouml;vb\u0259ti onlayn t\u0259lim ke&ccedil;irilib.<\/p>\n<p style=\"text-align: justify;\">Bildirilib ki, t\u0259dbir Prezident \u0130lham \u018fliyevin &ldquo;Az\u0259rbaycan 2030: sosial-iqtisadi inki\u015fafa dair Milli Prioritetl\u0259r&rdquo;l\u0259 ba\u011fl\u0131 2021-ci il 2 fevral tarixli S\u0259r\u0259ncam\u0131na \u0259sas\u0259n D\u0130A-n\u0131n Az\u0259rbaycan Respublikas\u0131n\u0131n Prezidenti yan\u0131nda V\u0259t\u0259nda\u015flara Xidm\u0259t v\u0259 Sosial \u0130nnovasiyalar &uuml;zr\u0259 D&ouml;vl\u0259t Agentliyi (&ldquo;ASAN xidm\u0259t&rdquo;) il\u0259 m&ouml;vcud \u0259m\u0259kda\u015fl\u0131q memorandumu &ccedil;\u0259r&ccedil;iv\u0259sind\u0259 t\u0259\u015fkil olunub.<\/p>\n<p style=\"text-align: justify;\">T\u0259limin m&uuml;hazir\u0259sini D&ouml;vl\u0259t \u0130dar\u0259&ccedil;ilik Akademiyas\u0131n\u0131n rektoru akademik Urxan \u018fl\u0259kb\u0259rov t\u0259qdim edib.<\/p>\n<p style=\"text-align: justify;\">Rektor Az\u0259rbaycan\u0131n son ill\u0259rd\u0259 inki\u015faf\u0131 il\u0259 ba\u011fl\u0131 m\u0259lumat verib. O, qeyd olunan u\u011furlar\u0131n k&ouml;k&uuml;nd\u0259 \u0259sas\u0131 ulu &ouml;nd\u0259r Heyd\u0259r \u018fliyev t\u0259r\u0259find\u0259n qoyulmu\u015f v\u0259 Prezident \u0130lham \u018fliyevin yarad\u0131c\u0131l\u0131qla inki\u015faf etdirdiyi innovativ d&ouml;vl\u0259t idar\u0259&ccedil;iliyi strategiyas\u0131n\u0131n dayand\u0131\u011f\u0131n\u0131 x&uuml;susi vur\u011fulay\u0131b. Diqq\u0259t\u0259 &ccedil;atd\u0131r\u0131l\u0131b ki, Az\u0259rbaycan Respublikas\u0131 b&uuml;t&uuml;n d&uuml;nya &uuml;&ccedil;&uuml;n prioritet kimi q\u0259bul edil\u0259n davaml\u0131 inkl&uuml;ziv inki\u015faf siyas\u0259tini s\u0259m\u0259r\u0259li \u015f\u0259kild\u0259 realla\u015fd\u0131r\u0131r.<\/p>\n<p style=\"text-align: justify;\">Akademik bildirib ki, nisb\u0259t\u0259n m\u0259hdud maliyy\u0259 imkanlar\u0131 \u015f\u0259raitind\u0259 Az\u0259rbaycan\u0131n inkl&uuml;ziv inki\u015faf\u0131 indeksinin iqtisadi bax\u0131mdan daha inki\u015faf etmi\u015f &ouml;lk\u0259l\u0259rd\u0259n y&uuml;ks\u0259k olmas\u0131 respublikan\u0131n iqtisadi potensial\u0131n\u0131n h\u0259rt\u0259r\u0259fli inki\u015faf\u0131 v\u0259 \u0259halinin rifah\u0131n\u0131n y&uuml;ks\u0259ldilm\u0259si &uuml;&ccedil;&uuml;n daha s\u0259m\u0259r\u0259li istifad\u0259sinin beyn\u0259lxalq t\u0259sdiqidir.<\/p>\n<p style=\"text-align: justify;\">Rektor vur\u011fulay\u0131b ki, inkl&uuml;ziv inki\u015faf sah\u0259sind\u0259 Az\u0259rbaycan Respublikas\u0131n\u0131n y&uuml;ks\u0259k g&ouml;st\u0259ricil\u0259r \u0259ld\u0259 etm\u0259si v\u0259 sosial siyas\u0259tin realla\u015fd\u0131r\u0131lmas\u0131 bax\u0131m\u0131ndan d&uuml;nya &ouml;lk\u0259l\u0259rin\u0259 n&uuml;mun\u0259 olmas\u0131nda Birinci vitse-prezidenti, Heyd\u0259r \u018fliyev Fondunun prezidenti Mehriban \u018fliyevan\u0131n m&uuml;st\u0259sna xidm\u0259tl\u0259ri var.<\/p>\n<p style=\"text-align: justify;\">M\u0259ruz\u0259&ccedil;i qazan\u0131lan u\u011furlar\u0131n 44 g&uuml;nl&uuml;k V\u0259t\u0259n m&uuml;harib\u0259sind\u0259ki parlaq Q\u0259l\u0259b\u0259d\u0259 b&ouml;y&uuml;k pay\u0131n\u0131n oldu\u011funu x&uuml;susi vur\u011fulay\u0131b. Bildirilib ki, &ouml;lk\u0259nin davaml\u0131 inki\u015faf\u0131 innovativ d&ouml;vl\u0259t idar\u0259&ccedil;iliyi sah\u0259sind\u0259 realla\u015fd\u0131r\u0131lan ard\u0131c\u0131l islahatlar\u0131n n\u0259tic\u0259sidir.<\/p>\n<p style=\"text-align: justify;\">U.\u018fl\u0259kb\u0259rov i\u015f\u011faldan azad olunmu\u015f \u0259razil\u0259rd\u0259 apar\u0131lan quruculuq i\u015fl\u0259rind\u0259n, &ouml;lk\u0259nin \u0259razi b&uuml;t&ouml;vl&uuml;y&uuml;n&uuml;n b\u0259rpas\u0131 il\u0259 s\u0259ciyy\u0259l\u0259n\u0259n yeni strateji d&ouml;vrd\u0259 d\u0259rin islahatlar hesab\u0131na y&uuml;ks\u0259k iqtisadi art\u0131m m\u0259nb\u0259l\u0259rinin tap\u0131lmas\u0131 vasit\u0259sil\u0259 Az\u0259rbaycan d&ouml;vl\u0259tinin g&uuml;c&uuml;n&uuml;n daha da art\u0131r\u0131lmas\u0131, y&uuml;ks\u0259k rifah c\u0259miyy\u0259tinin qurulmas\u0131, azad edilmi\u015f b&ouml;lg\u0259l\u0259r\u0259 tarixi Qay\u0131d\u0131\u015f\u0131n t\u0259min edilm\u0259sinin \u0259h\u0259miyy\u0259tini qeyd edib.<\/p>\n<p style=\"text-align: justify;\">Sonra fikir m&uuml;badil\u0259si olub.<\/p>\n<p style=\"text-align: justify;\">T\u0259liml\u0259r ba\u015fa &ccedil;atd\u0131qdan sonra i\u015ftirak&ccedil;\u0131lara sertifikatlar t\u0259qdim edil\u0259c\u0259k.<\/p>\n<p style=\"text-align: justify;\"><strong>&nbsp;<\/strong><\/p>\t\t\t\t\t<\/div>\n\t\t\t\t\t\t<\/div>\n\t\t\t\t<\/div>\n\t\t\t\t\t\t<\/div>\n\t\t\t\t\t<\/div>\n\t\t<\/div>\n\t\t\t\t\t\t\t\t<\/div>\n\t\t\t\t\t<\/div>\n\t\t<\/section>\n\t\t\t\t\t\t<\/div>\n\t\t\t\t\t\t<\/div>\n\t\t\t\t\t<\/div>","protected":false},"excerpt":{"rendered":"<p>D\u00f6vl\u0259t \u0130dar\u0259\u00e7ilik Akademiyas\u0131nda \u201cAz\u0259rbaycan Respublikas\u0131n\u0131n Prezidenti \u0130lham \u018fliyevin innovativ idar\u0259\u00e7ilik texnologiyalar\u0131 v\u0259 Az\u0259rbaycan Respublikas\u0131n\u0131n siyasi, iqtisadi, h\u0259rbi u\u011furlar\u0131\u201d adl\u0131 t\u0259lim ke\u00e7irilib Previous Next Az\u0259rbaycan Respublikas\u0131n\u0131n Prezidenti yan\u0131nda D\u00f6vl\u0259t \u0130dar\u0259\u00e7ilik Akademiyas\u0131nda (D\u0130A) 2022-ci ild\u0259 \u201cASAN xidm\u0259t\u201d m\u0259rk\u0259zl\u0259rinin \u0259m\u0259kda\u015flar\u0131 \u00fc\u00e7\u00fcn daim yenil\u0259n\u0259n \u201cAz\u0259rbaycan Respublikas\u0131n\u0131n Prezidenti \u0130lham \u018fliyevin innovativ idar\u0259\u00e7ilik texnologiyalar\u0131 v\u0259 Az\u0259rbaycan Respublikas\u0131n\u0131n siyasi, iqtisadi, h\u0259rbi u\u011furlar\u0131\u201d [&hellip;]<\/p>","protected":false},"author":2,"featured_media":17260,"comment_status":"closed","ping_status":"closed","sticky":false,"template":"","format":"standard","meta":[],"categories":[137],"tags":[],"_links":{"self":[{"href":"https:\/\/legacy.dia.edu.az\/ru\/wp-json\/wp\/v2\/posts\/17242"}],"collection":[{"href":"https:\/\/legacy.dia.edu.az\/ru\/wp-json\/wp\/v2\/posts"}],"about":[{"href":"https:\/\/legacy.dia.edu.az\/ru\/wp-json\/wp\/v2\/types\/post"}],"author":[{"embeddable":true,"href":"https:\/\/legacy.dia.edu.az\/ru\/wp-json\/wp\/v2\/users\/2"}],"replies":[{"embeddable":true,"href":"https:\/\/legacy.dia.edu.az\/ru\/wp-json\/wp\/v2\/comments?post=17242"}],"version-history":[{"count":14,"href":"https:\/\/legacy.dia.edu.az\/ru\/wp-json\/wp\/v2\/posts\/17242\/revisions"}],"predecessor-version":[{"id":17259,"href":"https:\/\/legacy.dia.edu.az\/ru\/wp-json\/wp\/v2\/posts\/17242\/revisions\/17259"}],"wp:featuredmedia":[{"embeddable":true,"href":"https:\/\/legacy.dia.edu.az\/ru\/wp-json\/wp\/v2\/media\/17260"}],"wp:attachment":[{"href":"https:\/\/legacy.dia.edu.az\/ru\/wp-json\/wp\/v2\/media?parent=17242"}],"wp:term":[{"taxonomy":"category","embeddable":true,"href":"https:\/\/legacy.dia.edu.az\/ru\/wp-json\/wp\/v2\/categories?post=17242"},{"taxonomy":"post_tag","embeddable":true,"href":"https:\/\/legacy.dia.edu.az\/ru\/wp-json\/wp\/v2\/tags?post=17242"}],"curies":[{"name":"wp","href":"https:\/\/api.w.org\/{rel}","templated":true}]}}