{"id":17195,"date":"2022-03-06T00:11:58","date_gmt":"2022-03-05T20:11:58","guid":{"rendered":"https:\/\/dia.edu.az\/?p=17195"},"modified":"2022-03-06T00:18:05","modified_gmt":"2022-03-05T20:18:05","slug":"dovl%c9%99t-idar%c9%99cilik-akademiyasinda-44-gunluk-v%c9%99t%c9%99n-muharib%c9%99sinin-yaratdigi-yeni-realliqlar-movzusunda-t%c9%99dbir-kecirilib","status":"publish","type":"post","link":"https:\/\/legacy.dia.edu.az\/ru\/arxivl\u0259r\/17195","title":{"rendered":"D\u00f6vl\u0259t \u0130dar\u0259\u00e7ilik Akademiyas\u0131nda \u201c44 g\u00fcnl\u00fck V\u0259t\u0259n m\u00fcharib\u0259sinin yaratd\u0131\u011f\u0131 yeni reall\u0131qlar \u201d m\u00f6vzusunda t\u0259dbir ke\u00e7irilib"},"content":{"rendered":"<div data-elementor-type=\"wp-post\" data-elementor-id=\"17195\" class=\"elementor elementor-17195\" data-elementor-settings=\"[]\">\n\t\t\t\t\t\t<div class=\"elementor-inner\">\n\t\t\t\t\t\t\t<div class=\"elementor-section-wrap\">\n\t\t\t\t\t\t\t<section class=\"elementor-section elementor-top-section elementor-element elementor-element-c95f97e elementor-section-boxed elementor-section-height-default elementor-section-height-default\" data-id=\"c95f97e\" data-element_type=\"section\">\n\t\t\t\t\t\t<div class=\"elementor-container elementor-column-gap-default\">\n\t\t\t\t\t\t\t<div class=\"elementor-row\">\n\t\t\t\t\t<div class=\"elementor-column elementor-col-100 elementor-top-column elementor-element elementor-element-c35387b\" data-id=\"c35387b\" data-element_type=\"column\">\n\t\t\t<div class=\"elementor-column-wrap elementor-element-populated\">\n\t\t\t\t\t\t\t<div class=\"elementor-widget-wrap\">\n\t\t\t\t\t\t<div class=\"elementor-element elementor-element-367e4a4 elementor-widget elementor-widget-text-editor\" data-id=\"367e4a4\" data-element_type=\"widget\" data-widget_type=\"text-editor.default\">\n\t\t\t\t<div class=\"elementor-widget-container\">\n\t\t\t\t\t\t\t\t<div class=\"elementor-text-editor elementor-clearfix\">\n\t\t\t\t\tD\u00f6vl\u0259t \u0130dar\u0259\u00e7ilik Akademiyas\u0131nda \u201c44 g\u00fcnl\u00fck V\u0259t\u0259n m\u00fcharib\u0259sinin yaratd\u0131\u011f\u0131 yeni reall\u0131qlar \u201d m\u00f6vzusunda t\u0259dbir ke\u00e7irilib\t\t\t\t\t<\/div>\n\t\t\t\t\t\t<\/div>\n\t\t\t\t<\/div>\n\t\t\t\t\t\t<\/div>\n\t\t\t\t\t<\/div>\n\t\t<\/div>\n\t\t\t\t\t\t\t\t<\/div>\n\t\t\t\t\t<\/div>\n\t\t<\/section>\n\t\t\t\t<section class=\"elementor-section elementor-top-section elementor-element elementor-element-5f1835d elementor-section-boxed elementor-section-height-default elementor-section-height-default\" data-id=\"5f1835d\" data-element_type=\"section\">\n\t\t\t\t\t\t<div class=\"elementor-container elementor-column-gap-default\">\n\t\t\t\t\t\t\t<div class=\"elementor-row\">\n\t\t\t\t\t<div class=\"elementor-column elementor-col-100 elementor-top-column elementor-element elementor-element-8f106c4\" data-id=\"8f106c4\" data-element_type=\"column\">\n\t\t\t<div class=\"elementor-column-wrap elementor-element-populated\">\n\t\t\t\t\t\t\t<div class=\"elementor-widget-wrap\">\n\t\t\t\t\t\t<section class=\"elementor-section elementor-inner-section elementor-element elementor-element-556d7c5 elementor-section-boxed elementor-section-height-default elementor-section-height-default\" data-id=\"556d7c5\" data-element_type=\"section\">\n\t\t\t\t\t\t<div class=\"elementor-container elementor-column-gap-default\">\n\t\t\t\t\t\t\t<div class=\"elementor-row\">\n\t\t\t\t\t<div class=\"elementor-column elementor-col-50 elementor-inner-column elementor-element elementor-element-6b6b6b2\" data-id=\"6b6b6b2\" data-element_type=\"column\">\n\t\t\t<div class=\"elementor-column-wrap elementor-element-populated\">\n\t\t\t\t\t\t\t<div class=\"elementor-widget-wrap\">\n\t\t\t\t\t\t<div class=\"elementor-element elementor-element-cd0d421 elementor-widget elementor-widget-text-editor\" data-id=\"cd0d421\" data-element_type=\"widget\" data-widget_type=\"text-editor.default\">\n\t\t\t\t<div class=\"elementor-widget-container\">\n\t\t\t\t\t\t\t\t<div class=\"elementor-text-editor elementor-clearfix\">\n\t\t\t\t\tD\u00f6vl\u0259t \u0130dar\u0259\u00e7ilik Akademiyas\u0131nda f\u0259aliyy\u0259t g\u00f6st\u0259r\u0259n T\u0259l\u0259b\u0259 G\u0259nc Politoloqlar Klubunun t\u0259\u015f\u0259bb\u00fcs\u00fc il\u0259 \u201c44 g\u00fcnl\u00fck V\u0259t\u0259n m\u00fcharib\u0259sinin  yaratd\u0131\u011f\u0131 yeni reall\u0131qlar\u201d m\u00f6vzusunda g\u00f6r\u00fc\u015f ke\u00e7irilib. \nT\u0259l\u0259b\u0259 g\u0259nc politoloqlar klubunun bu d\u0259f\u0259ki qona\u011f\u0131 mill\u0259t v\u0259kili Ceyhun M\u0259mm\u0259dov olub. T\u0259dbird\u0259n \u00f6nc\u0259 D\u00f6vl\u0259t \u0130dar\u0259\u00e7ilik Akademiyas\u0131n\u0131n rektoru, akademik Urxan \u018fl\u0259kb\u0259rov 44 g\u00fcnl\u00fck V\u0259t\u0259n m\u00fcharib\u0259si v\u0259 ondan sonrak\u0131 d\u00f6vr\u00fcn tarixi \u0259h\u0259miyy\u0259tini vur\u011fulayay\u0131b, Ulu \u00d6nd\u0259r Heyd\u0259r \u018fliyevin ba\u015flad\u0131\u011f\u0131 v\u0259 prezident \u0130lham \u018fliyev t\u0259r\u0259find\u0259n u\u011furla davam ed\u0259n siyas\u0259t n\u0259tic\u0259sind\u0259 Az\u0259rbaycan\u0131n ke\u00e7diyi inki\u015faf yolu bart\u0259d\u0259 fikirl\u0259rini bildirib. U. \u018fl\u0259kb\u0259rov m\u00fcz\u0259ff\u0259r Ali Ba\u015f Komandan \u0130lham \u018fliyevin Erm\u0259nistan v\u0259 havadarlar\u0131 \u00fcz\u0259rind\u0259 b\u00fct\u00fcn sah\u0259l\u0259rd\u0259 q\u0259l\u0259b\u0259 \u0259ld\u0259 etdiyini qeyd ed\u0259r\u0259k, 44 g\u00fcnl\u00fck m\u00fcharib\u0259nin n\u0259tic\u0259sinin  b\u00f6lg\u0259y\u0259 yeni reall\u0131qlar g\u0259tirdiyini qeyd edib. \nDaha sonra t\u0259dbir mill\u0259t v\u0259kili Ceyhun M\u0259mm\u0259dovun interaktiv \u015f\u0259kild\u0259 \u00e7\u0131x\u0131\u015f\u0131 il\u0259 davam edib. Milli M\u0259clisin deputat\u0131 Ceyhun M\u0259mm\u0259dov 44 g\u00fcnl\u00fck V\u0259t\u0259n m\u00fcharib\u0259sinin beyn\u0259lxalq al\u0259md\u0259ki \u0259ks s\u0259das\u0131 haqq\u0131nda \u00f6z \u00e7\u0131x\u0131\u015f\u0131nda 9 noyabr kapitulyasiya akt\u0131n\u0131n imzalanmas\u0131ndan sonra b\u00f6lg\u0259d\u0259 yaranm\u0131\u015f yeni reall\u0131qlar, regional \u00e7a\u011f\u0131r\u0131\u015flar v\u0259 m\u0259qs\u0259dl\u0259r haqq\u0131nda geni\u015f \u015f\u0259kild\u0259 dan\u0131\u015fm\u0131\u015fd\u0131r. O, \u00e7\u0131x\u0131\u015f\u0131nda m\u00fcharib\u0259d\u0259n sonrak\u0131 d\u00f6vrd\u0259 Az\u0259rbaycan\u0131n \u0259ks\u0259r d\u00f6vl\u0259tl\u0259rl\u0259 m\u00fcnasib\u0259tl\u0259rinin inki\u015faf etdiyin\u0259 diqq\u0259ti \u00e7\u0259k\u0259r\u0259k, d\u00fcnyan\u0131n ayr\u0131 \u2013 ayr\u0131 geosiyasi g\u00fcc m\u0259rk\u0259zl\u0259rinin b\u00f6lg\u0259d\u0259 yaranm\u0131\u015f yeni reall\u0131\u011f\u0131 q\u0259bul etdikl\u0259rini qeyd etdi. \nDaha sonra V\u0259t\u0259n m\u00fcharib\u0259sind\u0259n sonrak\u0131 d\u00f6n\u0259md\u0259 q\u0131sa m\u00fcdd\u0259t \u0259rzind\u0259 Qaraba\u011f v\u0259 \u015e\u0259rqi Z\u0259ng\u0259zur b\u00f6lg\u0259l\u0259rind\u0259 intensiv v\u0259 operativ \u015f\u0259kild\u0259 strateji \u0259h\u0259miyy\u0259tli layih\u0259l\u0259rin h\u0259yata ke\u00e7irilm\u0259sini t\u0259hlil ed\u0259r\u0259k, F\u00fczuli Beyn\u0259lxalq Hava Lima\u00acn\u0131n\u0131n tikilib istifad\u0259y\u0259 verilm\u0259si, eyni zamanda, Z\u0259ngilan v\u0259 La\u00e7\u0131nda da yeni aeroportlar\u0131n in\u015fas\u0131n\u0131n realla\u015fd\u0131r\u0131lmas\u0131 y\u00f6n\u00fcnd\u0259 i\u015fl\u0259r\u0259 ba\u015flan\u0131lmas\u0131, i\u015f\u011faldan azad edil\u0259n b\u00f6lg\u0259mizd\u0259 m\u00fcasir yol-n\u0259qliyyat infrastrukturunun s\u00fcr\u0259tli \u015f\u0259kild\u0259 yarad\u0131lmas\u0131 m\u0259s\u0259l\u0259l\u0259rin\u0259 toxundu. Qeyd edildi ki, V\u0259t\u0259n m\u00fcharib\u0259sinin n\u0259tic\u0259si g\u00f6st\u0259rdi ki, Az\u0259rbaycanda h\u0259yata ke\u00e7iril\u0259n siyasi kurs d\u00f6vl\u0259timizi v\u0259 xalq\u0131m\u0131z\u0131 q\u0259l\u0259b\u0259l\u0259r\u0259 aparan alterna\u00activsiz yoldur. Qar\u015f\u0131da is\u0259 xalq\u0131m\u0131z\u0131 Qaraba\u011f\u0131n v\u0259 \u015e\u0259rqi Z\u0259ng\u0259zurun s\u00fcr\u0259tl\u0259 b\u0259rpas\u0131 il\u0259 ke\u00e7mi\u015f m\u0259cburi k\u00f6\u00e7k\u00fcnl\u0259rin do\u011fma yurdlar\u0131na qay\u0131t\u00acmalar\u0131n\u0131n sevinc hissi g\u00f6zl\u0259yir. \n\tG\u00f6r\u00fc\u015f qar\u015f\u0131l\u0131ql\u0131 diskusiya format\u0131nda davam etdi. \nT\u0259dbird\u0259 D\u0130A-n\u0131n \u00fcmumi i\u015fl\u0259r \u00fczr\u0259 prorektoru dosent C\u0259f\u0259r Eyvazl\u0131, akademiyan\u0131n m\u00fc\u015faviri Zaur M\u0259mm\u0259dov v\u0259  T\u0259l\u0259b\u0259 G\u0259nc Politoloqlar Klubunun \u00fczvl\u0259ri i\u015ftirak edibl\u0259r. \n\t\t\t\t\t<\/div>\n\t\t\t\t\t\t<\/div>\n\t\t\t\t<\/div>\n\t\t\t\t\t\t<\/div>\n\t\t\t\t\t<\/div>\n\t\t<\/div>\n\t\t\t\t<div class=\"elementor-column elementor-col-50 elementor-inner-column elementor-element elementor-element-a94edad\" data-id=\"a94edad\" data-element_type=\"column\">\n\t\t\t<div class=\"elementor-column-wrap elementor-element-populated\">\n\t\t\t\t\t\t\t<div class=\"elementor-widget-wrap\">\n\t\t\t\t\t\t<div class=\"elementor-element elementor-element-8948614 elementor-widget elementor-widget-image\" data-id=\"8948614\" data-element_type=\"widget\" data-widget_type=\"image.default\">\n\t\t\t\t<div class=\"elementor-widget-container\">\n\t\t\t\t\t\t\t\t<div class=\"elementor-image\">\n\t\t\t\t\t\t\t\t\t\t\t\t\t<a href=\"https:\/\/dia.edu.az\/wp-content\/uploads\/2022\/03\/15eddf39-4f29-4ef0-8358-c4bed5ab9cd1-1.jpg\">\n\t\t\t\t\t\t\t<img width=\"338\" height=\"450\" src=\"https:\/\/legacy.dia.edu.az\/wp-content\/uploads\/2022\/03\/15eddf39-4f29-4ef0-8358-c4bed5ab9cd1-1-338x450.jpg\" class=\"attachment-large size-large\" alt=\"\" srcset=\"https:\/\/legacy.dia.edu.az\/wp-content\/uploads\/2022\/03\/15eddf39-4f29-4ef0-8358-c4bed5ab9cd1-1-338x450.jpg 338w, https:\/\/legacy.dia.edu.az\/wp-content\/uploads\/2022\/03\/15eddf39-4f29-4ef0-8358-c4bed5ab9cd1-1-150x200.jpg 150w, https:\/\/legacy.dia.edu.az\/wp-content\/uploads\/2022\/03\/15eddf39-4f29-4ef0-8358-c4bed5ab9cd1-1-768x1024.jpg 768w, https:\/\/legacy.dia.edu.az\/wp-content\/uploads\/2022\/03\/15eddf39-4f29-4ef0-8358-c4bed5ab9cd1-1-9x12.jpg 9w, https:\/\/legacy.dia.edu.az\/wp-content\/uploads\/2022\/03\/15eddf39-4f29-4ef0-8358-c4bed5ab9cd1-1.jpg 960w\" sizes=\"(max-width: 338px) 100vw, 338px\" \/>\t\t\t\t\t\t\t\t<\/a>\n\t\t\t\t\t\t\t\t\t\t\t\t\t\t<\/div>\n\t\t\t\t\t\t<\/div>\n\t\t\t\t<\/div>\n\t\t\t\t\t\t<\/div>\n\t\t\t\t\t<\/div>\n\t\t<\/div>\n\t\t\t\t\t\t\t\t<\/div>\n\t\t\t\t\t<\/div>\n\t\t<\/section>\n\t\t\t\t\t\t<\/div>\n\t\t\t\t\t<\/div>\n\t\t<\/div>\n\t\t\t\t\t\t\t\t<\/div>\n\t\t\t\t\t<\/div>\n\t\t<\/section>\n\t\t\t\t\t\t<\/div>\n\t\t\t\t\t\t<\/div>\n\t\t\t\t\t<\/div>","protected":false},"excerpt":{"rendered":"<p>D\u00f6vl\u0259t \u0130dar\u0259\u00e7ilik Akademiyas\u0131nda \u201c44 g\u00fcnl\u00fck V\u0259t\u0259n m\u00fcharib\u0259sinin yaratd\u0131\u011f\u0131 yeni reall\u0131qlar \u201d m\u00f6vzusunda t\u0259dbir ke\u00e7irilibD\u00f6vl\u0259t \u0130dar\u0259\u00e7ilik Akademiyas\u0131nda f\u0259aliyy\u0259t g\u00f6st\u0259r\u0259n T\u0259l\u0259b\u0259 G\u0259nc Politoloqlar Klubunun t\u0259\u015f\u0259bb\u00fcs\u00fc il\u0259 \u201c44 g\u00fcnl\u00fck V\u0259t\u0259n m\u00fcharib\u0259sinin yaratd\u0131\u011f\u0131 yeni reall\u0131qlar\u201d m\u00f6vzusunda g\u00f6r\u00fc\u015f ke\u00e7irilib. T\u0259l\u0259b\u0259 g\u0259nc politoloqlar klubunun bu d\u0259f\u0259ki qona\u011f\u0131 mill\u0259t v\u0259kili Ceyhun M\u0259mm\u0259dov olub. T\u0259dbird\u0259n \u00f6nc\u0259 D\u00f6vl\u0259t \u0130dar\u0259\u00e7ilik Akademiyas\u0131n\u0131n rektoru, akademik Urxan \u018fl\u0259kb\u0259rov [&hellip;]<\/p>","protected":false},"author":2,"featured_media":17197,"comment_status":"closed","ping_status":"closed","sticky":false,"template":"","format":"standard","meta":[],"categories":[137],"tags":[],"_links":{"self":[{"href":"https:\/\/legacy.dia.edu.az\/ru\/wp-json\/wp\/v2\/posts\/17195"}],"collection":[{"href":"https:\/\/legacy.dia.edu.az\/ru\/wp-json\/wp\/v2\/posts"}],"about":[{"href":"https:\/\/legacy.dia.edu.az\/ru\/wp-json\/wp\/v2\/types\/post"}],"author":[{"embeddable":true,"href":"https:\/\/legacy.dia.edu.az\/ru\/wp-json\/wp\/v2\/users\/2"}],"replies":[{"embeddable":true,"href":"https:\/\/legacy.dia.edu.az\/ru\/wp-json\/wp\/v2\/comments?post=17195"}],"version-history":[{"count":10,"href":"https:\/\/legacy.dia.edu.az\/ru\/wp-json\/wp\/v2\/posts\/17195\/revisions"}],"predecessor-version":[{"id":17208,"href":"https:\/\/legacy.dia.edu.az\/ru\/wp-json\/wp\/v2\/posts\/17195\/revisions\/17208"}],"wp:featuredmedia":[{"embeddable":true,"href":"https:\/\/legacy.dia.edu.az\/ru\/wp-json\/wp\/v2\/media\/17197"}],"wp:attachment":[{"href":"https:\/\/legacy.dia.edu.az\/ru\/wp-json\/wp\/v2\/media?parent=17195"}],"wp:term":[{"taxonomy":"category","embeddable":true,"href":"https:\/\/legacy.dia.edu.az\/ru\/wp-json\/wp\/v2\/categories?post=17195"},{"taxonomy":"post_tag","embeddable":true,"href":"https:\/\/legacy.dia.edu.az\/ru\/wp-json\/wp\/v2\/tags?post=17195"}],"curies":[{"name":"wp","href":"https:\/\/api.w.org\/{rel}","templated":true}]}}