{"id":17110,"date":"2022-03-03T09:47:04","date_gmt":"2022-03-03T05:47:04","guid":{"rendered":"https:\/\/dia.edu.az\/?p=17110"},"modified":"2022-03-03T10:32:21","modified_gmt":"2022-03-03T06:32:21","slug":"dovl%c9%99t-idar%c9%99cilik-akademiyasinda-huquq-%c9%99d%c9%99biyyati-kitabxanasinin-acilis-m%c9%99rasimi-kecirilib","status":"publish","type":"post","link":"https:\/\/legacy.dia.edu.az\/ru\/arxivl\u0259r\/17110","title":{"rendered":"D\u00f6vl\u0259t \u0130dar\u0259\u00e7ilik Akademiyas\u0131nda \u201cH\u00fcquq \u0259d\u0259biyyat\u0131 kitabxanas\u0131\u201dn\u0131n a\u00e7\u0131l\u0131\u015f m\u0259rasimi ke\u00e7irilib"},"content":{"rendered":"<div data-elementor-type=\"wp-post\" data-elementor-id=\"17110\" class=\"elementor elementor-17110\" data-elementor-settings=\"[]\">\n\t\t\t\t\t\t<div class=\"elementor-inner\">\n\t\t\t\t\t\t\t<div class=\"elementor-section-wrap\">\n\t\t\t\t\t\t\t<section class=\"elementor-section elementor-top-section elementor-element elementor-element-d6137ec elementor-section-boxed elementor-section-height-default elementor-section-height-default\" data-id=\"d6137ec\" data-element_type=\"section\">\n\t\t\t\t\t\t<div class=\"elementor-container elementor-column-gap-default\">\n\t\t\t\t\t\t\t<div class=\"elementor-row\">\n\t\t\t\t\t<div class=\"elementor-column elementor-col-100 elementor-top-column elementor-element elementor-element-54e0a2d\" data-id=\"54e0a2d\" data-element_type=\"column\">\n\t\t\t<div class=\"elementor-column-wrap elementor-element-populated\">\n\t\t\t\t\t\t\t<div class=\"elementor-widget-wrap\">\n\t\t\t\t\t\t<div class=\"elementor-element elementor-element-0d9ad58 elementor-widget elementor-widget-text-editor\" data-id=\"0d9ad58\" data-element_type=\"widget\" data-widget_type=\"text-editor.default\">\n\t\t\t\t<div class=\"elementor-widget-container\">\n\t\t\t\t\t\t\t\t<div class=\"elementor-text-editor elementor-clearfix\">\n\t\t\t\t\tD\u00f6vl\u0259t \u0130dar\u0259\u00e7ilik Akademiyas\u0131nda \u201cH\u00fcquq \u0259d\u0259biyyat\u0131 kitabxanas\u0131\u201dn\u0131n a\u00e7\u0131l\u0131\u015f m\u0259rasimi ke\u00e7irilib\t\t\t\t\t<\/div>\n\t\t\t\t\t\t<\/div>\n\t\t\t\t<\/div>\n\t\t\t\t\t\t<\/div>\n\t\t\t\t\t<\/div>\n\t\t<\/div>\n\t\t\t\t\t\t\t\t<\/div>\n\t\t\t\t\t<\/div>\n\t\t<\/section>\n\t\t\t\t<section class=\"elementor-section elementor-top-section elementor-element elementor-element-a636c32 elementor-section-boxed elementor-section-height-default elementor-section-height-default\" data-id=\"a636c32\" data-element_type=\"section\">\n\t\t\t\t\t\t<div class=\"elementor-container elementor-column-gap-default\">\n\t\t\t\t\t\t\t<div class=\"elementor-row\">\n\t\t\t\t\t<div class=\"elementor-column elementor-col-100 elementor-top-column elementor-element elementor-element-7a91682\" data-id=\"7a91682\" data-element_type=\"column\">\n\t\t\t<div class=\"elementor-column-wrap\">\n\t\t\t\t\t\t\t<div class=\"elementor-widget-wrap\">\n\t\t\t\t\t\t\t\t<\/div>\n\t\t\t\t\t<\/div>\n\t\t<\/div>\n\t\t\t\t\t\t\t\t<\/div>\n\t\t\t\t\t<\/div>\n\t\t<\/section>\n\t\t\t\t<section class=\"elementor-section elementor-top-section elementor-element elementor-element-b02489b elementor-section-boxed elementor-section-height-default elementor-section-height-default\" data-id=\"b02489b\" data-element_type=\"section\">\n\t\t\t\t\t\t<div class=\"elementor-container elementor-column-gap-default\">\n\t\t\t\t\t\t\t<div class=\"elementor-row\">\n\t\t\t\t\t<div class=\"elementor-column elementor-col-100 elementor-top-column elementor-element elementor-element-fa0a436\" data-id=\"fa0a436\" data-element_type=\"column\">\n\t\t\t<div class=\"elementor-column-wrap elementor-element-populated\">\n\t\t\t\t\t\t\t<div class=\"elementor-widget-wrap\">\n\t\t\t\t\t\t<div class=\"elementor-element elementor-element-3738626 elementor-widget elementor-widget-text-editor\" data-id=\"3738626\" data-element_type=\"widget\" data-widget_type=\"text-editor.default\">\n\t\t\t\t<div class=\"elementor-widget-container\">\n\t\t\t\t\t\t\t\t<div class=\"elementor-text-editor elementor-clearfix\">\n\t\t\t\t\t<p style=\"text-align: justify;\">Az\u0259rbaycan Respublikas\u0131n\u0131n Prezidenti yan\u0131nda D&ouml;vl\u0259t \u0130dar\u0259&ccedil;ilik Akademiyas\u0131nda (D\u0130A) H&uuml;quq fak&uuml;lt\u0259si &uuml;&ccedil;&uuml;n yarad\u0131lan &ldquo;H&uuml;quq \u0259d\u0259biyyat\u0131 kitabxanas\u0131&rdquo;n\u0131n a&ccedil;\u0131l\u0131\u015f m\u0259rasimi ke&ccedil;irilib.<\/p>\n<p style=\"text-align: justify;\">Kitabxana Milli M\u0259clisin deputat\u0131 Kamal C\u0259f\u0259rovun t\u0259\u015f\u0259bb&uuml;s&uuml;, Az\u0259rbaycan Respublikas\u0131 V\u0259kill\u0259r Kollegiyas\u0131 v\u0259 &ldquo;Black Garden&rdquo; konsultasiya \u015firk\u0259tinin d\u0259st\u0259yi il\u0259 t\u0259\u015fkil olunub. Kitabxana BP Az\u0259rbaycan \u015firk\u0259ti t\u0259r\u0259find\u0259n kitablarla t\u0259min edilib.<\/p>\n<p style=\"text-align: justify;\">T\u0259dbird\u0259 D&ouml;vl\u0259t \u0130dar\u0259&ccedil;ilik Akademiyas\u0131n\u0131n rektoru akademik Urxan \u018fl\u0259kb\u0259rov &ouml;lk\u0259mizd\u0259 elm v\u0259 t\u0259hsil\u0259 daim b&ouml;y&uuml;k &ouml;n\u0259m verildiyini vur\u011fulay\u0131b.<\/p>\n<p style=\"text-align: justify;\">Rektor Az\u0259rbaycan Prezidenti \u0130lham \u018fliyevin apard\u0131\u011f\u0131 m\u0259qs\u0259dy&ouml;nl&uuml; siyas\u0259t n\u0259tic\u0259sind\u0259 respublikam\u0131z\u0131n dinamik inki\u015faf etdiyini, d&uuml;nya &ouml;lk\u0259l\u0259ri aras\u0131nda &ouml;z&uuml;n\u0259 layiq yer tutdu\u011funu bildirib. Qeyd edilib ki, Az\u0259rbaycan Respublikas\u0131 b&uuml;t&uuml;n d&uuml;nya &uuml;&ccedil;&uuml;n prioritet kimi q\u0259bul edil\u0259n davaml\u0131 inkl&uuml;ziv inki\u015faf siyas\u0259tini s\u0259m\u0259r\u0259li \u015f\u0259kild\u0259 realla\u015fd\u0131r\u0131r.<\/p>\n<p style=\"text-align: justify;\">Akademik vur\u011fulay\u0131b ki, inkl&uuml;ziv inki\u015faf sah\u0259sind\u0259 respublikam\u0131z\u0131n y&uuml;ks\u0259k g&ouml;st\u0259ricil\u0259r \u0259ld\u0259 etm\u0259si v\u0259 sosial siyas\u0259tin realla\u015fd\u0131r\u0131lmas\u0131 bax\u0131m\u0131ndan d&uuml;nya &ouml;lk\u0259l\u0259rin\u0259 n&uuml;mun\u0259 olmas\u0131nda Az\u0259rbaycan Respublikas\u0131n\u0131n Birinci vitse-prezidenti, Heyd\u0259r \u018fliyev Fondunun prezidenti Mehriban \u018fliyevan\u0131n xidm\u0259tl\u0259ri \u0259v\u0259zsizdir.<\/p>\n<p style=\"text-align: justify;\">U.\u018fl\u0259kb\u0259rov qazan\u0131lan u\u011furlar\u0131n V\u0259t\u0259n m&uuml;harib\u0259sind\u0259ki parlaq Z\u0259f\u0259rd\u0259 b&ouml;y&uuml;k pay\u0131n\u0131n oldu\u011funu deyib. Vur\u011fulan\u0131b ki, &ouml;lk\u0259nin davaml\u0131 inki\u015faf\u0131 innovativ d&ouml;vl\u0259t idar\u0259&ccedil;iliyi sah\u0259sind\u0259 h\u0259yata ke&ccedil;iril\u0259n islahatlar\u0131n n\u0259tic\u0259sidir.<\/p>\n<p style=\"text-align: justify;\">Rektor D\u0130A-da yarad\u0131lan &ldquo;H&uuml;quq \u0259d\u0259biyyat\u0131 kitabxanas\u0131&rdquo;n\u0131n \u0259h\u0259miyy\u0259tind\u0259n b\u0259hs edib.<\/p>\n<p style=\"text-align: justify;\">V\u0259kill\u0259r Kollegiyas\u0131n\u0131n R\u0259yas\u0259t Hey\u0259tinin s\u0259dri Anar Ba\u011f\u0131rov c\u0259miyy\u0259td\u0259 elmin, t\u0259hsilin m&uuml;h&uuml;m rolundan dan\u0131\u015f\u0131b, Prezident \u0130lham \u018fliyevin bu sah\u0259nin inki\u015faf\u0131na x&uuml;susi \u0259h\u0259miyy\u0259t verdiyini vur\u011fulay\u0131b. V\u0259kill\u0259r Kollegiyas\u0131n\u0131n ali t\u0259hsil m&uuml;\u0259ssis\u0259l\u0259ri, o c&uuml;ml\u0259d\u0259n D&ouml;vl\u0259t \u0130dar\u0259&ccedil;ilik Akademiyas\u0131 il\u0259 \u0259laq\u0259l\u0259ri bar\u0259d\u0259 \u0259trafl\u0131 m\u0259lumat ver\u0259n A.Ba\u011f\u0131rov \u0259m\u0259kda\u015fl\u0131q &ccedil;\u0259r&ccedil;iv\u0259sind\u0259 s\u0259m\u0259r\u0259li t\u0259dbirl\u0259rin realla\u015fd\u0131r\u0131ld\u0131\u011f\u0131n\u0131 deyib. D\u0130A-n\u0131n H&uuml;quq fak&uuml;lt\u0259si t\u0259l\u0259b\u0259l\u0259rinin, g\u0259nc h&uuml;quq\u015f&uuml;naslar\u0131n V\u0259kill\u0259r Kollegiyas\u0131nda t\u0259cr&uuml;b\u0259 ke&ccedil;dikl\u0259rini qeyd ed\u0259n Anar Ba\u011f\u0131rov qurum t\u0259r\u0259find\u0259n onlara daim d\u0259st\u0259k veril\u0259c\u0259yini bildirib. O, professor v\u0259 m&uuml;\u0259lliml\u0259r\u0259, t\u0259l\u0259b\u0259l\u0259r\u0259 u\u011furlar arzulay\u0131b.<\/p>\n<p style=\"text-align: justify;\">BP-nin X\u0259z\u0259r regionunda kommunikasiya v\u0259 xarici \u0259laq\u0259l\u0259r &uuml;zr\u0259 vitse-prezidenti B\u0259xtiyar Aslanb\u0259yli &ldquo;H&uuml;quq \u0259d\u0259biyyat\u0131 kitabxanas\u0131&rdquo;n\u0131n t\u0259hsilin inki\u015faf\u0131na t&ouml;hf\u0259 ver\u0259c\u0259yin\u0259 \u0259minliyini s&ouml;yl\u0259yib. O, elm\u0259, t\u0259hsil\u0259 daim d\u0259st\u0259k g&ouml;st\u0259rilm\u0259sinin \u0259h\u0259miyy\u0259tind\u0259n b\u0259hs edib.<\/p>\n<p style=\"text-align: justify;\">T\u0259dbird\u0259 &ccedil;\u0131x\u0131\u015f ed\u0259n Milli M\u0259clisin deputat\u0131 Kamal C\u0259f\u0259rov &ouml;lk\u0259mizd\u0259 elmin, t\u0259hsilin inki\u015faf\u0131 &uuml;&ccedil;&uuml;n geni\u015f imkanlar yarad\u0131ld\u0131\u011f\u0131n\u0131 deyib. Deputat g\u0259ncl\u0259rin t\u0259hsild\u0259, elmd\u0259 u\u011furlar qazanmas\u0131n\u0131n, onlar\u0131n v\u0259t\u0259np\u0259rv\u0259rlik ruhunda t\u0259rbiy\u0259 edilm\u0259sinin \u0259h\u0259miyy\u0259tini diqq\u0259t\u0259 &ccedil;atd\u0131r\u0131b. D\u0130A-da yarad\u0131lan &ldquo;H&uuml;quq \u0259d\u0259biyyat\u0131 kitabxanas\u0131&rdquo; haqq\u0131nda dan\u0131\u015fan Kamal C\u0259f\u0259rov onun daha da z\u0259nginl\u0259\u015fdiril\u0259c\u0259yin\u0259 inam\u0131n\u0131 ifad\u0259 edib.<\/p>\t\t\t\t\t<\/div>\n\t\t\t\t\t\t<\/div>\n\t\t\t\t<\/div>\n\t\t\t\t\t\t<\/div>\n\t\t\t\t\t<\/div>\n\t\t<\/div>\n\t\t\t\t\t\t\t\t<\/div>\n\t\t\t\t\t<\/div>\n\t\t<\/section>\n\t\t\t\t<section class=\"elementor-section elementor-top-section elementor-element elementor-element-88e43c1 elementor-section-boxed elementor-section-height-default elementor-section-height-default\" data-id=\"88e43c1\" data-element_type=\"section\">\n\t\t\t\t\t\t<div class=\"elementor-container elementor-column-gap-default\">\n\t\t\t\t\t\t\t<div class=\"elementor-row\">\n\t\t\t\t\t<div class=\"elementor-column elementor-col-100 elementor-top-column elementor-element elementor-element-10d6ca5\" data-id=\"10d6ca5\" data-element_type=\"column\">\n\t\t\t<div class=\"elementor-column-wrap\">\n\t\t\t\t\t\t\t<div class=\"elementor-widget-wrap\">\n\t\t\t\t\t\t\t\t<\/div>\n\t\t\t\t\t<\/div>\n\t\t<\/div>\n\t\t\t\t\t\t\t\t<\/div>\n\t\t\t\t\t<\/div>\n\t\t<\/section>\n\t\t\t\t\t\t<\/div>\n\t\t\t\t\t\t<\/div>\n\t\t\t\t\t<\/div>","protected":false},"excerpt":{"rendered":"<p>D\u00f6vl\u0259t \u0130dar\u0259\u00e7ilik Akademiyas\u0131nda \u201cH\u00fcquq \u0259d\u0259biyyat\u0131 kitabxanas\u0131\u201dn\u0131n a\u00e7\u0131l\u0131\u015f m\u0259rasimi ke\u00e7irilib Previous Next Az\u0259rbaycan Respublikas\u0131n\u0131n Prezidenti yan\u0131nda D\u00f6vl\u0259t \u0130dar\u0259\u00e7ilik Akademiyas\u0131nda (D\u0130A) H\u00fcquq fak\u00fclt\u0259si \u00fc\u00e7\u00fcn yarad\u0131lan \u201cH\u00fcquq \u0259d\u0259biyyat\u0131 kitabxanas\u0131\u201dn\u0131n a\u00e7\u0131l\u0131\u015f m\u0259rasimi ke\u00e7irilib. Kitabxana Milli M\u0259clisin deputat\u0131 Kamal C\u0259f\u0259rovun t\u0259\u015f\u0259bb\u00fcs\u00fc, Az\u0259rbaycan Respublikas\u0131 V\u0259kill\u0259r Kollegiyas\u0131 v\u0259 \u201cBlack Garden\u201d konsultasiya \u015firk\u0259tinin d\u0259st\u0259yi il\u0259 t\u0259\u015fkil olunub. Kitabxana BP Az\u0259rbaycan \u015firk\u0259ti t\u0259r\u0259find\u0259n kitablarla [&hellip;]<\/p>","protected":false},"author":2,"featured_media":17132,"comment_status":"closed","ping_status":"closed","sticky":false,"template":"","format":"standard","meta":[],"categories":[137],"tags":[],"_links":{"self":[{"href":"https:\/\/legacy.dia.edu.az\/ru\/wp-json\/wp\/v2\/posts\/17110"}],"collection":[{"href":"https:\/\/legacy.dia.edu.az\/ru\/wp-json\/wp\/v2\/posts"}],"about":[{"href":"https:\/\/legacy.dia.edu.az\/ru\/wp-json\/wp\/v2\/types\/post"}],"author":[{"embeddable":true,"href":"https:\/\/legacy.dia.edu.az\/ru\/wp-json\/wp\/v2\/users\/2"}],"replies":[{"embeddable":true,"href":"https:\/\/legacy.dia.edu.az\/ru\/wp-json\/wp\/v2\/comments?post=17110"}],"version-history":[{"count":11,"href":"https:\/\/legacy.dia.edu.az\/ru\/wp-json\/wp\/v2\/posts\/17110\/revisions"}],"predecessor-version":[{"id":17136,"href":"https:\/\/legacy.dia.edu.az\/ru\/wp-json\/wp\/v2\/posts\/17110\/revisions\/17136"}],"wp:featuredmedia":[{"embeddable":true,"href":"https:\/\/legacy.dia.edu.az\/ru\/wp-json\/wp\/v2\/media\/17132"}],"wp:attachment":[{"href":"https:\/\/legacy.dia.edu.az\/ru\/wp-json\/wp\/v2\/media?parent=17110"}],"wp:term":[{"taxonomy":"category","embeddable":true,"href":"https:\/\/legacy.dia.edu.az\/ru\/wp-json\/wp\/v2\/categories?post=17110"},{"taxonomy":"post_tag","embeddable":true,"href":"https:\/\/legacy.dia.edu.az\/ru\/wp-json\/wp\/v2\/tags?post=17110"}],"curies":[{"name":"wp","href":"https:\/\/api.w.org\/{rel}","templated":true}]}}