{"id":16408,"date":"2022-02-02T18:28:39","date_gmt":"2022-02-02T15:28:39","guid":{"rendered":"https:\/\/dia.edu.az\/?p=16408"},"modified":"2022-02-02T20:17:04","modified_gmt":"2022-02-02T17:17:04","slug":"elementor-16408","status":"publish","type":"post","link":"https:\/\/legacy.dia.edu.az\/ru\/arxivl\u0259r\/16408","title":{"rendered":"2 fevral Az\u0259rbaycan g\u0259ncl\u0259ri g\u00fcn\u00fc m\u00fcnasib\u0259til\u0259 Akademiyan\u0131n ictimai h\u0259yat\u0131nda aktiv f\u0259aliyy\u0259t g\u00f6st\u0259rmi\u015f g\u0259ncl\u0259rin onlayn formatda g\u00f6r\u00fc\u015f\u00fc ke\u00e7irilmi\u015fdir"},"content":{"rendered":"<div data-elementor-type=\"wp-post\" data-elementor-id=\"16408\" class=\"elementor elementor-16408\" data-elementor-settings=\"[]\">\n\t\t\t\t\t\t<div class=\"elementor-inner\">\n\t\t\t\t\t\t\t<div class=\"elementor-section-wrap\">\n\t\t\t\t\t\t\t<section class=\"elementor-section elementor-top-section elementor-element elementor-element-63311dc elementor-section-boxed elementor-section-height-default elementor-section-height-default\" data-id=\"63311dc\" data-element_type=\"section\">\n\t\t\t\t\t\t<div class=\"elementor-container elementor-column-gap-default\">\n\t\t\t\t\t\t\t<div class=\"elementor-row\">\n\t\t\t\t\t<div class=\"elementor-column elementor-col-100 elementor-top-column elementor-element elementor-element-ced532d\" data-id=\"ced532d\" data-element_type=\"column\">\n\t\t\t<div class=\"elementor-column-wrap elementor-element-populated\">\n\t\t\t\t\t\t\t<div class=\"elementor-widget-wrap\">\n\t\t\t\t\t\t<div class=\"elementor-element elementor-element-296f504 elementor-widget elementor-widget-text-editor\" data-id=\"296f504\" data-element_type=\"widget\" data-widget_type=\"text-editor.default\">\n\t\t\t\t<div class=\"elementor-widget-container\">\n\t\t\t\t\t\t\t\t<div class=\"elementor-text-editor elementor-clearfix\">\n\t\t\t\t\t2 fevral Az\u0259rbaycan g\u0259ncl\u0259ri g\u00fcn\u00fc m\u00fcnasib\u0259til\u0259 Akademiyan\u0131n ictimai h\u0259yat\u0131nda aktiv f\u0259aliyy\u0259t g\u00f6st\u0259rmi\u015f g\u0259ncl\u0259rin onlayn formatda g\u00f6r\u00fc\u015f\u00fc ke\u00e7irilmi\u015fdir\t\t\t\t\t<\/div>\n\t\t\t\t\t\t<\/div>\n\t\t\t\t<\/div>\n\t\t\t\t\t\t<\/div>\n\t\t\t\t\t<\/div>\n\t\t<\/div>\n\t\t\t\t\t\t\t\t<\/div>\n\t\t\t\t\t<\/div>\n\t\t<\/section>\n\t\t\t\t<section class=\"elementor-section elementor-top-section elementor-element elementor-element-7a2ac14 elementor-section-boxed elementor-section-height-default elementor-section-height-default\" data-id=\"7a2ac14\" data-element_type=\"section\">\n\t\t\t\t\t\t<div class=\"elementor-container elementor-column-gap-default\">\n\t\t\t\t\t\t\t<div class=\"elementor-row\">\n\t\t\t\t\t<div class=\"elementor-column elementor-col-100 elementor-top-column elementor-element elementor-element-23a935a\" data-id=\"23a935a\" data-element_type=\"column\">\n\t\t\t<div class=\"elementor-column-wrap elementor-element-populated\">\n\t\t\t\t\t\t\t<div class=\"elementor-widget-wrap\">\n\t\t\t\t\t\t<div class=\"elementor-element elementor-element-464f09d elementor-widget elementor-widget-text-editor\" data-id=\"464f09d\" data-element_type=\"widget\" data-widget_type=\"text-editor.default\">\n\t\t\t\t<div class=\"elementor-widget-container\">\n\t\t\t\t\t\t\t\t<div class=\"elementor-text-editor elementor-clearfix\">\n\t\t\t\t\t<p style=\"text-align: justify;\">02.02.2022-ci il tarixind\u0259 Az\u0259rbaycan Respublikas\u0131n\u0131n Prezidenti yan\u0131nda D\u00f6vl\u0259t \u0130dar\u0259\u00e7ilik Akademiyas\u0131nda 2 fevral Az\u0259rbaycan g\u0259ncl\u0259ri g\u00fcn\u00fc m\u00fcnasib\u0259til\u0259 Akademiyan\u0131n ictimai h\u0259yat\u0131nda aktiv f\u0259aliyy\u0259t g\u00f6st\u0259rmi\u015f g\u0259ncl\u0259rin onlayn formatda &#8220;Zoom&#8221; t\u0259tbiqi vasit\u0259sil\u0259 m\u00fckafatland\u0131r\u0131lmas\u0131 ba\u015f tutmu\u015fdur.<br>T\u0259dbiri giri\u015f s\u00f6z\u00fc il\u0259 a\u00e7an D\u00f6vl\u0259t \u0130dar\u0259\u00e7ilik Akademiyas\u0131n\u0131n rektoru akademik Urxan \u018fl\u0259kb\u0259rov \u00f6lk\u0259d\u0259 apar\u0131lan u\u011furlu g\u0259ncl\u0259r siyas\u0259tind\u0259n b\u0259hs etmi\u015f, g\u0259ncl\u0259rin aktiv ictimai f\u0259aliyy\u0259tl\u0259rinin \u00f6n\u0259mini vur\u011fulam\u0131\u015fd\u0131r.<br>T\u0259dbird\u0259 D\u0130A-n\u0131n sosial m\u0259s\u0259l\u0259l\u0259r, t\u0259\u015fkilat\u0131 i\u015fl\u0259r v\u0259 t\u0259lim-t\u0259rbiy\u0259 \u00fczr\u0259 m\u00fc\u015faviri Zaur M\u0259mm\u0259dov v\u0259 D\u0130A T\u0259l\u0259b\u0259 G\u0259ncl\u0259r T\u0259\u015fkilat\u0131n\u0131n s\u0259dri Murad H\u0259s\u0259nxanl\u0131 \u00e7\u0131x\u0131\u015f ed\u0259r\u0259k D\u0130A t\u0259l\u0259b\u0259l\u0259rinin Akademiya xaricind\u0259 qazand\u0131qlar\u0131 u\u011furlar\u0131 il\u0259 ba\u011fl\u0131 t\u0259dbir i\u015ftirak\u00e7\u0131lar\u0131na geni\u015f m\u0259lumat vermi\u015fdirl\u0259r.<br>H\u0259m\u00e7inin D\u0130A TGT s\u0259dri Murad H\u0259s\u0259nxanl\u0131 t\u0259r\u0259find\u0259n D\u0130A TGT v\u0259 n\u0259znind\u0259 f\u0259aliyy\u0259t g\u00f6st\u0259r\u0259n klublar\u0131n illik f\u0259aliyy\u0259t hesabat\u0131 t\u0259qdim olunmu\u015fdur.<\/p>\t\t\t\t\t<\/div>\n\t\t\t\t\t\t<\/div>\n\t\t\t\t<\/div>\n\t\t\t\t\t\t<\/div>\n\t\t\t\t\t<\/div>\n\t\t<\/div>\n\t\t\t\t\t\t\t\t<\/div>\n\t\t\t\t\t<\/div>\n\t\t<\/section>\n\t\t\t\t\t\t<\/div>\n\t\t\t\t\t\t<\/div>\n\t\t\t\t\t<\/div>","protected":false},"excerpt":{"rendered":"<p>2 fevral Az\u0259rbaycan g\u0259ncl\u0259ri g\u00fcn\u00fc m\u00fcnasib\u0259til\u0259 Akademiyan\u0131n ictimai h\u0259yat\u0131nda aktiv f\u0259aliyy\u0259t g\u00f6st\u0259rmi\u015f g\u0259ncl\u0259rin onlayn formatda g\u00f6r\u00fc\u015f\u00fc ke\u00e7irilmi\u015fdir 02.02.2022-ci il tarixind\u0259 Az\u0259rbaycan Respublikas\u0131n\u0131n Prezidenti yan\u0131nda D\u00f6vl\u0259t \u0130dar\u0259\u00e7ilik Akademiyas\u0131nda 2 fevral Az\u0259rbaycan g\u0259ncl\u0259ri g\u00fcn\u00fc m\u00fcnasib\u0259til\u0259 Akademiyan\u0131n ictimai h\u0259yat\u0131nda aktiv f\u0259aliyy\u0259t g\u00f6st\u0259rmi\u015f g\u0259ncl\u0259rin onlayn formatda &#8220;Zoom&#8221; t\u0259tbiqi vasit\u0259sil\u0259 m\u00fckafatland\u0131r\u0131lmas\u0131 ba\u015f tutmu\u015fdur.T\u0259dbiri giri\u015f s\u00f6z\u00fc il\u0259 a\u00e7an D\u00f6vl\u0259t \u0130dar\u0259\u00e7ilik Akademiyas\u0131n\u0131n [&hellip;]<\/p>","protected":false},"author":2,"featured_media":16415,"comment_status":"closed","ping_status":"closed","sticky":false,"template":"","format":"standard","meta":[],"categories":[137],"tags":[],"_links":{"self":[{"href":"https:\/\/legacy.dia.edu.az\/ru\/wp-json\/wp\/v2\/posts\/16408"}],"collection":[{"href":"https:\/\/legacy.dia.edu.az\/ru\/wp-json\/wp\/v2\/posts"}],"about":[{"href":"https:\/\/legacy.dia.edu.az\/ru\/wp-json\/wp\/v2\/types\/post"}],"author":[{"embeddable":true,"href":"https:\/\/legacy.dia.edu.az\/ru\/wp-json\/wp\/v2\/users\/2"}],"replies":[{"embeddable":true,"href":"https:\/\/legacy.dia.edu.az\/ru\/wp-json\/wp\/v2\/comments?post=16408"}],"version-history":[{"count":8,"href":"https:\/\/legacy.dia.edu.az\/ru\/wp-json\/wp\/v2\/posts\/16408\/revisions"}],"predecessor-version":[{"id":16425,"href":"https:\/\/legacy.dia.edu.az\/ru\/wp-json\/wp\/v2\/posts\/16408\/revisions\/16425"}],"wp:featuredmedia":[{"embeddable":true,"href":"https:\/\/legacy.dia.edu.az\/ru\/wp-json\/wp\/v2\/media\/16415"}],"wp:attachment":[{"href":"https:\/\/legacy.dia.edu.az\/ru\/wp-json\/wp\/v2\/media?parent=16408"}],"wp:term":[{"taxonomy":"category","embeddable":true,"href":"https:\/\/legacy.dia.edu.az\/ru\/wp-json\/wp\/v2\/categories?post=16408"},{"taxonomy":"post_tag","embeddable":true,"href":"https:\/\/legacy.dia.edu.az\/ru\/wp-json\/wp\/v2\/tags?post=16408"}],"curies":[{"name":"wp","href":"https:\/\/api.w.org\/{rel}","templated":true}]}}